{"id":40367,"date":"2022-03-30T07:12:19","date_gmt":"2022-03-30T10:12:19","guid":{"rendered":"http:\/\/lahoradelcampo.com.uy\/site\/?p=40367"},"modified":"2022-03-30T07:12:24","modified_gmt":"2022-03-30T10:12:24","slug":"15-000-vacunos-y-2-200-ovinos-en-el-remate-239-de-pantalla-uruguay","status":"publish","type":"post","link":"https:\/\/lahoradelcampo.com.uy\/site\/15-000-vacunos-y-2-200-ovinos-en-el-remate-239-de-pantalla-uruguay\/","title":{"rendered":"15.000 vacunos y 2.200 ovinos en  el remate 239 de Pantalla Uruguay"},"content":{"rendered":"\n<figure class=\"wp-block-image\"><img data-recalc-dims=\"1\" loading=\"lazy\" decoding=\"async\" width=\"810\" height=\"405\" data-attachment-id=\"27162\" data-permalink=\"https:\/\/lahoradelcampo.com.uy\/site\/la-sociedad-rural-de-durazno-postergo-la-exposicion-2021\/pantalla-uruguay-4\/\" data-orig-file=\"https:\/\/i0.wp.com\/lahoradelcampo.com.uy\/site\/wp-content\/uploads\/2021\/01\/Pantalla-Uruguay.jpg?fit=880%2C440&amp;ssl=1\" data-orig-size=\"880,440\" data-comments-opened=\"1\" data-image-meta=\"{&quot;aperture&quot;:&quot;0&quot;,&quot;credit&quot;:&quot;&quot;,&quot;camera&quot;:&quot;&quot;,&quot;caption&quot;:&quot;&quot;,&quot;created_timestamp&quot;:&quot;0&quot;,&quot;copyright&quot;:&quot;&quot;,&quot;focal_length&quot;:&quot;0&quot;,&quot;iso&quot;:&quot;0&quot;,&quot;shutter_speed&quot;:&quot;0&quot;,&quot;title&quot;:&quot;&quot;,&quot;orientation&quot;:&quot;1&quot;}\" data-image-title=\"Pantalla Uruguay\" data-image-description=\"\" data-image-caption=\"\" data-large-file=\"https:\/\/i0.wp.com\/lahoradelcampo.com.uy\/site\/wp-content\/uploads\/2021\/01\/Pantalla-Uruguay.jpg?fit=810%2C405&amp;ssl=1\" src=\"https:\/\/i0.wp.com\/lahoradelcampo.com.uy\/site\/wp-content\/uploads\/2021\/01\/Pantalla-Uruguay.jpg?resize=810%2C405\" alt=\"\" class=\"wp-image-27162\" srcset=\"https:\/\/i0.wp.com\/lahoradelcampo.com.uy\/site\/wp-content\/uploads\/2021\/01\/Pantalla-Uruguay.jpg?w=880&amp;ssl=1 880w, https:\/\/i0.wp.com\/lahoradelcampo.com.uy\/site\/wp-content\/uploads\/2021\/01\/Pantalla-Uruguay.jpg?resize=300%2C150&amp;ssl=1 300w, https:\/\/i0.wp.com\/lahoradelcampo.com.uy\/site\/wp-content\/uploads\/2021\/01\/Pantalla-Uruguay.jpg?resize=768%2C384&amp;ssl=1 768w, https:\/\/i0.wp.com\/lahoradelcampo.com.uy\/site\/wp-content\/uploads\/2021\/01\/Pantalla-Uruguay.jpg?resize=820%2C410&amp;ssl=1 820w\" sizes=\"auto, (max-width: 810px) 100vw, 810px\" \/><\/figure>\n\n\n\n<p>Pantalla Uruguay realizar\u00e1 hoy y ma\u00f1ana el remate 239 del consorcio y la primera Ganadera Brangus, como es tradicional desde el predio del Parque Tecnol\u00f3gico del LATU y transmitido por Tv Cable e Internet. Las ventas comenzaran a partir de las 9 horas y contar\u00e1 con una oferta de 14.909 vacunos, con un fuerte componente de ganados Brangus dentro de la primera Ganadera de la raza y 2.247 ovinos. <br><\/p>\n\n\n\n<p>Es un desaf\u00edo y un gran respaldo para la Sociedad de Criadores de Brangus la concreci\u00f3n de este primer remate por pantalla con ganados certificados por la gremial. Adri\u00e1n Duarte, presidente de la Sociedad de Criadores dijo que \u201ces un placer que podamos mostrar nuestro trabajo. Producimos toros y vientres, la mayor\u00eda van al sector comercial para producir vaquillonas y novillos, y \u00e9sta es una muy buena manera de mostrarlos\u201d. Agreg\u00f3 que \u201ca\u00f1o a a\u00f1o venimos creciendo y es un gusto empezar con la primera Ganadera Brangus, para la cual reunimos bastante ganado. Ojal\u00e1 sea el principio de muchos remates m\u00e1s de este tipo\u201d.<br><\/p>\n\n\n\n<p>La oferta de ganados de la raza proviene de distintos puntos del pa\u00eds, observ\u00e1ndose la participaci\u00f3n de pr\u00e1cticamente todas las caba\u00f1as integrantes de la sociedad de criadores, con lotes en la pantalla, as\u00ed como tambi\u00e9n de criadores comerciales. <br><\/p>\n\n\n\n<p>Desde el norte del pa\u00eds existe tambi\u00e9n una gran oferta en esta pantalla, en particular, el escritorio Bertsch, Correa &amp; San Rom\u00e1n, ofrecer\u00e1 en esta oportunidad 1.780 vacunos y 200 ovinos. <br><\/p>\n\n\n\n<p>En la jornada de hoy se ofrecer\u00e1n excelentes lotes de terneros, novillos y vacas de invernada, consignados a la firma. Se destaca una oferta de 283 novillos de estancia Mar\u00eda Altina S.G. y excelentes terneros de Alicia Robaina, ambos ganados en Artigas, as\u00ed como tambi\u00e9n un lote de novillos livianos, para ponerle kilos en Salto. <br><\/p>\n\n\n\n<p>Programa<br><\/p>\n\n\n\n<p>Hoy mi\u00e9rcoles, desde la hora 9, se ofrecer\u00e1n: 4.413 terneros, 1.088 novillos de 1 a 2 a\u00f1os, 1.171 novillos de 2 a 3 a\u00f1os, 173 novillos m\u00e1s 3 a\u00f1os y 1.231 vacas de invernada.<br><\/p>\n\n\n\n<p>Ma\u00f1ana jueves, tambi\u00e9n desde la hora 9, comienza con los 2.247 ovinos, luego: 1.188 terneras, 1.137 terneros y terneras, 1.502 vaquillonas de 1 a 2 a\u00f1os, 437 vaquillonas sin servicio de 2 a 3 a\u00f1os, 1.561 vientres pre\u00f1ados, 117 vientres entorados, 883 piezas de cr\u00eda, 7 vientres PI y 1 toro.<br><\/p>\n\n\n\n<p>Como siempre, financia el Banco Ita\u00fa, con l\u00ednea para compras en remate de Pantalla Uruguay a 90 d\u00edas: US$ 70 mil disponibles para clientes del banco. Adem\u00e1s, l\u00ednea para compras en remate de Pantalla Uruguay con 1 a\u00f1o de plazo y l\u00ednea para compra de vientres en remate de Pantalla Uruguay a tres a\u00f1os de plazo.<br><\/p>\n\n\n\n<p>Est\u00e1n habilitadas las Preofertas que permiten ahorrar el 17% de los gastos. El ganado vacuno estar\u00e1 100% asegurado contra muerte y abigeato.<\/p>\n\n\n\n<p>Salto, 30 de marzo de 2022<\/p>\n","protected":false},"excerpt":{"rendered":"<p>Pantalla Uruguay realizar\u00e1 hoy y ma\u00f1ana el remate 239 del consorcio y la primera Ganadera Brangus, como es tradicional desde el predio del Parque Tecnol\u00f3gico del LATU y transmitido por [&hellip;]<\/p>\n","protected":false},"author":5,"featured_media":27162,"comment_status":"open","ping_status":"open","sticky":false,"template":"","format":"standard","meta":{"_price":"","_stock":"","_tribe_ticket_header":"","_tribe_default_ticket_provider":"","_tribe_ticket_capacity":"0","_ticket_start_date":"","_ticket_end_date":"","_tribe_ticket_show_description":"","_tribe_ticket_show_not_going":false,"_tribe_ticket_use_global_stock":"","_tribe_ticket_global_stock_level":"","_global_stock_mode":"","_global_stock_cap":"","_tribe_rsvp_for_event":"","_tribe_ticket_going_count":"","_tribe_ticket_not_going_count":"","_tribe_tickets_list":"[]","_tribe_ticket_has_attendee_info_fields":false,"h5ap_radio_sources":[],"_jetpack_newsletter_access":"","_jetpack_dont_email_post_to_subs":false,"_jetpack_newsletter_tier_id":0,"_jetpack_memberships_contains_paywalled_content":false,"_jetpack_memberships_contains_paid_content":false,"footnotes":""},"categories":[21,5],"tags":[],"class_list":["post-40367","post","type-post","status-publish","format-standard","has-post-thumbnail","hentry","category-actualidad","category-ganaderia"],"jetpack_featured_media_url":"https:\/\/i0.wp.com\/lahoradelcampo.com.uy\/site\/wp-content\/uploads\/2021\/01\/Pantalla-Uruguay.jpg?fit=880%2C440&ssl=1","jetpack_sharing_enabled":true,"jetpack_shortlink":"https:\/\/wp.me\/p99IaT-av5","jetpack-related-posts":[{"id":40435,"url":"https:\/\/lahoradelcampo.com.uy\/site\/100-de-colocacion-en-el-primer-dia-del-remate-239-de-pantalla-uruguay\/","url_meta":{"origin":40367,"position":0},"title":"100% de colocaci\u00f3n en el primer d\u00eda del remate 239  de Pantalla Uruguay","author":"La Hora del Campo","date":"31 marzo, 2022","format":false,"excerpt":"Pantalla Uruguay coloc\u00f3 el 100% de la oferta en su primer d\u00eda de ventas del remate 239, donde adem\u00e1s se incluye la primera Ganadera Brangus. Ayer se comercializ\u00f3 8.114 vacunos en todas las categor\u00edas de invernada, donde se presentaron muy buenos ganados Brangus, alcanz\u00e1ndose el m\u00e1ximo de US$ 3,45 por\u2026","rel":"","context":"En \u00abActualidad\u00bb","block_context":{"text":"Actualidad","link":"https:\/\/lahoradelcampo.com.uy\/site\/category\/actualidad\/"},"img":{"alt_text":"","src":"https:\/\/i0.wp.com\/lahoradelcampo.com.uy\/site\/wp-content\/uploads\/2021\/09\/Pantalla-otto.jpg?fit=880%2C440&ssl=1&resize=350%2C200","width":350,"height":200,"srcset":"https:\/\/i0.wp.com\/lahoradelcampo.com.uy\/site\/wp-content\/uploads\/2021\/09\/Pantalla-otto.jpg?fit=880%2C440&ssl=1&resize=350%2C200 1x, https:\/\/i0.wp.com\/lahoradelcampo.com.uy\/site\/wp-content\/uploads\/2021\/09\/Pantalla-otto.jpg?fit=880%2C440&ssl=1&resize=525%2C300 1.5x, https:\/\/i0.wp.com\/lahoradelcampo.com.uy\/site\/wp-content\/uploads\/2021\/09\/Pantalla-otto.jpg?fit=880%2C440&ssl=1&resize=700%2C400 2x"},"classes":[]},{"id":40071,"url":"https:\/\/lahoradelcampo.com.uy\/site\/bertsch-correa-san-roman-certifican-1-450-vacunos-para-pantalla-uruguay\/","url_meta":{"origin":40367,"position":1},"title":"Bertsch, Correa &#038; San Roman certifican 1.450 vacunos para Pantalla Uruguay","author":"La Hora del Campo","date":"20 marzo, 2022","format":false,"excerpt":"Pantalla Uruguay se encuentra certificando los ganados para su remate 239, que en esta oportunidad incluye la primera Ganadera Brangus. El escritorio Bertsch, Correa & San Rom\u00e1n se encuentran certificando 1.450 vacunos y 200 ovinos que han sido consignados a la firma para este remate. Carlos Mart\u00edn Correa, integrante de\u2026","rel":"","context":"En \u00abActualidad\u00bb","block_context":{"text":"Actualidad","link":"https:\/\/lahoradelcampo.com.uy\/site\/category\/actualidad\/"},"img":{"alt_text":"","src":"https:\/\/i0.wp.com\/lahoradelcampo.com.uy\/site\/wp-content\/uploads\/2022\/03\/Carlosmartincorrea1.jpg?fit=880%2C440&ssl=1&resize=350%2C200","width":350,"height":200,"srcset":"https:\/\/i0.wp.com\/lahoradelcampo.com.uy\/site\/wp-content\/uploads\/2022\/03\/Carlosmartincorrea1.jpg?fit=880%2C440&ssl=1&resize=350%2C200 1x, https:\/\/i0.wp.com\/lahoradelcampo.com.uy\/site\/wp-content\/uploads\/2022\/03\/Carlosmartincorrea1.jpg?fit=880%2C440&ssl=1&resize=525%2C300 1.5x, https:\/\/i0.wp.com\/lahoradelcampo.com.uy\/site\/wp-content\/uploads\/2022\/03\/Carlosmartincorrea1.jpg?fit=880%2C440&ssl=1&resize=700%2C400 2x"},"classes":[]},{"id":20302,"url":"https:\/\/lahoradelcampo.com.uy\/site\/bertsch-correa-san-roman-con-importante-oferta-en-pantalla-uruguay\/","url_meta":{"origin":40367,"position":2},"title":"Bertsch, Correa &#038; San Rom\u00e1n con importante oferta en Pantalla Uruguay","author":"La Hora del Campo","date":"28 mayo, 2020","format":false,"excerpt":"El consorcio de rematadores de Pantalla Uruguay comienza en la jornada de hoy su remate 216, donde se incluye la 7 Ganadera Angus, con destacados ganados certificados por la Sociedad de Criadores de Aberdeen Angus del Uruguay. La oferta total del consorcio se ubica en los 16.500 vacunos y 2.000\u2026","rel":"","context":"En \u00abActualidad\u00bb","block_context":{"text":"Actualidad","link":"https:\/\/lahoradelcampo.com.uy\/site\/category\/actualidad\/"},"img":{"alt_text":"","src":"https:\/\/i0.wp.com\/lahoradelcampo.com.uy\/site\/wp-content\/uploads\/2020\/05\/Bertsch-correa-y-san-roman-foto.jpg?fit=880%2C440&ssl=1&resize=350%2C200","width":350,"height":200,"srcset":"https:\/\/i0.wp.com\/lahoradelcampo.com.uy\/site\/wp-content\/uploads\/2020\/05\/Bertsch-correa-y-san-roman-foto.jpg?fit=880%2C440&ssl=1&resize=350%2C200 1x, https:\/\/i0.wp.com\/lahoradelcampo.com.uy\/site\/wp-content\/uploads\/2020\/05\/Bertsch-correa-y-san-roman-foto.jpg?fit=880%2C440&ssl=1&resize=525%2C300 1.5x, https:\/\/i0.wp.com\/lahoradelcampo.com.uy\/site\/wp-content\/uploads\/2020\/05\/Bertsch-correa-y-san-roman-foto.jpg?fit=880%2C440&ssl=1&resize=700%2C400 2x"},"classes":[]},{"id":41115,"url":"https:\/\/lahoradelcampo.com.uy\/site\/ganadera-hereford-un-remate-para-adquirir-calidad\/","url_meta":{"origin":40367,"position":3},"title":"Ganadera Hereford: un remate para adquirir \u00abcalidad\u00bb","author":"La Hora del Campo","date":"24 abril, 2022","format":false,"excerpt":"En un momento excepcional del mercado ganadero, donde las haciendas se valorizan semana a semana, el consorcio de rematadores de Pantalla Uruguay realizar\u00e1 su remate 241, donde se incluye una nueva Ganadera Hereford, uno de los remates m\u00e1s tradicionales en las ventas por pantalla en nuestro pa\u00eds. Del 27 al\u2026","rel":"","context":"En \u00abActualidad\u00bb","block_context":{"text":"Actualidad","link":"https:\/\/lahoradelcampo.com.uy\/site\/category\/actualidad\/"},"img":{"alt_text":"","src":"https:\/\/i0.wp.com\/lahoradelcampo.com.uy\/site\/wp-content\/uploads\/2022\/04\/Hereford-Alfonso-.jpg?fit=880%2C440&ssl=1&resize=350%2C200","width":350,"height":200,"srcset":"https:\/\/i0.wp.com\/lahoradelcampo.com.uy\/site\/wp-content\/uploads\/2022\/04\/Hereford-Alfonso-.jpg?fit=880%2C440&ssl=1&resize=350%2C200 1x, https:\/\/i0.wp.com\/lahoradelcampo.com.uy\/site\/wp-content\/uploads\/2022\/04\/Hereford-Alfonso-.jpg?fit=880%2C440&ssl=1&resize=525%2C300 1.5x, https:\/\/i0.wp.com\/lahoradelcampo.com.uy\/site\/wp-content\/uploads\/2022\/04\/Hereford-Alfonso-.jpg?fit=880%2C440&ssl=1&resize=700%2C400 2x"},"classes":[]},{"id":41327,"url":"https:\/\/lahoradelcampo.com.uy\/site\/tras-dos-dias-de-ventas-pantalla-uruguay-vendio-el-97\/","url_meta":{"origin":40367,"position":4},"title":"Tras dos d\u00edas de ventas Pantalla Uruguay vendi\u00f3 el 97%","author":"La Hora del Campo","date":"29 abril, 2022","format":false,"excerpt":"Pantalla Uruguay concret\u00f3 ayer la segunda jornada de ventas del remate 241 del consorcio, que incluye en esta oportunidad la Ganadera Hereford de oto\u00f1o, con ganados certificados por la Sociedad de Criadores Hereford del Uruguay. En la primera jornada se comercializaron \u00fanicamente los terneros y las terneras, con una importante\u2026","rel":"","context":"En \u00abGanader\u00eda\u00bb","block_context":{"text":"Ganader\u00eda","link":"https:\/\/lahoradelcampo.com.uy\/site\/category\/ganaderia\/"},"img":{"alt_text":"","src":"https:\/\/i0.wp.com\/lahoradelcampo.com.uy\/site\/wp-content\/uploads\/2019\/04\/Pantalla.jpg?fit=880%2C440&ssl=1&resize=350%2C200","width":350,"height":200,"srcset":"https:\/\/i0.wp.com\/lahoradelcampo.com.uy\/site\/wp-content\/uploads\/2019\/04\/Pantalla.jpg?fit=880%2C440&ssl=1&resize=350%2C200 1x, https:\/\/i0.wp.com\/lahoradelcampo.com.uy\/site\/wp-content\/uploads\/2019\/04\/Pantalla.jpg?fit=880%2C440&ssl=1&resize=525%2C300 1.5x, https:\/\/i0.wp.com\/lahoradelcampo.com.uy\/site\/wp-content\/uploads\/2019\/04\/Pantalla.jpg?fit=880%2C440&ssl=1&resize=700%2C400 2x"},"classes":[]},{"id":49558,"url":"https:\/\/lahoradelcampo.com.uy\/site\/bertsch-correa-y-san-roman-remataran-mas-de-1-100-vacunos-en-pantalla-uruguay\/","url_meta":{"origin":40367,"position":5},"title":"Bertsch, Correa y San Rom\u00e1n rematar\u00e1n m\u00e1s de 1.100 vacunos en Pantalla Uruguay","author":"La Hora del Campo","date":"29 marzo, 2023","format":false,"excerpt":"Bertsch, Correa y San Rom\u00e1n rematar\u00e1n m\u00e1s de 1.100 vacunos en el remate 254 de Pantalla Uruguay, que se llevar\u00e1 a cabo desde las instalaciones del Parque Tecnol\u00f3gico del LATU los d\u00edas 30 y 31 de marzo. El evento a nivel nacional contar\u00e1 con una oferta total de 10.736 vacunos\u2026","rel":"","context":"En \u00abActualidad\u00bb","block_context":{"text":"Actualidad","link":"https:\/\/lahoradelcampo.com.uy\/site\/category\/actualidad\/"},"img":{"alt_text":"","src":"https:\/\/i0.wp.com\/lahoradelcampo.com.uy\/site\/wp-content\/uploads\/2022\/04\/PU-Pantalla-Uruguay.jpg?fit=880%2C440&ssl=1&resize=350%2C200","width":350,"height":200,"srcset":"https:\/\/i0.wp.com\/lahoradelcampo.com.uy\/site\/wp-content\/uploads\/2022\/04\/PU-Pantalla-Uruguay.jpg?fit=880%2C440&ssl=1&resize=350%2C200 1x, https:\/\/i0.wp.com\/lahoradelcampo.com.uy\/site\/wp-content\/uploads\/2022\/04\/PU-Pantalla-Uruguay.jpg?fit=880%2C440&ssl=1&resize=525%2C300 1.5x, https:\/\/i0.wp.com\/lahoradelcampo.com.uy\/site\/wp-content\/uploads\/2022\/04\/PU-Pantalla-Uruguay.jpg?fit=880%2C440&ssl=1&resize=700%2C400 2x"},"classes":[]}],"jetpack_likes_enabled":true,"_links":{"self":[{"href":"https:\/\/lahoradelcampo.com.uy\/site\/wp-json\/wp\/v2\/posts\/40367","targetHints":{"allow":["GET"]}}],"collection":[{"href":"https:\/\/lahoradelcampo.com.uy\/site\/wp-json\/wp\/v2\/posts"}],"about":[{"href":"https:\/\/lahoradelcampo.com.uy\/site\/wp-json\/wp\/v2\/types\/post"}],"author":[{"embeddable":true,"href":"https:\/\/lahoradelcampo.com.uy\/site\/wp-json\/wp\/v2\/users\/5"}],"replies":[{"embeddable":true,"href":"https:\/\/lahoradelcampo.com.uy\/site\/wp-json\/wp\/v2\/comments?post=40367"}],"version-history":[{"count":1,"href":"https:\/\/lahoradelcampo.com.uy\/site\/wp-json\/wp\/v2\/posts\/40367\/revisions"}],"predecessor-version":[{"id":40369,"href":"https:\/\/lahoradelcampo.com.uy\/site\/wp-json\/wp\/v2\/posts\/40367\/revisions\/40369"}],"wp:featuredmedia":[{"embeddable":true,"href":"https:\/\/lahoradelcampo.com.uy\/site\/wp-json\/wp\/v2\/media\/27162"}],"wp:attachment":[{"href":"https:\/\/lahoradelcampo.com.uy\/site\/wp-json\/wp\/v2\/media?parent=40367"}],"wp:term":[{"taxonomy":"category","embeddable":true,"href":"https:\/\/lahoradelcampo.com.uy\/site\/wp-json\/wp\/v2\/categories?post=40367"},{"taxonomy":"post_tag","embeddable":true,"href":"https:\/\/lahoradelcampo.com.uy\/site\/wp-json\/wp\/v2\/tags?post=40367"}],"curies":[{"name":"wp","href":"https:\/\/api.w.org\/{rel}","templated":true}]}}