{"id":40363,"date":"2022-03-30T07:07:43","date_gmt":"2022-03-30T10:07:43","guid":{"rendered":"http:\/\/lahoradelcampo.com.uy\/site\/?p=40363"},"modified":"2022-03-30T07:07:49","modified_gmt":"2022-03-30T10:07:49","slug":"vacunacion-contra-aftosa-llega-a-la-mitad-del-periodo","status":"publish","type":"post","link":"https:\/\/lahoradelcampo.com.uy\/site\/vacunacion-contra-aftosa-llega-a-la-mitad-del-periodo\/","title":{"rendered":"Vacunaci\u00f3n contra aftosa llega a la mitad del per\u00edodo"},"content":{"rendered":"\n<figure class=\"wp-block-image\"><img data-recalc-dims=\"1\" loading=\"lazy\" decoding=\"async\" width=\"810\" height=\"405\" data-attachment-id=\"19512\" data-permalink=\"https:\/\/lahoradelcampo.com.uy\/site\/el-mgap-aprobo-el-pastoreo-en-la-via-publica-para-la-seccional-11-de-salto\/vacunacion-aftosa-2\/\" data-orig-file=\"https:\/\/i0.wp.com\/lahoradelcampo.com.uy\/site\/wp-content\/uploads\/2020\/05\/Vacunaci%C3%B3n-aftosa-1.jpg?fit=880%2C440&amp;ssl=1\" data-orig-size=\"880,440\" data-comments-opened=\"1\" data-image-meta=\"{&quot;aperture&quot;:&quot;0&quot;,&quot;credit&quot;:&quot;&quot;,&quot;camera&quot;:&quot;&quot;,&quot;caption&quot;:&quot;&quot;,&quot;created_timestamp&quot;:&quot;0&quot;,&quot;copyright&quot;:&quot;&quot;,&quot;focal_length&quot;:&quot;0&quot;,&quot;iso&quot;:&quot;0&quot;,&quot;shutter_speed&quot;:&quot;0&quot;,&quot;title&quot;:&quot;&quot;,&quot;orientation&quot;:&quot;1&quot;}\" data-image-title=\"Vacunaci\u00f3n aftosa\" data-image-description=\"\" data-image-caption=\"\" data-large-file=\"https:\/\/i0.wp.com\/lahoradelcampo.com.uy\/site\/wp-content\/uploads\/2020\/05\/Vacunaci%C3%B3n-aftosa-1.jpg?fit=810%2C405&amp;ssl=1\" src=\"https:\/\/i0.wp.com\/lahoradelcampo.com.uy\/site\/wp-content\/uploads\/2020\/05\/Vacunaci%C3%B3n-aftosa-1.jpg?resize=810%2C405\" alt=\"\" class=\"wp-image-19512\" srcset=\"https:\/\/i0.wp.com\/lahoradelcampo.com.uy\/site\/wp-content\/uploads\/2020\/05\/Vacunaci%C3%B3n-aftosa-1.jpg?w=880&amp;ssl=1 880w, https:\/\/i0.wp.com\/lahoradelcampo.com.uy\/site\/wp-content\/uploads\/2020\/05\/Vacunaci%C3%B3n-aftosa-1.jpg?resize=300%2C150&amp;ssl=1 300w, https:\/\/i0.wp.com\/lahoradelcampo.com.uy\/site\/wp-content\/uploads\/2020\/05\/Vacunaci%C3%B3n-aftosa-1.jpg?resize=768%2C384&amp;ssl=1 768w, https:\/\/i0.wp.com\/lahoradelcampo.com.uy\/site\/wp-content\/uploads\/2020\/05\/Vacunaci%C3%B3n-aftosa-1.jpg?resize=820%2C410&amp;ssl=1 820w\" sizes=\"auto, (max-width: 810px) 100vw, 810px\" \/><\/figure>\n\n\n\n<p>El per\u00edodo de vacunaci\u00f3n contra la fiebre aftosa a todo el rodeo vacuno nacional comenz\u00f3 el pasado 15 de marzo y esta semana cerrar\u00eda la primera mitad del per\u00edodo, que se extiende hasta el pr\u00f3ximo 15 de abril.<br><\/p>\n\n\n\n<p>A continuaci\u00f3n compartimos el cronograma de entregas para Salto, Artigas y Paysand\u00fa.<br><\/p>\n\n\n\n<p>Salto:<br><\/p>\n\n\n\n<p>En la jornada de hoy se realiza entrega a los productores de la seccional 16ta en la Policl\u00ednica de Campo de Todos, en el horario de 11 a 12 horas, mientras que a los productores de la seccional 6, en Parada Herrer\u00eda en el horario de 10 a 12 horas. <br><\/p>\n\n\n\n<p>La entrega en el interior finalizar\u00e1 los d\u00edas 6 y 7 de abril, distribuy\u00e9ndose en la seccionales 7 y 8 en la primera jornada, en las localidades de Saucedo de 9 a 12 y en Constituci\u00f3n y Bel\u00e9n de 9 a 13 horas. En tanto que en la Comisar\u00eda 9 se entregar\u00e1 el \u00faltimo d\u00eda de 10 a 12 horas.   <br><\/p>\n\n\n\n<p>Adem\u00e1s recordemos que durante todo el per\u00edodo se entrega la vacuna a todas las seccionales policiales los d\u00edas lunes y viernes, en el predio de la Asociaci\u00f3n Agropecuaria de Salto de 9 a 13 horas. <br><\/p>\n\n\n\n<p>Artigas<br><\/p>\n\n\n\n<p>Esta semana se realiza entrega en las oficinas del MGAP, en Artigas (Berreta 482) y de Tom\u00e1s Gomensoro (19 de abril Viv. 1), a los productores de las seccionales 5ta, 6ta, 7ma y 10ma. Desde el 4 al 8 de abril se entregar\u00e1 la vacuna en las seccionales 1ra, 2da, 3ra y 11ra, en esa semana durante los d\u00edas 4 y 5 de abril tambi\u00e9n se entrega en la oficina del MGAP en Bella Uni\u00f3n. <br><\/p>\n\n\n\n<p>Paysand\u00fa<br><\/p>\n\n\n\n<p>En Paysand\u00fa se entrega hoy mi\u00e9rcoles 30 a productores de la seccional 10\u00aa en Piedra Sola de 9 a 12 horas y a los productores de la seccional 7\u00aa, el jueves 31 de marzo en Chapicuy de 8 a 15 horas. <br><\/p>\n\n\n\n<p>El martes 5 de abril finaliza la entrega en el interior del departamento de Paysand\u00fa, a los productores de la seccional 8\u00aa en comisar\u00eda de Gallinal de 8 a 11 horas; y en Casa Gonz\u00e1lez de 12 a 15 horas. <br><\/p>\n\n\n\n<p>Adem\u00e1s hasta el 31 de marzo se entregar\u00e1 a todas las seccionales en la Exposici\u00f3n Feria de Paysand\u00fa  y desde el 1 al 15 de abril en oficinas del MGAP en Paysand\u00fa, Guich\u00f3n y Tambores, en el horario de 8 a 15 horas.<\/p>\n\n\n\n<p>Salto, 30 de marzo de 2022<\/p>\n","protected":false},"excerpt":{"rendered":"<p>El per\u00edodo de vacunaci\u00f3n contra la fiebre aftosa a todo el rodeo vacuno nacional comenz\u00f3 el pasado 15 de marzo y esta semana cerrar\u00eda la primera mitad del per\u00edodo, que [&hellip;]<\/p>\n","protected":false},"author":5,"featured_media":19512,"comment_status":"open","ping_status":"open","sticky":false,"template":"","format":"standard","meta":{"_price":"","_stock":"","_tribe_ticket_header":"","_tribe_default_ticket_provider":"","_tribe_ticket_capacity":"0","_ticket_start_date":"","_ticket_end_date":"","_tribe_ticket_show_description":"","_tribe_ticket_show_not_going":false,"_tribe_ticket_use_global_stock":"","_tribe_ticket_global_stock_level":"","_global_stock_mode":"","_global_stock_cap":"","_tribe_rsvp_for_event":"","_tribe_ticket_going_count":"","_tribe_ticket_not_going_count":"","_tribe_tickets_list":"[]","_tribe_ticket_has_attendee_info_fields":false,"h5ap_radio_sources":[],"_jetpack_newsletter_access":"","_jetpack_dont_email_post_to_subs":false,"_jetpack_newsletter_tier_id":0,"_jetpack_memberships_contains_paywalled_content":false,"_jetpack_memberships_contains_paid_content":false,"footnotes":""},"categories":[21,5],"tags":[],"class_list":["post-40363","post","type-post","status-publish","format-standard","has-post-thumbnail","hentry","category-actualidad","category-ganaderia"],"jetpack_featured_media_url":"https:\/\/i0.wp.com\/lahoradelcampo.com.uy\/site\/wp-content\/uploads\/2020\/05\/Vacunaci%C3%B3n-aftosa-1.jpg?fit=880%2C440&ssl=1","jetpack_sharing_enabled":true,"jetpack_shortlink":"https:\/\/wp.me\/p99IaT-av1","jetpack-related-posts":[{"id":42515,"url":"https:\/\/lahoradelcampo.com.uy\/site\/continua-el-periodo-de-vacunacion-contra-aftosa\/","url_meta":{"origin":40363,"position":0},"title":"Contin\u00faa el per\u00edodo de vacunaci\u00f3n contra aftosa","author":"La Hora del Campo","date":"7 junio, 2022","format":false,"excerpt":"Repasamos el cronograma de entrega de vacunas para el presente per\u00edodo en Salto, Artigas y Paysand\u00fa, durante la presente semana. Salto En las oficinas del Ministerio de Ganader\u00eda, Agricultura y Pesca de Salto (Rinc\u00f3n y Artigas), en el horario de 9 a 13 horas, hasta el 10 de junio, se\u2026","rel":"","context":"En \u00abActualidad\u00bb","block_context":{"text":"Actualidad","link":"https:\/\/lahoradelcampo.com.uy\/site\/category\/actualidad\/"},"img":{"alt_text":"","src":"https:\/\/i0.wp.com\/lahoradelcampo.com.uy\/site\/wp-content\/uploads\/2022\/02\/MGAP-Aftosa-vacuna.jpg?fit=880%2C440&ssl=1&resize=350%2C200","width":350,"height":200,"srcset":"https:\/\/i0.wp.com\/lahoradelcampo.com.uy\/site\/wp-content\/uploads\/2022\/02\/MGAP-Aftosa-vacuna.jpg?fit=880%2C440&ssl=1&resize=350%2C200 1x, https:\/\/i0.wp.com\/lahoradelcampo.com.uy\/site\/wp-content\/uploads\/2022\/02\/MGAP-Aftosa-vacuna.jpg?fit=880%2C440&ssl=1&resize=525%2C300 1.5x, https:\/\/i0.wp.com\/lahoradelcampo.com.uy\/site\/wp-content\/uploads\/2022\/02\/MGAP-Aftosa-vacuna.jpg?fit=880%2C440&ssl=1&resize=700%2C400 2x"},"classes":[]},{"id":42147,"url":"https:\/\/lahoradelcampo.com.uy\/site\/el-1-6-comienza-la-vacunacion-contra-aftosa-a-nacidos-en-2021-y-2022\/","url_meta":{"origin":40363,"position":1},"title":"El 1\/6 comienza la vacunaci\u00f3n contra aftosa a nacidos en 2021 y 2022","author":"La Hora del Campo","date":"25 mayo, 2022","format":false,"excerpt":"El pr\u00f3ximo 1 de junio comienza el segundo per\u00edodo de vacunaci\u00f3n contra la fiebre aftosa en Uruguay del 2022, donde se inocular\u00e1 todos los terneros nacidos en 2021 y 2022. Como es tradicional se recuerda que durante los primeros quince d\u00edas del per\u00edodo (del 1 al 15 de junio) queda\u2026","rel":"","context":"En \u00abActualidad\u00bb","block_context":{"text":"Actualidad","link":"https:\/\/lahoradelcampo.com.uy\/site\/category\/actualidad\/"},"img":{"alt_text":"","src":"https:\/\/i0.wp.com\/lahoradelcampo.com.uy\/site\/wp-content\/uploads\/2022\/03\/Vacunaci%C3%B3naftosa.jpg?fit=880%2C440&ssl=1&resize=350%2C200","width":350,"height":200,"srcset":"https:\/\/i0.wp.com\/lahoradelcampo.com.uy\/site\/wp-content\/uploads\/2022\/03\/Vacunaci%C3%B3naftosa.jpg?fit=880%2C440&ssl=1&resize=350%2C200 1x, https:\/\/i0.wp.com\/lahoradelcampo.com.uy\/site\/wp-content\/uploads\/2022\/03\/Vacunaci%C3%B3naftosa.jpg?fit=880%2C440&ssl=1&resize=525%2C300 1.5x, https:\/\/i0.wp.com\/lahoradelcampo.com.uy\/site\/wp-content\/uploads\/2022\/03\/Vacunaci%C3%B3naftosa.jpg?fit=880%2C440&ssl=1&resize=700%2C400 2x"},"classes":[]},{"id":16844,"url":"https:\/\/lahoradelcampo.com.uy\/site\/vacunacion-contra-aftosa-se-realiza-del-15-de-febrero-al-15-de-marzo\/","url_meta":{"origin":40363,"position":2},"title":"Vacunaci\u00f3n contra aftosa se realiza del 15 de febrero al 15 de marzo","author":"La Hora del Campo","date":"13 enero, 2020","format":false,"excerpt":"La Direcci\u00f3n General de los Servicios Ganaderos del Ministerio de Ganader\u00eda, Agricultura y Pesca, inform\u00f3 que se deber\u00e1 vacunar todas las categor\u00edas de bovinos contra la fiebre aftosa, en el periodo del 15 de febrero al 15 de marzo de 2020. Como condiciones indispensables para entregar la vacuna, los titulares\u2026","rel":"","context":"En \u00abActualidad\u00bb","block_context":{"text":"Actualidad","link":"https:\/\/lahoradelcampo.com.uy\/site\/category\/actualidad\/"},"img":{"alt_text":"","src":"https:\/\/i0.wp.com\/lahoradelcampo.com.uy\/site\/wp-content\/uploads\/2018\/02\/Vacunacion.jpg?fit=880%2C440&ssl=1&resize=350%2C200","width":350,"height":200,"srcset":"https:\/\/i0.wp.com\/lahoradelcampo.com.uy\/site\/wp-content\/uploads\/2018\/02\/Vacunacion.jpg?fit=880%2C440&ssl=1&resize=350%2C200 1x, https:\/\/i0.wp.com\/lahoradelcampo.com.uy\/site\/wp-content\/uploads\/2018\/02\/Vacunacion.jpg?fit=880%2C440&ssl=1&resize=525%2C300 1.5x, https:\/\/i0.wp.com\/lahoradelcampo.com.uy\/site\/wp-content\/uploads\/2018\/02\/Vacunacion.jpg?fit=880%2C440&ssl=1&resize=700%2C400 2x"},"classes":[]},{"id":40095,"url":"https:\/\/lahoradelcampo.com.uy\/site\/continua-la-vacunacion-contra-la-fiebre-aftosa\/","url_meta":{"origin":40363,"position":3},"title":"Continua la vacunaci\u00f3n contra la fiebre aftosa","author":"La Hora del Campo","date":"22 marzo, 2022","format":false,"excerpt":"A continuaci\u00f3n recordamos el cronograma previsto para Salto, Artigas y Paysand\u00fa hasta el pr\u00f3ximo viernes 25 de marzo. Salto En Salto, recordemos que no se entrega vacunas en las oficinas centrales del Ministerio de Ganader\u00eda, Agricultura y Pesca (MGAP) por las medidas contra el Covid-19, por tanto se ha establecido\u2026","rel":"","context":"En \u00abActualidad\u00bb","block_context":{"text":"Actualidad","link":"https:\/\/lahoradelcampo.com.uy\/site\/category\/actualidad\/"},"img":{"alt_text":"","src":"https:\/\/i0.wp.com\/lahoradelcampo.com.uy\/site\/wp-content\/uploads\/2022\/02\/MGAP-Aftosa-vacuna.jpg?fit=880%2C440&ssl=1&resize=350%2C200","width":350,"height":200,"srcset":"https:\/\/i0.wp.com\/lahoradelcampo.com.uy\/site\/wp-content\/uploads\/2022\/02\/MGAP-Aftosa-vacuna.jpg?fit=880%2C440&ssl=1&resize=350%2C200 1x, https:\/\/i0.wp.com\/lahoradelcampo.com.uy\/site\/wp-content\/uploads\/2022\/02\/MGAP-Aftosa-vacuna.jpg?fit=880%2C440&ssl=1&resize=525%2C300 1.5x, https:\/\/i0.wp.com\/lahoradelcampo.com.uy\/site\/wp-content\/uploads\/2022\/02\/MGAP-Aftosa-vacuna.jpg?fit=880%2C440&ssl=1&resize=700%2C400 2x"},"classes":[]},{"id":39553,"url":"https:\/\/lahoradelcampo.com.uy\/site\/el-15-de-marzo-comienza-la-vacunacion-contra-aftosa\/","url_meta":{"origin":40363,"position":4},"title":"El 15 de marzo comienza la vacunaci\u00f3n contra aftosa","author":"La Hora del Campo","date":"7 marzo, 2022","format":false,"excerpt":"El pr\u00f3ximo 15 de marzo comienza un nuevo per\u00edodo de vacunaci\u00f3n contra la fiebre aftosa en Uruguay, donde se inocular\u00e1 todo el rodeo vacuno nacional. Como es tradicional se recuerda que entre el 15 y el 31 de marzo est\u00e1 prohibida la realizaci\u00f3n de eventos con concentraci\u00f3n de bovinos, tales\u2026","rel":"","context":"En \u00abActualidad\u00bb","block_context":{"text":"Actualidad","link":"https:\/\/lahoradelcampo.com.uy\/site\/category\/actualidad\/"},"img":{"alt_text":"","src":"https:\/\/i0.wp.com\/lahoradelcampo.com.uy\/site\/wp-content\/uploads\/2022\/03\/MGAP-Aftosa.jpg?fit=880%2C440&ssl=1&resize=350%2C200","width":350,"height":200,"srcset":"https:\/\/i0.wp.com\/lahoradelcampo.com.uy\/site\/wp-content\/uploads\/2022\/03\/MGAP-Aftosa.jpg?fit=880%2C440&ssl=1&resize=350%2C200 1x, https:\/\/i0.wp.com\/lahoradelcampo.com.uy\/site\/wp-content\/uploads\/2022\/03\/MGAP-Aftosa.jpg?fit=880%2C440&ssl=1&resize=525%2C300 1.5x, https:\/\/i0.wp.com\/lahoradelcampo.com.uy\/site\/wp-content\/uploads\/2022\/03\/MGAP-Aftosa.jpg?fit=880%2C440&ssl=1&resize=700%2C400 2x"},"classes":[]},{"id":6851,"url":"https:\/\/lahoradelcampo.com.uy\/site\/15-de-mayo-comienza-la-vacunacion-contra-la-fiebre-aftosa\/","url_meta":{"origin":40363,"position":5},"title":"15 de mayo comienza la vacunaci\u00f3n contra  la fiebre aftosa","author":"La Hora del Campo","date":"3 mayo, 2018","format":false,"excerpt":"Debido al cambio en el per\u00edodo anterior, la vacunaci\u00f3n contra la fiebre aftosa a todos los bovinos menores de 2 a\u00f1os que se realizaba tradicionalmente a partir del 1 de mayo, ha sido trasladada al 15 de este mes en todo el territorio nacional. El Servicio Ganadero de Salto y\u2026","rel":"","context":"En \u00abActualidad\u00bb","block_context":{"text":"Actualidad","link":"https:\/\/lahoradelcampo.com.uy\/site\/category\/actualidad\/"},"img":{"alt_text":"","src":"https:\/\/i0.wp.com\/lahoradelcampo.com.uy\/site\/wp-content\/uploads\/2018\/05\/Aftosa.jpg?fit=880%2C440&ssl=1&resize=350%2C200","width":350,"height":200,"srcset":"https:\/\/i0.wp.com\/lahoradelcampo.com.uy\/site\/wp-content\/uploads\/2018\/05\/Aftosa.jpg?fit=880%2C440&ssl=1&resize=350%2C200 1x, https:\/\/i0.wp.com\/lahoradelcampo.com.uy\/site\/wp-content\/uploads\/2018\/05\/Aftosa.jpg?fit=880%2C440&ssl=1&resize=525%2C300 1.5x, https:\/\/i0.wp.com\/lahoradelcampo.com.uy\/site\/wp-content\/uploads\/2018\/05\/Aftosa.jpg?fit=880%2C440&ssl=1&resize=700%2C400 2x"},"classes":[]}],"jetpack_likes_enabled":true,"_links":{"self":[{"href":"https:\/\/lahoradelcampo.com.uy\/site\/wp-json\/wp\/v2\/posts\/40363","targetHints":{"allow":["GET"]}}],"collection":[{"href":"https:\/\/lahoradelcampo.com.uy\/site\/wp-json\/wp\/v2\/posts"}],"about":[{"href":"https:\/\/lahoradelcampo.com.uy\/site\/wp-json\/wp\/v2\/types\/post"}],"author":[{"embeddable":true,"href":"https:\/\/lahoradelcampo.com.uy\/site\/wp-json\/wp\/v2\/users\/5"}],"replies":[{"embeddable":true,"href":"https:\/\/lahoradelcampo.com.uy\/site\/wp-json\/wp\/v2\/comments?post=40363"}],"version-history":[{"count":1,"href":"https:\/\/lahoradelcampo.com.uy\/site\/wp-json\/wp\/v2\/posts\/40363\/revisions"}],"predecessor-version":[{"id":40365,"href":"https:\/\/lahoradelcampo.com.uy\/site\/wp-json\/wp\/v2\/posts\/40363\/revisions\/40365"}],"wp:featuredmedia":[{"embeddable":true,"href":"https:\/\/lahoradelcampo.com.uy\/site\/wp-json\/wp\/v2\/media\/19512"}],"wp:attachment":[{"href":"https:\/\/lahoradelcampo.com.uy\/site\/wp-json\/wp\/v2\/media?parent=40363"}],"wp:term":[{"taxonomy":"category","embeddable":true,"href":"https:\/\/lahoradelcampo.com.uy\/site\/wp-json\/wp\/v2\/categories?post=40363"},{"taxonomy":"post_tag","embeddable":true,"href":"https:\/\/lahoradelcampo.com.uy\/site\/wp-json\/wp\/v2\/tags?post=40363"}],"curies":[{"name":"wp","href":"https:\/\/api.w.org\/{rel}","templated":true}]}}