{"id":40347,"date":"2022-03-29T07:38:03","date_gmt":"2022-03-29T10:38:03","guid":{"rendered":"http:\/\/lahoradelcampo.com.uy\/site\/?p=40347"},"modified":"2022-03-29T07:38:08","modified_gmt":"2022-03-29T10:38:08","slug":"faena-vacuna-continua-a-buen-ritmo-con-casi-55-000-vacunos","status":"publish","type":"post","link":"https:\/\/lahoradelcampo.com.uy\/site\/faena-vacuna-continua-a-buen-ritmo-con-casi-55-000-vacunos\/","title":{"rendered":"Faena vacuna contin\u00faa a buen ritmo con casi 55.000 vacunos"},"content":{"rendered":"\n<figure class=\"wp-block-image\"><img data-recalc-dims=\"1\" loading=\"lazy\" decoding=\"async\" width=\"810\" height=\"405\" data-attachment-id=\"38763\" data-permalink=\"https:\/\/lahoradelcampo.com.uy\/site\/enero-cierra-con-un-aumento-del-135-en-la-faena-vacuna\/faena-vacas\/\" data-orig-file=\"https:\/\/i0.wp.com\/lahoradelcampo.com.uy\/site\/wp-content\/uploads\/2022\/02\/Faena-vacas.jpg?fit=880%2C440&amp;ssl=1\" data-orig-size=\"880,440\" data-comments-opened=\"1\" data-image-meta=\"{&quot;aperture&quot;:&quot;0&quot;,&quot;credit&quot;:&quot;&quot;,&quot;camera&quot;:&quot;&quot;,&quot;caption&quot;:&quot;&quot;,&quot;created_timestamp&quot;:&quot;0&quot;,&quot;copyright&quot;:&quot;&quot;,&quot;focal_length&quot;:&quot;0&quot;,&quot;iso&quot;:&quot;0&quot;,&quot;shutter_speed&quot;:&quot;0&quot;,&quot;title&quot;:&quot;&quot;,&quot;orientation&quot;:&quot;1&quot;}\" data-image-title=\"Faena-vacas\" data-image-description=\"\" data-image-caption=\"\" data-large-file=\"https:\/\/i0.wp.com\/lahoradelcampo.com.uy\/site\/wp-content\/uploads\/2022\/02\/Faena-vacas.jpg?fit=810%2C405&amp;ssl=1\" src=\"https:\/\/i0.wp.com\/lahoradelcampo.com.uy\/site\/wp-content\/uploads\/2022\/02\/Faena-vacas.jpg?resize=810%2C405\" alt=\"\" class=\"wp-image-38763\" srcset=\"https:\/\/i0.wp.com\/lahoradelcampo.com.uy\/site\/wp-content\/uploads\/2022\/02\/Faena-vacas.jpg?w=880&amp;ssl=1 880w, https:\/\/i0.wp.com\/lahoradelcampo.com.uy\/site\/wp-content\/uploads\/2022\/02\/Faena-vacas.jpg?resize=300%2C150&amp;ssl=1 300w, https:\/\/i0.wp.com\/lahoradelcampo.com.uy\/site\/wp-content\/uploads\/2022\/02\/Faena-vacas.jpg?resize=768%2C384&amp;ssl=1 768w, https:\/\/i0.wp.com\/lahoradelcampo.com.uy\/site\/wp-content\/uploads\/2022\/02\/Faena-vacas.jpg?resize=820%2C410&amp;ssl=1 820w\" sizes=\"auto, (max-width: 810px) 100vw, 810px\" \/><\/figure>\n\n\n\n<p>En la \u00faltima semana se faenaron 54.971 vacunos, seg\u00fan los datos aportados por el Instituto Nacional de Carnes (INAC) lo que implica una ca\u00edda del 5,7% respecto a la semana pasada. La actividad industrial estuvo compuesta en un 49% por novillos, 37% por vacas y 12% por vaquillonas. <br><\/p>\n\n\n\n<p>La planta con mayor actividad en la \u00faltima semana fue frigor\u00edfico Tacuaremb\u00f3 con 5.068 cabezas de vacunos, siendo la \u00fanica planta que faen\u00f3 por encima de las 5.000 cabezas. Las Piedras, con 4.595 vacunos, se posicion\u00f3 en el segundo lugar de la faena nacional, seguida por Establecimientos Colonia con 3.996 cabezas. <\/p>\n\n\n\n<p>Salto, 29 de marzo de 2022<\/p>\n","protected":false},"excerpt":{"rendered":"<p>En la \u00faltima semana se faenaron 54.971 vacunos, seg\u00fan los datos aportados por el Instituto Nacional de Carnes (INAC) lo que implica una ca\u00edda del 5,7% respecto a la semana [&hellip;]<\/p>\n","protected":false},"author":5,"featured_media":38763,"comment_status":"open","ping_status":"open","sticky":false,"template":"","format":"standard","meta":{"_price":"","_stock":"","_tribe_ticket_header":"","_tribe_default_ticket_provider":"","_tribe_ticket_capacity":"0","_ticket_start_date":"","_ticket_end_date":"","_tribe_ticket_show_description":"","_tribe_ticket_show_not_going":false,"_tribe_ticket_use_global_stock":"","_tribe_ticket_global_stock_level":"","_global_stock_mode":"","_global_stock_cap":"","_tribe_rsvp_for_event":"","_tribe_ticket_going_count":"","_tribe_ticket_not_going_count":"","_tribe_tickets_list":"[]","_tribe_ticket_has_attendee_info_fields":false,"h5ap_radio_sources":[],"_jetpack_newsletter_access":"","_jetpack_dont_email_post_to_subs":false,"_jetpack_newsletter_tier_id":0,"_jetpack_memberships_contains_paywalled_content":false,"_jetpack_memberships_contains_paid_content":false,"footnotes":""},"categories":[21,5],"tags":[],"class_list":["post-40347","post","type-post","status-publish","format-standard","has-post-thumbnail","hentry","category-actualidad","category-ganaderia"],"jetpack_featured_media_url":"https:\/\/i0.wp.com\/lahoradelcampo.com.uy\/site\/wp-content\/uploads\/2022\/02\/Faena-vacas.jpg?fit=880%2C440&ssl=1","jetpack_sharing_enabled":true,"jetpack_shortlink":"https:\/\/wp.me\/p99IaT-auL","jetpack-related-posts":[{"id":14323,"url":"https:\/\/lahoradelcampo.com.uy\/site\/faena-de-vacunos-cayo-5-en-la-ultima-semana\/","url_meta":{"origin":40347,"position":0},"title":"Faena de vacunos cay\u00f3 5% en la \u00faltima semana","author":"La Hora del Campo","date":"17 septiembre, 2019","format":false,"excerpt":"En la semana cerrada el pasado s\u00e1bado 14 de setiembre la faena de vacunos alcanz\u00f3 las 40.253 cabezas, lo que represent\u00f3 una baja del 5% respecto a la semana precedente, seg\u00fan la informaci\u00f3n suministrada por el Insituto Nacional de Carnes (INAC). La actividad industrial en vacunos estuvo compuesta por 18.278\u2026","rel":"","context":"En \u00abActualidad\u00bb","block_context":{"text":"Actualidad","link":"https:\/\/lahoradelcampo.com.uy\/site\/category\/actualidad\/"},"img":{"alt_text":"","src":"https:\/\/i0.wp.com\/lahoradelcampo.com.uy\/site\/wp-content\/uploads\/2017\/10\/faena-vacuna.jpg?fit=880%2C440&ssl=1&resize=350%2C200","width":350,"height":200,"srcset":"https:\/\/i0.wp.com\/lahoradelcampo.com.uy\/site\/wp-content\/uploads\/2017\/10\/faena-vacuna.jpg?fit=880%2C440&ssl=1&resize=350%2C200 1x, https:\/\/i0.wp.com\/lahoradelcampo.com.uy\/site\/wp-content\/uploads\/2017\/10\/faena-vacuna.jpg?fit=880%2C440&ssl=1&resize=525%2C300 1.5x, https:\/\/i0.wp.com\/lahoradelcampo.com.uy\/site\/wp-content\/uploads\/2017\/10\/faena-vacuna.jpg?fit=880%2C440&ssl=1&resize=700%2C400 2x"},"classes":[]},{"id":31854,"url":"https:\/\/lahoradelcampo.com.uy\/site\/faena-vacuna-fue-de-20-mil-cabezas-mas-que-en-2020\/","url_meta":{"origin":40347,"position":1},"title":"Faena vacuna fue de 20 mil cabezas m\u00e1s que en 2020","author":"La Hora del Campo","date":"7 julio, 2021","format":false,"excerpt":"En la \u00faltima semana se faenaron en el pa\u00eds 53.602 vacunos y 14.601 ovinos, seg\u00fan los datos publicados por el Instituto Nacional de Carnes (INAC). La actividad comercial de esta semana fue 19.955 vacunos m\u00e1s que la registrada en 2020 y 16.484 m\u00e1s que en 2019. La faena de esta\u2026","rel":"","context":"En \u00abActualidad\u00bb","block_context":{"text":"Actualidad","link":"https:\/\/lahoradelcampo.com.uy\/site\/category\/actualidad\/"},"img":{"alt_text":"","src":"https:\/\/i0.wp.com\/lahoradelcampo.com.uy\/site\/wp-content\/uploads\/2019\/04\/Faena.jpg?fit=880%2C440&ssl=1&resize=350%2C200","width":350,"height":200,"srcset":"https:\/\/i0.wp.com\/lahoradelcampo.com.uy\/site\/wp-content\/uploads\/2019\/04\/Faena.jpg?fit=880%2C440&ssl=1&resize=350%2C200 1x, https:\/\/i0.wp.com\/lahoradelcampo.com.uy\/site\/wp-content\/uploads\/2019\/04\/Faena.jpg?fit=880%2C440&ssl=1&resize=525%2C300 1.5x, https:\/\/i0.wp.com\/lahoradelcampo.com.uy\/site\/wp-content\/uploads\/2019\/04\/Faena.jpg?fit=880%2C440&ssl=1&resize=700%2C400 2x"},"classes":[]},{"id":2463,"url":"https:\/\/lahoradelcampo.com.uy\/site\/faena-vacuna-crecio-un-4-en-la-ultima-semana\/","url_meta":{"origin":40347,"position":2},"title":"Faena vacuna creci\u00f3 un 4% en la \u00faltima semana","author":"La Hora del Campo","date":"9 octubre, 2017","format":false,"excerpt":"La faena semanal de vacunos alcanz\u00f3 las 40.253 cabezas durante la semana del 1 al 7 de octubre, seg\u00fan los datos proporcionados por el Instituto Nacional de Carnes (INAC), recuper\u00e1ndose en un 4% respecto a la semana precedente, al tiempo de frigor\u00edfico PUL (Grupo Minerva) y Schneck retomaron sus actividades\u2026","rel":"","context":"En \u00abActualidad\u00bb","block_context":{"text":"Actualidad","link":"https:\/\/lahoradelcampo.com.uy\/site\/category\/actualidad\/"},"img":{"alt_text":"","src":"https:\/\/i0.wp.com\/lahoradelcampo.com.uy\/site\/wp-content\/uploads\/2017\/10\/Faena-semanal.jpg?fit=880%2C440&ssl=1&resize=350%2C200","width":350,"height":200,"srcset":"https:\/\/i0.wp.com\/lahoradelcampo.com.uy\/site\/wp-content\/uploads\/2017\/10\/Faena-semanal.jpg?fit=880%2C440&ssl=1&resize=350%2C200 1x, https:\/\/i0.wp.com\/lahoradelcampo.com.uy\/site\/wp-content\/uploads\/2017\/10\/Faena-semanal.jpg?fit=880%2C440&ssl=1&resize=525%2C300 1.5x, https:\/\/i0.wp.com\/lahoradelcampo.com.uy\/site\/wp-content\/uploads\/2017\/10\/Faena-semanal.jpg?fit=880%2C440&ssl=1&resize=700%2C400 2x"},"classes":[]},{"id":39619,"url":"https:\/\/lahoradelcampo.com.uy\/site\/faena-podra-superar-los-650-000-vacunos-en-el-primer-trimestre\/","url_meta":{"origin":40347,"position":3},"title":"Faena podr\u00e1 superar los 650.000 vacunos en el primer trimestre","author":"La Hora del Campo","date":"8 marzo, 2022","format":false,"excerpt":"El ritmo de faena vacuna en el pa\u00eds contin\u00faa en valores hist\u00f3ricamente altos para el primer trimestre del a\u00f1o. Seg\u00fan los datos del Instituto Nacional de Carnes (INAC) la actividad industrial ha crecido un 17,8% en lo que va del a\u00f1o 2022, por lo que de mantenerse este ritmo es\u2026","rel":"","context":"En \u00abActualidad\u00bb","block_context":{"text":"Actualidad","link":"https:\/\/lahoradelcampo.com.uy\/site\/category\/actualidad\/"},"img":{"alt_text":"","src":"https:\/\/i0.wp.com\/lahoradelcampo.com.uy\/site\/wp-content\/uploads\/2019\/04\/Faena.jpg?fit=880%2C440&ssl=1&resize=350%2C200","width":350,"height":200,"srcset":"https:\/\/i0.wp.com\/lahoradelcampo.com.uy\/site\/wp-content\/uploads\/2019\/04\/Faena.jpg?fit=880%2C440&ssl=1&resize=350%2C200 1x, https:\/\/i0.wp.com\/lahoradelcampo.com.uy\/site\/wp-content\/uploads\/2019\/04\/Faena.jpg?fit=880%2C440&ssl=1&resize=525%2C300 1.5x, https:\/\/i0.wp.com\/lahoradelcampo.com.uy\/site\/wp-content\/uploads\/2019\/04\/Faena.jpg?fit=880%2C440&ssl=1&resize=700%2C400 2x"},"classes":[]},{"id":54249,"url":"https:\/\/lahoradelcampo.com.uy\/site\/faena-vacuna-cayo-pero-supera-las-47-mil-cabezas\/","url_meta":{"origin":40347,"position":4},"title":"Faena vacuna cay\u00f3, pero supera las 47 mil cabezas","author":"La Hora del Campo","date":"20 agosto, 2024","format":false,"excerpt":"Con 29 plantas activas al cierre de la semana pasada, la faena vacuna sum\u00f3 47.329 cabezas, 2.561 cabezas menos que la semana anterior (-5,1%). Por su parte, la actividad en ovinos se posicion\u00f3 en 12.047 cabezas, con 6 plantas, subiendo un 7,5% la faena respecto a la semana pasada. La\u2026","rel":"","context":"En \u00abActualidad\u00bb","block_context":{"text":"Actualidad","link":"https:\/\/lahoradelcampo.com.uy\/site\/category\/actualidad\/"},"img":{"alt_text":"","src":"https:\/\/i0.wp.com\/lahoradelcampo.com.uy\/site\/wp-content\/uploads\/2024\/08\/faena-vacuna-20-8.jpg?fit=880%2C440&ssl=1&resize=350%2C200","width":350,"height":200,"srcset":"https:\/\/i0.wp.com\/lahoradelcampo.com.uy\/site\/wp-content\/uploads\/2024\/08\/faena-vacuna-20-8.jpg?fit=880%2C440&ssl=1&resize=350%2C200 1x, https:\/\/i0.wp.com\/lahoradelcampo.com.uy\/site\/wp-content\/uploads\/2024\/08\/faena-vacuna-20-8.jpg?fit=880%2C440&ssl=1&resize=525%2C300 1.5x, https:\/\/i0.wp.com\/lahoradelcampo.com.uy\/site\/wp-content\/uploads\/2024\/08\/faena-vacuna-20-8.jpg?fit=880%2C440&ssl=1&resize=700%2C400 2x"},"classes":[]},{"id":45867,"url":"https:\/\/lahoradelcampo.com.uy\/site\/faena-vacuna-crecio-un-19-y-la-ovina-57\/","url_meta":{"origin":40347,"position":5},"title":"Faena vacuna creci\u00f3 un 19% y la ovina 5,7%","author":"La Hora del Campo","date":"27 septiembre, 2022","format":false,"excerpt":"Sin los ganados de corral y con 26 plantas activas, de las 33 que han estado activas en lo que va del a\u00f1o, la faena vacuna subi\u00f3 un 19%. Se debe tener en cuenta que la informaci\u00f3n de la pasada semana ten\u00eda en cuenta un d\u00eda menos de actividad por\u2026","rel":"","context":"En \u00abActualidad\u00bb","block_context":{"text":"Actualidad","link":"https:\/\/lahoradelcampo.com.uy\/site\/category\/actualidad\/"},"img":{"alt_text":"","src":"https:\/\/i0.wp.com\/lahoradelcampo.com.uy\/site\/wp-content\/uploads\/2022\/07\/FAENA-vacuna1.jpg?fit=880%2C440&ssl=1&resize=350%2C200","width":350,"height":200,"srcset":"https:\/\/i0.wp.com\/lahoradelcampo.com.uy\/site\/wp-content\/uploads\/2022\/07\/FAENA-vacuna1.jpg?fit=880%2C440&ssl=1&resize=350%2C200 1x, https:\/\/i0.wp.com\/lahoradelcampo.com.uy\/site\/wp-content\/uploads\/2022\/07\/FAENA-vacuna1.jpg?fit=880%2C440&ssl=1&resize=525%2C300 1.5x, https:\/\/i0.wp.com\/lahoradelcampo.com.uy\/site\/wp-content\/uploads\/2022\/07\/FAENA-vacuna1.jpg?fit=880%2C440&ssl=1&resize=700%2C400 2x"},"classes":[]}],"jetpack_likes_enabled":true,"_links":{"self":[{"href":"https:\/\/lahoradelcampo.com.uy\/site\/wp-json\/wp\/v2\/posts\/40347","targetHints":{"allow":["GET"]}}],"collection":[{"href":"https:\/\/lahoradelcampo.com.uy\/site\/wp-json\/wp\/v2\/posts"}],"about":[{"href":"https:\/\/lahoradelcampo.com.uy\/site\/wp-json\/wp\/v2\/types\/post"}],"author":[{"embeddable":true,"href":"https:\/\/lahoradelcampo.com.uy\/site\/wp-json\/wp\/v2\/users\/5"}],"replies":[{"embeddable":true,"href":"https:\/\/lahoradelcampo.com.uy\/site\/wp-json\/wp\/v2\/comments?post=40347"}],"version-history":[{"count":1,"href":"https:\/\/lahoradelcampo.com.uy\/site\/wp-json\/wp\/v2\/posts\/40347\/revisions"}],"predecessor-version":[{"id":40349,"href":"https:\/\/lahoradelcampo.com.uy\/site\/wp-json\/wp\/v2\/posts\/40347\/revisions\/40349"}],"wp:featuredmedia":[{"embeddable":true,"href":"https:\/\/lahoradelcampo.com.uy\/site\/wp-json\/wp\/v2\/media\/38763"}],"wp:attachment":[{"href":"https:\/\/lahoradelcampo.com.uy\/site\/wp-json\/wp\/v2\/media?parent=40347"}],"wp:term":[{"taxonomy":"category","embeddable":true,"href":"https:\/\/lahoradelcampo.com.uy\/site\/wp-json\/wp\/v2\/categories?post=40347"},{"taxonomy":"post_tag","embeddable":true,"href":"https:\/\/lahoradelcampo.com.uy\/site\/wp-json\/wp\/v2\/tags?post=40347"}],"curies":[{"name":"wp","href":"https:\/\/api.w.org\/{rel}","templated":true}]}}