{"id":40343,"date":"2022-03-29T07:31:07","date_gmt":"2022-03-29T10:31:07","guid":{"rendered":"http:\/\/lahoradelcampo.com.uy\/site\/?p=40343"},"modified":"2022-03-29T07:31:10","modified_gmt":"2022-03-29T10:31:10","slug":"se-encienden-luces-amarillas-en-el-horizonte-del-mercado-ganadero","status":"publish","type":"post","link":"https:\/\/lahoradelcampo.com.uy\/site\/se-encienden-luces-amarillas-en-el-horizonte-del-mercado-ganadero\/","title":{"rendered":"Se encienden luces amarillas en el horizonte del mercado ganadero"},"content":{"rendered":"\n<figure class=\"wp-block-image\"><img data-recalc-dims=\"1\" loading=\"lazy\" decoding=\"async\" width=\"810\" height=\"405\" data-attachment-id=\"28246\" data-permalink=\"https:\/\/lahoradelcampo.com.uy\/site\/uruguay-le-abrio-el-mercado-de-bovinos-en-pie-a-argentina\/vacacamion\/\" data-orig-file=\"https:\/\/i0.wp.com\/lahoradelcampo.com.uy\/site\/wp-content\/uploads\/2021\/03\/vacacamion.jpg?fit=880%2C440&amp;ssl=1\" data-orig-size=\"880,440\" data-comments-opened=\"1\" data-image-meta=\"{&quot;aperture&quot;:&quot;0&quot;,&quot;credit&quot;:&quot;&quot;,&quot;camera&quot;:&quot;&quot;,&quot;caption&quot;:&quot;&quot;,&quot;created_timestamp&quot;:&quot;0&quot;,&quot;copyright&quot;:&quot;&quot;,&quot;focal_length&quot;:&quot;0&quot;,&quot;iso&quot;:&quot;0&quot;,&quot;shutter_speed&quot;:&quot;0&quot;,&quot;title&quot;:&quot;&quot;,&quot;orientation&quot;:&quot;1&quot;}\" data-image-title=\"vacacamion\" data-image-description=\"\" data-image-caption=\"\" data-large-file=\"https:\/\/i0.wp.com\/lahoradelcampo.com.uy\/site\/wp-content\/uploads\/2021\/03\/vacacamion.jpg?fit=810%2C405&amp;ssl=1\" src=\"https:\/\/i0.wp.com\/lahoradelcampo.com.uy\/site\/wp-content\/uploads\/2021\/03\/vacacamion.jpg?resize=810%2C405\" alt=\"\" class=\"wp-image-28246\" srcset=\"https:\/\/i0.wp.com\/lahoradelcampo.com.uy\/site\/wp-content\/uploads\/2021\/03\/vacacamion.jpg?w=880&amp;ssl=1 880w, https:\/\/i0.wp.com\/lahoradelcampo.com.uy\/site\/wp-content\/uploads\/2021\/03\/vacacamion.jpg?resize=300%2C150&amp;ssl=1 300w, https:\/\/i0.wp.com\/lahoradelcampo.com.uy\/site\/wp-content\/uploads\/2021\/03\/vacacamion.jpg?resize=768%2C384&amp;ssl=1 768w, https:\/\/i0.wp.com\/lahoradelcampo.com.uy\/site\/wp-content\/uploads\/2021\/03\/vacacamion.jpg?resize=820%2C410&amp;ssl=1 820w\" sizes=\"auto, (max-width: 810px) 100vw, 810px\" \/><\/figure>\n\n\n\n<p>Durante la \u00faltima semana el mercado ganadero contin\u00fao firme, con una industria frigor\u00edfica que faen\u00f3 casi 55 mil vacunos en la \u00faltima semana, siendo el 49% novillos. La operativa comercial contin\u00fao firme, con valores de punta que se situaron en US$ 5,25 y hasta US$ 5,30 por parte de alg\u00fan operador, en tanto que los consignatarios marcaban un promedio de US$ 5,14 para los especiales de exportaci\u00f3n. <br><\/p>\n\n\n\n<p>M\u00e1s all\u00e1 de los valores y la demanda que se observ\u00f3 durante la semana, tambi\u00e9n se ha planteado desde algunos sectores de la industria que los nuevos negocios con China han registrado un descenso en los valores, lo que se comenzar\u00e1 a visualizar en algunas semanas cuando se complete la producci\u00f3n de los negocios cerrados algunas semanas atr\u00e1s. <br><\/p>\n\n\n\n<p>El Dr. Marcelo Secco, Ceo del grupo Marfrig para el Conosur de Am\u00e9rica, dijo en un trabajo realizado por la Asociaci\u00f3n de Consignatarios de Ganados (ACG), que \u00abhabitualmente era l\u00f3gico que eso pasara\u00bb en China, haciendo referencia a la presi\u00f3n bajista que se realiza por parte de los compradores chinos para los contratos de inicio de abril. El industrial indic\u00f3 que se planten descensos del 6%, 7% y hasta 8% en los nuevos valores, por lo que llam\u00f3 a \u00abestar muy atentos\u00bb a los productores debido a la importancia que tiene China en la formaci\u00f3n de los precios. <br><\/p>\n\n\n\n<p>La presi\u00f3n desde el gigante asi\u00e1tico sobre los precios, se encuentra fundamentada por dos principales variables, la primera es la ca\u00edda de los precios de la carne de cerdo en el mercado interno chino y la segunda es la recomposici\u00f3n de la oferta de carne vacuna importada. A modo de ejemplo \u00aben la semana cerrada el viernes 18 de marzo el precio promedio de la carne de cerdo fue de 15,73 yuanes (US$ 2,47) por kilo, un descenso semanal de 54,3% frente a igual fecha del a\u00f1o anterior\u00bb inform\u00f3 Monitor Ganadero.<br><\/p>\n\n\n\n<p>El Ing. Agr. Rafael Tard\u00e1guila inform\u00f3 en Faxcarne, la pasada semana, que importadores chinos estaban pasando referencias de precios por debajo de las expectativas de la industria en la regi\u00f3n. Puntualmente para la carne uruguaya dijo que para el Chuck &amp; Blade se pasaban referencias desde China de US$ 6.300 la tonelada, cuando la industria desde nuestro pa\u00eds pasaba referencias de US$ 7.300, es decir que se intenta bajar los precios hasta los US$ 1.000 por tonelada. <br><\/p>\n\n\n\n<p>Las restricciones de Argentina a sus exportaciones han elevado los precios de la carne vacuna en la Uni\u00f3n Europea y la reducci\u00f3n de la oferta, permite un mejor posicionamiento para el producto desde Uruguay. Adem\u00e1s el mercado interno estadounidense tiende a una mayor valorizaci\u00f3n de su carne, pero la recomposici\u00f3n de la oferta de Brasil, Australia y Nueva Zelanda, marcan la tendencia de precios para la carne magra que importa Estados Unidos. <br><\/p>\n\n\n\n<p>Salto, 29 de marzo de 2022<\/p>\n","protected":false},"excerpt":{"rendered":"<p>Durante la \u00faltima semana el mercado ganadero contin\u00fao firme, con una industria frigor\u00edfica que faen\u00f3 casi 55 mil vacunos en la \u00faltima semana, siendo el 49% novillos. La operativa comercial [&hellip;]<\/p>\n","protected":false},"author":5,"featured_media":28246,"comment_status":"open","ping_status":"open","sticky":false,"template":"","format":"standard","meta":{"_price":"","_stock":"","_tribe_ticket_header":"","_tribe_default_ticket_provider":"","_tribe_ticket_capacity":"0","_ticket_start_date":"","_ticket_end_date":"","_tribe_ticket_show_description":"","_tribe_ticket_show_not_going":false,"_tribe_ticket_use_global_stock":"","_tribe_ticket_global_stock_level":"","_global_stock_mode":"","_global_stock_cap":"","_tribe_rsvp_for_event":"","_tribe_ticket_going_count":"","_tribe_ticket_not_going_count":"","_tribe_tickets_list":"[]","_tribe_ticket_has_attendee_info_fields":false,"h5ap_radio_sources":[],"_jetpack_newsletter_access":"","_jetpack_dont_email_post_to_subs":false,"_jetpack_newsletter_tier_id":0,"_jetpack_memberships_contains_paywalled_content":false,"_jetpack_memberships_contains_paid_content":false,"footnotes":""},"categories":[21,5],"tags":[],"class_list":["post-40343","post","type-post","status-publish","format-standard","has-post-thumbnail","hentry","category-actualidad","category-ganaderia"],"jetpack_featured_media_url":"https:\/\/i0.wp.com\/lahoradelcampo.com.uy\/site\/wp-content\/uploads\/2021\/03\/vacacamion.jpg?fit=880%2C440&ssl=1","jetpack_sharing_enabled":true,"jetpack_shortlink":"https:\/\/wp.me\/p99IaT-auH","jetpack-related-posts":[{"id":10157,"url":"https:\/\/lahoradelcampo.com.uy\/site\/mercado-de-haciendas-agil-y-firme-despues-de-turismo\/","url_meta":{"origin":40343,"position":0},"title":"Mercado de haciendas \u00e1gil y firme despu\u00e9s de turismo","author":"La Hora del Campo","date":"24 abril, 2019","format":false,"excerpt":"El mercado de hacienda gorda contin\u00faa \u00e1gil en los negocios y con firmeza en los valores seg\u00fan el martillero Francisco C\u00e1nepa.","rel":"","context":"En \u00abActualidad\u00bb","block_context":{"text":"Actualidad","link":"https:\/\/lahoradelcampo.com.uy\/site\/category\/actualidad\/"},"img":{"alt_text":"","src":"https:\/\/i0.wp.com\/lahoradelcampo.com.uy\/site\/wp-content\/uploads\/2019\/04\/Canepa.jpg?fit=880%2C440&ssl=1&resize=350%2C200","width":350,"height":200,"srcset":"https:\/\/i0.wp.com\/lahoradelcampo.com.uy\/site\/wp-content\/uploads\/2019\/04\/Canepa.jpg?fit=880%2C440&ssl=1&resize=350%2C200 1x, https:\/\/i0.wp.com\/lahoradelcampo.com.uy\/site\/wp-content\/uploads\/2019\/04\/Canepa.jpg?fit=880%2C440&ssl=1&resize=525%2C300 1.5x, https:\/\/i0.wp.com\/lahoradelcampo.com.uy\/site\/wp-content\/uploads\/2019\/04\/Canepa.jpg?fit=880%2C440&ssl=1&resize=700%2C400 2x"},"classes":[]},{"id":49878,"url":"https:\/\/lahoradelcampo.com.uy\/site\/precios-del-ganado-siguen-en-aumento-y-alcanzan-nuevos-maximos\/","url_meta":{"origin":40343,"position":1},"title":"Precios del ganado siguen en aumento y alcanzan nuevos m\u00e1ximos","author":"La Hora del Campo","date":"11 abril, 2023","format":false,"excerpt":"El mercado ganadero contin\u00faa en alza, seg\u00fan los datos proporcionados por la Asociaci\u00f3n de Consignatarios de Ganado (ACG) correspondientes a la semana del 2 al 8 de abril. El Novillo gordo especial experiment\u00f3 un aumento de entre 1 y 5 centavos de d\u00f3lar, mientras que la vaquillona super\u00f3 los 4\u2026","rel":"","context":"En \u00abActualidad\u00bb","block_context":{"text":"Actualidad","link":"https:\/\/lahoradelcampo.com.uy\/site\/category\/actualidad\/"},"img":{"alt_text":"","src":"https:\/\/i0.wp.com\/lahoradelcampo.com.uy\/site\/wp-content\/uploads\/2020\/08\/GanadoHerefordweb.jpg?fit=880%2C440&ssl=1&resize=350%2C200","width":350,"height":200,"srcset":"https:\/\/i0.wp.com\/lahoradelcampo.com.uy\/site\/wp-content\/uploads\/2020\/08\/GanadoHerefordweb.jpg?fit=880%2C440&ssl=1&resize=350%2C200 1x, https:\/\/i0.wp.com\/lahoradelcampo.com.uy\/site\/wp-content\/uploads\/2020\/08\/GanadoHerefordweb.jpg?fit=880%2C440&ssl=1&resize=525%2C300 1.5x, https:\/\/i0.wp.com\/lahoradelcampo.com.uy\/site\/wp-content\/uploads\/2020\/08\/GanadoHerefordweb.jpg?fit=880%2C440&ssl=1&resize=700%2C400 2x"},"classes":[]},{"id":10945,"url":"https:\/\/lahoradelcampo.com.uy\/site\/la-prudencia-que-transmitian-los-industriales-desde-china-y-la-fuerte-demanda-interna\/","url_meta":{"origin":40343,"position":2},"title":"La prudencia que transmit\u00edan los industriales desde China y la fuerte demanda interna","author":"La Hora del Campo","date":"21 mayo, 2019","format":false,"excerpt":"La pasada semana acompa\u00f1amos en La Hora del Campo lo que acontec\u00eda en la principal feria alimenticia de China, Expo SIAL desarrollada en Shanga\u00ed, y donde desde INAC, los industriales y el Ing. Rafael Tard\u00e1guila, qui\u00e9n nos brindo su visi\u00f3n e informaci\u00f3n durante toda la muestra, se marcaba que exist\u00edan\u2026","rel":"","context":"En \u00abActualidad\u00bb","block_context":{"text":"Actualidad","link":"https:\/\/lahoradelcampo.com.uy\/site\/category\/actualidad\/"},"img":{"alt_text":"","src":"https:\/\/i0.wp.com\/lahoradelcampo.com.uy\/site\/wp-content\/uploads\/2018\/05\/ganado.jpg?fit=880%2C440&ssl=1&resize=350%2C200","width":350,"height":200,"srcset":"https:\/\/i0.wp.com\/lahoradelcampo.com.uy\/site\/wp-content\/uploads\/2018\/05\/ganado.jpg?fit=880%2C440&ssl=1&resize=350%2C200 1x, https:\/\/i0.wp.com\/lahoradelcampo.com.uy\/site\/wp-content\/uploads\/2018\/05\/ganado.jpg?fit=880%2C440&ssl=1&resize=525%2C300 1.5x, https:\/\/i0.wp.com\/lahoradelcampo.com.uy\/site\/wp-content\/uploads\/2018\/05\/ganado.jpg?fit=880%2C440&ssl=1&resize=700%2C400 2x"},"classes":[]},{"id":24110,"url":"https:\/\/lahoradelcampo.com.uy\/site\/la-demanda-presiona-los-valores-a-la-baja-ante-una-mayor-oferta-del-gordo\/","url_meta":{"origin":40343,"position":3},"title":"La demanda presiona  los valores a la baja ante una mayor oferta del gordo","author":"La Hora del Campo","date":"29 septiembre, 2020","format":false,"excerpt":"Durante la \u00faltima semana la faena vacuna en el pa\u00eds se acerc\u00f3 a las 36.896 cabezas, un 6% m\u00e1s que en la semana anterior, pero en lo que va del 2020 se mantiene un 18% por debajo del a\u00f1o pasado. En la composici\u00f3n de la misma se observ\u00f3 un incremento\u2026","rel":"","context":"En \u00abActualidad\u00bb","block_context":{"text":"Actualidad","link":"https:\/\/lahoradelcampo.com.uy\/site\/category\/actualidad\/"},"img":{"alt_text":"","src":"https:\/\/i0.wp.com\/lahoradelcampo.com.uy\/site\/wp-content\/uploads\/2020\/08\/Novillossorgo.jpg?fit=880%2C440&ssl=1&resize=350%2C200","width":350,"height":200,"srcset":"https:\/\/i0.wp.com\/lahoradelcampo.com.uy\/site\/wp-content\/uploads\/2020\/08\/Novillossorgo.jpg?fit=880%2C440&ssl=1&resize=350%2C200 1x, https:\/\/i0.wp.com\/lahoradelcampo.com.uy\/site\/wp-content\/uploads\/2020\/08\/Novillossorgo.jpg?fit=880%2C440&ssl=1&resize=525%2C300 1.5x, https:\/\/i0.wp.com\/lahoradelcampo.com.uy\/site\/wp-content\/uploads\/2020\/08\/Novillossorgo.jpg?fit=880%2C440&ssl=1&resize=700%2C400 2x"},"classes":[]},{"id":6637,"url":"https:\/\/lahoradelcampo.com.uy\/site\/la-pos-zafra-empezo-temprano\/","url_meta":{"origin":40343,"position":4},"title":"La pos zafra empez\u00f3 temprano","author":"La Hora del Campo","date":"23 abril, 2018","format":false,"excerpt":"A diferencia del a\u00f1o 2016 y 2017, donde la variable clim\u00e1tica era favorable para la producci\u00f3n ganadera, en este 2018 el d\u00e9ficit h\u00eddrico que se arrastra desde enero incide de manera negativa en la terminaci\u00f3n de los ganados a la industria y por ende de manera positiva en los precios.\u2026","rel":"","context":"En \u00abActualidad\u00bb","block_context":{"text":"Actualidad","link":"https:\/\/lahoradelcampo.com.uy\/site\/category\/actualidad\/"},"img":{"alt_text":"","src":"https:\/\/i0.wp.com\/lahoradelcampo.com.uy\/site\/wp-content\/uploads\/2018\/04\/graficar-web.jpg?fit=880%2C440&ssl=1&resize=350%2C200","width":350,"height":200,"srcset":"https:\/\/i0.wp.com\/lahoradelcampo.com.uy\/site\/wp-content\/uploads\/2018\/04\/graficar-web.jpg?fit=880%2C440&ssl=1&resize=350%2C200 1x, https:\/\/i0.wp.com\/lahoradelcampo.com.uy\/site\/wp-content\/uploads\/2018\/04\/graficar-web.jpg?fit=880%2C440&ssl=1&resize=525%2C300 1.5x, https:\/\/i0.wp.com\/lahoradelcampo.com.uy\/site\/wp-content\/uploads\/2018\/04\/graficar-web.jpg?fit=880%2C440&ssl=1&resize=700%2C400 2x"},"classes":[]},{"id":55516,"url":"https:\/\/lahoradelcampo.com.uy\/site\/mercado-de-haciendas-continua-firme-y-con-precios-estables\/","url_meta":{"origin":40343,"position":5},"title":"Mercado de haciendas contin\u00faa firme y con precios estables","author":"La Hora del Campo","date":"14 enero, 2025","format":false,"excerpt":"Si bien contin\u00faa el conflicto entre los trabajadores y la industria frigor\u00edfica, esta semana se registraron m\u00e1s d\u00edas de trabajo y sin tantos paros sorpresivos, lo que ha permitido el incremento de la faena semanal, y al mismo tiempo el mercado se ha mantenido firme y con precios estables para\u2026","rel":"","context":"En \u00abActualidad\u00bb","block_context":{"text":"Actualidad","link":"https:\/\/lahoradelcampo.com.uy\/site\/category\/actualidad\/"},"img":{"alt_text":"","src":"https:\/\/i0.wp.com\/lahoradelcampo.com.uy\/site\/wp-content\/uploads\/2025\/01\/ganandos.jpg?fit=880%2C440&ssl=1&resize=350%2C200","width":350,"height":200,"srcset":"https:\/\/i0.wp.com\/lahoradelcampo.com.uy\/site\/wp-content\/uploads\/2025\/01\/ganandos.jpg?fit=880%2C440&ssl=1&resize=350%2C200 1x, https:\/\/i0.wp.com\/lahoradelcampo.com.uy\/site\/wp-content\/uploads\/2025\/01\/ganandos.jpg?fit=880%2C440&ssl=1&resize=525%2C300 1.5x, https:\/\/i0.wp.com\/lahoradelcampo.com.uy\/site\/wp-content\/uploads\/2025\/01\/ganandos.jpg?fit=880%2C440&ssl=1&resize=700%2C400 2x"},"classes":[]}],"jetpack_likes_enabled":true,"_links":{"self":[{"href":"https:\/\/lahoradelcampo.com.uy\/site\/wp-json\/wp\/v2\/posts\/40343","targetHints":{"allow":["GET"]}}],"collection":[{"href":"https:\/\/lahoradelcampo.com.uy\/site\/wp-json\/wp\/v2\/posts"}],"about":[{"href":"https:\/\/lahoradelcampo.com.uy\/site\/wp-json\/wp\/v2\/types\/post"}],"author":[{"embeddable":true,"href":"https:\/\/lahoradelcampo.com.uy\/site\/wp-json\/wp\/v2\/users\/5"}],"replies":[{"embeddable":true,"href":"https:\/\/lahoradelcampo.com.uy\/site\/wp-json\/wp\/v2\/comments?post=40343"}],"version-history":[{"count":1,"href":"https:\/\/lahoradelcampo.com.uy\/site\/wp-json\/wp\/v2\/posts\/40343\/revisions"}],"predecessor-version":[{"id":40345,"href":"https:\/\/lahoradelcampo.com.uy\/site\/wp-json\/wp\/v2\/posts\/40343\/revisions\/40345"}],"wp:featuredmedia":[{"embeddable":true,"href":"https:\/\/lahoradelcampo.com.uy\/site\/wp-json\/wp\/v2\/media\/28246"}],"wp:attachment":[{"href":"https:\/\/lahoradelcampo.com.uy\/site\/wp-json\/wp\/v2\/media?parent=40343"}],"wp:term":[{"taxonomy":"category","embeddable":true,"href":"https:\/\/lahoradelcampo.com.uy\/site\/wp-json\/wp\/v2\/categories?post=40343"},{"taxonomy":"post_tag","embeddable":true,"href":"https:\/\/lahoradelcampo.com.uy\/site\/wp-json\/wp\/v2\/tags?post=40343"}],"curies":[{"name":"wp","href":"https:\/\/api.w.org\/{rel}","templated":true}]}}