{"id":40339,"date":"2022-03-29T07:26:38","date_gmt":"2022-03-29T10:26:38","guid":{"rendered":"http:\/\/lahoradelcampo.com.uy\/site\/?p=40339"},"modified":"2022-03-29T07:26:44","modified_gmt":"2022-03-29T10:26:44","slug":"acg-marco-una-suba-de-5-centavos-en-el-novillo","status":"publish","type":"post","link":"https:\/\/lahoradelcampo.com.uy\/site\/acg-marco-una-suba-de-5-centavos-en-el-novillo\/","title":{"rendered":"ACG marc\u00f3 una suba de 5 centavos en el novillo"},"content":{"rendered":"\n<figure class=\"wp-block-image\"><img data-recalc-dims=\"1\" loading=\"lazy\" decoding=\"async\" width=\"810\" height=\"405\" data-attachment-id=\"38469\" data-permalink=\"https:\/\/lahoradelcampo.com.uy\/site\/novillo-tipo-de-inac-cerro-diciembre-en-us-1-397\/novillopastando\/\" data-orig-file=\"https:\/\/i0.wp.com\/lahoradelcampo.com.uy\/site\/wp-content\/uploads\/2022\/01\/Novillopastando.jpg?fit=880%2C440&amp;ssl=1\" data-orig-size=\"880,440\" data-comments-opened=\"1\" data-image-meta=\"{&quot;aperture&quot;:&quot;0&quot;,&quot;credit&quot;:&quot;&quot;,&quot;camera&quot;:&quot;&quot;,&quot;caption&quot;:&quot;&quot;,&quot;created_timestamp&quot;:&quot;0&quot;,&quot;copyright&quot;:&quot;&quot;,&quot;focal_length&quot;:&quot;0&quot;,&quot;iso&quot;:&quot;0&quot;,&quot;shutter_speed&quot;:&quot;0&quot;,&quot;title&quot;:&quot;&quot;,&quot;orientation&quot;:&quot;1&quot;}\" data-image-title=\"Novillopastando\" data-image-description=\"\" data-image-caption=\"\" data-large-file=\"https:\/\/i0.wp.com\/lahoradelcampo.com.uy\/site\/wp-content\/uploads\/2022\/01\/Novillopastando.jpg?fit=810%2C405&amp;ssl=1\" src=\"https:\/\/i0.wp.com\/lahoradelcampo.com.uy\/site\/wp-content\/uploads\/2022\/01\/Novillopastando.jpg?resize=810%2C405\" alt=\"\" class=\"wp-image-38469\" srcset=\"https:\/\/i0.wp.com\/lahoradelcampo.com.uy\/site\/wp-content\/uploads\/2022\/01\/Novillopastando.jpg?w=880&amp;ssl=1 880w, https:\/\/i0.wp.com\/lahoradelcampo.com.uy\/site\/wp-content\/uploads\/2022\/01\/Novillopastando.jpg?resize=300%2C150&amp;ssl=1 300w, https:\/\/i0.wp.com\/lahoradelcampo.com.uy\/site\/wp-content\/uploads\/2022\/01\/Novillopastando.jpg?resize=768%2C384&amp;ssl=1 768w, https:\/\/i0.wp.com\/lahoradelcampo.com.uy\/site\/wp-content\/uploads\/2022\/01\/Novillopastando.jpg?resize=820%2C410&amp;ssl=1 820w\" sizes=\"auto, (max-width: 810px) 100vw, 810px\" \/><\/figure>\n\n\n\n<p>El mercado de hacienda gorda est\u00e1 con una faena que mantiene \u00absu excelente nivel de actividad\u00bb, por lo que los consignatarios en su informe semanal de la jornada de ayer se\u00f1alan que la \u00abbuena din\u00e1mica en negocios y valores\u00bb convalida \u00abla firmeza del mercado\u00bb.<br><\/p>\n\n\n\n<p>En este escenario, se marca una suba semanal de cinco centavos en el valor promedio del novillo gordo, que pasa a situarse en los US$ 5,13 por kilogramo en cuarta balanza, tambi\u00e9n sube cinco centavos la vaca gorda a US$ 4,87 y la vaquillona sube seis centavos a US$ 4,99. <br><\/p>\n\n\n\n<p>El novillo gordo tiene una variaci\u00f3n de precios que van desde los US$ 5,20 para el novillo especial de exportaci\u00f3n hasta los US$ 5,05 para el general para el abasto o exportaci\u00f3n. En el caso de los overos, ACG marca referencias de US$ 4,95 para los especiales y US$ 4,85 para el general. <br><\/p>\n\n\n\n<p> En el caso de la vaca las referencias van desde US$ 4,78 para la general a US$ 4,96 la especial de carne. En el caso de las vacas de otras razas van desde US$ 4,33 a US$ 4,50. Por su parte las vaquillonas se mueven desde los US$ 4,95 a US$ 5,02. <\/p>\n\n\n\n<p>Salto, 29 de marzo de 2022<\/p>\n","protected":false},"excerpt":{"rendered":"<p>El mercado de hacienda gorda est\u00e1 con una faena que mantiene \u00absu excelente nivel de actividad\u00bb, por lo que los consignatarios en su informe semanal de la jornada de ayer [&hellip;]<\/p>\n","protected":false},"author":5,"featured_media":38469,"comment_status":"open","ping_status":"open","sticky":false,"template":"","format":"standard","meta":{"_price":"","_stock":"","_tribe_ticket_header":"","_tribe_default_ticket_provider":"","_tribe_ticket_capacity":"0","_ticket_start_date":"","_ticket_end_date":"","_tribe_ticket_show_description":"","_tribe_ticket_show_not_going":false,"_tribe_ticket_use_global_stock":"","_tribe_ticket_global_stock_level":"","_global_stock_mode":"","_global_stock_cap":"","_tribe_rsvp_for_event":"","_tribe_ticket_going_count":"","_tribe_ticket_not_going_count":"","_tribe_tickets_list":"[]","_tribe_ticket_has_attendee_info_fields":false,"h5ap_radio_sources":[],"_jetpack_newsletter_access":"","_jetpack_dont_email_post_to_subs":false,"_jetpack_newsletter_tier_id":0,"_jetpack_memberships_contains_paywalled_content":false,"_jetpack_memberships_contains_paid_content":false,"footnotes":""},"categories":[21,5],"tags":[],"class_list":["post-40339","post","type-post","status-publish","format-standard","has-post-thumbnail","hentry","category-actualidad","category-ganaderia"],"jetpack_featured_media_url":"https:\/\/i0.wp.com\/lahoradelcampo.com.uy\/site\/wp-content\/uploads\/2022\/01\/Novillopastando.jpg?fit=880%2C440&ssl=1","jetpack_sharing_enabled":true,"jetpack_shortlink":"https:\/\/wp.me\/p99IaT-auD","jetpack-related-posts":[{"id":39445,"url":"https:\/\/lahoradelcampo.com.uy\/site\/nueva-suba-para-el-novillo-mercosur\/","url_meta":{"origin":40339,"position":0},"title":"Nueva suba para el Novillo Mercosur","author":"La Hora del Campo","date":"25 febrero, 2022","format":false,"excerpt":"Los precios del novillo gordo para faena contin\u00faan marcando una tendencial alcista en toda la regi\u00f3n, con una demanda internacional intensa y la valorizaci\u00f3n de las monedas frente a su par norteamericano. El \u00cdndice Faxcarne del Novillo Mercosur, publicado por la Consultora Tard\u00e1guila Agromercados, subi\u00f3 11 centavos en la semana\u2026","rel":"","context":"En \u00abActualidad\u00bb","block_context":{"text":"Actualidad","link":"https:\/\/lahoradelcampo.com.uy\/site\/category\/actualidad\/"},"img":{"alt_text":"","src":"https:\/\/i0.wp.com\/lahoradelcampo.com.uy\/site\/wp-content\/uploads\/2022\/01\/Novillopastando.jpg?fit=880%2C440&ssl=1&resize=350%2C200","width":350,"height":200,"srcset":"https:\/\/i0.wp.com\/lahoradelcampo.com.uy\/site\/wp-content\/uploads\/2022\/01\/Novillopastando.jpg?fit=880%2C440&ssl=1&resize=350%2C200 1x, https:\/\/i0.wp.com\/lahoradelcampo.com.uy\/site\/wp-content\/uploads\/2022\/01\/Novillopastando.jpg?fit=880%2C440&ssl=1&resize=525%2C300 1.5x, https:\/\/i0.wp.com\/lahoradelcampo.com.uy\/site\/wp-content\/uploads\/2022\/01\/Novillopastando.jpg?fit=880%2C440&ssl=1&resize=700%2C400 2x"},"classes":[]},{"id":32766,"url":"https:\/\/lahoradelcampo.com.uy\/site\/precios-firmes-y-alza-para-el-novillo-gordo-en-la-region\/","url_meta":{"origin":40339,"position":1},"title":"Precios firmes y alza para el novillo gordo  en la regi\u00f3n","author":"La Hora del Campo","date":"5 agosto, 2021","format":false,"excerpt":"El valor del \u00edndice Faxcarne del Novillo Mercosur volvi\u00f3 a subir por cuarta semana consecutiva debido a la firmeza de los valores y el alza generalizada en los distintos pa\u00edses del bloque. Seg\u00fan la consultora Tard\u00e1guila Agromercados, elaboradora del indicador, el precio promedio del novillo gordo en la regi\u00f3n est\u00e1\u2026","rel":"","context":"En \u00abActualidad\u00bb","block_context":{"text":"Actualidad","link":"https:\/\/lahoradelcampo.com.uy\/site\/category\/actualidad\/"},"img":{"alt_text":"","src":"https:\/\/i0.wp.com\/lahoradelcampo.com.uy\/site\/wp-content\/uploads\/2020\/06\/ganado-gordo-1.jpg?fit=880%2C440&ssl=1&resize=350%2C200","width":350,"height":200,"srcset":"https:\/\/i0.wp.com\/lahoradelcampo.com.uy\/site\/wp-content\/uploads\/2020\/06\/ganado-gordo-1.jpg?fit=880%2C440&ssl=1&resize=350%2C200 1x, https:\/\/i0.wp.com\/lahoradelcampo.com.uy\/site\/wp-content\/uploads\/2020\/06\/ganado-gordo-1.jpg?fit=880%2C440&ssl=1&resize=525%2C300 1.5x, https:\/\/i0.wp.com\/lahoradelcampo.com.uy\/site\/wp-content\/uploads\/2020\/06\/ganado-gordo-1.jpg?fit=880%2C440&ssl=1&resize=700%2C400 2x"},"classes":[]},{"id":56854,"url":"https:\/\/lahoradelcampo.com.uy\/site\/mercado-agil-firme-y-con-el-novillo-superando-los-us-530\/","url_meta":{"origin":40339,"position":2},"title":"Mercado \u00e1gil, firme y con el novillo superando los US$ 5,30","author":"La Hora del Campo","date":"17 septiembre, 2025","format":false,"excerpt":"El mercado de haciendas se mantuvo firme con demanda sostenida y entradas \u00e1giles, de acuerdo con el relevamiento realizado por la Asociaci\u00f3n de Consignatarios de Ganado (ACG). En su comentario, la gremial destac\u00f3 que \"contin\u00faa la buena demanda manteniendo la faena. Entradas \u00e1giles; mercado firme\".La faena semanal alcanz\u00f3 un total\u2026","rel":"","context":"En \u00abActualidad\u00bb","block_context":{"text":"Actualidad","link":"https:\/\/lahoradelcampo.com.uy\/site\/category\/actualidad\/"},"img":{"alt_text":"","src":"https:\/\/i0.wp.com\/lahoradelcampo.com.uy\/site\/wp-content\/uploads\/2025\/09\/Haciendas.jpg?fit=880%2C440&ssl=1&resize=350%2C200","width":350,"height":200,"srcset":"https:\/\/i0.wp.com\/lahoradelcampo.com.uy\/site\/wp-content\/uploads\/2025\/09\/Haciendas.jpg?fit=880%2C440&ssl=1&resize=350%2C200 1x, https:\/\/i0.wp.com\/lahoradelcampo.com.uy\/site\/wp-content\/uploads\/2025\/09\/Haciendas.jpg?fit=880%2C440&ssl=1&resize=525%2C300 1.5x, https:\/\/i0.wp.com\/lahoradelcampo.com.uy\/site\/wp-content\/uploads\/2025\/09\/Haciendas.jpg?fit=880%2C440&ssl=1&resize=700%2C400 2x"},"classes":[]},{"id":41937,"url":"https:\/\/lahoradelcampo.com.uy\/site\/novillo-gordo-bajo-un-centavo-esta-semana\/","url_meta":{"origin":40339,"position":3},"title":"Novillo gordo baj\u00f3 un centavo esta semana","author":"La Hora del Campo","date":"18 mayo, 2022","format":false,"excerpt":"La pasada semana, el mercado de haciendas concret\u00f3 un p\u00e1rate en la suba contin\u00faa de precios que ven\u00eda registrando semana a semana desde los primeros d\u00edas de enero. Esto es consecuente con los comentarios que han venido se\u00f1alando referentes de la industria sobre la necesidad de un ajuste en los\u2026","rel":"","context":"En \u00abActualidad\u00bb","block_context":{"text":"Actualidad","link":"https:\/\/lahoradelcampo.com.uy\/site\/category\/actualidad\/"},"img":{"alt_text":"","src":"https:\/\/i0.wp.com\/lahoradelcampo.com.uy\/site\/wp-content\/uploads\/2022\/03\/Novillo-angus.jpg?fit=880%2C440&ssl=1&resize=350%2C200","width":350,"height":200,"srcset":"https:\/\/i0.wp.com\/lahoradelcampo.com.uy\/site\/wp-content\/uploads\/2022\/03\/Novillo-angus.jpg?fit=880%2C440&ssl=1&resize=350%2C200 1x, https:\/\/i0.wp.com\/lahoradelcampo.com.uy\/site\/wp-content\/uploads\/2022\/03\/Novillo-angus.jpg?fit=880%2C440&ssl=1&resize=525%2C300 1.5x, https:\/\/i0.wp.com\/lahoradelcampo.com.uy\/site\/wp-content\/uploads\/2022\/03\/Novillo-angus.jpg?fit=880%2C440&ssl=1&resize=700%2C400 2x"},"classes":[]},{"id":45339,"url":"https:\/\/lahoradelcampo.com.uy\/site\/luego-de-varios-meses-sobre-los-us-500-el-novillo-cerro-por-debajo\/","url_meta":{"origin":40339,"position":4},"title":"Luego de varios meses sobre los  US$ 5,00 el novillo cerr\u00f3 por debajo","author":"La Hora del Campo","date":"7 septiembre, 2022","format":false,"excerpt":"Por muchos meses el precio del ganado en cuarta balanza se mantuvo por encima de los cinco d\u00f3lares, sin embargo el lunes, ACG public\u00f3 valores por debajo de esa referencia. El ganado gordo tuvo bajas generalizadas en la semana del 28 de agosto al 3 de setiembre, seg\u00fan los datos\u2026","rel":"","context":"En \u00abActualidad\u00bb","block_context":{"text":"Actualidad","link":"https:\/\/lahoradelcampo.com.uy\/site\/category\/actualidad\/"},"img":{"alt_text":"","src":"https:\/\/i0.wp.com\/lahoradelcampo.com.uy\/site\/wp-content\/uploads\/2022\/03\/Novillo-angus.jpg?fit=880%2C440&ssl=1&resize=350%2C200","width":350,"height":200,"srcset":"https:\/\/i0.wp.com\/lahoradelcampo.com.uy\/site\/wp-content\/uploads\/2022\/03\/Novillo-angus.jpg?fit=880%2C440&ssl=1&resize=350%2C200 1x, https:\/\/i0.wp.com\/lahoradelcampo.com.uy\/site\/wp-content\/uploads\/2022\/03\/Novillo-angus.jpg?fit=880%2C440&ssl=1&resize=525%2C300 1.5x, https:\/\/i0.wp.com\/lahoradelcampo.com.uy\/site\/wp-content\/uploads\/2022\/03\/Novillo-angus.jpg?fit=880%2C440&ssl=1&resize=700%2C400 2x"},"classes":[]},{"id":56042,"url":"https:\/\/lahoradelcampo.com.uy\/site\/se-mantiene-la-firmeza-en-el-gordo-con-nuevas-subas-en-los-valores\/","url_meta":{"origin":40339,"position":5},"title":"Se mantiene la firmeza en el gordo con nuevas subas en los valores","author":"La Hora del Campo","date":"30 abril, 2025","format":false,"excerpt":"Durante la semana comprendida entre el 20 y el 26 de abril, el mercado de haciendas registr\u00f3 una nueva suba en los valores del ganado vacuno, con una faena activa marcada por la participaci\u00f3n de animales provenientes de corrales. As\u00ed lo indic\u00f3 la Asociaci\u00f3n de Consignatarios de Ganado (ACG) tras\u2026","rel":"","context":"En \u00abActualidad\u00bb","block_context":{"text":"Actualidad","link":"https:\/\/lahoradelcampo.com.uy\/site\/category\/actualidad\/"},"img":{"alt_text":"","src":"https:\/\/i0.wp.com\/lahoradelcampo.com.uy\/site\/wp-content\/uploads\/2024\/12\/ganado-reposicion.jpg?fit=880%2C440&ssl=1&resize=350%2C200","width":350,"height":200,"srcset":"https:\/\/i0.wp.com\/lahoradelcampo.com.uy\/site\/wp-content\/uploads\/2024\/12\/ganado-reposicion.jpg?fit=880%2C440&ssl=1&resize=350%2C200 1x, https:\/\/i0.wp.com\/lahoradelcampo.com.uy\/site\/wp-content\/uploads\/2024\/12\/ganado-reposicion.jpg?fit=880%2C440&ssl=1&resize=525%2C300 1.5x, https:\/\/i0.wp.com\/lahoradelcampo.com.uy\/site\/wp-content\/uploads\/2024\/12\/ganado-reposicion.jpg?fit=880%2C440&ssl=1&resize=700%2C400 2x"},"classes":[]}],"jetpack_likes_enabled":true,"_links":{"self":[{"href":"https:\/\/lahoradelcampo.com.uy\/site\/wp-json\/wp\/v2\/posts\/40339","targetHints":{"allow":["GET"]}}],"collection":[{"href":"https:\/\/lahoradelcampo.com.uy\/site\/wp-json\/wp\/v2\/posts"}],"about":[{"href":"https:\/\/lahoradelcampo.com.uy\/site\/wp-json\/wp\/v2\/types\/post"}],"author":[{"embeddable":true,"href":"https:\/\/lahoradelcampo.com.uy\/site\/wp-json\/wp\/v2\/users\/5"}],"replies":[{"embeddable":true,"href":"https:\/\/lahoradelcampo.com.uy\/site\/wp-json\/wp\/v2\/comments?post=40339"}],"version-history":[{"count":1,"href":"https:\/\/lahoradelcampo.com.uy\/site\/wp-json\/wp\/v2\/posts\/40339\/revisions"}],"predecessor-version":[{"id":40341,"href":"https:\/\/lahoradelcampo.com.uy\/site\/wp-json\/wp\/v2\/posts\/40339\/revisions\/40341"}],"wp:featuredmedia":[{"embeddable":true,"href":"https:\/\/lahoradelcampo.com.uy\/site\/wp-json\/wp\/v2\/media\/38469"}],"wp:attachment":[{"href":"https:\/\/lahoradelcampo.com.uy\/site\/wp-json\/wp\/v2\/media?parent=40339"}],"wp:term":[{"taxonomy":"category","embeddable":true,"href":"https:\/\/lahoradelcampo.com.uy\/site\/wp-json\/wp\/v2\/categories?post=40339"},{"taxonomy":"post_tag","embeddable":true,"href":"https:\/\/lahoradelcampo.com.uy\/site\/wp-json\/wp\/v2\/tags?post=40339"}],"curies":[{"name":"wp","href":"https:\/\/api.w.org\/{rel}","templated":true}]}}