{"id":40333,"date":"2022-03-29T07:24:11","date_gmt":"2022-03-29T10:24:11","guid":{"rendered":"http:\/\/lahoradelcampo.com.uy\/site\/?p=40333"},"modified":"2022-03-29T07:24:16","modified_gmt":"2022-03-29T10:24:16","slug":"baja-actividad-en-el-inicio-de-semana-en-el-sector-granjero","status":"publish","type":"post","link":"https:\/\/lahoradelcampo.com.uy\/site\/baja-actividad-en-el-inicio-de-semana-en-el-sector-granjero\/","title":{"rendered":"Baja actividad en el inicio de semana en el sector granjero"},"content":{"rendered":"\n<figure class=\"wp-block-image\"><img data-recalc-dims=\"1\" loading=\"lazy\" decoding=\"async\" width=\"810\" height=\"405\" data-attachment-id=\"31208\" data-permalink=\"https:\/\/lahoradelcampo.com.uy\/site\/cayo-el-ritmo-de-ventas-al-cierre-de-la-semana\/uammercado\/\" data-orig-file=\"https:\/\/i0.wp.com\/lahoradelcampo.com.uy\/site\/wp-content\/uploads\/2021\/06\/UAMmercado.jpg?fit=880%2C440&amp;ssl=1\" data-orig-size=\"880,440\" data-comments-opened=\"1\" data-image-meta=\"{&quot;aperture&quot;:&quot;0&quot;,&quot;credit&quot;:&quot;&quot;,&quot;camera&quot;:&quot;&quot;,&quot;caption&quot;:&quot;&quot;,&quot;created_timestamp&quot;:&quot;0&quot;,&quot;copyright&quot;:&quot;&quot;,&quot;focal_length&quot;:&quot;0&quot;,&quot;iso&quot;:&quot;0&quot;,&quot;shutter_speed&quot;:&quot;0&quot;,&quot;title&quot;:&quot;&quot;,&quot;orientation&quot;:&quot;1&quot;}\" data-image-title=\"UAMmercado\" data-image-description=\"\" data-image-caption=\"\" data-large-file=\"https:\/\/i0.wp.com\/lahoradelcampo.com.uy\/site\/wp-content\/uploads\/2021\/06\/UAMmercado.jpg?fit=810%2C405&amp;ssl=1\" src=\"https:\/\/i0.wp.com\/lahoradelcampo.com.uy\/site\/wp-content\/uploads\/2021\/06\/UAMmercado.jpg?resize=810%2C405\" alt=\"\" class=\"wp-image-31208\" srcset=\"https:\/\/i0.wp.com\/lahoradelcampo.com.uy\/site\/wp-content\/uploads\/2021\/06\/UAMmercado.jpg?w=880&amp;ssl=1 880w, https:\/\/i0.wp.com\/lahoradelcampo.com.uy\/site\/wp-content\/uploads\/2021\/06\/UAMmercado.jpg?resize=300%2C150&amp;ssl=1 300w, https:\/\/i0.wp.com\/lahoradelcampo.com.uy\/site\/wp-content\/uploads\/2021\/06\/UAMmercado.jpg?resize=768%2C384&amp;ssl=1 768w, https:\/\/i0.wp.com\/lahoradelcampo.com.uy\/site\/wp-content\/uploads\/2021\/06\/UAMmercado.jpg?resize=820%2C410&amp;ssl=1 820w\" sizes=\"auto, (max-width: 810px) 100vw, 810px\" \/><\/figure>\n\n\n\n<p>La operativa transcurri\u00f3 de forma poco \u00e1gil en la jornada de ayer, con baja concurrencia de p\u00fablico comprador en la Unidad Agroalimentaria Metropolitana. Seg\u00fan integrantes del mercado, consultados por el equipo de la UAM, las precipitaciones del fin de semana en el sur del pa\u00eds y el acto electoral del domingo afectaron negativamente las ventas en los minoristas.<br><\/p>\n\n\n\n<p>Se registraron descensos en los precios de referencia de tomates, zapallito, zucchini, zapallo Kabuti\u00e1, zanahoria, acelga, lechugas, remolacha, perejil, frutilla y membrillo. Mientras que se observaron incrementos en las cotizaciones de mel\u00f3n, cebollas, coliflor y apio de Hoja.<\/p>\n\n\n\n<p>Como novedad se registr\u00f3 el ingreso de las primeras partidas de la zafra actual de manzana Fuji.<\/p>\n\n\n\n<div class=\"wp-block-image\"><figure class=\"aligncenter is-resized\"><img data-recalc-dims=\"1\" loading=\"lazy\" decoding=\"async\" data-attachment-id=\"40335\" data-permalink=\"https:\/\/lahoradelcampo.com.uy\/site\/baja-actividad-en-el-inicio-de-semana-en-el-sector-granjero\/granja-11\/\" data-orig-file=\"https:\/\/i0.wp.com\/lahoradelcampo.com.uy\/site\/wp-content\/uploads\/2022\/03\/granja-1.jpg?fit=552%2C471&amp;ssl=1\" data-orig-size=\"552,471\" data-comments-opened=\"1\" data-image-meta=\"{&quot;aperture&quot;:&quot;0&quot;,&quot;credit&quot;:&quot;&quot;,&quot;camera&quot;:&quot;&quot;,&quot;caption&quot;:&quot;&quot;,&quot;created_timestamp&quot;:&quot;0&quot;,&quot;copyright&quot;:&quot;&quot;,&quot;focal_length&quot;:&quot;0&quot;,&quot;iso&quot;:&quot;0&quot;,&quot;shutter_speed&quot;:&quot;0&quot;,&quot;title&quot;:&quot;&quot;,&quot;orientation&quot;:&quot;0&quot;}\" data-image-title=\"granja\" data-image-description=\"\" data-image-caption=\"\" data-large-file=\"https:\/\/i0.wp.com\/lahoradelcampo.com.uy\/site\/wp-content\/uploads\/2022\/03\/granja-1.jpg?fit=552%2C471&amp;ssl=1\" src=\"https:\/\/i0.wp.com\/lahoradelcampo.com.uy\/site\/wp-content\/uploads\/2022\/03\/granja-1.jpg?resize=382%2C326\" alt=\"\" class=\"wp-image-40335\" width=\"382\" height=\"326\" srcset=\"https:\/\/i0.wp.com\/lahoradelcampo.com.uy\/site\/wp-content\/uploads\/2022\/03\/granja-1.jpg?w=552&amp;ssl=1 552w, https:\/\/i0.wp.com\/lahoradelcampo.com.uy\/site\/wp-content\/uploads\/2022\/03\/granja-1.jpg?resize=300%2C256&amp;ssl=1 300w\" sizes=\"auto, (max-width: 382px) 100vw, 382px\" \/><\/figure><\/div>\n\n\n\n<p>Salto, 29 de marzo de 2022<\/p>\n","protected":false},"excerpt":{"rendered":"<p>La operativa transcurri\u00f3 de forma poco \u00e1gil en la jornada de ayer, con baja concurrencia de p\u00fablico comprador en la Unidad Agroalimentaria Metropolitana. Seg\u00fan integrantes del mercado, consultados por el [&hellip;]<\/p>\n","protected":false},"author":5,"featured_media":31208,"comment_status":"open","ping_status":"open","sticky":false,"template":"","format":"standard","meta":{"_price":"","_stock":"","_tribe_ticket_header":"","_tribe_default_ticket_provider":"","_tribe_ticket_capacity":"0","_ticket_start_date":"","_ticket_end_date":"","_tribe_ticket_show_description":"","_tribe_ticket_show_not_going":false,"_tribe_ticket_use_global_stock":"","_tribe_ticket_global_stock_level":"","_global_stock_mode":"","_global_stock_cap":"","_tribe_rsvp_for_event":"","_tribe_ticket_going_count":"","_tribe_ticket_not_going_count":"","_tribe_tickets_list":"[]","_tribe_ticket_has_attendee_info_fields":false,"h5ap_radio_sources":[],"_jetpack_newsletter_access":"","_jetpack_dont_email_post_to_subs":false,"_jetpack_newsletter_tier_id":0,"_jetpack_memberships_contains_paywalled_content":false,"_jetpack_memberships_contains_paid_content":false,"footnotes":""},"categories":[21,9],"tags":[],"class_list":["post-40333","post","type-post","status-publish","format-standard","has-post-thumbnail","hentry","category-actualidad","category-granja"],"jetpack_featured_media_url":"https:\/\/i0.wp.com\/lahoradelcampo.com.uy\/site\/wp-content\/uploads\/2021\/06\/UAMmercado.jpg?fit=880%2C440&ssl=1","jetpack_sharing_enabled":true,"jetpack_shortlink":"https:\/\/wp.me\/p99IaT-aux","jetpack-related-posts":[{"id":20122,"url":"https:\/\/lahoradelcampo.com.uy\/site\/semana-con-precios-a-la-baja-en-el-mercado-horticola-salteno\/","url_meta":{"origin":40333,"position":0},"title":"Semana con precios a la baja  en el mercado hort\u00edcola salte\u00f1o","author":"La Hora del Campo","date":"25 mayo, 2020","format":false,"excerpt":"Durante la semana, la operativa en el mercado hort\u00edcola salte\u00f1o fue menos \u00e1gil y precios que se han comportado a la baja. De acuerdo al informe semanal de Avanza Salto Hort\u00edcola, contin\u00faa la presencia de compradores habituales de diferentes localidades del norte del R\u00edo Negro. Las ca\u00eddas en los valores\u2026","rel":"","context":"En \u00abActualidad\u00bb","block_context":{"text":"Actualidad","link":"https:\/\/lahoradelcampo.com.uy\/site\/category\/actualidad\/"},"img":{"alt_text":"","src":"https:\/\/i0.wp.com\/lahoradelcampo.com.uy\/site\/wp-content\/uploads\/2018\/04\/Papa.jpg?fit=880%2C440&ssl=1&resize=350%2C200","width":350,"height":200,"srcset":"https:\/\/i0.wp.com\/lahoradelcampo.com.uy\/site\/wp-content\/uploads\/2018\/04\/Papa.jpg?fit=880%2C440&ssl=1&resize=350%2C200 1x, https:\/\/i0.wp.com\/lahoradelcampo.com.uy\/site\/wp-content\/uploads\/2018\/04\/Papa.jpg?fit=880%2C440&ssl=1&resize=525%2C300 1.5x, https:\/\/i0.wp.com\/lahoradelcampo.com.uy\/site\/wp-content\/uploads\/2018\/04\/Papa.jpg?fit=880%2C440&ssl=1&resize=700%2C400 2x"},"classes":[]},{"id":50248,"url":"https:\/\/lahoradelcampo.com.uy\/site\/con-subas-y-bajas-el-ime-cerro-la-semana-con-baja-de-4-centavos\/","url_meta":{"origin":40333,"position":1},"title":"Con subas y bajas, el IME cerr\u00f3 la semana con baja de 4 centavos","author":"La Hora del Campo","date":"28 abril, 2023","format":false,"excerpt":"El mercado lanero australiano comenz\u00f3 la semana experimentando una ca\u00edda en el Indicador de Mercados del Este (IME), pero luego se recuper\u00f3 en la segunda jornada debido a una menor oferta. Debido a que la suba fue menor al descenso semanal inicial, el indicador termina cerrando con bajas la semana.\u2026","rel":"","context":"En \u00abActualidad\u00bb","block_context":{"text":"Actualidad","link":"https:\/\/lahoradelcampo.com.uy\/site\/category\/actualidad\/"},"img":{"alt_text":"","src":"https:\/\/i0.wp.com\/lahoradelcampo.com.uy\/site\/wp-content\/uploads\/2023\/01\/Lana-Australia1.jpg?fit=880%2C440&ssl=1&resize=350%2C200","width":350,"height":200,"srcset":"https:\/\/i0.wp.com\/lahoradelcampo.com.uy\/site\/wp-content\/uploads\/2023\/01\/Lana-Australia1.jpg?fit=880%2C440&ssl=1&resize=350%2C200 1x, https:\/\/i0.wp.com\/lahoradelcampo.com.uy\/site\/wp-content\/uploads\/2023\/01\/Lana-Australia1.jpg?fit=880%2C440&ssl=1&resize=525%2C300 1.5x, https:\/\/i0.wp.com\/lahoradelcampo.com.uy\/site\/wp-content\/uploads\/2023\/01\/Lana-Australia1.jpg?fit=880%2C440&ssl=1&resize=700%2C400 2x"},"classes":[]},{"id":24110,"url":"https:\/\/lahoradelcampo.com.uy\/site\/la-demanda-presiona-los-valores-a-la-baja-ante-una-mayor-oferta-del-gordo\/","url_meta":{"origin":40333,"position":2},"title":"La demanda presiona  los valores a la baja ante una mayor oferta del gordo","author":"La Hora del Campo","date":"29 septiembre, 2020","format":false,"excerpt":"Durante la \u00faltima semana la faena vacuna en el pa\u00eds se acerc\u00f3 a las 36.896 cabezas, un 6% m\u00e1s que en la semana anterior, pero en lo que va del 2020 se mantiene un 18% por debajo del a\u00f1o pasado. En la composici\u00f3n de la misma se observ\u00f3 un incremento\u2026","rel":"","context":"En \u00abActualidad\u00bb","block_context":{"text":"Actualidad","link":"https:\/\/lahoradelcampo.com.uy\/site\/category\/actualidad\/"},"img":{"alt_text":"","src":"https:\/\/i0.wp.com\/lahoradelcampo.com.uy\/site\/wp-content\/uploads\/2020\/08\/Novillossorgo.jpg?fit=880%2C440&ssl=1&resize=350%2C200","width":350,"height":200,"srcset":"https:\/\/i0.wp.com\/lahoradelcampo.com.uy\/site\/wp-content\/uploads\/2020\/08\/Novillossorgo.jpg?fit=880%2C440&ssl=1&resize=350%2C200 1x, https:\/\/i0.wp.com\/lahoradelcampo.com.uy\/site\/wp-content\/uploads\/2020\/08\/Novillossorgo.jpg?fit=880%2C440&ssl=1&resize=525%2C300 1.5x, https:\/\/i0.wp.com\/lahoradelcampo.com.uy\/site\/wp-content\/uploads\/2020\/08\/Novillossorgo.jpg?fit=880%2C440&ssl=1&resize=700%2C400 2x"},"classes":[]},{"id":53009,"url":"https:\/\/lahoradelcampo.com.uy\/site\/semana-de-ajustes-a-la-baja-en-el-ime\/","url_meta":{"origin":40333,"position":3},"title":"Semana de ajustes a la baja en el IME","author":"La Hora del Campo","date":"3 noviembre, 2023","format":false,"excerpt":"El mercado lanero australiano termin\u00f3 la semana ajustando a la baja en las cotizaciones. Con un Indicador de Mercados del Este (IME) que registr\u00f3 descensos en ambas monedas, principalmente en d\u00f3lares estadounidenses debido al tipo de cambio. En las lanas finas el volumen ofertado, con lanas que presentan en su\u2026","rel":"","context":"En \u00abActualidad\u00bb","block_context":{"text":"Actualidad","link":"https:\/\/lahoradelcampo.com.uy\/site\/category\/actualidad\/"},"img":{"alt_text":"","src":"https:\/\/i0.wp.com\/lahoradelcampo.com.uy\/site\/wp-content\/uploads\/2023\/01\/Lana-Australia1.jpg?fit=880%2C440&ssl=1&resize=350%2C200","width":350,"height":200,"srcset":"https:\/\/i0.wp.com\/lahoradelcampo.com.uy\/site\/wp-content\/uploads\/2023\/01\/Lana-Australia1.jpg?fit=880%2C440&ssl=1&resize=350%2C200 1x, https:\/\/i0.wp.com\/lahoradelcampo.com.uy\/site\/wp-content\/uploads\/2023\/01\/Lana-Australia1.jpg?fit=880%2C440&ssl=1&resize=525%2C300 1.5x, https:\/\/i0.wp.com\/lahoradelcampo.com.uy\/site\/wp-content\/uploads\/2023\/01\/Lana-Australia1.jpg?fit=880%2C440&ssl=1&resize=700%2C400 2x"},"classes":[]},{"id":3309,"url":"https:\/\/lahoradelcampo.com.uy\/site\/cereales-cerraron-semana-a-la-baja-y-la-soja-quebro-la-tendencia\/","url_meta":{"origin":40333,"position":4},"title":"Cereales cerraron semana a la baja y la soja quebr\u00f3 la tendencia","author":"La Hora del Campo","date":"28 octubre, 2017","format":false,"excerpt":"Cierres en baja para los cereales, mientras que la soja se sali\u00f3 del grupo general de bajas este viernes. En la comparaci\u00f3n entre este viernes y el anterior, la semana termina con ca\u00eddas \u2013 si bien m\u00ednimas \u2013 para los tres granos. El mercado de hecho se muestra planchado en\u2026","rel":"","context":"En \u00abAgricultura\u00bb","block_context":{"text":"Agricultura","link":"https:\/\/lahoradelcampo.com.uy\/site\/category\/agricultura\/"},"img":{"alt_text":"","src":"https:\/\/i0.wp.com\/lahoradelcampo.com.uy\/site\/wp-content\/uploads\/2017\/10\/Soja-a.jpg?fit=880%2C440&ssl=1&resize=350%2C200","width":350,"height":200,"srcset":"https:\/\/i0.wp.com\/lahoradelcampo.com.uy\/site\/wp-content\/uploads\/2017\/10\/Soja-a.jpg?fit=880%2C440&ssl=1&resize=350%2C200 1x, https:\/\/i0.wp.com\/lahoradelcampo.com.uy\/site\/wp-content\/uploads\/2017\/10\/Soja-a.jpg?fit=880%2C440&ssl=1&resize=525%2C300 1.5x, https:\/\/i0.wp.com\/lahoradelcampo.com.uy\/site\/wp-content\/uploads\/2017\/10\/Soja-a.jpg?fit=880%2C440&ssl=1&resize=700%2C400 2x"},"classes":[]},{"id":43147,"url":"https:\/\/lahoradelcampo.com.uy\/site\/nueva-baja-semanal-en-el-ime-a-una-semana-de-cerrar-la-zafra-lanera\/","url_meta":{"origin":40333,"position":5},"title":"Nueva baja semanal en el IME a una semana de cerrar la zafra lanera","author":"La Hora del Campo","date":"24 junio, 2022","format":false,"excerpt":"La semana que est\u00e1 cerrando se ha comportado diferente a las anteriores, con movimientos dispares de acuerdo a los micronajes ofertados, cambios que van de la mano del volumen y de la calidad de la oferta, a lo cual se suma la variabilidad cambiaria. En las lanas finas, se observaron\u2026","rel":"","context":"En \u00abActualidad\u00bb","block_context":{"text":"Actualidad","link":"https:\/\/lahoradelcampo.com.uy\/site\/category\/actualidad\/"},"img":{"alt_text":"","src":"https:\/\/i0.wp.com\/lahoradelcampo.com.uy\/site\/wp-content\/uploads\/2021\/06\/lanaaustralia1.jpg?fit=880%2C440&ssl=1&resize=350%2C200","width":350,"height":200,"srcset":"https:\/\/i0.wp.com\/lahoradelcampo.com.uy\/site\/wp-content\/uploads\/2021\/06\/lanaaustralia1.jpg?fit=880%2C440&ssl=1&resize=350%2C200 1x, https:\/\/i0.wp.com\/lahoradelcampo.com.uy\/site\/wp-content\/uploads\/2021\/06\/lanaaustralia1.jpg?fit=880%2C440&ssl=1&resize=525%2C300 1.5x, https:\/\/i0.wp.com\/lahoradelcampo.com.uy\/site\/wp-content\/uploads\/2021\/06\/lanaaustralia1.jpg?fit=880%2C440&ssl=1&resize=700%2C400 2x"},"classes":[]}],"jetpack_likes_enabled":true,"_links":{"self":[{"href":"https:\/\/lahoradelcampo.com.uy\/site\/wp-json\/wp\/v2\/posts\/40333","targetHints":{"allow":["GET"]}}],"collection":[{"href":"https:\/\/lahoradelcampo.com.uy\/site\/wp-json\/wp\/v2\/posts"}],"about":[{"href":"https:\/\/lahoradelcampo.com.uy\/site\/wp-json\/wp\/v2\/types\/post"}],"author":[{"embeddable":true,"href":"https:\/\/lahoradelcampo.com.uy\/site\/wp-json\/wp\/v2\/users\/5"}],"replies":[{"embeddable":true,"href":"https:\/\/lahoradelcampo.com.uy\/site\/wp-json\/wp\/v2\/comments?post=40333"}],"version-history":[{"count":1,"href":"https:\/\/lahoradelcampo.com.uy\/site\/wp-json\/wp\/v2\/posts\/40333\/revisions"}],"predecessor-version":[{"id":40337,"href":"https:\/\/lahoradelcampo.com.uy\/site\/wp-json\/wp\/v2\/posts\/40333\/revisions\/40337"}],"wp:featuredmedia":[{"embeddable":true,"href":"https:\/\/lahoradelcampo.com.uy\/site\/wp-json\/wp\/v2\/media\/31208"}],"wp:attachment":[{"href":"https:\/\/lahoradelcampo.com.uy\/site\/wp-json\/wp\/v2\/media?parent=40333"}],"wp:term":[{"taxonomy":"category","embeddable":true,"href":"https:\/\/lahoradelcampo.com.uy\/site\/wp-json\/wp\/v2\/categories?post=40333"},{"taxonomy":"post_tag","embeddable":true,"href":"https:\/\/lahoradelcampo.com.uy\/site\/wp-json\/wp\/v2\/tags?post=40333"}],"curies":[{"name":"wp","href":"https:\/\/api.w.org\/{rel}","templated":true}]}}