{"id":40303,"date":"2022-03-27T19:28:31","date_gmt":"2022-03-27T22:28:31","guid":{"rendered":"http:\/\/lahoradelcampo.com.uy\/site\/?p=40303"},"modified":"2022-03-27T19:28:40","modified_gmt":"2022-03-27T22:28:40","slug":"ante-la-falta-de-un-testigo-directo-fiscal-de-salto-no-da-lugar-a-una-demanda-civil-por-ataque-de-perros","status":"publish","type":"post","link":"https:\/\/lahoradelcampo.com.uy\/site\/ante-la-falta-de-un-testigo-directo-fiscal-de-salto-no-da-lugar-a-una-demanda-civil-por-ataque-de-perros\/","title":{"rendered":"Ante la falta de un \u00abtestigo directo\u00bb, Fiscal de Salto no da lugar a una  demanda  civil por ataque de perros"},"content":{"rendered":"\n<figure class=\"wp-block-image\"><img data-recalc-dims=\"1\" loading=\"lazy\" decoding=\"async\" width=\"810\" height=\"405\" data-attachment-id=\"40305\" data-permalink=\"https:\/\/lahoradelcampo.com.uy\/site\/ante-la-falta-de-un-testigo-directo-fiscal-de-salto-no-da-lugar-a-una-demanda-civil-por-ataque-de-perros\/ovinos-perros\/\" data-orig-file=\"https:\/\/i0.wp.com\/lahoradelcampo.com.uy\/site\/wp-content\/uploads\/2022\/03\/Ovinos-perros.jpg?fit=880%2C440&amp;ssl=1\" data-orig-size=\"880,440\" data-comments-opened=\"1\" data-image-meta=\"{&quot;aperture&quot;:&quot;0&quot;,&quot;credit&quot;:&quot;&quot;,&quot;camera&quot;:&quot;&quot;,&quot;caption&quot;:&quot;&quot;,&quot;created_timestamp&quot;:&quot;0&quot;,&quot;copyright&quot;:&quot;&quot;,&quot;focal_length&quot;:&quot;0&quot;,&quot;iso&quot;:&quot;0&quot;,&quot;shutter_speed&quot;:&quot;0&quot;,&quot;title&quot;:&quot;&quot;,&quot;orientation&quot;:&quot;1&quot;}\" data-image-title=\"Ovinos-perros\" data-image-description=\"\" data-image-caption=\"\" data-large-file=\"https:\/\/i0.wp.com\/lahoradelcampo.com.uy\/site\/wp-content\/uploads\/2022\/03\/Ovinos-perros.jpg?fit=810%2C405&amp;ssl=1\" src=\"https:\/\/i0.wp.com\/lahoradelcampo.com.uy\/site\/wp-content\/uploads\/2022\/03\/Ovinos-perros.jpg?resize=810%2C405\" alt=\"\" class=\"wp-image-40305\" srcset=\"https:\/\/i0.wp.com\/lahoradelcampo.com.uy\/site\/wp-content\/uploads\/2022\/03\/Ovinos-perros.jpg?w=880&amp;ssl=1 880w, https:\/\/i0.wp.com\/lahoradelcampo.com.uy\/site\/wp-content\/uploads\/2022\/03\/Ovinos-perros.jpg?resize=300%2C150&amp;ssl=1 300w, https:\/\/i0.wp.com\/lahoradelcampo.com.uy\/site\/wp-content\/uploads\/2022\/03\/Ovinos-perros.jpg?resize=768%2C384&amp;ssl=1 768w, https:\/\/i0.wp.com\/lahoradelcampo.com.uy\/site\/wp-content\/uploads\/2022\/03\/Ovinos-perros.jpg?resize=820%2C410&amp;ssl=1 820w\" sizes=\"auto, (max-width: 810px) 100vw, 810px\" \/><\/figure>\n\n\n\n<p>El pasado jueves, tres perros atacaron ovejas de varios predios, dejando varias muertas y otras tantas heridas. Hecho que informamos el pasado viernes aqu\u00ed en La Hora del Campo gracias a la informaci\u00f3n brindada por un productor de la zona. <br><\/p>\n\n\n\n<p>\u00abMataron tres del vecino, me mordieron cuatro a mi y siguieron la vuelta en otros vecinos\u00bb coment\u00f3 el productor, adem\u00e1s indic\u00f3 que se siguieron los perros hasta sus residencias en un pueblo cercano. \u00abHable con la due\u00f1a de uno de los perros que nos grab\u00f3 con el celular, despu\u00e9s la otra vecina dijo que nos llev\u00e1ramos y mat\u00e1ramos a los perros que no quer\u00eda tener problema y no ten\u00eda como pagar las ovejas\u00bb relat\u00f3 el productor. <br><\/p>\n\n\n\n<p>Coment\u00f3 adem\u00e1s que se document\u00f3, por parte del agente policial que concurri\u00f3 al lugar, \u00abcon fotos a los perros llenos de sangre\u00bb. El funcionario del Ministerio del Interior concurri\u00f3 a la casa de los propietarios con los productores afectados. <br><\/p>\n\n\n\n<p>El productor inform\u00f3 a La Hora del Campo el jueves pasado que se hab\u00edan registrado las denuncias correspondientes y se presentar\u00eda una demanda a nivel de la justicia y que esperaban el accionar de la misma, sin embargo el viernes por la tarde los productores se vieron sorprendidos ante la resoluci\u00f3n de la fiscal actuante.<br><\/p>\n\n\n\n<p>Uno de los productores afectados, nos envi\u00f3 el siguiente mensaje el pasado viernes:<br><\/p>\n\n\n\n<p><strong><em>Dra. Andrea Gonz\u00e1lez del Juzgado de Paz de S\u00e9ptimo Turno dispuso:<\/em><\/strong><em> \u00abreclamos de da\u00f1os por v\u00eda civil, enterar a Fiscal\u00eda\u00bb. <br><\/em><strong><em>Dra. Beatr\u00edz Protesoni, Fiscal de 4to Turno de Salto dispuso:<\/em><\/strong><em> \u00abnotificar de tenencia responsable de animales a los adultos responsables del adolescente en caso de ser el propietario del animal. al no tener testigo directo de los hechos se da por enterada\u00bb.<\/em><br><\/p>\n\n\n\n<p>Posteriormente el productor dijo a La Hora del Campo que otro productor en la zona al recorrer su predio encontr\u00f3 otros 20 ovinos entre muertos y mordidos, debido al ataque de los perros, el cual tambi\u00e9n realiz\u00f3 la denuncia correspondiente. <br><\/p>\n\n\n\n<p>Respecto al mensaje sobre la resoluci\u00f3n de la justicia, el productor dijo \u00abcomo se va decir que no hay testigos cuando hay no menos de 10 testigos que vieron a los perros, pero lamentablemente eso es lo que la justicia decidi\u00f3\u00bb. <\/p>\n\n\n\n<p>Salto, 27 de marzo de 2022<\/p>\n","protected":false},"excerpt":{"rendered":"<p>El pasado jueves, tres perros atacaron ovejas de varios predios, dejando varias muertas y otras tantas heridas. Hecho que informamos el pasado viernes aqu\u00ed en La Hora del Campo gracias [&hellip;]<\/p>\n","protected":false},"author":5,"featured_media":40305,"comment_status":"open","ping_status":"open","sticky":false,"template":"","format":"standard","meta":{"_price":"","_stock":"","_tribe_ticket_header":"","_tribe_default_ticket_provider":"","_tribe_ticket_capacity":"0","_ticket_start_date":"","_ticket_end_date":"","_tribe_ticket_show_description":"","_tribe_ticket_show_not_going":false,"_tribe_ticket_use_global_stock":"","_tribe_ticket_global_stock_level":"","_global_stock_mode":"","_global_stock_cap":"","_tribe_rsvp_for_event":"","_tribe_ticket_going_count":"","_tribe_ticket_not_going_count":"","_tribe_tickets_list":"[]","_tribe_ticket_has_attendee_info_fields":false,"h5ap_radio_sources":[],"_jetpack_newsletter_access":"","_jetpack_dont_email_post_to_subs":false,"_jetpack_newsletter_tier_id":0,"_jetpack_memberships_contains_paywalled_content":false,"_jetpack_memberships_contains_paid_content":false,"footnotes":""},"categories":[21,13],"tags":[],"class_list":["post-40303","post","type-post","status-publish","format-standard","has-post-thumbnail","hentry","category-actualidad","category-ovinos"],"jetpack_featured_media_url":"https:\/\/i0.wp.com\/lahoradelcampo.com.uy\/site\/wp-content\/uploads\/2022\/03\/Ovinos-perros.jpg?fit=880%2C440&ssl=1","jetpack_sharing_enabled":true,"jetpack_shortlink":"https:\/\/wp.me\/p99IaT-au3","jetpack-related-posts":[{"id":47817,"url":"https:\/\/lahoradelcampo.com.uy\/site\/scremini-el-ministro-dijo-que-no-iban-a-hacer-nada-con-los-perros\/","url_meta":{"origin":40303,"position":0},"title":"Scremini: el ministro dijo \u00abque no iban a hacer nada con los perros\u00bb","author":"La Hora del Campo","date":"3 enero, 2023","format":false,"excerpt":"Un grupo de productores ovejeros cansados de los ataques de perros se trasladaron a la capital del pa\u00eds y expusieron ovejas atacadas por perros sueltos, parte de ellas muertas y otras exhibiendo mordeduras de los canes. El tema repercuti\u00f3 en la toda la sociedad al inicio del a\u00f1o pasado, y\u2026","rel":"","context":"En \u00abActualidad\u00bb","block_context":{"text":"Actualidad","link":"https:\/\/lahoradelcampo.com.uy\/site\/category\/actualidad\/"},"img":{"alt_text":"","src":"https:\/\/i0.wp.com\/lahoradelcampo.com.uy\/site\/wp-content\/uploads\/2023\/01\/Ovejas-perros2.jpg?fit=880%2C440&ssl=1&resize=350%2C200","width":350,"height":200,"srcset":"https:\/\/i0.wp.com\/lahoradelcampo.com.uy\/site\/wp-content\/uploads\/2023\/01\/Ovejas-perros2.jpg?fit=880%2C440&ssl=1&resize=350%2C200 1x, https:\/\/i0.wp.com\/lahoradelcampo.com.uy\/site\/wp-content\/uploads\/2023\/01\/Ovejas-perros2.jpg?fit=880%2C440&ssl=1&resize=525%2C300 1.5x, https:\/\/i0.wp.com\/lahoradelcampo.com.uy\/site\/wp-content\/uploads\/2023\/01\/Ovejas-perros2.jpg?fit=880%2C440&ssl=1&resize=700%2C400 2x"},"classes":[]},{"id":40231,"url":"https:\/\/lahoradelcampo.com.uy\/site\/productores-y-trabajadores-son-afectados-psicologicamente-por-los-ataques-de-perros-a-ovinos\/","url_meta":{"origin":40303,"position":1},"title":"Productores y trabajadores son afectados psicol\u00f3gicamente por los ataques de perros a ovinos","author":"La Hora del Campo","date":"25 marzo, 2022","format":false,"excerpt":"Ayer jueves por la ma\u00f1ana varios productores de la zona de Colonia Lavalleja, se encontraron con ovinos muertos y mordidos, atacados por tres perros sueltos. \"Mataron tres del vecino, me mordieron cuatro a mi y siguieron la vuelta en otros vecinos\" se\u00f1al\u00f3 un productor de la zona en di\u00e1logo con\u2026","rel":"","context":"En \u00abActualidad\u00bb","block_context":{"text":"Actualidad","link":"https:\/\/lahoradelcampo.com.uy\/site\/category\/actualidad\/"},"img":{"alt_text":"","src":"https:\/\/i0.wp.com\/lahoradelcampo.com.uy\/site\/wp-content\/uploads\/2022\/03\/Ovino-perros.jpg?fit=880%2C440&ssl=1&resize=350%2C200","width":350,"height":200,"srcset":"https:\/\/i0.wp.com\/lahoradelcampo.com.uy\/site\/wp-content\/uploads\/2022\/03\/Ovino-perros.jpg?fit=880%2C440&ssl=1&resize=350%2C200 1x, https:\/\/i0.wp.com\/lahoradelcampo.com.uy\/site\/wp-content\/uploads\/2022\/03\/Ovino-perros.jpg?fit=880%2C440&ssl=1&resize=525%2C300 1.5x, https:\/\/i0.wp.com\/lahoradelcampo.com.uy\/site\/wp-content\/uploads\/2022\/03\/Ovino-perros.jpg?fit=880%2C440&ssl=1&resize=700%2C400 2x"},"classes":[]},{"id":23052,"url":"https:\/\/lahoradelcampo.com.uy\/site\/jaurias-de-perros-dejan-ovejas-y-corderos-muertos-en-los-campos\/","url_meta":{"origin":40303,"position":2},"title":"Jaur\u00edas de perros dejan ovejas y corderos muertos en los campos","author":"La Hora del Campo","date":"31 agosto, 2020","format":false,"excerpt":"La problem\u00e1tica de los perros sueltos y los da\u00f1os que causan a la producci\u00f3n, principalmente la ovina, est\u00e1 llevando a que productores tomen la decisi\u00f3n de abandonar el rubro, principalmente los productores peque\u00f1os. Este s\u00e1bado un peque\u00f1o productor de la zona de Colonia Lavalleja en Salto, se encontr\u00f3 con una\u2026","rel":"","context":"En \u00abActualidad\u00bb","block_context":{"text":"Actualidad","link":"https:\/\/lahoradelcampo.com.uy\/site\/category\/actualidad\/"},"img":{"alt_text":"","src":"https:\/\/i0.wp.com\/lahoradelcampo.com.uy\/site\/wp-content\/uploads\/2020\/08\/perrosjaurias2.jpg?fit=880%2C440&ssl=1&resize=350%2C200","width":350,"height":200,"srcset":"https:\/\/i0.wp.com\/lahoradelcampo.com.uy\/site\/wp-content\/uploads\/2020\/08\/perrosjaurias2.jpg?fit=880%2C440&ssl=1&resize=350%2C200 1x, https:\/\/i0.wp.com\/lahoradelcampo.com.uy\/site\/wp-content\/uploads\/2020\/08\/perrosjaurias2.jpg?fit=880%2C440&ssl=1&resize=525%2C300 1.5x, https:\/\/i0.wp.com\/lahoradelcampo.com.uy\/site\/wp-content\/uploads\/2020\/08\/perrosjaurias2.jpg?fit=880%2C440&ssl=1&resize=700%2C400 2x"},"classes":[]},{"id":13350,"url":"https:\/\/lahoradelcampo.com.uy\/site\/hay-690-ovinos-muertos-por-los-perros-en-salto\/","url_meta":{"origin":40303,"position":3},"title":"Hay 690 ovinos muertos por los perros en Salto","author":"La Hora del Campo","date":"8 agosto, 2019","format":false,"excerpt":"Ayer se reuni\u00f3 la Comisi\u00f3n de Seguridad Rural de Salto donde los temas principales han sido el abigeato, las jaur\u00edas de perros y la seguridad a nivel de los pueblos en el interior del departamento. Alberto Seco, qui\u00e9n particip\u00f3 de dicha reuni\u00f3n dijo que \"en la reuni\u00f3n se comentaron algunos\u2026","rel":"","context":"En \u00abActualidad\u00bb","block_context":{"text":"Actualidad","link":"https:\/\/lahoradelcampo.com.uy\/site\/category\/actualidad\/"},"img":{"alt_text":"","src":"https:\/\/i0.wp.com\/lahoradelcampo.com.uy\/site\/wp-content\/uploads\/2019\/08\/jaurias.jpg?fit=880%2C440&ssl=1&resize=350%2C200","width":350,"height":200,"srcset":"https:\/\/i0.wp.com\/lahoradelcampo.com.uy\/site\/wp-content\/uploads\/2019\/08\/jaurias.jpg?fit=880%2C440&ssl=1&resize=350%2C200 1x, https:\/\/i0.wp.com\/lahoradelcampo.com.uy\/site\/wp-content\/uploads\/2019\/08\/jaurias.jpg?fit=880%2C440&ssl=1&resize=525%2C300 1.5x, https:\/\/i0.wp.com\/lahoradelcampo.com.uy\/site\/wp-content\/uploads\/2019\/08\/jaurias.jpg?fit=880%2C440&ssl=1&resize=700%2C400 2x"},"classes":[]},{"id":22180,"url":"https:\/\/lahoradelcampo.com.uy\/site\/jauria-de-perros-mato-57-ovejas-en-salto-y-dejo-otras-tantas-en-el-cti\/","url_meta":{"origin":40303,"position":4},"title":"Jaur\u00eda de perros mat\u00f3 57 ovejas en Salto y dej\u00f3 otras tantas en el \u00abCTI\u00bb","author":"La Hora del Campo","date":"27 julio, 2020","format":false,"excerpt":"El pasado fin de semana, una jaur\u00eda de perros determin\u00f3 la muerte de 57 ovejas y dej\u00f3 un n\u00famero importante de las mismas en cuidados para tratar de recuperarlas, pero sin esperar muchas esperanzas. El productor Alberto Henderson dialog\u00f3 con La Hora del Campo sobre esta situaci\u00f3n y su preocupaci\u00f3n\u2026","rel":"","context":"En \u00abActualidad\u00bb","block_context":{"text":"Actualidad","link":"https:\/\/lahoradelcampo.com.uy\/site\/category\/actualidad\/"},"img":{"alt_text":"","src":"https:\/\/i0.wp.com\/lahoradelcampo.com.uy\/site\/wp-content\/uploads\/2020\/07\/perros.jpg?fit=880%2C440&ssl=1&resize=350%2C200","width":350,"height":200,"srcset":"https:\/\/i0.wp.com\/lahoradelcampo.com.uy\/site\/wp-content\/uploads\/2020\/07\/perros.jpg?fit=880%2C440&ssl=1&resize=350%2C200 1x, https:\/\/i0.wp.com\/lahoradelcampo.com.uy\/site\/wp-content\/uploads\/2020\/07\/perros.jpg?fit=880%2C440&ssl=1&resize=525%2C300 1.5x, https:\/\/i0.wp.com\/lahoradelcampo.com.uy\/site\/wp-content\/uploads\/2020\/07\/perros.jpg?fit=880%2C440&ssl=1&resize=700%2C400 2x"},"classes":[]},{"id":52274,"url":"https:\/\/lahoradelcampo.com.uy\/site\/ministerio-del-interior-e-intendencias-tienen-que-generar-los-medios-para-la-captura-de-perros\/","url_meta":{"origin":40303,"position":5},"title":"Ministerio del Interior e Intendencias tienen que generar los medios para la captura de perros","author":"La Hora del Campo","date":"22 agosto, 2023","format":false,"excerpt":"El tema de las jaur\u00edas de perros, es un tema que desmotiva al productor en la cr\u00eda de la especie ovina. En la actualidad, lamentablemente, es com\u00fan escuchar a los productores decir que han terminado con las ovejas en los establecimientos cercanos a los pueblos, lo que en un principio\u2026","rel":"","context":"En \u00abActualidad\u00bb","block_context":{"text":"Actualidad","link":"https:\/\/lahoradelcampo.com.uy\/site\/category\/actualidad\/"},"img":{"alt_text":"","src":"https:\/\/i0.wp.com\/lahoradelcampo.com.uy\/site\/wp-content\/uploads\/2023\/08\/PatricioCortabarria.jpg?fit=880%2C440&ssl=1&resize=350%2C200","width":350,"height":200,"srcset":"https:\/\/i0.wp.com\/lahoradelcampo.com.uy\/site\/wp-content\/uploads\/2023\/08\/PatricioCortabarria.jpg?fit=880%2C440&ssl=1&resize=350%2C200 1x, https:\/\/i0.wp.com\/lahoradelcampo.com.uy\/site\/wp-content\/uploads\/2023\/08\/PatricioCortabarria.jpg?fit=880%2C440&ssl=1&resize=525%2C300 1.5x, https:\/\/i0.wp.com\/lahoradelcampo.com.uy\/site\/wp-content\/uploads\/2023\/08\/PatricioCortabarria.jpg?fit=880%2C440&ssl=1&resize=700%2C400 2x"},"classes":[]}],"jetpack_likes_enabled":true,"_links":{"self":[{"href":"https:\/\/lahoradelcampo.com.uy\/site\/wp-json\/wp\/v2\/posts\/40303","targetHints":{"allow":["GET"]}}],"collection":[{"href":"https:\/\/lahoradelcampo.com.uy\/site\/wp-json\/wp\/v2\/posts"}],"about":[{"href":"https:\/\/lahoradelcampo.com.uy\/site\/wp-json\/wp\/v2\/types\/post"}],"author":[{"embeddable":true,"href":"https:\/\/lahoradelcampo.com.uy\/site\/wp-json\/wp\/v2\/users\/5"}],"replies":[{"embeddable":true,"href":"https:\/\/lahoradelcampo.com.uy\/site\/wp-json\/wp\/v2\/comments?post=40303"}],"version-history":[{"count":1,"href":"https:\/\/lahoradelcampo.com.uy\/site\/wp-json\/wp\/v2\/posts\/40303\/revisions"}],"predecessor-version":[{"id":40307,"href":"https:\/\/lahoradelcampo.com.uy\/site\/wp-json\/wp\/v2\/posts\/40303\/revisions\/40307"}],"wp:featuredmedia":[{"embeddable":true,"href":"https:\/\/lahoradelcampo.com.uy\/site\/wp-json\/wp\/v2\/media\/40305"}],"wp:attachment":[{"href":"https:\/\/lahoradelcampo.com.uy\/site\/wp-json\/wp\/v2\/media?parent=40303"}],"wp:term":[{"taxonomy":"category","embeddable":true,"href":"https:\/\/lahoradelcampo.com.uy\/site\/wp-json\/wp\/v2\/categories?post=40303"},{"taxonomy":"post_tag","embeddable":true,"href":"https:\/\/lahoradelcampo.com.uy\/site\/wp-json\/wp\/v2\/tags?post=40303"}],"curies":[{"name":"wp","href":"https:\/\/api.w.org\/{rel}","templated":true}]}}