{"id":40231,"date":"2022-03-25T06:30:26","date_gmt":"2022-03-25T09:30:26","guid":{"rendered":"http:\/\/lahoradelcampo.com.uy\/site\/?p=40231"},"modified":"2022-03-24T23:05:37","modified_gmt":"2022-03-25T02:05:37","slug":"productores-y-trabajadores-son-afectados-psicologicamente-por-los-ataques-de-perros-a-ovinos","status":"publish","type":"post","link":"https:\/\/lahoradelcampo.com.uy\/site\/productores-y-trabajadores-son-afectados-psicologicamente-por-los-ataques-de-perros-a-ovinos\/","title":{"rendered":"Productores y trabajadores son afectados psicol\u00f3gicamente por los ataques de perros a ovinos"},"content":{"rendered":"\n<figure class=\"wp-block-image\"><img data-recalc-dims=\"1\" loading=\"lazy\" decoding=\"async\" width=\"810\" height=\"405\" data-attachment-id=\"40233\" data-permalink=\"https:\/\/lahoradelcampo.com.uy\/site\/productores-y-trabajadores-son-afectados-psicologicamente-por-los-ataques-de-perros-a-ovinos\/ovino-perros\/\" data-orig-file=\"https:\/\/i0.wp.com\/lahoradelcampo.com.uy\/site\/wp-content\/uploads\/2022\/03\/Ovino-perros.jpg?fit=880%2C440&amp;ssl=1\" data-orig-size=\"880,440\" data-comments-opened=\"1\" data-image-meta=\"{&quot;aperture&quot;:&quot;0&quot;,&quot;credit&quot;:&quot;&quot;,&quot;camera&quot;:&quot;&quot;,&quot;caption&quot;:&quot;&quot;,&quot;created_timestamp&quot;:&quot;0&quot;,&quot;copyright&quot;:&quot;&quot;,&quot;focal_length&quot;:&quot;0&quot;,&quot;iso&quot;:&quot;0&quot;,&quot;shutter_speed&quot;:&quot;0&quot;,&quot;title&quot;:&quot;&quot;,&quot;orientation&quot;:&quot;1&quot;}\" data-image-title=\"Ovino-perros\" data-image-description=\"\" data-image-caption=\"\" data-large-file=\"https:\/\/i0.wp.com\/lahoradelcampo.com.uy\/site\/wp-content\/uploads\/2022\/03\/Ovino-perros.jpg?fit=810%2C405&amp;ssl=1\" src=\"https:\/\/i0.wp.com\/lahoradelcampo.com.uy\/site\/wp-content\/uploads\/2022\/03\/Ovino-perros.jpg?resize=810%2C405\" alt=\"\" class=\"wp-image-40233\" srcset=\"https:\/\/i0.wp.com\/lahoradelcampo.com.uy\/site\/wp-content\/uploads\/2022\/03\/Ovino-perros.jpg?w=880&amp;ssl=1 880w, https:\/\/i0.wp.com\/lahoradelcampo.com.uy\/site\/wp-content\/uploads\/2022\/03\/Ovino-perros.jpg?resize=300%2C150&amp;ssl=1 300w, https:\/\/i0.wp.com\/lahoradelcampo.com.uy\/site\/wp-content\/uploads\/2022\/03\/Ovino-perros.jpg?resize=768%2C384&amp;ssl=1 768w, https:\/\/i0.wp.com\/lahoradelcampo.com.uy\/site\/wp-content\/uploads\/2022\/03\/Ovino-perros.jpg?resize=820%2C410&amp;ssl=1 820w\" sizes=\"auto, (max-width: 810px) 100vw, 810px\" \/><\/figure>\n\n\n\n<p>Ayer jueves por la ma\u00f1ana varios productores de la zona de Colonia Lavalleja, se encontraron con ovinos muertos y mordidos, atacados por tres perros sueltos. \u00abMataron tres del vecino, me mordieron cuatro a mi y siguieron la vuelta en otros vecinos\u00bb se\u00f1al\u00f3 un productor de la zona en di\u00e1logo con La Hora del Campo. <br><\/p>\n\n\n\n<p>En un trabajo coordinado con otros productores de la zona se ubicaron los perros y se los sigui\u00f3 hasta un pueblo cercano. \u00abHable con la due\u00f1a de uno de los perros que nos grab\u00f3 con el celular, despu\u00e9s la otra vecina dijo que nos llev\u00e1ramos y mat\u00e1ramos los perros que no quer\u00eda tener problema y no ten\u00eda como pagar las ovejas\u00bb relat\u00f3 el productor. <br><\/p>\n\n\n\n<p>Coment\u00f3 adem\u00e1s que se document\u00f3 \u00abcon fotos a los perros llenos de sangre\u00bb con el Agente Policial que recibi\u00f3 la denuncia y concurri\u00f3 a la casa de los propietarios con los productores afectados. El productor dijo que las denuncias est\u00e1n hechas, ahora quedar\u00e1 en manos de la Justicia.<br><\/p>\n\n\n\n<p>En este sentido se conoci\u00f3 un trabajo realizado por un grupo interdisciplinario de docentes de la Facultad de Veterinaria de la Universidad de la Rep\u00fablica, integrado por profesionales de Psicolog\u00eda, Sociolog\u00eda, Biolog\u00eda y Veterinaria. Los profesionales realizaron una encuesta que estuvo abierta durante los meses de noviembre y diciembre del 2021, con el objetivo de aportar informaci\u00f3n respecto al impacto que generan los ataques recibidos por los animales productivos desde otras especies, como lo es el caso de los ataques de perros a ovinos, principalmente. <br><\/p>\n\n\n\n<p>La encuesta fue realizada a 442 personas desde todos los departamentos del pa\u00eds, donde el 75% de los encuestados contest\u00f3 que el rubro que genera mayor ingreso es la ganader\u00eda de carne, seguidas por el rubro lechero y ovinos (aproximadamente 10% cada uno). Del total de personas que contestaron la encuesta, aproximadamente un 50% de ellos recibieron ataques de predadores hacia los animales de su establecimiento y en todos los departamentos del pa\u00eds. De los que recibieron ataques, m\u00e1s del 80% de los encuestados identific\u00f3 el agresor, ocupando el perro aproximadamente el 55%, seguidos por otros predadores como el zorro (25%) y el jabal\u00ed (12%), entre otros.<br><\/p>\n\n\n\n<p>En 30% de los encuestados identificaron al perro de un vecino, un 29% como perro desconocido, un 27% no lo identificaron, otro 8% indic\u00f3 que el perro es conocido del lugar pero sin due\u00f1o y un 6% identific\u00f3 a sus propios perros. El n\u00famero promedio de animales afectados por los ataques fue de 13, siendo 10 el promedio de animales muertos. El promedio de p\u00e9rdidas por ataque recibido en los establecimientos fue de 1.733 d\u00f3lares. Por otro lado, cuando se les consult\u00f3 si realizaron la denuncia, las respuestas fueron: 51% no ha realizado la denuncia, 24 % si de todos, y 25% si de algunos.<br><\/p>\n\n\n\n<p>Estos resultados son muy importantes, dado que el malestar psicol\u00f3gico demuestra un deterioro en la salud mental de las personas asociado con los ataques recibidos en el 2021 por sus animales productivos. <br><\/p>\n\n\n\n<p>Adem\u00e1s la informaci\u00f3n brindada puede contribuir con el conocimiento del posible desestimulo y abandono del rubro por parte de los productores en estas situaciones. <br><\/p>\n\n\n\n<p>Por lo tanto, el recibir ataques de predadores y el tener mayores p\u00e9rdidas econ\u00f3micas en sus establecimientos por esas causas, son elementos centrales que afectaron el nivel de malestar psicol\u00f3gico tambi\u00e9n de los trabajadores rurales.<\/p>\n\n\n\n<p>Salto, 25 de marzo de 2022<\/p>\n","protected":false},"excerpt":{"rendered":"<p>Ayer jueves por la ma\u00f1ana varios productores de la zona de Colonia Lavalleja, se encontraron con ovinos muertos y mordidos, atacados por tres perros sueltos. \u00abMataron tres del vecino, me [&hellip;]<\/p>\n","protected":false},"author":5,"featured_media":40233,"comment_status":"open","ping_status":"open","sticky":false,"template":"","format":"standard","meta":{"_price":"","_stock":"","_tribe_ticket_header":"","_tribe_default_ticket_provider":"","_tribe_ticket_capacity":"0","_ticket_start_date":"","_ticket_end_date":"","_tribe_ticket_show_description":"","_tribe_ticket_show_not_going":false,"_tribe_ticket_use_global_stock":"","_tribe_ticket_global_stock_level":"","_global_stock_mode":"","_global_stock_cap":"","_tribe_rsvp_for_event":"","_tribe_ticket_going_count":"","_tribe_ticket_not_going_count":"","_tribe_tickets_list":"[]","_tribe_ticket_has_attendee_info_fields":false,"h5ap_radio_sources":[],"_jetpack_newsletter_access":"","_jetpack_dont_email_post_to_subs":false,"_jetpack_newsletter_tier_id":0,"_jetpack_memberships_contains_paywalled_content":false,"_jetpack_memberships_contains_paid_content":false,"footnotes":""},"categories":[21,13],"tags":[],"class_list":["post-40231","post","type-post","status-publish","format-standard","has-post-thumbnail","hentry","category-actualidad","category-ovinos"],"jetpack_featured_media_url":"https:\/\/i0.wp.com\/lahoradelcampo.com.uy\/site\/wp-content\/uploads\/2022\/03\/Ovino-perros.jpg?fit=880%2C440&ssl=1","jetpack_sharing_enabled":true,"jetpack_shortlink":"https:\/\/wp.me\/p99IaT-asT","jetpack-related-posts":[{"id":40303,"url":"https:\/\/lahoradelcampo.com.uy\/site\/ante-la-falta-de-un-testigo-directo-fiscal-de-salto-no-da-lugar-a-una-demanda-civil-por-ataque-de-perros\/","url_meta":{"origin":40231,"position":0},"title":"Ante la falta de un \u00abtestigo directo\u00bb, Fiscal de Salto no da lugar a una  demanda  civil por ataque de perros","author":"La Hora del Campo","date":"27 marzo, 2022","format":false,"excerpt":"El pasado jueves, tres perros atacaron ovejas de varios predios, dejando varias muertas y otras tantas heridas. Hecho que informamos el pasado viernes aqu\u00ed en La Hora del Campo gracias a la informaci\u00f3n brindada por un productor de la zona. \"Mataron tres del vecino, me mordieron cuatro a mi y\u2026","rel":"","context":"En \u00abActualidad\u00bb","block_context":{"text":"Actualidad","link":"https:\/\/lahoradelcampo.com.uy\/site\/category\/actualidad\/"},"img":{"alt_text":"","src":"https:\/\/i0.wp.com\/lahoradelcampo.com.uy\/site\/wp-content\/uploads\/2022\/03\/Ovinos-perros.jpg?fit=880%2C440&ssl=1&resize=350%2C200","width":350,"height":200,"srcset":"https:\/\/i0.wp.com\/lahoradelcampo.com.uy\/site\/wp-content\/uploads\/2022\/03\/Ovinos-perros.jpg?fit=880%2C440&ssl=1&resize=350%2C200 1x, https:\/\/i0.wp.com\/lahoradelcampo.com.uy\/site\/wp-content\/uploads\/2022\/03\/Ovinos-perros.jpg?fit=880%2C440&ssl=1&resize=525%2C300 1.5x, https:\/\/i0.wp.com\/lahoradelcampo.com.uy\/site\/wp-content\/uploads\/2022\/03\/Ovinos-perros.jpg?fit=880%2C440&ssl=1&resize=700%2C400 2x"},"classes":[]},{"id":30140,"url":"https:\/\/lahoradelcampo.com.uy\/site\/un-solo-perro-lleva-442-ovinos-entre-mordidos-y-muertos\/","url_meta":{"origin":40231,"position":1},"title":"Un solo perro lleva 442 ovinos entre mordidos y muertos","author":"La Hora del Campo","date":"15 mayo, 2021","format":false,"excerpt":"Hace pr\u00e1cticamente dos meses que un perro suelto en la zona de Javier de Viana a Topador, en el departamento de Artigas, tiene en jaque a los productores ovejeros y con m\u00e1s de 80 personas en su b\u00fasqueda, sin lograr dar con su paradero. En tanto que en este tiempo,\u2026","rel":"","context":"En \u00abActualidad\u00bb","block_context":{"text":"Actualidad","link":"https:\/\/lahoradelcampo.com.uy\/site\/category\/actualidad\/"},"img":{"alt_text":"","src":"https:\/\/i0.wp.com\/lahoradelcampo.com.uy\/site\/wp-content\/uploads\/2021\/05\/ovejasmuertas.jpg?fit=880%2C440&ssl=1&resize=350%2C200","width":350,"height":200,"srcset":"https:\/\/i0.wp.com\/lahoradelcampo.com.uy\/site\/wp-content\/uploads\/2021\/05\/ovejasmuertas.jpg?fit=880%2C440&ssl=1&resize=350%2C200 1x, https:\/\/i0.wp.com\/lahoradelcampo.com.uy\/site\/wp-content\/uploads\/2021\/05\/ovejasmuertas.jpg?fit=880%2C440&ssl=1&resize=525%2C300 1.5x, https:\/\/i0.wp.com\/lahoradelcampo.com.uy\/site\/wp-content\/uploads\/2021\/05\/ovejasmuertas.jpg?fit=880%2C440&ssl=1&resize=700%2C400 2x"},"classes":[]},{"id":23052,"url":"https:\/\/lahoradelcampo.com.uy\/site\/jaurias-de-perros-dejan-ovejas-y-corderos-muertos-en-los-campos\/","url_meta":{"origin":40231,"position":2},"title":"Jaur\u00edas de perros dejan ovejas y corderos muertos en los campos","author":"La Hora del Campo","date":"31 agosto, 2020","format":false,"excerpt":"La problem\u00e1tica de los perros sueltos y los da\u00f1os que causan a la producci\u00f3n, principalmente la ovina, est\u00e1 llevando a que productores tomen la decisi\u00f3n de abandonar el rubro, principalmente los productores peque\u00f1os. Este s\u00e1bado un peque\u00f1o productor de la zona de Colonia Lavalleja en Salto, se encontr\u00f3 con una\u2026","rel":"","context":"En \u00abActualidad\u00bb","block_context":{"text":"Actualidad","link":"https:\/\/lahoradelcampo.com.uy\/site\/category\/actualidad\/"},"img":{"alt_text":"","src":"https:\/\/i0.wp.com\/lahoradelcampo.com.uy\/site\/wp-content\/uploads\/2020\/08\/perrosjaurias2.jpg?fit=880%2C440&ssl=1&resize=350%2C200","width":350,"height":200,"srcset":"https:\/\/i0.wp.com\/lahoradelcampo.com.uy\/site\/wp-content\/uploads\/2020\/08\/perrosjaurias2.jpg?fit=880%2C440&ssl=1&resize=350%2C200 1x, https:\/\/i0.wp.com\/lahoradelcampo.com.uy\/site\/wp-content\/uploads\/2020\/08\/perrosjaurias2.jpg?fit=880%2C440&ssl=1&resize=525%2C300 1.5x, https:\/\/i0.wp.com\/lahoradelcampo.com.uy\/site\/wp-content\/uploads\/2020\/08\/perrosjaurias2.jpg?fit=880%2C440&ssl=1&resize=700%2C400 2x"},"classes":[]},{"id":21752,"url":"https:\/\/lahoradelcampo.com.uy\/site\/en-salto-o-en-colonia-las-jaurias-de-perros-siguen-golpeando-la-produccion-ovina\/","url_meta":{"origin":40231,"position":3},"title":"En Salto o en Colonia, las jaur\u00edas de perros siguen golpeando la producci\u00f3n ovina","author":"La Hora del Campo","date":"13 julio, 2020","format":false,"excerpt":"Las jaur\u00edas de perros son un problema que se extienden a todo el territorio nacional, ya sea como en este caso donde nos llegan noticias de Zanja Honda en Salto o en Santa Catalina en Colonia, como en otros casos que se visualizan en Artigas, Cerro Largo o en otros\u2026","rel":"","context":"En \u00abActualidad\u00bb","block_context":{"text":"Actualidad","link":"https:\/\/lahoradelcampo.com.uy\/site\/category\/actualidad\/"},"img":{"alt_text":"","src":"https:\/\/i0.wp.com\/lahoradelcampo.com.uy\/site\/wp-content\/uploads\/2020\/07\/jauriasweb.jpg?fit=880%2C440&ssl=1&resize=350%2C200","width":350,"height":200,"srcset":"https:\/\/i0.wp.com\/lahoradelcampo.com.uy\/site\/wp-content\/uploads\/2020\/07\/jauriasweb.jpg?fit=880%2C440&ssl=1&resize=350%2C200 1x, https:\/\/i0.wp.com\/lahoradelcampo.com.uy\/site\/wp-content\/uploads\/2020\/07\/jauriasweb.jpg?fit=880%2C440&ssl=1&resize=525%2C300 1.5x, https:\/\/i0.wp.com\/lahoradelcampo.com.uy\/site\/wp-content\/uploads\/2020\/07\/jauriasweb.jpg?fit=880%2C440&ssl=1&resize=700%2C400 2x"},"classes":[]},{"id":1381,"url":"https:\/\/lahoradelcampo.com.uy\/site\/perros-de-un-establecimiento-lindero-mataron-ovinos-en-artigas\/","url_meta":{"origin":40231,"position":4},"title":"Perros de un establecimiento lindero mataron ovinos en Artigas","author":"La Hora del Campo","date":"18 septiembre, 2017","format":false,"excerpt":"La problem\u00e1tica de los perros sueltos en la campa\u00f1a, y los da\u00f1os que los mismos causan, es una constante en el reclamo de los productores ovejeros y para algunos hasta un motivo para tomar la decisi\u00f3n de abandonar el rubro. En la mayor\u00eda de las veces el an\u00e1lisis del problema\u2026","rel":"","context":"En \u00abActualidad\u00bb","block_context":{"text":"Actualidad","link":"https:\/\/lahoradelcampo.com.uy\/site\/category\/actualidad\/"},"img":{"alt_text":"","src":"https:\/\/i0.wp.com\/lahoradelcampo.com.uy\/site\/wp-content\/uploads\/2017\/09\/Corderos-mordidos.jpg?fit=880%2C440&ssl=1&resize=350%2C200","width":350,"height":200,"srcset":"https:\/\/i0.wp.com\/lahoradelcampo.com.uy\/site\/wp-content\/uploads\/2017\/09\/Corderos-mordidos.jpg?fit=880%2C440&ssl=1&resize=350%2C200 1x, https:\/\/i0.wp.com\/lahoradelcampo.com.uy\/site\/wp-content\/uploads\/2017\/09\/Corderos-mordidos.jpg?fit=880%2C440&ssl=1&resize=525%2C300 1.5x, https:\/\/i0.wp.com\/lahoradelcampo.com.uy\/site\/wp-content\/uploads\/2017\/09\/Corderos-mordidos.jpg?fit=880%2C440&ssl=1&resize=700%2C400 2x"},"classes":[]},{"id":44335,"url":"https:\/\/lahoradelcampo.com.uy\/site\/crearon-un-seguro-integral-para-ovinos-que-incluye-ataque-de-perros\/","url_meta":{"origin":40231,"position":5},"title":"Crearon un seguro integral para ovinos, que incluye ataque de perros","author":"La Hora del Campo","date":"29 julio, 2022","format":false,"excerpt":"En la jornada de ayer el Ministerio de Ganader\u00eda, Agricultura y Pesca (MGAP) y el Banco de Seguros del Estado (BSE) firmaron un convenio para la creaci\u00f3n de un seguro integral para ovinos, que contar\u00e1 con subsidios para peque\u00f1os productores y podr\u00e1 atender hasta la mortandad por ataques de perros\u2026","rel":"","context":"En \u00abActualidad\u00bb","block_context":{"text":"Actualidad","link":"https:\/\/lahoradelcampo.com.uy\/site\/category\/actualidad\/"},"img":{"alt_text":"","src":"https:\/\/i0.wp.com\/lahoradelcampo.com.uy\/site\/wp-content\/uploads\/2022\/07\/MGAP-SeguroOvino.jpg?fit=880%2C440&ssl=1&resize=350%2C200","width":350,"height":200,"srcset":"https:\/\/i0.wp.com\/lahoradelcampo.com.uy\/site\/wp-content\/uploads\/2022\/07\/MGAP-SeguroOvino.jpg?fit=880%2C440&ssl=1&resize=350%2C200 1x, https:\/\/i0.wp.com\/lahoradelcampo.com.uy\/site\/wp-content\/uploads\/2022\/07\/MGAP-SeguroOvino.jpg?fit=880%2C440&ssl=1&resize=525%2C300 1.5x, https:\/\/i0.wp.com\/lahoradelcampo.com.uy\/site\/wp-content\/uploads\/2022\/07\/MGAP-SeguroOvino.jpg?fit=880%2C440&ssl=1&resize=700%2C400 2x"},"classes":[]}],"jetpack_likes_enabled":true,"_links":{"self":[{"href":"https:\/\/lahoradelcampo.com.uy\/site\/wp-json\/wp\/v2\/posts\/40231","targetHints":{"allow":["GET"]}}],"collection":[{"href":"https:\/\/lahoradelcampo.com.uy\/site\/wp-json\/wp\/v2\/posts"}],"about":[{"href":"https:\/\/lahoradelcampo.com.uy\/site\/wp-json\/wp\/v2\/types\/post"}],"author":[{"embeddable":true,"href":"https:\/\/lahoradelcampo.com.uy\/site\/wp-json\/wp\/v2\/users\/5"}],"replies":[{"embeddable":true,"href":"https:\/\/lahoradelcampo.com.uy\/site\/wp-json\/wp\/v2\/comments?post=40231"}],"version-history":[{"count":1,"href":"https:\/\/lahoradelcampo.com.uy\/site\/wp-json\/wp\/v2\/posts\/40231\/revisions"}],"predecessor-version":[{"id":40235,"href":"https:\/\/lahoradelcampo.com.uy\/site\/wp-json\/wp\/v2\/posts\/40231\/revisions\/40235"}],"wp:featuredmedia":[{"embeddable":true,"href":"https:\/\/lahoradelcampo.com.uy\/site\/wp-json\/wp\/v2\/media\/40233"}],"wp:attachment":[{"href":"https:\/\/lahoradelcampo.com.uy\/site\/wp-json\/wp\/v2\/media?parent=40231"}],"wp:term":[{"taxonomy":"category","embeddable":true,"href":"https:\/\/lahoradelcampo.com.uy\/site\/wp-json\/wp\/v2\/categories?post=40231"},{"taxonomy":"post_tag","embeddable":true,"href":"https:\/\/lahoradelcampo.com.uy\/site\/wp-json\/wp\/v2\/tags?post=40231"}],"curies":[{"name":"wp","href":"https:\/\/api.w.org\/{rel}","templated":true}]}}