{"id":40227,"date":"2022-03-25T06:10:35","date_gmt":"2022-03-25T09:10:35","guid":{"rendered":"http:\/\/lahoradelcampo.com.uy\/site\/?p=40227"},"modified":"2022-03-24T22:59:16","modified_gmt":"2022-03-25T01:59:16","slug":"a-nivel-interno-se-concretan-negocios-puntuales-y-en-lanas-finas","status":"publish","type":"post","link":"https:\/\/lahoradelcampo.com.uy\/site\/a-nivel-interno-se-concretan-negocios-puntuales-y-en-lanas-finas\/","title":{"rendered":"A nivel interno se concretan negocios puntuales y en lanas finas"},"content":{"rendered":"\n<figure class=\"wp-block-image\"><img data-recalc-dims=\"1\" loading=\"lazy\" decoding=\"async\" width=\"810\" height=\"405\" data-attachment-id=\"11815\" data-permalink=\"https:\/\/lahoradelcampo.com.uy\/site\/primeras-esquilas-se-atrasan-por-las-lluvias-el-mercado-sin-operaciones\/lanas-1\/\" data-orig-file=\"https:\/\/i0.wp.com\/lahoradelcampo.com.uy\/site\/wp-content\/uploads\/2019\/06\/Lanas-1.jpg?fit=880%2C440&amp;ssl=1\" data-orig-size=\"880,440\" data-comments-opened=\"1\" data-image-meta=\"{&quot;aperture&quot;:&quot;0&quot;,&quot;credit&quot;:&quot;&quot;,&quot;camera&quot;:&quot;&quot;,&quot;caption&quot;:&quot;&quot;,&quot;created_timestamp&quot;:&quot;0&quot;,&quot;copyright&quot;:&quot;&quot;,&quot;focal_length&quot;:&quot;0&quot;,&quot;iso&quot;:&quot;0&quot;,&quot;shutter_speed&quot;:&quot;0&quot;,&quot;title&quot;:&quot;&quot;,&quot;orientation&quot;:&quot;1&quot;}\" data-image-title=\"Lanas 1\" data-image-description=\"\" data-image-caption=\"\" data-large-file=\"https:\/\/i0.wp.com\/lahoradelcampo.com.uy\/site\/wp-content\/uploads\/2019\/06\/Lanas-1.jpg?fit=810%2C405&amp;ssl=1\" src=\"https:\/\/i0.wp.com\/lahoradelcampo.com.uy\/site\/wp-content\/uploads\/2019\/06\/Lanas-1.jpg?resize=810%2C405\" alt=\"\" class=\"wp-image-11815\" srcset=\"https:\/\/i0.wp.com\/lahoradelcampo.com.uy\/site\/wp-content\/uploads\/2019\/06\/Lanas-1.jpg?w=880&amp;ssl=1 880w, https:\/\/i0.wp.com\/lahoradelcampo.com.uy\/site\/wp-content\/uploads\/2019\/06\/Lanas-1.jpg?resize=300%2C150&amp;ssl=1 300w, https:\/\/i0.wp.com\/lahoradelcampo.com.uy\/site\/wp-content\/uploads\/2019\/06\/Lanas-1.jpg?resize=768%2C384&amp;ssl=1 768w, https:\/\/i0.wp.com\/lahoradelcampo.com.uy\/site\/wp-content\/uploads\/2019\/06\/Lanas-1.jpg?resize=820%2C410&amp;ssl=1 820w\" sizes=\"auto, (max-width: 810px) 100vw, 810px\" \/><\/figure>\n\n\n\n<p>La operativa en el mercado interno se encuentra enlentecida en las \u00faltimas semanas y con mayor cautela. \u00abHay luces amarillas en Europa\u00bb dijo un operador del mercado esta semana, y se\u00f1al\u00f3 que si bien se concretan negocios, la demanda no est\u00e1 fluida como las semanas previas. <br><\/p>\n\n\n\n<p>Los negocios est\u00e1n siendo puntuales en lanas finas, principalmente certificadas, y el plazo para el pago est\u00e1 siendo un factor a tener en cuenta a la hora de cerrar los negocios. <br><\/p>\n\n\n\n<p>Las lanas certificadas, dependiendo del micronaje y la certificaci\u00f3n, puede llegar a sumar un d\u00f3lar de diferencia con las lanas acondicionadas grifa verde. A modo de ejemplo se manejan referencias de US$ 5,50 a US$ 6,00 para lanas grifa verde de 21 micras, mientras que las certificadas se ubican en US$ 6,50 a US$ 7,00.<br><\/p>\n\n\n\n<p>En el caso de las lanas medias y gruesas la necesidad de los productores marca el ritmo de la operativa, con una demanda retra\u00edda pero accediendo negocios de vol\u00famenes peque\u00f1os. Los valores, tal cual se se\u00f1al\u00f3 en la jornada de ayer, distan fuertemente de las aspiraciones de los productores. Las lanas de 28 micras  se ubican en el eje de US$ 1,40 a US$ 1,50 acondicionadas grifa verde.<\/p>\n\n\n\n<p>Salto, 24 de marzo de 2022<\/p>\n","protected":false},"excerpt":{"rendered":"<p>La operativa en el mercado interno se encuentra enlentecida en las \u00faltimas semanas y con mayor cautela. \u00abHay luces amarillas en Europa\u00bb dijo un operador del mercado esta semana, y [&hellip;]<\/p>\n","protected":false},"author":5,"featured_media":11815,"comment_status":"open","ping_status":"open","sticky":false,"template":"","format":"standard","meta":{"_price":"","_stock":"","_tribe_ticket_header":"","_tribe_default_ticket_provider":"","_tribe_ticket_capacity":"0","_ticket_start_date":"","_ticket_end_date":"","_tribe_ticket_show_description":"","_tribe_ticket_show_not_going":false,"_tribe_ticket_use_global_stock":"","_tribe_ticket_global_stock_level":"","_global_stock_mode":"","_global_stock_cap":"","_tribe_rsvp_for_event":"","_tribe_ticket_going_count":"","_tribe_ticket_not_going_count":"","_tribe_tickets_list":"[]","_tribe_ticket_has_attendee_info_fields":false,"h5ap_radio_sources":[],"_jetpack_newsletter_access":"","_jetpack_dont_email_post_to_subs":false,"_jetpack_newsletter_tier_id":0,"_jetpack_memberships_contains_paywalled_content":false,"_jetpack_memberships_contains_paid_content":false,"footnotes":""},"categories":[21,13],"tags":[],"class_list":["post-40227","post","type-post","status-publish","format-standard","has-post-thumbnail","hentry","category-actualidad","category-ovinos"],"jetpack_featured_media_url":"https:\/\/i0.wp.com\/lahoradelcampo.com.uy\/site\/wp-content\/uploads\/2019\/06\/Lanas-1.jpg?fit=880%2C440&ssl=1","jetpack_sharing_enabled":true,"jetpack_shortlink":"https:\/\/wp.me\/p99IaT-asP","jetpack-related-posts":[{"id":53590,"url":"https:\/\/lahoradelcampo.com.uy\/site\/mercado-interno-con-negocios-principalmente-en-lanas-merinas\/","url_meta":{"origin":40227,"position":0},"title":"Mercado interno con negocios, principalmente en lanas merinas","author":"La Hora del Campo","date":"17 marzo, 2024","format":false,"excerpt":"El mercado lanero uruguayo contin\u00faa concretando negocios, \"en algunos casos con valores inferiores a los esperados por los productores, pero que concretan negocios en base a obligaciones asumidas que se deben corresponder\", dijo un operador del mercado en la tarde del jueves. La mayor\u00eda de los negocios se concretan en\u2026","rel":"","context":"En \u00abActualidad\u00bb","block_context":{"text":"Actualidad","link":"https:\/\/lahoradelcampo.com.uy\/site\/category\/actualidad\/"},"img":{"alt_text":"","src":"https:\/\/i0.wp.com\/lahoradelcampo.com.uy\/site\/wp-content\/uploads\/2017\/08\/lanas.jpg?fit=784%2C450&ssl=1&resize=350%2C200","width":350,"height":200,"srcset":"https:\/\/i0.wp.com\/lahoradelcampo.com.uy\/site\/wp-content\/uploads\/2017\/08\/lanas.jpg?fit=784%2C450&ssl=1&resize=350%2C200 1x, https:\/\/i0.wp.com\/lahoradelcampo.com.uy\/site\/wp-content\/uploads\/2017\/08\/lanas.jpg?fit=784%2C450&ssl=1&resize=525%2C300 1.5x, https:\/\/i0.wp.com\/lahoradelcampo.com.uy\/site\/wp-content\/uploads\/2017\/08\/lanas.jpg?fit=784%2C450&ssl=1&resize=700%2C400 2x"},"classes":[]},{"id":39067,"url":"https:\/\/lahoradelcampo.com.uy\/site\/se-concretan-negocios-en-lanas-medias-y-se-afirman-las-finas\/","url_meta":{"origin":40227,"position":1},"title":"Se concretan negocios en lanas medias y se afirman las finas","author":"La Hora del Campo","date":"11 febrero, 2022","format":false,"excerpt":"El mercado lanero uruguayo contin\u00faa movido, con negocios concretados en distintos puntos del pa\u00eds, enfocados en su gran mayor\u00eda a lanas finas, aunque se concretan negocios de lanas medias y gruesas a valores que se encuentran por debajo de las aspiraciones de muchos productores de estos micronajes, sin embargo existen\u2026","rel":"","context":"En \u00abActualidad\u00bb","block_context":{"text":"Actualidad","link":"https:\/\/lahoradelcampo.com.uy\/site\/category\/actualidad\/"},"img":{"alt_text":"","src":"https:\/\/i0.wp.com\/lahoradelcampo.com.uy\/site\/wp-content\/uploads\/2019\/05\/Lana-esquila.jpg?fit=880%2C440&ssl=1&resize=350%2C200","width":350,"height":200,"srcset":"https:\/\/i0.wp.com\/lahoradelcampo.com.uy\/site\/wp-content\/uploads\/2019\/05\/Lana-esquila.jpg?fit=880%2C440&ssl=1&resize=350%2C200 1x, https:\/\/i0.wp.com\/lahoradelcampo.com.uy\/site\/wp-content\/uploads\/2019\/05\/Lana-esquila.jpg?fit=880%2C440&ssl=1&resize=525%2C300 1.5x, https:\/\/i0.wp.com\/lahoradelcampo.com.uy\/site\/wp-content\/uploads\/2019\/05\/Lana-esquila.jpg?fit=880%2C440&ssl=1&resize=700%2C400 2x"},"classes":[]},{"id":37187,"url":"https:\/\/lahoradelcampo.com.uy\/site\/el-mercado-interno-con-negocios-muy-puntuales\/","url_meta":{"origin":40227,"position":2},"title":"El mercado interno con negocios muy puntuales","author":"La Hora del Campo","date":"3 diciembre, 2021","format":false,"excerpt":"De acuerdo al di\u00e1logo mantenido con algunos operadores, el mercado se posicion\u00f3 \"raro\" esta semana. Algunas operativas que se ven\u00edan conversando en las \u00faltimas semanas, \"se trancaron\" dijo un consignatario y mencion\u00f3 que ahora resta esperar una reacci\u00f3n positiva del mercado internacional. En el caso de las lanas finas, a\u00fan\u2026","rel":"","context":"En \u00abActualidad\u00bb","block_context":{"text":"Actualidad","link":"https:\/\/lahoradelcampo.com.uy\/site\/category\/actualidad\/"},"img":{"alt_text":"","src":"https:\/\/i0.wp.com\/lahoradelcampo.com.uy\/site\/wp-content\/uploads\/2021\/12\/Lana-camion.jpg?fit=880%2C440&ssl=1&resize=350%2C200","width":350,"height":200,"srcset":"https:\/\/i0.wp.com\/lahoradelcampo.com.uy\/site\/wp-content\/uploads\/2021\/12\/Lana-camion.jpg?fit=880%2C440&ssl=1&resize=350%2C200 1x, https:\/\/i0.wp.com\/lahoradelcampo.com.uy\/site\/wp-content\/uploads\/2021\/12\/Lana-camion.jpg?fit=880%2C440&ssl=1&resize=525%2C300 1.5x, https:\/\/i0.wp.com\/lahoradelcampo.com.uy\/site\/wp-content\/uploads\/2021\/12\/Lana-camion.jpg?fit=880%2C440&ssl=1&resize=700%2C400 2x"},"classes":[]},{"id":30396,"url":"https:\/\/lahoradelcampo.com.uy\/site\/sin-grandes-cambios-y-negocios-en-lanas-finas-a-nivel-interno\/","url_meta":{"origin":40227,"position":3},"title":"Sin grandes cambios y negocios en lanas finas a nivel interno","author":"La Hora del Campo","date":"21 mayo, 2021","format":false,"excerpt":"El mercado lanero interno contin\u00faa, al igual que a nivel internacional, con demanda por lanas finas y distante de los negocios en lanas medias y gruesas. Los \u00faltimos d\u00edas se vio una industria interesada principalmente en lanas por debajo de las 19 micras, con certificaciones (de preferencia ecol\u00f3gica u org\u00e1nica)\u2026","rel":"","context":"En \u00abActualidad\u00bb","block_context":{"text":"Actualidad","link":"https:\/\/lahoradelcampo.com.uy\/site\/category\/actualidad\/"},"img":{"alt_text":"","src":"https:\/\/i0.wp.com\/lahoradelcampo.com.uy\/site\/wp-content\/uploads\/2018\/05\/Lana-s.jpg?fit=880%2C440&ssl=1&resize=350%2C200","width":350,"height":200,"srcset":"https:\/\/i0.wp.com\/lahoradelcampo.com.uy\/site\/wp-content\/uploads\/2018\/05\/Lana-s.jpg?fit=880%2C440&ssl=1&resize=350%2C200 1x, https:\/\/i0.wp.com\/lahoradelcampo.com.uy\/site\/wp-content\/uploads\/2018\/05\/Lana-s.jpg?fit=880%2C440&ssl=1&resize=525%2C300 1.5x, https:\/\/i0.wp.com\/lahoradelcampo.com.uy\/site\/wp-content\/uploads\/2018\/05\/Lana-s.jpg?fit=880%2C440&ssl=1&resize=700%2C400 2x"},"classes":[]},{"id":51411,"url":"https:\/\/lahoradelcampo.com.uy\/site\/en-el-mercado-interno-se-concretan-algunos-negocios\/","url_meta":{"origin":40227,"position":4},"title":"En el mercado interno se concretan algunos negocios","author":"La Hora del Campo","date":"23 junio, 2023","format":false,"excerpt":"Despu\u00e9s de varios meses sin actividad y con frecuentes ausencias de referencias de precios claras para algunos micronajes, se han cerrado algunos negocios durante esta semana. Aunque los precios propuestos por la demanda no siempre cumplen las expectativas de los productores, en los casos en que se acercan las puntas,\u2026","rel":"","context":"En \u00abActualidad\u00bb","block_context":{"text":"Actualidad","link":"https:\/\/lahoradelcampo.com.uy\/site\/category\/actualidad\/"},"img":{"alt_text":"","src":"https:\/\/i0.wp.com\/lahoradelcampo.com.uy\/site\/wp-content\/uploads\/2023\/06\/Lana-uruguay3.jpg?fit=880%2C440&ssl=1&resize=350%2C200","width":350,"height":200,"srcset":"https:\/\/i0.wp.com\/lahoradelcampo.com.uy\/site\/wp-content\/uploads\/2023\/06\/Lana-uruguay3.jpg?fit=880%2C440&ssl=1&resize=350%2C200 1x, https:\/\/i0.wp.com\/lahoradelcampo.com.uy\/site\/wp-content\/uploads\/2023\/06\/Lana-uruguay3.jpg?fit=880%2C440&ssl=1&resize=525%2C300 1.5x, https:\/\/i0.wp.com\/lahoradelcampo.com.uy\/site\/wp-content\/uploads\/2023\/06\/Lana-uruguay3.jpg?fit=880%2C440&ssl=1&resize=700%2C400 2x"},"classes":[]},{"id":55120,"url":"https:\/\/lahoradelcampo.com.uy\/site\/en-el-mercado-lanero-interno-se-concretan-negocios-en-lanas-finas\/","url_meta":{"origin":40227,"position":5},"title":"En el mercado lanero interno se concretan negocios en lanas finas","author":"La Hora del Campo","date":"15 noviembre, 2024","format":false,"excerpt":"El mercado lanero uruguayo continua con la concreci\u00f3n de negocios en lanas merinas, donde el productor est\u00e1 m\u00e1s predispuesto a aceptar los valores propuestos por la demanda, pero las diferencias se encuentran en los plazos. Mientras el productor necesita vender en un plazo de 30 d\u00edas, para hacerse de capital\u2026","rel":"","context":"En \u00abActualidad\u00bb","block_context":{"text":"Actualidad","link":"https:\/\/lahoradelcampo.com.uy\/site\/category\/actualidad\/"},"img":{"alt_text":"","src":"https:\/\/i0.wp.com\/lahoradelcampo.com.uy\/site\/wp-content\/uploads\/2017\/10\/Lanas-australia-1.jpg?fit=880%2C440&ssl=1&resize=350%2C200","width":350,"height":200,"srcset":"https:\/\/i0.wp.com\/lahoradelcampo.com.uy\/site\/wp-content\/uploads\/2017\/10\/Lanas-australia-1.jpg?fit=880%2C440&ssl=1&resize=350%2C200 1x, https:\/\/i0.wp.com\/lahoradelcampo.com.uy\/site\/wp-content\/uploads\/2017\/10\/Lanas-australia-1.jpg?fit=880%2C440&ssl=1&resize=525%2C300 1.5x, https:\/\/i0.wp.com\/lahoradelcampo.com.uy\/site\/wp-content\/uploads\/2017\/10\/Lanas-australia-1.jpg?fit=880%2C440&ssl=1&resize=700%2C400 2x"},"classes":[]}],"jetpack_likes_enabled":true,"_links":{"self":[{"href":"https:\/\/lahoradelcampo.com.uy\/site\/wp-json\/wp\/v2\/posts\/40227","targetHints":{"allow":["GET"]}}],"collection":[{"href":"https:\/\/lahoradelcampo.com.uy\/site\/wp-json\/wp\/v2\/posts"}],"about":[{"href":"https:\/\/lahoradelcampo.com.uy\/site\/wp-json\/wp\/v2\/types\/post"}],"author":[{"embeddable":true,"href":"https:\/\/lahoradelcampo.com.uy\/site\/wp-json\/wp\/v2\/users\/5"}],"replies":[{"embeddable":true,"href":"https:\/\/lahoradelcampo.com.uy\/site\/wp-json\/wp\/v2\/comments?post=40227"}],"version-history":[{"count":1,"href":"https:\/\/lahoradelcampo.com.uy\/site\/wp-json\/wp\/v2\/posts\/40227\/revisions"}],"predecessor-version":[{"id":40229,"href":"https:\/\/lahoradelcampo.com.uy\/site\/wp-json\/wp\/v2\/posts\/40227\/revisions\/40229"}],"wp:featuredmedia":[{"embeddable":true,"href":"https:\/\/lahoradelcampo.com.uy\/site\/wp-json\/wp\/v2\/media\/11815"}],"wp:attachment":[{"href":"https:\/\/lahoradelcampo.com.uy\/site\/wp-json\/wp\/v2\/media?parent=40227"}],"wp:term":[{"taxonomy":"category","embeddable":true,"href":"https:\/\/lahoradelcampo.com.uy\/site\/wp-json\/wp\/v2\/categories?post=40227"},{"taxonomy":"post_tag","embeddable":true,"href":"https:\/\/lahoradelcampo.com.uy\/site\/wp-json\/wp\/v2\/tags?post=40227"}],"curies":[{"name":"wp","href":"https:\/\/api.w.org\/{rel}","templated":true}]}}