{"id":40223,"date":"2022-03-25T06:03:20","date_gmt":"2022-03-25T09:03:20","guid":{"rendered":"http:\/\/lahoradelcampo.com.uy\/site\/?p=40223"},"modified":"2022-03-24T22:56:29","modified_gmt":"2022-03-25T01:56:29","slug":"semana-de-alta-variabilidad-cambiaria-y-subas-en-el-ime","status":"publish","type":"post","link":"https:\/\/lahoradelcampo.com.uy\/site\/semana-de-alta-variabilidad-cambiaria-y-subas-en-el-ime\/","title":{"rendered":"Semana de alta variabilidad cambiaria y subas en el IME"},"content":{"rendered":"\n<figure class=\"wp-block-image\"><img data-recalc-dims=\"1\" loading=\"lazy\" decoding=\"async\" width=\"810\" height=\"405\" data-attachment-id=\"31198\" data-permalink=\"https:\/\/lahoradelcampo.com.uy\/site\/el-ime-sigue-al-alza-tras-cerrar-la-semana-en-us-1078\/lanaaustralia1\/\" data-orig-file=\"https:\/\/i0.wp.com\/lahoradelcampo.com.uy\/site\/wp-content\/uploads\/2021\/06\/lanaaustralia1.jpg?fit=880%2C440&amp;ssl=1\" data-orig-size=\"880,440\" data-comments-opened=\"1\" data-image-meta=\"{&quot;aperture&quot;:&quot;0&quot;,&quot;credit&quot;:&quot;&quot;,&quot;camera&quot;:&quot;&quot;,&quot;caption&quot;:&quot;&quot;,&quot;created_timestamp&quot;:&quot;0&quot;,&quot;copyright&quot;:&quot;&quot;,&quot;focal_length&quot;:&quot;0&quot;,&quot;iso&quot;:&quot;0&quot;,&quot;shutter_speed&quot;:&quot;0&quot;,&quot;title&quot;:&quot;&quot;,&quot;orientation&quot;:&quot;1&quot;}\" data-image-title=\"lanaaustralia1\" data-image-description=\"\" data-image-caption=\"\" data-large-file=\"https:\/\/i0.wp.com\/lahoradelcampo.com.uy\/site\/wp-content\/uploads\/2021\/06\/lanaaustralia1.jpg?fit=810%2C405&amp;ssl=1\" src=\"https:\/\/i0.wp.com\/lahoradelcampo.com.uy\/site\/wp-content\/uploads\/2021\/06\/lanaaustralia1.jpg?resize=810%2C405\" alt=\"\" class=\"wp-image-31198\" srcset=\"https:\/\/i0.wp.com\/lahoradelcampo.com.uy\/site\/wp-content\/uploads\/2021\/06\/lanaaustralia1.jpg?w=880&amp;ssl=1 880w, https:\/\/i0.wp.com\/lahoradelcampo.com.uy\/site\/wp-content\/uploads\/2021\/06\/lanaaustralia1.jpg?resize=300%2C150&amp;ssl=1 300w, https:\/\/i0.wp.com\/lahoradelcampo.com.uy\/site\/wp-content\/uploads\/2021\/06\/lanaaustralia1.jpg?resize=768%2C384&amp;ssl=1 768w, https:\/\/i0.wp.com\/lahoradelcampo.com.uy\/site\/wp-content\/uploads\/2021\/06\/lanaaustralia1.jpg?resize=820%2C410&amp;ssl=1 820w\" sizes=\"auto, (max-width: 810px) 100vw, 810px\" \/><\/figure>\n\n\n\n<p>La fluctuaci\u00f3n cambiaria y la calidad de la oferta le dieron fundamentos a la demanda para presionar a la baja al mercado lanero en Australia. Cuando existe esta variaci\u00f3n tan importante en el tipo de cambio, el comprador desde el exterior analiza los n\u00fameros en d\u00f3lares y presiona el mercado a la baja en la moneda australiana. Sin embargo las lanas finas, por debajo de las 18 micras, con certificaci\u00f3n Non Mulesed, buen largo de mecha y datos objetivos positivos, lograron aumentar las referencias en este tipo de micronajes. <br><\/p>\n\n\n\n<p>M\u00e1s all\u00e1 de esto, los vol\u00famenes m\u00e1s importantes de las lanas que se ofertaron en estas \u00faltimas jornadas, presentan un menor nivel de calidad a lo requerido, contenido de materia vegetal por encima del 1,2%, y alta variabilidad del largo de mecha, lo que incide negativamente en el valor de la fibra. <br><\/p>\n\n\n\n<p>En este contexto el Indicador de Mercados del Este (IME) cerr\u00f3 la semana en US$ 10,37 por kilogramo base limpia, registrando una suba de siete centavos sobre el pasado jueves, mientras que en la moneda australiana, el indicador cerr\u00f3 a A$ 13,84 y suma una p\u00e9rdida de 24 centavos tras las tres jornadas de ventas.<br><\/p>\n\n\n\n<p>En la semana se ofert\u00f3 45.665 fardos, con un 83,2% de comercializaci\u00f3n. Al mismo tiempo se ofertaron 19.860 fardos de vellones de lana merino, coloc\u00e1ndose el 82,7%, en tanto que los vellones no merino sumaron 9.723 fardos ofrecidos, con un 79,2% de ventas. <br><\/p>\n\n\n\n<p>La pr\u00f3xima semana el mercado lanero australiano retoma sus actividades con una oferta inscripta de 48.123 fardos que se van a distribuir en los tres centros de ventas, durante los d\u00edas martes, mi\u00e9rcoles en Sidney, Melbourne y Fremantle, en tanto que el jueves vender\u00e1 \u00fanicamente Melbourne. <\/p>\n\n\n\n<p>Salto, 24 de marzo de 2022<\/p>\n","protected":false},"excerpt":{"rendered":"<p>La fluctuaci\u00f3n cambiaria y la calidad de la oferta le dieron fundamentos a la demanda para presionar a la baja al mercado lanero en Australia. Cuando existe esta variaci\u00f3n tan [&hellip;]<\/p>\n","protected":false},"author":5,"featured_media":31198,"comment_status":"open","ping_status":"open","sticky":false,"template":"","format":"standard","meta":{"_price":"","_stock":"","_tribe_ticket_header":"","_tribe_default_ticket_provider":"","_tribe_ticket_capacity":"0","_ticket_start_date":"","_ticket_end_date":"","_tribe_ticket_show_description":"","_tribe_ticket_show_not_going":false,"_tribe_ticket_use_global_stock":"","_tribe_ticket_global_stock_level":"","_global_stock_mode":"","_global_stock_cap":"","_tribe_rsvp_for_event":"","_tribe_ticket_going_count":"","_tribe_ticket_not_going_count":"","_tribe_tickets_list":"[]","_tribe_ticket_has_attendee_info_fields":false,"h5ap_radio_sources":[],"_jetpack_newsletter_access":"","_jetpack_dont_email_post_to_subs":false,"_jetpack_newsletter_tier_id":0,"_jetpack_memberships_contains_paywalled_content":false,"_jetpack_memberships_contains_paid_content":false,"footnotes":""},"categories":[21,13],"tags":[],"class_list":["post-40223","post","type-post","status-publish","format-standard","has-post-thumbnail","hentry","category-actualidad","category-ovinos"],"jetpack_featured_media_url":"https:\/\/i0.wp.com\/lahoradelcampo.com.uy\/site\/wp-content\/uploads\/2021\/06\/lanaaustralia1.jpg?fit=880%2C440&ssl=1","jetpack_sharing_enabled":true,"jetpack_shortlink":"https:\/\/wp.me\/p99IaT-asL","jetpack-related-posts":[{"id":49632,"url":"https:\/\/lahoradelcampo.com.uy\/site\/la-semana-registro-un-nuevo-descenso-en-el-ime-con-lanas-de-baja-calidad\/","url_meta":{"origin":40223,"position":0},"title":"La semana registr\u00f3 un nuevo descenso en el IME, con lanas de baja calidad","author":"La Hora del Campo","date":"31 marzo, 2023","format":false,"excerpt":"Durante los \u00faltimos tres d\u00edas, el mercado lanero australiano present\u00f3 una tendencia mixta con altibajos en los precios de las distintas categor\u00edas de lanas. Sydney y Melbourne observaron una disminuci\u00f3n en los precios en d\u00f3lares estadounidenses tanto para las lanas medias y gruesas, as\u00ed como tambi\u00e9n en todos los micronajes\u2026","rel":"","context":"En \u00abActualidad\u00bb","block_context":{"text":"Actualidad","link":"https:\/\/lahoradelcampo.com.uy\/site\/category\/actualidad\/"},"img":{"alt_text":"","src":"https:\/\/i0.wp.com\/lahoradelcampo.com.uy\/site\/wp-content\/uploads\/2018\/03\/lana.jpg?fit=880%2C440&ssl=1&resize=350%2C200","width":350,"height":200,"srcset":"https:\/\/i0.wp.com\/lahoradelcampo.com.uy\/site\/wp-content\/uploads\/2018\/03\/lana.jpg?fit=880%2C440&ssl=1&resize=350%2C200 1x, https:\/\/i0.wp.com\/lahoradelcampo.com.uy\/site\/wp-content\/uploads\/2018\/03\/lana.jpg?fit=880%2C440&ssl=1&resize=525%2C300 1.5x, https:\/\/i0.wp.com\/lahoradelcampo.com.uy\/site\/wp-content\/uploads\/2018\/03\/lana.jpg?fit=880%2C440&ssl=1&resize=700%2C400 2x"},"classes":[]},{"id":39997,"url":"https:\/\/lahoradelcampo.com.uy\/site\/el-ime-perdio-4-centavos-en-una-semana-de-alta-fluctuacion-cambiaria\/","url_meta":{"origin":40223,"position":1},"title":"El IME perdi\u00f3 4 centavos en una semana de alta fluctuaci\u00f3n cambiaria","author":"La Hora del Campo","date":"18 marzo, 2022","format":false,"excerpt":"El mercado lanero australiano termin\u00f3 cerrando una semana bajista en un contexto de alta variabilidad cambiaria y una oferta de lanas de menor calidad que lo requerido por la demanda, que estuvo firme y activa por los mejores lotes. Analizado en la moneda local, sin la fluctuaci\u00f3n cambiaria, el mercado\u2026","rel":"","context":"En \u00abActualidad\u00bb","block_context":{"text":"Actualidad","link":"https:\/\/lahoradelcampo.com.uy\/site\/category\/actualidad\/"},"img":{"alt_text":"","src":"https:\/\/i0.wp.com\/lahoradelcampo.com.uy\/site\/wp-content\/uploads\/2018\/03\/Lanaa.jpg?fit=880%2C440&ssl=1&resize=350%2C200","width":350,"height":200,"srcset":"https:\/\/i0.wp.com\/lahoradelcampo.com.uy\/site\/wp-content\/uploads\/2018\/03\/Lanaa.jpg?fit=880%2C440&ssl=1&resize=350%2C200 1x, https:\/\/i0.wp.com\/lahoradelcampo.com.uy\/site\/wp-content\/uploads\/2018\/03\/Lanaa.jpg?fit=880%2C440&ssl=1&resize=525%2C300 1.5x, https:\/\/i0.wp.com\/lahoradelcampo.com.uy\/site\/wp-content\/uploads\/2018\/03\/Lanaa.jpg?fit=880%2C440&ssl=1&resize=700%2C400 2x"},"classes":[]},{"id":50248,"url":"https:\/\/lahoradelcampo.com.uy\/site\/con-subas-y-bajas-el-ime-cerro-la-semana-con-baja-de-4-centavos\/","url_meta":{"origin":40223,"position":2},"title":"Con subas y bajas, el IME cerr\u00f3 la semana con baja de 4 centavos","author":"La Hora del Campo","date":"28 abril, 2023","format":false,"excerpt":"El mercado lanero australiano comenz\u00f3 la semana experimentando una ca\u00edda en el Indicador de Mercados del Este (IME), pero luego se recuper\u00f3 en la segunda jornada debido a una menor oferta. Debido a que la suba fue menor al descenso semanal inicial, el indicador termina cerrando con bajas la semana.\u2026","rel":"","context":"En \u00abActualidad\u00bb","block_context":{"text":"Actualidad","link":"https:\/\/lahoradelcampo.com.uy\/site\/category\/actualidad\/"},"img":{"alt_text":"","src":"https:\/\/i0.wp.com\/lahoradelcampo.com.uy\/site\/wp-content\/uploads\/2023\/01\/Lana-Australia1.jpg?fit=880%2C440&ssl=1&resize=350%2C200","width":350,"height":200,"srcset":"https:\/\/i0.wp.com\/lahoradelcampo.com.uy\/site\/wp-content\/uploads\/2023\/01\/Lana-Australia1.jpg?fit=880%2C440&ssl=1&resize=350%2C200 1x, https:\/\/i0.wp.com\/lahoradelcampo.com.uy\/site\/wp-content\/uploads\/2023\/01\/Lana-Australia1.jpg?fit=880%2C440&ssl=1&resize=525%2C300 1.5x, https:\/\/i0.wp.com\/lahoradelcampo.com.uy\/site\/wp-content\/uploads\/2023\/01\/Lana-Australia1.jpg?fit=880%2C440&ssl=1&resize=700%2C400 2x"},"classes":[]},{"id":54413,"url":"https:\/\/lahoradelcampo.com.uy\/site\/presionado-por-la-variabilidad-cambiaria-el-ime-cayo-esta-semana\/","url_meta":{"origin":40223,"position":3},"title":"Presionado por la variabilidad cambiaria, el IME cay\u00f3 esta semana","author":"La Hora del Campo","date":"6 septiembre, 2024","format":false,"excerpt":"El mercado lanero australiano cerr\u00f3 esta semana con un descenso de ocho centavos en el Indicador de Mercados del Este (IME) que cerr\u00f3 en US$ 7,31 por kilogramo base limpia. Dicha ca\u00edda estuvo influenciada por la fluctuaci\u00f3n del tipo de cambio, la calidad de una oferta que contin\u00faa siendo reducida\u2026","rel":"","context":"En \u00abActualidad\u00bb","block_context":{"text":"Actualidad","link":"https:\/\/lahoradelcampo.com.uy\/site\/category\/actualidad\/"},"img":{"alt_text":"","src":"https:\/\/i0.wp.com\/lahoradelcampo.com.uy\/site\/wp-content\/uploads\/2024\/09\/Lana-IMEAustralia.jpg?fit=880%2C440&ssl=1&resize=350%2C200","width":350,"height":200,"srcset":"https:\/\/i0.wp.com\/lahoradelcampo.com.uy\/site\/wp-content\/uploads\/2024\/09\/Lana-IMEAustralia.jpg?fit=880%2C440&ssl=1&resize=350%2C200 1x, https:\/\/i0.wp.com\/lahoradelcampo.com.uy\/site\/wp-content\/uploads\/2024\/09\/Lana-IMEAustralia.jpg?fit=880%2C440&ssl=1&resize=525%2C300 1.5x, https:\/\/i0.wp.com\/lahoradelcampo.com.uy\/site\/wp-content\/uploads\/2024\/09\/Lana-IMEAustralia.jpg?fit=880%2C440&ssl=1&resize=700%2C400 2x"},"classes":[]},{"id":53371,"url":"https:\/\/lahoradelcampo.com.uy\/site\/retorno-del-mercado-lanero-australiano-con-altibajos\/","url_meta":{"origin":40223,"position":4},"title":"Retorno del mercado lanero australiano con altibajos","author":"La Hora del Campo","date":"15 enero, 2024","format":false,"excerpt":"Luego de un destacado cierre de la primera mitad de la zafra lanera 2023-2024, el retorno a la actividad tras el receso tradicional de final de a\u00f1o fue con altibajos dependiendo del an\u00e1lisis tanto en la moneda local, como en d\u00f3lares estadounidenses o en los distintos micronajes. Con tres jornadas\u2026","rel":"","context":"En \u00abActualidad\u00bb","block_context":{"text":"Actualidad","link":"https:\/\/lahoradelcampo.com.uy\/site\/category\/actualidad\/"},"img":{"alt_text":"","src":"https:\/\/i0.wp.com\/lahoradelcampo.com.uy\/site\/wp-content\/uploads\/2023\/02\/Lana-Australia4.jpg?fit=880%2C440&ssl=1&resize=350%2C200","width":350,"height":200,"srcset":"https:\/\/i0.wp.com\/lahoradelcampo.com.uy\/site\/wp-content\/uploads\/2023\/02\/Lana-Australia4.jpg?fit=880%2C440&ssl=1&resize=350%2C200 1x, https:\/\/i0.wp.com\/lahoradelcampo.com.uy\/site\/wp-content\/uploads\/2023\/02\/Lana-Australia4.jpg?fit=880%2C440&ssl=1&resize=525%2C300 1.5x, https:\/\/i0.wp.com\/lahoradelcampo.com.uy\/site\/wp-content\/uploads\/2023\/02\/Lana-Australia4.jpg?fit=880%2C440&ssl=1&resize=700%2C400 2x"},"classes":[]},{"id":30070,"url":"https:\/\/lahoradelcampo.com.uy\/site\/importante-oferta-baja-calidad-y-el-tipo-de-cambio-presiono-el-ime\/","url_meta":{"origin":40223,"position":5},"title":"Importante oferta, baja calidad y el tipo de cambio presion\u00f3 el IME","author":"La Hora del Campo","date":"14 mayo, 2021","format":false,"excerpt":"La semana n\u00famero 46 de la zafra lanera 2020\/2021 cerr\u00f3 con bajas en el Indicador de Mercados del Este (IME) debido al volumen, la baja calidad de la oferta y la fluctuaci\u00f3n cambiaria, tres factores que se alinearon en forma negativa. En la suma de las tres jornadas de ventas\u2026","rel":"","context":"En \u00abActualidad\u00bb","block_context":{"text":"Actualidad","link":"https:\/\/lahoradelcampo.com.uy\/site\/category\/actualidad\/"},"img":{"alt_text":"","src":"https:\/\/i0.wp.com\/lahoradelcampo.com.uy\/site\/wp-content\/uploads\/2021\/05\/lanaaustralia.jpg?fit=880%2C440&ssl=1&resize=350%2C200","width":350,"height":200,"srcset":"https:\/\/i0.wp.com\/lahoradelcampo.com.uy\/site\/wp-content\/uploads\/2021\/05\/lanaaustralia.jpg?fit=880%2C440&ssl=1&resize=350%2C200 1x, https:\/\/i0.wp.com\/lahoradelcampo.com.uy\/site\/wp-content\/uploads\/2021\/05\/lanaaustralia.jpg?fit=880%2C440&ssl=1&resize=525%2C300 1.5x, https:\/\/i0.wp.com\/lahoradelcampo.com.uy\/site\/wp-content\/uploads\/2021\/05\/lanaaustralia.jpg?fit=880%2C440&ssl=1&resize=700%2C400 2x"},"classes":[]}],"jetpack_likes_enabled":true,"_links":{"self":[{"href":"https:\/\/lahoradelcampo.com.uy\/site\/wp-json\/wp\/v2\/posts\/40223","targetHints":{"allow":["GET"]}}],"collection":[{"href":"https:\/\/lahoradelcampo.com.uy\/site\/wp-json\/wp\/v2\/posts"}],"about":[{"href":"https:\/\/lahoradelcampo.com.uy\/site\/wp-json\/wp\/v2\/types\/post"}],"author":[{"embeddable":true,"href":"https:\/\/lahoradelcampo.com.uy\/site\/wp-json\/wp\/v2\/users\/5"}],"replies":[{"embeddable":true,"href":"https:\/\/lahoradelcampo.com.uy\/site\/wp-json\/wp\/v2\/comments?post=40223"}],"version-history":[{"count":1,"href":"https:\/\/lahoradelcampo.com.uy\/site\/wp-json\/wp\/v2\/posts\/40223\/revisions"}],"predecessor-version":[{"id":40225,"href":"https:\/\/lahoradelcampo.com.uy\/site\/wp-json\/wp\/v2\/posts\/40223\/revisions\/40225"}],"wp:featuredmedia":[{"embeddable":true,"href":"https:\/\/lahoradelcampo.com.uy\/site\/wp-json\/wp\/v2\/media\/31198"}],"wp:attachment":[{"href":"https:\/\/lahoradelcampo.com.uy\/site\/wp-json\/wp\/v2\/media?parent=40223"}],"wp:term":[{"taxonomy":"category","embeddable":true,"href":"https:\/\/lahoradelcampo.com.uy\/site\/wp-json\/wp\/v2\/categories?post=40223"},{"taxonomy":"post_tag","embeddable":true,"href":"https:\/\/lahoradelcampo.com.uy\/site\/wp-json\/wp\/v2\/tags?post=40223"}],"curies":[{"name":"wp","href":"https:\/\/api.w.org\/{rel}","templated":true}]}}