{"id":39485,"date":"2022-03-02T07:40:51","date_gmt":"2022-03-02T10:40:51","guid":{"rendered":"http:\/\/lahoradelcampo.com.uy\/site\/?p=39485"},"modified":"2022-03-02T07:40:57","modified_gmt":"2022-03-02T10:40:57","slug":"el-8-de-marzo-se-realiza-el-dia-del-merino","status":"publish","type":"post","link":"https:\/\/lahoradelcampo.com.uy\/site\/el-8-de-marzo-se-realiza-el-dia-del-merino\/","title":{"rendered":"El 8 de marzo se realiza el D\u00eda del Merino"},"content":{"rendered":"\n<figure class=\"wp-block-image\"><img data-recalc-dims=\"1\" loading=\"lazy\" decoding=\"async\" width=\"810\" height=\"405\" data-attachment-id=\"9977\" data-permalink=\"https:\/\/lahoradelcampo.com.uy\/site\/stock-de-trigo-en-marzo-similar-al-de-un-ano-atras\/merino-4\/\" data-orig-file=\"https:\/\/i0.wp.com\/lahoradelcampo.com.uy\/site\/wp-content\/uploads\/2019\/04\/Merino.jpg?fit=880%2C440&amp;ssl=1\" data-orig-size=\"880,440\" data-comments-opened=\"1\" data-image-meta=\"{&quot;aperture&quot;:&quot;0&quot;,&quot;credit&quot;:&quot;&quot;,&quot;camera&quot;:&quot;&quot;,&quot;caption&quot;:&quot;&quot;,&quot;created_timestamp&quot;:&quot;0&quot;,&quot;copyright&quot;:&quot;&quot;,&quot;focal_length&quot;:&quot;0&quot;,&quot;iso&quot;:&quot;0&quot;,&quot;shutter_speed&quot;:&quot;0&quot;,&quot;title&quot;:&quot;&quot;,&quot;orientation&quot;:&quot;1&quot;}\" data-image-title=\"Merino\" data-image-description=\"\" data-image-caption=\"\" data-large-file=\"https:\/\/i0.wp.com\/lahoradelcampo.com.uy\/site\/wp-content\/uploads\/2019\/04\/Merino.jpg?fit=810%2C405&amp;ssl=1\" src=\"https:\/\/i0.wp.com\/lahoradelcampo.com.uy\/site\/wp-content\/uploads\/2019\/04\/Merino.jpg?resize=810%2C405\" alt=\"\" class=\"wp-image-9977\" srcset=\"https:\/\/i0.wp.com\/lahoradelcampo.com.uy\/site\/wp-content\/uploads\/2019\/04\/Merino.jpg?w=880&amp;ssl=1 880w, https:\/\/i0.wp.com\/lahoradelcampo.com.uy\/site\/wp-content\/uploads\/2019\/04\/Merino.jpg?resize=300%2C150&amp;ssl=1 300w, https:\/\/i0.wp.com\/lahoradelcampo.com.uy\/site\/wp-content\/uploads\/2019\/04\/Merino.jpg?resize=768%2C384&amp;ssl=1 768w, https:\/\/i0.wp.com\/lahoradelcampo.com.uy\/site\/wp-content\/uploads\/2019\/04\/Merino.jpg?resize=820%2C410&amp;ssl=1 820w\" sizes=\"auto, (max-width: 810px) 100vw, 810px\" \/><\/figure>\n\n\n\n<p>El martes 8 de marzo se realiza en el predio de la Asociaci\u00f3n Agropecuaria de Salto, el D\u00eda del Merino, con una selecci\u00f3n gen\u00e9tica de primer nivel y la participaci\u00f3n de las principales caba\u00f1as del Uruguay.<\/p>\n\n\n\n<p>Como es tradicional la actividad tendr\u00e1 una calificaci\u00f3n de los mejores reproductores, con un importante componente de datos objetivos, que respaldan el trabajo gen\u00e9tico que ha venido desarrollando la raza en el pa\u00eds. <\/p>\n\n\n\n<p>Este a\u00f1o, la Sociedad de Criadores de Merino Australiano del Uruguay organiz\u00f3 para realizar en el marco del D\u00eda del Merino, una charla sobre el futuro de la producci\u00f3n de lanas. <\/p>\n\n\n\n<p>La misma se desarrollar\u00e1 a partir de la hora 10, denominada \u00abMano a mano con la Industria, mirando al futuro y valorizando nuestras lanas\u00bb. En dicha actividad se dialogar\u00e1 sobre certificaciones y la calidad de la cosecha. <\/p>\n\n\n\n<p>Salto, 2 de marzo de 2022<\/p>\n","protected":false},"excerpt":{"rendered":"<p>El martes 8 de marzo se realiza en el predio de la Asociaci\u00f3n Agropecuaria de Salto, el D\u00eda del Merino, con una selecci\u00f3n gen\u00e9tica de primer nivel y la participaci\u00f3n [&hellip;]<\/p>\n","protected":false},"author":5,"featured_media":9977,"comment_status":"open","ping_status":"open","sticky":false,"template":"","format":"standard","meta":{"_price":"","_stock":"","_tribe_ticket_header":"","_tribe_default_ticket_provider":"","_tribe_ticket_capacity":"0","_ticket_start_date":"","_ticket_end_date":"","_tribe_ticket_show_description":"","_tribe_ticket_show_not_going":false,"_tribe_ticket_use_global_stock":"","_tribe_ticket_global_stock_level":"","_global_stock_mode":"","_global_stock_cap":"","_tribe_rsvp_for_event":"","_tribe_ticket_going_count":"","_tribe_ticket_not_going_count":"","_tribe_tickets_list":"[]","_tribe_ticket_has_attendee_info_fields":false,"h5ap_radio_sources":[],"_jetpack_newsletter_access":"","_jetpack_dont_email_post_to_subs":false,"_jetpack_newsletter_tier_id":0,"_jetpack_memberships_contains_paywalled_content":false,"_jetpack_memberships_contains_paid_content":false,"footnotes":""},"categories":[21,13],"tags":[],"class_list":["post-39485","post","type-post","status-publish","format-standard","has-post-thumbnail","hentry","category-actualidad","category-ovinos"],"jetpack_featured_media_url":"https:\/\/i0.wp.com\/lahoradelcampo.com.uy\/site\/wp-content\/uploads\/2019\/04\/Merino.jpg?fit=880%2C440&ssl=1","jetpack_sharing_enabled":true,"jetpack_shortlink":"https:\/\/wp.me\/p99IaT-agR","jetpack-related-posts":[{"id":49021,"url":"https:\/\/lahoradelcampo.com.uy\/site\/hoy-se-realiza-en-salto-el-dia-del-merino\/","url_meta":{"origin":39485,"position":0},"title":"Hoy se realiza en Salto,  el D\u00eda del Merino","author":"La Hora del Campo","date":"2 marzo, 2023","format":false,"excerpt":"Hoy, 2 de marzo, se realiza la vig\u00e9simo segunda edici\u00f3n del \"D\u00eda del Merino\" en el predio de la Asociaci\u00f3n Agropecuaria de Salto, el evento anual m\u00e1s importante de la raza donde se realizan charlas y se presentan en la pista los mejores ejemplares de la raza, ubicados en el\u2026","rel":"","context":"En \u00abActualidad\u00bb","block_context":{"text":"Actualidad","link":"https:\/\/lahoradelcampo.com.uy\/site\/category\/actualidad\/"},"img":{"alt_text":"","src":"https:\/\/i0.wp.com\/lahoradelcampo.com.uy\/site\/wp-content\/uploads\/2018\/04\/Merino.jpg?fit=880%2C440&ssl=1&resize=350%2C200","width":350,"height":200,"srcset":"https:\/\/i0.wp.com\/lahoradelcampo.com.uy\/site\/wp-content\/uploads\/2018\/04\/Merino.jpg?fit=880%2C440&ssl=1&resize=350%2C200 1x, https:\/\/i0.wp.com\/lahoradelcampo.com.uy\/site\/wp-content\/uploads\/2018\/04\/Merino.jpg?fit=880%2C440&ssl=1&resize=525%2C300 1.5x, https:\/\/i0.wp.com\/lahoradelcampo.com.uy\/site\/wp-content\/uploads\/2018\/04\/Merino.jpg?fit=880%2C440&ssl=1&resize=700%2C400 2x"},"classes":[]},{"id":56101,"url":"https:\/\/lahoradelcampo.com.uy\/site\/gira-merino-se-realiza-en-salto-y-la-corriedale-en-cerro-largo-y-bage\/","url_meta":{"origin":39485,"position":1},"title":"Gira Merino se realiza en Salto y la Corriedale en Cerro Largo y Bag\u00e9","author":"La Hora del Campo","date":"15 mayo, 2025","format":false,"excerpt":"Con apenas un d\u00eda de diferencia, dos razas emblem\u00e1ticas del pa\u00eds, Merino Australiano y Corriedale, protagonizar\u00e1n sus giras t\u00e9cnicas para la cual convocan a productores, t\u00e9cnicos, investigadores y estudiantes en torno a los avances y desaf\u00edos de la producci\u00f3n ovina. Salto ser\u00e1 sede de la \"Gira Merino 2025\", mientras que\u2026","rel":"","context":"En \u00abActualidad\u00bb","block_context":{"text":"Actualidad","link":"https:\/\/lahoradelcampo.com.uy\/site\/category\/actualidad\/"},"img":{"alt_text":"","src":"https:\/\/i0.wp.com\/lahoradelcampo.com.uy\/site\/wp-content\/uploads\/2024\/07\/merino-lana.jpg?fit=880%2C440&ssl=1&resize=350%2C200","width":350,"height":200,"srcset":"https:\/\/i0.wp.com\/lahoradelcampo.com.uy\/site\/wp-content\/uploads\/2024\/07\/merino-lana.jpg?fit=880%2C440&ssl=1&resize=350%2C200 1x, https:\/\/i0.wp.com\/lahoradelcampo.com.uy\/site\/wp-content\/uploads\/2024\/07\/merino-lana.jpg?fit=880%2C440&ssl=1&resize=525%2C300 1.5x, https:\/\/i0.wp.com\/lahoradelcampo.com.uy\/site\/wp-content\/uploads\/2024\/07\/merino-lana.jpg?fit=880%2C440&ssl=1&resize=700%2C400 2x"},"classes":[]},{"id":16870,"url":"https:\/\/lahoradelcampo.com.uy\/site\/el-dia-del-merino-se-realizara-en-paysandu-este-ano\/","url_meta":{"origin":39485,"position":2},"title":"El D\u00eda del Merino se realizar\u00e1 en Paysand\u00fa este a\u00f1o","author":"La Hora del Campo","date":"14 enero, 2020","format":false,"excerpt":"La Sociedad de Criadores de Merino Australiano del Uruguay, ha definido un cambio en el tradicional D\u00eda del Merino, donde se colocan a calificaci\u00f3n y posterior venta, animales gen\u00e9ticamente superiores de las diferentes caba\u00f1as participantes. El Dr. Juan Carlos Tafernaberry, presidente de la gremial, dijo a Faxlana, que este a\u00f1o\u2026","rel":"","context":"En \u00abActualidad\u00bb","block_context":{"text":"Actualidad","link":"https:\/\/lahoradelcampo.com.uy\/site\/category\/actualidad\/"},"img":{"alt_text":"","src":"https:\/\/i0.wp.com\/lahoradelcampo.com.uy\/site\/wp-content\/uploads\/2017\/10\/Merino-Australiano.jpg?fit=880%2C440&ssl=1&resize=350%2C200","width":350,"height":200,"srcset":"https:\/\/i0.wp.com\/lahoradelcampo.com.uy\/site\/wp-content\/uploads\/2017\/10\/Merino-Australiano.jpg?fit=880%2C440&ssl=1&resize=350%2C200 1x, https:\/\/i0.wp.com\/lahoradelcampo.com.uy\/site\/wp-content\/uploads\/2017\/10\/Merino-Australiano.jpg?fit=880%2C440&ssl=1&resize=525%2C300 1.5x, https:\/\/i0.wp.com\/lahoradelcampo.com.uy\/site\/wp-content\/uploads\/2017\/10\/Merino-Australiano.jpg?fit=880%2C440&ssl=1&resize=700%2C400 2x"},"classes":[]},{"id":6325,"url":"https:\/\/lahoradelcampo.com.uy\/site\/sabado-comienza-el-congreso-mundial-de-merino-con-mas-de-200-animales\/","url_meta":{"origin":39485,"position":3},"title":"S\u00e1bado comienza el Congreso Mundial  de Merino con m\u00e1s de 200 animales","author":"La Hora del Campo","date":"1 abril, 2018","format":false,"excerpt":"Del 7 al 15 de abril se desarrolla en nuestro pa\u00eds la 10\u00aa Conferencia Mundial Merino Australiano, actividad que se realiza cada cuatro a\u00f1os y re\u00fane la familia de criadores de la raza. Esta es la segunda oportunidad donde este congreso llega a nuestro pa\u00eds, la primera fue en el\u2026","rel":"","context":"En \u00abActualidad\u00bb","block_context":{"text":"Actualidad","link":"https:\/\/lahoradelcampo.com.uy\/site\/category\/actualidad\/"},"img":{"alt_text":"","src":"https:\/\/i0.wp.com\/lahoradelcampo.com.uy\/site\/wp-content\/uploads\/2018\/04\/Merino.jpg?fit=880%2C440&ssl=1&resize=350%2C200","width":350,"height":200,"srcset":"https:\/\/i0.wp.com\/lahoradelcampo.com.uy\/site\/wp-content\/uploads\/2018\/04\/Merino.jpg?fit=880%2C440&ssl=1&resize=350%2C200 1x, https:\/\/i0.wp.com\/lahoradelcampo.com.uy\/site\/wp-content\/uploads\/2018\/04\/Merino.jpg?fit=880%2C440&ssl=1&resize=525%2C300 1.5x, https:\/\/i0.wp.com\/lahoradelcampo.com.uy\/site\/wp-content\/uploads\/2018\/04\/Merino.jpg?fit=880%2C440&ssl=1&resize=700%2C400 2x"},"classes":[]},{"id":5655,"url":"https:\/\/lahoradelcampo.com.uy\/site\/se-acerca-el-10o-congreso-mundial-del-merino-a-realizarse-en-uruguay\/","url_meta":{"origin":39485,"position":4},"title":"Se acerca el 10\u00ba Congreso Mundial del Merino a realizarse en Uruguay","author":"La Hora del Campo","date":"31 enero, 2018","format":false,"excerpt":"Del 7 al 15 de abril se desarrollar\u00e1 en nuestro pa\u00eds la 10\u00aa Conferencia Mundial Merino Australiano, est\u00e1 es la segunda oportunidad donde este congreso llega a nuestro pa\u00eds, la primera fue en el a\u00f1o 1994, donde fueron recibidas las delegaciones participantes de la cuarta conferencia mundial. Los escenarios son\u2026","rel":"","context":"En \u00abActualidad\u00bb","block_context":{"text":"Actualidad","link":"https:\/\/lahoradelcampo.com.uy\/site\/category\/actualidad\/"},"img":{"alt_text":"","src":"https:\/\/i0.wp.com\/lahoradelcampo.com.uy\/site\/wp-content\/uploads\/2018\/01\/Merino.jpg?fit=880%2C440&ssl=1&resize=350%2C200","width":350,"height":200,"srcset":"https:\/\/i0.wp.com\/lahoradelcampo.com.uy\/site\/wp-content\/uploads\/2018\/01\/Merino.jpg?fit=880%2C440&ssl=1&resize=350%2C200 1x, https:\/\/i0.wp.com\/lahoradelcampo.com.uy\/site\/wp-content\/uploads\/2018\/01\/Merino.jpg?fit=880%2C440&ssl=1&resize=525%2C300 1.5x, https:\/\/i0.wp.com\/lahoradelcampo.com.uy\/site\/wp-content\/uploads\/2018\/01\/Merino.jpg?fit=880%2C440&ssl=1&resize=700%2C400 2x"},"classes":[]},{"id":24128,"url":"https:\/\/lahoradelcampo.com.uy\/site\/goncalvez-este-ano-contamos-con-mas-reproductores-que-el-ano-pasado\/","url_meta":{"origin":39485,"position":5},"title":"Gon\u00e7alvez: Este a\u00f1o contamos con m\u00e1s reproductores que el a\u00f1o pasado","author":"La Hora del Campo","date":"29 septiembre, 2020","format":false,"excerpt":"Sebasti\u00e1n Gon\u00e7alvez, el director de Exposiciones de la Asociaci\u00f3n Agropecuaria de Salto, dijo \"estamos muy conformes este a\u00f1o, tuvimos una buena inscripci\u00f3n tanto en lanares como vacunos, tenemos 20 toros m\u00e1s que el a\u00f1o pasado\". En lo que respecta al programa ganadero de la muestra, la actividad comenzar\u00e1 el jueves\u2026","rel":"","context":"En \u00abActualidad\u00bb","block_context":{"text":"Actualidad","link":"https:\/\/lahoradelcampo.com.uy\/site\/category\/actualidad\/"},"img":{"alt_text":"","src":"https:\/\/i0.wp.com\/lahoradelcampo.com.uy\/site\/wp-content\/uploads\/2017\/09\/Sebastian-Goncalvez.jpg?fit=880%2C440&ssl=1&resize=350%2C200","width":350,"height":200,"srcset":"https:\/\/i0.wp.com\/lahoradelcampo.com.uy\/site\/wp-content\/uploads\/2017\/09\/Sebastian-Goncalvez.jpg?fit=880%2C440&ssl=1&resize=350%2C200 1x, https:\/\/i0.wp.com\/lahoradelcampo.com.uy\/site\/wp-content\/uploads\/2017\/09\/Sebastian-Goncalvez.jpg?fit=880%2C440&ssl=1&resize=525%2C300 1.5x, https:\/\/i0.wp.com\/lahoradelcampo.com.uy\/site\/wp-content\/uploads\/2017\/09\/Sebastian-Goncalvez.jpg?fit=880%2C440&ssl=1&resize=700%2C400 2x"},"classes":[]}],"jetpack_likes_enabled":true,"_links":{"self":[{"href":"https:\/\/lahoradelcampo.com.uy\/site\/wp-json\/wp\/v2\/posts\/39485","targetHints":{"allow":["GET"]}}],"collection":[{"href":"https:\/\/lahoradelcampo.com.uy\/site\/wp-json\/wp\/v2\/posts"}],"about":[{"href":"https:\/\/lahoradelcampo.com.uy\/site\/wp-json\/wp\/v2\/types\/post"}],"author":[{"embeddable":true,"href":"https:\/\/lahoradelcampo.com.uy\/site\/wp-json\/wp\/v2\/users\/5"}],"replies":[{"embeddable":true,"href":"https:\/\/lahoradelcampo.com.uy\/site\/wp-json\/wp\/v2\/comments?post=39485"}],"version-history":[{"count":1,"href":"https:\/\/lahoradelcampo.com.uy\/site\/wp-json\/wp\/v2\/posts\/39485\/revisions"}],"predecessor-version":[{"id":39487,"href":"https:\/\/lahoradelcampo.com.uy\/site\/wp-json\/wp\/v2\/posts\/39485\/revisions\/39487"}],"wp:featuredmedia":[{"embeddable":true,"href":"https:\/\/lahoradelcampo.com.uy\/site\/wp-json\/wp\/v2\/media\/9977"}],"wp:attachment":[{"href":"https:\/\/lahoradelcampo.com.uy\/site\/wp-json\/wp\/v2\/media?parent=39485"}],"wp:term":[{"taxonomy":"category","embeddable":true,"href":"https:\/\/lahoradelcampo.com.uy\/site\/wp-json\/wp\/v2\/categories?post=39485"},{"taxonomy":"post_tag","embeddable":true,"href":"https:\/\/lahoradelcampo.com.uy\/site\/wp-json\/wp\/v2\/tags?post=39485"}],"curies":[{"name":"wp","href":"https:\/\/api.w.org\/{rel}","templated":true}]}}