{"id":39025,"date":"2022-02-09T19:02:10","date_gmt":"2022-02-09T22:02:10","guid":{"rendered":"http:\/\/lahoradelcampo.com.uy\/site\/?p=39025"},"modified":"2022-02-09T19:02:14","modified_gmt":"2022-02-09T22:02:14","slug":"lote-21-concreto-su-remate-171-con-subas-importantes","status":"publish","type":"post","link":"https:\/\/lahoradelcampo.com.uy\/site\/lote-21-concreto-su-remate-171-con-subas-importantes\/","title":{"rendered":"Lote 21 concret\u00f3 su remate 171 con subas importantes"},"content":{"rendered":"\n<figure class=\"wp-block-image\"><img data-recalc-dims=\"1\" loading=\"lazy\" decoding=\"async\" width=\"810\" height=\"405\" data-attachment-id=\"7215\" data-permalink=\"https:\/\/lahoradelcampo.com.uy\/site\/vacas-de-invernar-subieron-124-en-lote-21\/lote21-4\/\" data-orig-file=\"https:\/\/i0.wp.com\/lahoradelcampo.com.uy\/site\/wp-content\/uploads\/2018\/05\/lote21.jpg?fit=880%2C440&amp;ssl=1\" data-orig-size=\"880,440\" data-comments-opened=\"1\" data-image-meta=\"{&quot;aperture&quot;:&quot;0&quot;,&quot;credit&quot;:&quot;&quot;,&quot;camera&quot;:&quot;&quot;,&quot;caption&quot;:&quot;&quot;,&quot;created_timestamp&quot;:&quot;0&quot;,&quot;copyright&quot;:&quot;&quot;,&quot;focal_length&quot;:&quot;0&quot;,&quot;iso&quot;:&quot;0&quot;,&quot;shutter_speed&quot;:&quot;0&quot;,&quot;title&quot;:&quot;&quot;,&quot;orientation&quot;:&quot;1&quot;}\" data-image-title=\"lote21\" data-image-description=\"\" data-image-caption=\"\" data-large-file=\"https:\/\/i0.wp.com\/lahoradelcampo.com.uy\/site\/wp-content\/uploads\/2018\/05\/lote21.jpg?fit=810%2C405&amp;ssl=1\" src=\"https:\/\/i0.wp.com\/lahoradelcampo.com.uy\/site\/wp-content\/uploads\/2018\/05\/lote21.jpg?resize=810%2C405\" alt=\"\" class=\"wp-image-7215\" srcset=\"https:\/\/i0.wp.com\/lahoradelcampo.com.uy\/site\/wp-content\/uploads\/2018\/05\/lote21.jpg?w=880&amp;ssl=1 880w, https:\/\/i0.wp.com\/lahoradelcampo.com.uy\/site\/wp-content\/uploads\/2018\/05\/lote21.jpg?resize=300%2C150&amp;ssl=1 300w, https:\/\/i0.wp.com\/lahoradelcampo.com.uy\/site\/wp-content\/uploads\/2018\/05\/lote21.jpg?resize=768%2C384&amp;ssl=1 768w, https:\/\/i0.wp.com\/lahoradelcampo.com.uy\/site\/wp-content\/uploads\/2018\/05\/lote21.jpg?resize=820%2C410&amp;ssl=1 820w\" sizes=\"auto, (max-width: 810px) 100vw, 810px\" \/><\/figure>\n\n\n\n<p>El consorcio de rematadores de Lote 21 concret\u00f3 ayer su remate 171, el primero del calendario de este 2022, en un contexto de poca oferta y alta demanda, principalmente desde el sur, centro y este del pa\u00eds. <br><\/p>\n\n\n\n<p>Las precipitaciones, salvo en el norte, generaron una demanda importante para la reposici\u00f3n que ya ha mostrado un incremento en sus cotizaciones en ventas anteriores, tanto por pantalla como a nivel de las pistas de ferias. En la jornada de ayer no pod\u00eda ser la excepci\u00f3n y se observ\u00f3 subas en todos las categor\u00edas. <br><\/p>\n\n\n\n<p>Lo m\u00e1s importante es el dinamismo y la agilidad de las ventas, tanto en los ganados de invernada como en la cr\u00eda, coloc\u00e1ndose el 99% de la oferta. Claramente la invernada, con los negocios m\u00e1s cercanos logr\u00f3 mayores subas. <\/p>\n\n\n\n<div class=\"wp-block-image\"><figure class=\"aligncenter is-resized\"><img data-recalc-dims=\"1\" loading=\"lazy\" decoding=\"async\" data-attachment-id=\"39027\" data-permalink=\"https:\/\/lahoradelcampo.com.uy\/site\/lote-21-concreto-su-remate-171-con-subas-importantes\/lote21-10\/\" data-orig-file=\"https:\/\/i0.wp.com\/lahoradelcampo.com.uy\/site\/wp-content\/uploads\/2022\/02\/lote21.jpg?fit=589%2C562&amp;ssl=1\" data-orig-size=\"589,562\" data-comments-opened=\"1\" data-image-meta=\"{&quot;aperture&quot;:&quot;0&quot;,&quot;credit&quot;:&quot;&quot;,&quot;camera&quot;:&quot;&quot;,&quot;caption&quot;:&quot;&quot;,&quot;created_timestamp&quot;:&quot;0&quot;,&quot;copyright&quot;:&quot;&quot;,&quot;focal_length&quot;:&quot;0&quot;,&quot;iso&quot;:&quot;0&quot;,&quot;shutter_speed&quot;:&quot;0&quot;,&quot;title&quot;:&quot;&quot;,&quot;orientation&quot;:&quot;0&quot;}\" data-image-title=\"lote21\" data-image-description=\"\" data-image-caption=\"\" data-large-file=\"https:\/\/i0.wp.com\/lahoradelcampo.com.uy\/site\/wp-content\/uploads\/2022\/02\/lote21.jpg?fit=589%2C562&amp;ssl=1\" src=\"https:\/\/i0.wp.com\/lahoradelcampo.com.uy\/site\/wp-content\/uploads\/2022\/02\/lote21.jpg?resize=400%2C382\" alt=\"\" class=\"wp-image-39027\" width=\"400\" height=\"382\" srcset=\"https:\/\/i0.wp.com\/lahoradelcampo.com.uy\/site\/wp-content\/uploads\/2022\/02\/lote21.jpg?w=589&amp;ssl=1 589w, https:\/\/i0.wp.com\/lahoradelcampo.com.uy\/site\/wp-content\/uploads\/2022\/02\/lote21.jpg?resize=300%2C286&amp;ssl=1 300w\" sizes=\"auto, (max-width: 400px) 100vw, 400px\" \/><\/figure><\/div>\n\n\n\n<p>Salto, 9 de febrero de 2022<\/p>\n","protected":false},"excerpt":{"rendered":"<p>El consorcio de rematadores de Lote 21 concret\u00f3 ayer su remate 171, el primero del calendario de este 2022, en un contexto de poca oferta y alta demanda, principalmente desde [&hellip;]<\/p>\n","protected":false},"author":5,"featured_media":7215,"comment_status":"open","ping_status":"open","sticky":false,"template":"","format":"standard","meta":{"_price":"","_stock":"","_tribe_ticket_header":"","_tribe_default_ticket_provider":"","_tribe_ticket_capacity":"0","_ticket_start_date":"","_ticket_end_date":"","_tribe_ticket_show_description":"","_tribe_ticket_show_not_going":false,"_tribe_ticket_use_global_stock":"","_tribe_ticket_global_stock_level":"","_global_stock_mode":"","_global_stock_cap":"","_tribe_rsvp_for_event":"","_tribe_ticket_going_count":"","_tribe_ticket_not_going_count":"","_tribe_tickets_list":"[]","_tribe_ticket_has_attendee_info_fields":false,"h5ap_radio_sources":[],"_jetpack_newsletter_access":"","_jetpack_dont_email_post_to_subs":false,"_jetpack_newsletter_tier_id":0,"_jetpack_memberships_contains_paywalled_content":false,"_jetpack_memberships_contains_paid_content":false,"footnotes":""},"categories":[21,5],"tags":[],"class_list":["post-39025","post","type-post","status-publish","format-standard","has-post-thumbnail","hentry","category-actualidad","category-ganaderia"],"jetpack_featured_media_url":"https:\/\/i0.wp.com\/lahoradelcampo.com.uy\/site\/wp-content\/uploads\/2018\/05\/lote21.jpg?fit=880%2C440&ssl=1","jetpack_sharing_enabled":true,"jetpack_shortlink":"https:\/\/wp.me\/p99IaT-a9r","jetpack-related-posts":[{"id":41511,"url":"https:\/\/lahoradelcampo.com.uy\/site\/lote-21-coloco-el-987-de-los-ganados-de-invernada\/","url_meta":{"origin":39025,"position":0},"title":"Lote 21 coloc\u00f3  el 98,7% de los ganados de invernada","author":"La Hora del Campo","date":"5 mayo, 2022","format":false,"excerpt":"El consorcio de rematadores de Lote 21 concret\u00f3 en la jornada de ayer su primer d\u00eda de ventas del remate 174. En la propuesta de los escritorios se ofreci\u00f3 las categor\u00edas de invernada, donde se logr\u00f3 un 98,7% de colocaci\u00f3n y una gran din\u00e1mica en los negocios y valores en\u2026","rel":"","context":"En \u00abActualidad\u00bb","block_context":{"text":"Actualidad","link":"https:\/\/lahoradelcampo.com.uy\/site\/category\/actualidad\/"},"img":{"alt_text":"","src":"https:\/\/i0.wp.com\/lahoradelcampo.com.uy\/site\/wp-content\/uploads\/2022\/03\/LOTE21-10-3.jpg?fit=880%2C440&ssl=1&resize=350%2C200","width":350,"height":200,"srcset":"https:\/\/i0.wp.com\/lahoradelcampo.com.uy\/site\/wp-content\/uploads\/2022\/03\/LOTE21-10-3.jpg?fit=880%2C440&ssl=1&resize=350%2C200 1x, https:\/\/i0.wp.com\/lahoradelcampo.com.uy\/site\/wp-content\/uploads\/2022\/03\/LOTE21-10-3.jpg?fit=880%2C440&ssl=1&resize=525%2C300 1.5x, https:\/\/i0.wp.com\/lahoradelcampo.com.uy\/site\/wp-content\/uploads\/2022\/03\/LOTE21-10-3.jpg?fit=880%2C440&ssl=1&resize=700%2C400 2x"},"classes":[]},{"id":41557,"url":"https:\/\/lahoradelcampo.com.uy\/site\/lote-21-cerro-el-remate-de-mayo-con-un-958-de-colocacion\/","url_meta":{"origin":39025,"position":1},"title":"Lote 21 cerr\u00f3 el remate de mayo con un 95,8% de colocaci\u00f3n","author":"La Hora del Campo","date":"6 mayo, 2022","format":false,"excerpt":"Conformidad en todo el consorcio de rematadores de Lote 21, al cierre de la segunda jornada de ventas, con un 95,8% de colocaci\u00f3n en los vacunos y con valores que ajustan al alza en todas las categor\u00edas. Federico Rodr\u00edguez, presidente del consorcio, agradeci\u00f3 a vendedores y compradores al final del\u2026","rel":"","context":"En \u00abActualidad\u00bb","block_context":{"text":"Actualidad","link":"https:\/\/lahoradelcampo.com.uy\/site\/category\/actualidad\/"},"img":{"alt_text":"","src":"https:\/\/i0.wp.com\/lahoradelcampo.com.uy\/site\/wp-content\/uploads\/2022\/05\/Lote21-remate.jpg?fit=880%2C440&ssl=1&resize=350%2C200","width":350,"height":200,"srcset":"https:\/\/i0.wp.com\/lahoradelcampo.com.uy\/site\/wp-content\/uploads\/2022\/05\/Lote21-remate.jpg?fit=880%2C440&ssl=1&resize=350%2C200 1x, https:\/\/i0.wp.com\/lahoradelcampo.com.uy\/site\/wp-content\/uploads\/2022\/05\/Lote21-remate.jpg?fit=880%2C440&ssl=1&resize=525%2C300 1.5x, https:\/\/i0.wp.com\/lahoradelcampo.com.uy\/site\/wp-content\/uploads\/2022\/05\/Lote21-remate.jpg?fit=880%2C440&ssl=1&resize=700%2C400 2x"},"classes":[]},{"id":25336,"url":"https:\/\/lahoradelcampo.com.uy\/site\/lote-21-remate-cauteloso-y-con-ajustes-en-todas-las-categorias\/","url_meta":{"origin":39025,"position":2},"title":"Lote 21: remate cauteloso y con ajustes en todas las categor\u00edas","author":"La Hora del Campo","date":"5 noviembre, 2020","format":false,"excerpt":"El remate del mes de octubre del consorcio de rematadores de Lote 21, se concret\u00f3 en la jornada de ayer, con un mercado cauteloso, una demanda retra\u00edda y pensando en la baja del mercado del ganado gordo, en la mayor oferta que a apareciendo y en muchos casos mirando el\u2026","rel":"","context":"En \u00abActualidad\u00bb","block_context":{"text":"Actualidad","link":"https:\/\/lahoradelcampo.com.uy\/site\/category\/actualidad\/"},"img":{"alt_text":"","src":"https:\/\/i0.wp.com\/lahoradelcampo.com.uy\/site\/wp-content\/uploads\/2019\/12\/Lote21-ultima.jpg?fit=880%2C440&ssl=1&resize=350%2C200","width":350,"height":200,"srcset":"https:\/\/i0.wp.com\/lahoradelcampo.com.uy\/site\/wp-content\/uploads\/2019\/12\/Lote21-ultima.jpg?fit=880%2C440&ssl=1&resize=350%2C200 1x, https:\/\/i0.wp.com\/lahoradelcampo.com.uy\/site\/wp-content\/uploads\/2019\/12\/Lote21-ultima.jpg?fit=880%2C440&ssl=1&resize=525%2C300 1.5x, https:\/\/i0.wp.com\/lahoradelcampo.com.uy\/site\/wp-content\/uploads\/2019\/12\/Lote21-ultima.jpg?fit=880%2C440&ssl=1&resize=700%2C400 2x"},"classes":[]},{"id":2851,"url":"https:\/\/lahoradelcampo.com.uy\/site\/lote-21-coloco-el-92-de-la-oferta-en-su-remate-124\/","url_meta":{"origin":39025,"position":3},"title":"Lote 21 coloc\u00f3 el 92% de  la oferta en su remate 124","author":"La Hora del Campo","date":"18 octubre, 2017","format":false,"excerpt":"El consorcio de rematadores de Lote 21 concret\u00f3 en la jornada de ayer su 124 remate por pantalla desde el Hip\u00f3dromo de Maro\u00f1as y a trav\u00e9s de los diferentes telecentros de venta en el interior del pa\u00eds. La oferta de ganados de reposici\u00f3n en esta venta se logr\u00f3 colocar en\u2026","rel":"","context":"En \u00abActualidad\u00bb","block_context":{"text":"Actualidad","link":"https:\/\/lahoradelcampo.com.uy\/site\/category\/actualidad\/"},"img":{"alt_text":"","src":"https:\/\/i0.wp.com\/lahoradelcampo.com.uy\/site\/wp-content\/uploads\/2017\/10\/Lote21.jpg?fit=880%2C440&ssl=1&resize=350%2C200","width":350,"height":200,"srcset":"https:\/\/i0.wp.com\/lahoradelcampo.com.uy\/site\/wp-content\/uploads\/2017\/10\/Lote21.jpg?fit=880%2C440&ssl=1&resize=350%2C200 1x, https:\/\/i0.wp.com\/lahoradelcampo.com.uy\/site\/wp-content\/uploads\/2017\/10\/Lote21.jpg?fit=880%2C440&ssl=1&resize=525%2C300 1.5x, https:\/\/i0.wp.com\/lahoradelcampo.com.uy\/site\/wp-content\/uploads\/2017\/10\/Lote21.jpg?fit=880%2C440&ssl=1&resize=700%2C400 2x"},"classes":[]},{"id":41327,"url":"https:\/\/lahoradelcampo.com.uy\/site\/tras-dos-dias-de-ventas-pantalla-uruguay-vendio-el-97\/","url_meta":{"origin":39025,"position":4},"title":"Tras dos d\u00edas de ventas Pantalla Uruguay vendi\u00f3 el 97%","author":"La Hora del Campo","date":"29 abril, 2022","format":false,"excerpt":"Pantalla Uruguay concret\u00f3 ayer la segunda jornada de ventas del remate 241 del consorcio, que incluye en esta oportunidad la Ganadera Hereford de oto\u00f1o, con ganados certificados por la Sociedad de Criadores Hereford del Uruguay. En la primera jornada se comercializaron \u00fanicamente los terneros y las terneras, con una importante\u2026","rel":"","context":"En \u00abGanader\u00eda\u00bb","block_context":{"text":"Ganader\u00eda","link":"https:\/\/lahoradelcampo.com.uy\/site\/category\/ganaderia\/"},"img":{"alt_text":"","src":"https:\/\/i0.wp.com\/lahoradelcampo.com.uy\/site\/wp-content\/uploads\/2019\/04\/Pantalla.jpg?fit=880%2C440&ssl=1&resize=350%2C200","width":350,"height":200,"srcset":"https:\/\/i0.wp.com\/lahoradelcampo.com.uy\/site\/wp-content\/uploads\/2019\/04\/Pantalla.jpg?fit=880%2C440&ssl=1&resize=350%2C200 1x, https:\/\/i0.wp.com\/lahoradelcampo.com.uy\/site\/wp-content\/uploads\/2019\/04\/Pantalla.jpg?fit=880%2C440&ssl=1&resize=525%2C300 1.5x, https:\/\/i0.wp.com\/lahoradelcampo.com.uy\/site\/wp-content\/uploads\/2019\/04\/Pantalla.jpg?fit=880%2C440&ssl=1&resize=700%2C400 2x"},"classes":[]},{"id":28702,"url":"https:\/\/lahoradelcampo.com.uy\/site\/en-las-tres-primeras-jornadas-de-ventas-plaza-rural-coloco-el-95\/","url_meta":{"origin":39025,"position":5},"title":"En las tres primeras jornadas de ventas Plaza Rural coloc\u00f3 el 95%","author":"La Hora del Campo","date":"22 marzo, 2021","format":false,"excerpt":"El consorcio de rematadores de Plaza Rural concret\u00f3 los tres primeros d\u00edas de ventas, con un 95% de colocaci\u00f3n de la oferta. El primer d\u00eda con las ventas de los terneros, el mercado se present\u00f3 fuerte al alza, con subas importantes respecto al remate anterior. En este sentido la demanda\u2026","rel":"","context":"En \u00abActualidad\u00bb","block_context":{"text":"Actualidad","link":"https:\/\/lahoradelcampo.com.uy\/site\/category\/actualidad\/"},"img":{"alt_text":"","src":"https:\/\/i0.wp.com\/lahoradelcampo.com.uy\/site\/wp-content\/uploads\/2021\/02\/PLazarural.jpg?fit=880%2C440&ssl=1&resize=350%2C200","width":350,"height":200,"srcset":"https:\/\/i0.wp.com\/lahoradelcampo.com.uy\/site\/wp-content\/uploads\/2021\/02\/PLazarural.jpg?fit=880%2C440&ssl=1&resize=350%2C200 1x, https:\/\/i0.wp.com\/lahoradelcampo.com.uy\/site\/wp-content\/uploads\/2021\/02\/PLazarural.jpg?fit=880%2C440&ssl=1&resize=525%2C300 1.5x, https:\/\/i0.wp.com\/lahoradelcampo.com.uy\/site\/wp-content\/uploads\/2021\/02\/PLazarural.jpg?fit=880%2C440&ssl=1&resize=700%2C400 2x"},"classes":[]}],"jetpack_likes_enabled":true,"_links":{"self":[{"href":"https:\/\/lahoradelcampo.com.uy\/site\/wp-json\/wp\/v2\/posts\/39025","targetHints":{"allow":["GET"]}}],"collection":[{"href":"https:\/\/lahoradelcampo.com.uy\/site\/wp-json\/wp\/v2\/posts"}],"about":[{"href":"https:\/\/lahoradelcampo.com.uy\/site\/wp-json\/wp\/v2\/types\/post"}],"author":[{"embeddable":true,"href":"https:\/\/lahoradelcampo.com.uy\/site\/wp-json\/wp\/v2\/users\/5"}],"replies":[{"embeddable":true,"href":"https:\/\/lahoradelcampo.com.uy\/site\/wp-json\/wp\/v2\/comments?post=39025"}],"version-history":[{"count":1,"href":"https:\/\/lahoradelcampo.com.uy\/site\/wp-json\/wp\/v2\/posts\/39025\/revisions"}],"predecessor-version":[{"id":39029,"href":"https:\/\/lahoradelcampo.com.uy\/site\/wp-json\/wp\/v2\/posts\/39025\/revisions\/39029"}],"wp:featuredmedia":[{"embeddable":true,"href":"https:\/\/lahoradelcampo.com.uy\/site\/wp-json\/wp\/v2\/media\/7215"}],"wp:attachment":[{"href":"https:\/\/lahoradelcampo.com.uy\/site\/wp-json\/wp\/v2\/media?parent=39025"}],"wp:term":[{"taxonomy":"category","embeddable":true,"href":"https:\/\/lahoradelcampo.com.uy\/site\/wp-json\/wp\/v2\/categories?post=39025"},{"taxonomy":"post_tag","embeddable":true,"href":"https:\/\/lahoradelcampo.com.uy\/site\/wp-json\/wp\/v2\/tags?post=39025"}],"curies":[{"name":"wp","href":"https:\/\/api.w.org\/{rel}","templated":true}]}}