{"id":38999,"date":"2022-02-08T16:52:08","date_gmt":"2022-02-08T19:52:08","guid":{"rendered":"http:\/\/lahoradelcampo.com.uy\/site\/?p=38999"},"modified":"2022-02-08T16:52:13","modified_gmt":"2022-02-08T19:52:13","slug":"diagramar-un-buen-calendario-sanitario-garantiza-una-mejor-produccion","status":"publish","type":"post","link":"https:\/\/lahoradelcampo.com.uy\/site\/diagramar-un-buen-calendario-sanitario-garantiza-una-mejor-produccion\/","title":{"rendered":"Diagramar un buen calendario sanitario garantiza una mejor producci\u00f3n"},"content":{"rendered":"\n<figure class=\"wp-block-image\"><img data-recalc-dims=\"1\" loading=\"lazy\" decoding=\"async\" width=\"810\" height=\"405\" data-attachment-id=\"28022\" data-permalink=\"https:\/\/lahoradelcampo.com.uy\/site\/estamos-para-entrar-en-la-3a-generacion-de-garrapatas-conozca-como-combatirla\/biogenesis-2\/\" data-orig-file=\"https:\/\/i0.wp.com\/lahoradelcampo.com.uy\/site\/wp-content\/uploads\/2021\/02\/biogenesis-2.jpg?fit=880%2C440&amp;ssl=1\" data-orig-size=\"880,440\" data-comments-opened=\"1\" data-image-meta=\"{&quot;aperture&quot;:&quot;0&quot;,&quot;credit&quot;:&quot;&quot;,&quot;camera&quot;:&quot;&quot;,&quot;caption&quot;:&quot;&quot;,&quot;created_timestamp&quot;:&quot;0&quot;,&quot;copyright&quot;:&quot;&quot;,&quot;focal_length&quot;:&quot;0&quot;,&quot;iso&quot;:&quot;0&quot;,&quot;shutter_speed&quot;:&quot;0&quot;,&quot;title&quot;:&quot;&quot;,&quot;orientation&quot;:&quot;1&quot;}\" data-image-title=\"biogenesis 2\" data-image-description=\"\" data-image-caption=\"\" data-large-file=\"https:\/\/i0.wp.com\/lahoradelcampo.com.uy\/site\/wp-content\/uploads\/2021\/02\/biogenesis-2.jpg?fit=810%2C405&amp;ssl=1\" src=\"https:\/\/i0.wp.com\/lahoradelcampo.com.uy\/site\/wp-content\/uploads\/2021\/02\/biogenesis-2.jpg?resize=810%2C405\" alt=\"\" class=\"wp-image-28022\" srcset=\"https:\/\/i0.wp.com\/lahoradelcampo.com.uy\/site\/wp-content\/uploads\/2021\/02\/biogenesis-2.jpg?w=880&amp;ssl=1 880w, https:\/\/i0.wp.com\/lahoradelcampo.com.uy\/site\/wp-content\/uploads\/2021\/02\/biogenesis-2.jpg?resize=300%2C150&amp;ssl=1 300w, https:\/\/i0.wp.com\/lahoradelcampo.com.uy\/site\/wp-content\/uploads\/2021\/02\/biogenesis-2.jpg?resize=768%2C384&amp;ssl=1 768w, https:\/\/i0.wp.com\/lahoradelcampo.com.uy\/site\/wp-content\/uploads\/2021\/02\/biogenesis-2.jpg?resize=820%2C410&amp;ssl=1 820w\" sizes=\"auto, (max-width: 810px) 100vw, 810px\" \/><\/figure>\n\n\n\n<p>El Dr. Horacio Mederos, integrante del equipo t\u00e9cnico de Biog\u00e9nesis Bag\u00f3, record\u00f3 que la sanidad animal es uno de los cuatro pilares fundamentales para la producci\u00f3n, conjuntamente con la nutrici\u00f3n, manejo y gen\u00e9tica. <\/p>\n\n\n\n<p>Un buen calendario sanitario permite \u00abcontrolar, prevenir y eventualmente erradicar enfermedades que afectan a los sistemas productivos\u00bb. El profesional explica como se debe realizar una buena planificaci\u00f3n. <\/p>\n\n\n\n<p>Biog\u00e9nesis Bag\u00f3,  una empresa global al servicio del productor uruguayo, pone a disposici\u00f3n de los productores su equipo t\u00e9cnico para lograr una mejor sanidad del rodeo a nivel nacional.<\/p>\n\n\n\n<figure class=\"wp-block-embed-youtube wp-block-embed is-type-video is-provider-youtube wp-embed-aspect-16-9 wp-has-aspect-ratio\"><div class=\"wp-block-embed__wrapper\">\n<span class=\"embed-youtube\" style=\"text-align:center; display: block;\"><iframe loading=\"lazy\" class=\"youtube-player\" width=\"810\" height=\"456\" src=\"https:\/\/www.youtube.com\/embed\/g1sKjhHDImA?version=3&#038;rel=1&#038;showsearch=0&#038;showinfo=1&#038;iv_load_policy=1&#038;fs=1&#038;hl=es-ES&#038;autohide=2&#038;wmode=transparent\" allowfullscreen=\"true\" style=\"border:0;\" sandbox=\"allow-scripts allow-same-origin allow-popups allow-presentation allow-popups-to-escape-sandbox\"><\/iframe><\/span>\n<\/div><\/figure>\n\n\n\n<p> Salto, 8 de febrero de 2022<\/p>\n","protected":false},"excerpt":{"rendered":"<p>El Dr. Horacio Mederos, integrante del equipo t\u00e9cnico de Biog\u00e9nesis Bag\u00f3, record\u00f3 que la sanidad animal es uno de los cuatro pilares fundamentales para la producci\u00f3n, conjuntamente con la nutrici\u00f3n, [&hellip;]<\/p>\n","protected":false},"author":5,"featured_media":28022,"comment_status":"open","ping_status":"open","sticky":false,"template":"","format":"standard","meta":{"_price":"","_stock":"","_tribe_ticket_header":"","_tribe_default_ticket_provider":"","_tribe_ticket_capacity":"0","_ticket_start_date":"","_ticket_end_date":"","_tribe_ticket_show_description":"","_tribe_ticket_show_not_going":false,"_tribe_ticket_use_global_stock":"","_tribe_ticket_global_stock_level":"","_global_stock_mode":"","_global_stock_cap":"","_tribe_rsvp_for_event":"","_tribe_ticket_going_count":"","_tribe_ticket_not_going_count":"","_tribe_tickets_list":"[]","_tribe_ticket_has_attendee_info_fields":false,"h5ap_radio_sources":[],"_jetpack_newsletter_access":"","_jetpack_dont_email_post_to_subs":false,"_jetpack_newsletter_tier_id":0,"_jetpack_memberships_contains_paywalled_content":false,"_jetpack_memberships_contains_paid_content":false,"footnotes":""},"categories":[21,5],"tags":[],"class_list":["post-38999","post","type-post","status-publish","format-standard","has-post-thumbnail","hentry","category-actualidad","category-ganaderia"],"jetpack_featured_media_url":"https:\/\/i0.wp.com\/lahoradelcampo.com.uy\/site\/wp-content\/uploads\/2021\/02\/biogenesis-2.jpg?fit=880%2C440&ssl=1","jetpack_sharing_enabled":true,"jetpack_shortlink":"https:\/\/wp.me\/p99IaT-a91","jetpack-related-posts":[{"id":57207,"url":"https:\/\/lahoradelcampo.com.uy\/site\/biogenesis-bago-uruguay-reafirma-su-compromiso-con-la-eficiencia-y-sostenibilidad-del-sistema-ganadero-nacional\/","url_meta":{"origin":38999,"position":0},"title":"Biog\u00e9nesis Bag\u00f3 Uruguay reafirma su compromiso con la eficiencia y sostenibilidad del sistema ganadero nacional","author":"La Hora del Campo","date":"25 febrero, 2026","format":false,"excerpt":"Durazno, febrero de 2026 \u2014 Biog\u00e9nesis Bag\u00f3 Uruguay participar\u00e1 en la 112\u00aa edici\u00f3n de Expo Durazno, que se desarrollar\u00e1 del 26 de febrero al 1.\u00ba de marzo en el predio de la Sociedad Rural de Durazno, consolidando su presencia en uno de los principales encuentros del calendario agropecuario nacional. La\u2026","rel":"","context":"En \u00abActualidad\u00bb","block_context":{"text":"Actualidad","link":"https:\/\/lahoradelcampo.com.uy\/site\/category\/actualidad\/"},"img":{"alt_text":"","src":"https:\/\/i0.wp.com\/lahoradelcampo.com.uy\/site\/wp-content\/uploads\/2026\/02\/nacho-durazno.png?fit=1022%2C709&ssl=1&resize=350%2C200","width":350,"height":200,"srcset":"https:\/\/i0.wp.com\/lahoradelcampo.com.uy\/site\/wp-content\/uploads\/2026\/02\/nacho-durazno.png?fit=1022%2C709&ssl=1&resize=350%2C200 1x, https:\/\/i0.wp.com\/lahoradelcampo.com.uy\/site\/wp-content\/uploads\/2026\/02\/nacho-durazno.png?fit=1022%2C709&ssl=1&resize=525%2C300 1.5x, https:\/\/i0.wp.com\/lahoradelcampo.com.uy\/site\/wp-content\/uploads\/2026\/02\/nacho-durazno.png?fit=1022%2C709&ssl=1&resize=700%2C400 2x"},"classes":[]},{"id":31346,"url":"https:\/\/lahoradelcampo.com.uy\/site\/hay-que-potenciar-la-sanidad-animal-en-los-feedlots\/","url_meta":{"origin":38999,"position":1},"title":"Hay que potenciar la sanidad animal en los feedlots","author":"La Hora del Campo","date":"18 junio, 2021","format":false,"excerpt":"El Dr. Horacio Mederos, del equipo t\u00e9cnico de Biog\u00e9nesis Bag\u00f3 remarc\u00f3 la importancia de un buen plan sanitario para los feedlots, lo que permitir\u00e1 maximizar los resultados productivos. https:\/\/youtu.be\/5zU3CtcjiEI #Biog\u00e9nesisBag\u00f3 #sanidadanimal #saludanimal #vacuna #vacunaci\u00f3n ##ganader\u00eda#veterinaria#veterinario","rel":"","context":"En \u00abActualidad\u00bb","block_context":{"text":"Actualidad","link":"https:\/\/lahoradelcampo.com.uy\/site\/category\/actualidad\/"},"img":{"alt_text":"","src":"https:\/\/i0.wp.com\/lahoradelcampo.com.uy\/site\/wp-content\/uploads\/2021\/02\/biogenesis-2.jpg?fit=880%2C440&ssl=1&resize=350%2C200","width":350,"height":200,"srcset":"https:\/\/i0.wp.com\/lahoradelcampo.com.uy\/site\/wp-content\/uploads\/2021\/02\/biogenesis-2.jpg?fit=880%2C440&ssl=1&resize=350%2C200 1x, https:\/\/i0.wp.com\/lahoradelcampo.com.uy\/site\/wp-content\/uploads\/2021\/02\/biogenesis-2.jpg?fit=880%2C440&ssl=1&resize=525%2C300 1.5x, https:\/\/i0.wp.com\/lahoradelcampo.com.uy\/site\/wp-content\/uploads\/2021\/02\/biogenesis-2.jpg?fit=880%2C440&ssl=1&resize=700%2C400 2x"},"classes":[]},{"id":30232,"url":"https:\/\/lahoradelcampo.com.uy\/site\/la-sanidad-es-prioritaria-para-aumentar-la-produccion-lechera\/","url_meta":{"origin":38999,"position":2},"title":"La sanidad es prioritaria para aumentar la producci\u00f3n lechera","author":"La Hora del Campo","date":"17 mayo, 2021","format":false,"excerpt":"Un correcto manejo sanitario es el pilar fundamental para lograr maximizar el potencial de producci\u00f3n de leche por vaca a nivel del sector tambero. El Dr. Juan Andr\u00e9s Garc\u00eda Pintos, integrante del equipo t\u00e9cnico de Biog\u00e9nesis Bag\u00f3, detallo las principales problem\u00e1ticas sanitarias dentro de los tambos y las principales recomendaciones\u2026","rel":"","context":"En \u00abActualidad\u00bb","block_context":{"text":"Actualidad","link":"https:\/\/lahoradelcampo.com.uy\/site\/category\/actualidad\/"},"img":{"alt_text":"","src":"https:\/\/i0.wp.com\/lahoradelcampo.com.uy\/site\/wp-content\/uploads\/2021\/02\/biogenesis-1.jpg?fit=880%2C440&ssl=1&resize=350%2C200","width":350,"height":200,"srcset":"https:\/\/i0.wp.com\/lahoradelcampo.com.uy\/site\/wp-content\/uploads\/2021\/02\/biogenesis-1.jpg?fit=880%2C440&ssl=1&resize=350%2C200 1x, https:\/\/i0.wp.com\/lahoradelcampo.com.uy\/site\/wp-content\/uploads\/2021\/02\/biogenesis-1.jpg?fit=880%2C440&ssl=1&resize=525%2C300 1.5x, https:\/\/i0.wp.com\/lahoradelcampo.com.uy\/site\/wp-content\/uploads\/2021\/02\/biogenesis-1.jpg?fit=880%2C440&ssl=1&resize=700%2C400 2x"},"classes":[]},{"id":54483,"url":"https:\/\/lahoradelcampo.com.uy\/site\/biogenesis-bago-consolida-su-liderazgo-en-salud-animal-en-la-expo-prado-2024\/","url_meta":{"origin":38999,"position":3},"title":"Biog\u00e9nesis Bag\u00f3 consolida su liderazgo en salud animal en la Expo Prado 2024","author":"La Hora del Campo","date":"14 septiembre, 2024","format":false,"excerpt":"La compa\u00f1\u00eda de biotecnolog\u00eda estar\u00e1 presente en la 119\u00b0 edici\u00f3n de la Expo Prado para presentar junto a su equipo t\u00e9cnico el portafolio de soluciones, dar a conocer los proyectos de expansi\u00f3n y su valor agregado a la industria de la sanidad animal en el pa\u00eds. Montevideo, septiembre de 2024.\u2026","rel":"","context":"En \u00abActualidad\u00bb","block_context":{"text":"Actualidad","link":"https:\/\/lahoradelcampo.com.uy\/site\/category\/actualidad\/"},"img":{"alt_text":"","src":"https:\/\/i0.wp.com\/lahoradelcampo.com.uy\/site\/wp-content\/uploads\/2024\/09\/biogenesis-bago-prado24.jpg?fit=880%2C440&ssl=1&resize=350%2C200","width":350,"height":200,"srcset":"https:\/\/i0.wp.com\/lahoradelcampo.com.uy\/site\/wp-content\/uploads\/2024\/09\/biogenesis-bago-prado24.jpg?fit=880%2C440&ssl=1&resize=350%2C200 1x, https:\/\/i0.wp.com\/lahoradelcampo.com.uy\/site\/wp-content\/uploads\/2024\/09\/biogenesis-bago-prado24.jpg?fit=880%2C440&ssl=1&resize=525%2C300 1.5x, https:\/\/i0.wp.com\/lahoradelcampo.com.uy\/site\/wp-content\/uploads\/2024\/09\/biogenesis-bago-prado24.jpg?fit=880%2C440&ssl=1&resize=700%2C400 2x"},"classes":[]},{"id":28886,"url":"https:\/\/lahoradelcampo.com.uy\/site\/las-diarreas-infecciosas-y-las-clostridiosis-afectan-lo-sanitario-y-lo-economico\/","url_meta":{"origin":38999,"position":4},"title":"Las diarreas infecciosas y las clostridiosis afectan lo sanitario y lo econ\u00f3mico","author":"La Hora del Campo","date":"26 marzo, 2021","format":false,"excerpt":"Las diarreas infecciosas y las clostridiosis afectan lo sanitario y lo econ\u00f3mico en los diferentes sistemas de producci\u00f3n bovina. Son enfermedades que afectan a todas las categor\u00edas vacunas, pero fundamentalmente a las categor\u00edas m\u00e1s j\u00f3venes, como terneros reci\u00e9n nacidos y hasta de cuatro meses de edad. El Dr. Ignacio Arrospide,\u2026","rel":"","context":"En \u00abActualidad\u00bb","block_context":{"text":"Actualidad","link":"https:\/\/lahoradelcampo.com.uy\/site\/category\/actualidad\/"},"img":{"alt_text":"","src":"https:\/\/i0.wp.com\/lahoradelcampo.com.uy\/site\/wp-content\/uploads\/2021\/03\/biogenesis-3.jpg?fit=880%2C440&ssl=1&resize=350%2C200","width":350,"height":200,"srcset":"https:\/\/i0.wp.com\/lahoradelcampo.com.uy\/site\/wp-content\/uploads\/2021\/03\/biogenesis-3.jpg?fit=880%2C440&ssl=1&resize=350%2C200 1x, https:\/\/i0.wp.com\/lahoradelcampo.com.uy\/site\/wp-content\/uploads\/2021\/03\/biogenesis-3.jpg?fit=880%2C440&ssl=1&resize=525%2C300 1.5x, https:\/\/i0.wp.com\/lahoradelcampo.com.uy\/site\/wp-content\/uploads\/2021\/03\/biogenesis-3.jpg?fit=880%2C440&ssl=1&resize=700%2C400 2x"},"classes":[]},{"id":46555,"url":"https:\/\/lahoradelcampo.com.uy\/site\/chiruchi-soluciones-rapidas-a-los-problemas-del-productor\/","url_meta":{"origin":38999,"position":5},"title":"Chiruch\u00ed: Soluciones r\u00e1pidas a los problemas del productor","author":"La Hora del Campo","date":"24 octubre, 2022","format":false,"excerpt":"Biog\u00e9nesis Bag\u00f3 acompa\u00f1a a sus clientes en los distintos puntos del pa\u00eds, con un atendimiento t\u00e9cnico especializado y personalizado, para solucionar las dificultades por la que atraviesa la producci\u00f3n nacional en el d\u00eda a d\u00eda. Francisco Chiruchi, director de Veterinaria El Rumbo en San Jos\u00e9, destac\u00f3 el acompa\u00f1amiento del equipo\u2026","rel":"","context":"En \u00abActualidad\u00bb","block_context":{"text":"Actualidad","link":"https:\/\/lahoradelcampo.com.uy\/site\/category\/actualidad\/"},"img":{"alt_text":"","src":"https:\/\/i0.wp.com\/lahoradelcampo.com.uy\/site\/wp-content\/uploads\/2022\/10\/Biogenesis-FranciscoChiruchi.jpg?fit=880%2C440&ssl=1&resize=350%2C200","width":350,"height":200,"srcset":"https:\/\/i0.wp.com\/lahoradelcampo.com.uy\/site\/wp-content\/uploads\/2022\/10\/Biogenesis-FranciscoChiruchi.jpg?fit=880%2C440&ssl=1&resize=350%2C200 1x, https:\/\/i0.wp.com\/lahoradelcampo.com.uy\/site\/wp-content\/uploads\/2022\/10\/Biogenesis-FranciscoChiruchi.jpg?fit=880%2C440&ssl=1&resize=525%2C300 1.5x, https:\/\/i0.wp.com\/lahoradelcampo.com.uy\/site\/wp-content\/uploads\/2022\/10\/Biogenesis-FranciscoChiruchi.jpg?fit=880%2C440&ssl=1&resize=700%2C400 2x"},"classes":[]}],"jetpack_likes_enabled":true,"_links":{"self":[{"href":"https:\/\/lahoradelcampo.com.uy\/site\/wp-json\/wp\/v2\/posts\/38999","targetHints":{"allow":["GET"]}}],"collection":[{"href":"https:\/\/lahoradelcampo.com.uy\/site\/wp-json\/wp\/v2\/posts"}],"about":[{"href":"https:\/\/lahoradelcampo.com.uy\/site\/wp-json\/wp\/v2\/types\/post"}],"author":[{"embeddable":true,"href":"https:\/\/lahoradelcampo.com.uy\/site\/wp-json\/wp\/v2\/users\/5"}],"replies":[{"embeddable":true,"href":"https:\/\/lahoradelcampo.com.uy\/site\/wp-json\/wp\/v2\/comments?post=38999"}],"version-history":[{"count":1,"href":"https:\/\/lahoradelcampo.com.uy\/site\/wp-json\/wp\/v2\/posts\/38999\/revisions"}],"predecessor-version":[{"id":39001,"href":"https:\/\/lahoradelcampo.com.uy\/site\/wp-json\/wp\/v2\/posts\/38999\/revisions\/39001"}],"wp:featuredmedia":[{"embeddable":true,"href":"https:\/\/lahoradelcampo.com.uy\/site\/wp-json\/wp\/v2\/media\/28022"}],"wp:attachment":[{"href":"https:\/\/lahoradelcampo.com.uy\/site\/wp-json\/wp\/v2\/media?parent=38999"}],"wp:term":[{"taxonomy":"category","embeddable":true,"href":"https:\/\/lahoradelcampo.com.uy\/site\/wp-json\/wp\/v2\/categories?post=38999"},{"taxonomy":"post_tag","embeddable":true,"href":"https:\/\/lahoradelcampo.com.uy\/site\/wp-json\/wp\/v2\/tags?post=38999"}],"curies":[{"name":"wp","href":"https:\/\/api.w.org\/{rel}","templated":true}]}}