{"id":38989,"date":"2022-02-08T12:42:54","date_gmt":"2022-02-08T15:42:54","guid":{"rendered":"http:\/\/lahoradelcampo.com.uy\/site\/?p=38989"},"modified":"2022-02-08T12:42:59","modified_gmt":"2022-02-08T15:42:59","slug":"dio-inicio-la-prodexpo-moscow-2022","status":"publish","type":"post","link":"https:\/\/lahoradelcampo.com.uy\/site\/dio-inicio-la-prodexpo-moscow-2022\/","title":{"rendered":"Dio inicio la ProdExpo Moscow 2022"},"content":{"rendered":"\n<figure class=\"wp-block-image\"><img data-recalc-dims=\"1\" loading=\"lazy\" decoding=\"async\" width=\"810\" height=\"405\" data-attachment-id=\"38991\" data-permalink=\"https:\/\/lahoradelcampo.com.uy\/site\/dio-inicio-la-prodexpo-moscow-2022\/inac-proexpomoscou\/\" data-orig-file=\"https:\/\/i0.wp.com\/lahoradelcampo.com.uy\/site\/wp-content\/uploads\/2022\/02\/INAC-ProExpoMoscou.jpg?fit=880%2C440&amp;ssl=1\" data-orig-size=\"880,440\" data-comments-opened=\"1\" data-image-meta=\"{&quot;aperture&quot;:&quot;0&quot;,&quot;credit&quot;:&quot;&quot;,&quot;camera&quot;:&quot;&quot;,&quot;caption&quot;:&quot;&quot;,&quot;created_timestamp&quot;:&quot;0&quot;,&quot;copyright&quot;:&quot;&quot;,&quot;focal_length&quot;:&quot;0&quot;,&quot;iso&quot;:&quot;0&quot;,&quot;shutter_speed&quot;:&quot;0&quot;,&quot;title&quot;:&quot;&quot;,&quot;orientation&quot;:&quot;1&quot;}\" data-image-title=\"INAC-ProExpoMoscou\" data-image-description=\"\" data-image-caption=\"\" data-large-file=\"https:\/\/i0.wp.com\/lahoradelcampo.com.uy\/site\/wp-content\/uploads\/2022\/02\/INAC-ProExpoMoscou.jpg?fit=810%2C405&amp;ssl=1\" src=\"https:\/\/i0.wp.com\/lahoradelcampo.com.uy\/site\/wp-content\/uploads\/2022\/02\/INAC-ProExpoMoscou.jpg?resize=810%2C405\" alt=\"\" class=\"wp-image-38991\" srcset=\"https:\/\/i0.wp.com\/lahoradelcampo.com.uy\/site\/wp-content\/uploads\/2022\/02\/INAC-ProExpoMoscou.jpg?w=880&amp;ssl=1 880w, https:\/\/i0.wp.com\/lahoradelcampo.com.uy\/site\/wp-content\/uploads\/2022\/02\/INAC-ProExpoMoscou.jpg?resize=300%2C150&amp;ssl=1 300w, https:\/\/i0.wp.com\/lahoradelcampo.com.uy\/site\/wp-content\/uploads\/2022\/02\/INAC-ProExpoMoscou.jpg?resize=768%2C384&amp;ssl=1 768w, https:\/\/i0.wp.com\/lahoradelcampo.com.uy\/site\/wp-content\/uploads\/2022\/02\/INAC-ProExpoMoscou.jpg?resize=820%2C410&amp;ssl=1 820w\" sizes=\"auto, (max-width: 810px) 100vw, 810px\" \/><\/figure>\n\n\n\n<p>Hasta el 11 de febrero se desarrolla esta feria que cuenta con participaci\u00f3n de INAC a\u00f1o tras a\u00f1o. Si bien no fue posible que una delegaci\u00f3n desde Uruguay viajara, INAC instal\u00f3 un stand donde los clientes pueden contar con informaci\u00f3n de los exportadores y productos.<br><\/p>\n\n\n\n<p>En el primer d\u00eda de funcionamiento visit\u00f3 el stand el staff de la Embajador de Uruguay en la Federaci\u00f3n Rusa Daniel Castillos, el consejero Carlos Quiroga y la funcionaria de la sede diplom\u00e1tica Elena Desyatova.<br><\/p>\n\n\n\n<p>ProdExpo es de caracter anual y la mayor feria de alimentos del pa\u00eds euroasi\u00e1tico. En esta ocasi\u00f3n INAC dise\u00f1\u00f3 un stand institucional de 9m2 para estar presente en el Expocentre Fairgrounds de Mosc\u00fa.<br><\/p>\n\n\n\n<p>La edici\u00f3n de este a\u00f1o proyecta contar con m\u00e1s de 2.600 expositores de 73 pa\u00edses y recibir a m\u00e1s de 68.000 visitantes de 115 pa\u00edses.<br><\/p>\n\n\n\n<p>Anualmente, aproximadamente un 14% de nuevos productos de distintos expositores son presentados y lanzados en esta feria pues muchos aprovechan esta oportunidad para presentar novedades.<br><\/p>\n\n\n\n<p>Cada edici\u00f3n atrae a miles de visitantes profesionales los que provienen mayoritariamente de Rusia (aproximadamente 64% es del Distrito Central Federal de Rusia, 25% de otras regiones del gigante Euroasi\u00e1tico y 11% de los pa\u00edses CIS (por sus siglas en ingles) y otras regiones de Rusia)<br><\/p>\n\n\n\n<p>Si bien las importaciones de Rusia han bajado desde hace diez a\u00f1os, es destacable el comercio con Uruguay desde donde adquieren casi el  20% de nuestras menudencias. Son los principales importadores en tres menudencias espec\u00edficas: h\u00edgado (92%), lengua (91%) y carne de cabeza (93%). En d\u00f3lares Rusia representa casi el 2 % de lo exportado por la cadena c\u00e1rnica.<\/p>\n\n\n\n<p>Salto, 8 de febrero de 2022<\/p>\n","protected":false},"excerpt":{"rendered":"<p>Hasta el 11 de febrero se desarrolla esta feria que cuenta con participaci\u00f3n de INAC a\u00f1o tras a\u00f1o. Si bien no fue posible que una delegaci\u00f3n desde Uruguay viajara, INAC [&hellip;]<\/p>\n","protected":false},"author":5,"featured_media":38991,"comment_status":"open","ping_status":"open","sticky":false,"template":"","format":"standard","meta":{"_price":"","_stock":"","_tribe_ticket_header":"","_tribe_default_ticket_provider":"","_tribe_ticket_capacity":"0","_ticket_start_date":"","_ticket_end_date":"","_tribe_ticket_show_description":"","_tribe_ticket_show_not_going":false,"_tribe_ticket_use_global_stock":"","_tribe_ticket_global_stock_level":"","_global_stock_mode":"","_global_stock_cap":"","_tribe_rsvp_for_event":"","_tribe_ticket_going_count":"","_tribe_ticket_not_going_count":"","_tribe_tickets_list":"[]","_tribe_ticket_has_attendee_info_fields":false,"h5ap_radio_sources":[],"_jetpack_newsletter_access":"","_jetpack_dont_email_post_to_subs":false,"_jetpack_newsletter_tier_id":0,"_jetpack_memberships_contains_paywalled_content":false,"_jetpack_memberships_contains_paid_content":false,"footnotes":""},"categories":[21,5],"tags":[],"class_list":["post-38989","post","type-post","status-publish","format-standard","has-post-thumbnail","hentry","category-actualidad","category-ganaderia"],"jetpack_featured_media_url":"https:\/\/i0.wp.com\/lahoradelcampo.com.uy\/site\/wp-content\/uploads\/2022\/02\/INAC-ProExpoMoscou.jpg?fit=880%2C440&ssl=1","jetpack_sharing_enabled":true,"jetpack_shortlink":"https:\/\/wp.me\/p99IaT-a8R","jetpack-related-posts":[{"id":36315,"url":"https:\/\/lahoradelcampo.com.uy\/site\/inac-esta-presente-en-la-cuarta-edicion-de-la-feria-ciie-en-shanghai\/","url_meta":{"origin":38989,"position":0},"title":"INAC est\u00e1 presente en la cuarta edici\u00f3n de la Feria CIIE, en Shanghai","author":"La Hora del Campo","date":"8 noviembre, 2021","format":false,"excerpt":"La oficina de INAC en Asia tiene a cargo el stand en esta feria que se desarrolla en Shanghai, con el apoyo de la Embajada de Uruguay en China. Debido al contexto de pandemia no ha sido posible que una delegaci\u00f3n desde Uruguay pueda estar presente. El Stand, de 250\u2026","rel":"","context":"En \u00abActualidad\u00bb","block_context":{"text":"Actualidad","link":"https:\/\/lahoradelcampo.com.uy\/site\/category\/actualidad\/"},"img":{"alt_text":"","src":"https:\/\/i0.wp.com\/lahoradelcampo.com.uy\/site\/wp-content\/uploads\/2021\/11\/INAC-CHINACEEI.jpg?fit=880%2C440&ssl=1&resize=350%2C200","width":350,"height":200,"srcset":"https:\/\/i0.wp.com\/lahoradelcampo.com.uy\/site\/wp-content\/uploads\/2021\/11\/INAC-CHINACEEI.jpg?fit=880%2C440&ssl=1&resize=350%2C200 1x, https:\/\/i0.wp.com\/lahoradelcampo.com.uy\/site\/wp-content\/uploads\/2021\/11\/INAC-CHINACEEI.jpg?fit=880%2C440&ssl=1&resize=525%2C300 1.5x, https:\/\/i0.wp.com\/lahoradelcampo.com.uy\/site\/wp-content\/uploads\/2021\/11\/INAC-CHINACEEI.jpg?fit=880%2C440&ssl=1&resize=700%2C400 2x"},"classes":[]},{"id":50475,"url":"https:\/\/lahoradelcampo.com.uy\/site\/exitosa-agenda-desarrollada-por-inac-en-la-expo-sial-shanghai\/","url_meta":{"origin":38989,"position":1},"title":"Exitosa agenda desarrollada por INAC en la Expo Sial Shanghai","author":"La Hora del Campo","date":"20 mayo, 2023","format":false,"excerpt":"La delegaci\u00f3n de Uruguay ha estado llevando a cabo una serie de actividades promocionales en Shanghai como parte de su participaci\u00f3n en la feria Sial China 2023. INAC (Instituto Nacional de Carnes) ha planeado una participaci\u00f3n destacada en el \"La Cuisine\", un show culinario donde la carne es el ingrediente\u2026","rel":"","context":"En \u00abActualidad\u00bb","block_context":{"text":"Actualidad","link":"https:\/\/lahoradelcampo.com.uy\/site\/category\/actualidad\/"},"img":{"alt_text":"","src":"https:\/\/i0.wp.com\/lahoradelcampo.com.uy\/site\/wp-content\/uploads\/2023\/05\/INAC-SialShanghai.jpg?fit=880%2C440&ssl=1&resize=350%2C200","width":350,"height":200,"srcset":"https:\/\/i0.wp.com\/lahoradelcampo.com.uy\/site\/wp-content\/uploads\/2023\/05\/INAC-SialShanghai.jpg?fit=880%2C440&ssl=1&resize=350%2C200 1x, https:\/\/i0.wp.com\/lahoradelcampo.com.uy\/site\/wp-content\/uploads\/2023\/05\/INAC-SialShanghai.jpg?fit=880%2C440&ssl=1&resize=525%2C300 1.5x, https:\/\/i0.wp.com\/lahoradelcampo.com.uy\/site\/wp-content\/uploads\/2023\/05\/INAC-SialShanghai.jpg?fit=880%2C440&ssl=1&resize=700%2C400 2x"},"classes":[]},{"id":29488,"url":"https:\/\/lahoradelcampo.com.uy\/site\/inac-participa-de-feria-de-la-carne-en-china\/","url_meta":{"origin":38989,"position":2},"title":"INAC participa de feria de la carne en China","author":"La Hora del Campo","date":"23 abril, 2021","format":false,"excerpt":"Inici\u00f3 en la ciudad de Shenzen la Feria Anufood; el Instituto Nacional de Carnes (INAC) est\u00e1 presente con un stand de 36 metros cuadrados. Uruguay es el \u00fanico pa\u00eds sudamericano presente en el rubro carnes, en este evento. Anufood es la feria de alimentos y bebidas m\u00e1s grande de la\u2026","rel":"","context":"En \u00abActualidad\u00bb","block_context":{"text":"Actualidad","link":"https:\/\/lahoradelcampo.com.uy\/site\/category\/actualidad\/"},"img":{"alt_text":"","src":"https:\/\/i0.wp.com\/lahoradelcampo.com.uy\/site\/wp-content\/uploads\/2018\/05\/Inac.jpg?fit=880%2C440&ssl=1&resize=350%2C200","width":350,"height":200,"srcset":"https:\/\/i0.wp.com\/lahoradelcampo.com.uy\/site\/wp-content\/uploads\/2018\/05\/Inac.jpg?fit=880%2C440&ssl=1&resize=350%2C200 1x, https:\/\/i0.wp.com\/lahoradelcampo.com.uy\/site\/wp-content\/uploads\/2018\/05\/Inac.jpg?fit=880%2C440&ssl=1&resize=525%2C300 1.5x, https:\/\/i0.wp.com\/lahoradelcampo.com.uy\/site\/wp-content\/uploads\/2018\/05\/Inac.jpg?fit=880%2C440&ssl=1&resize=700%2C400 2x"},"classes":[]},{"id":2477,"url":"https:\/\/lahoradelcampo.com.uy\/site\/uruguay-participa-de-la-expo-anuga-2017\/","url_meta":{"origin":38989,"position":3},"title":"Uruguay participa de la Expo Anuga 2017","author":"La Hora del Campo","date":"10 octubre, 2017","format":false,"excerpt":"El s\u00e1bado 7 de Octubre comenz\u00f3 la\u00a0 feria bianual\u00a0 de ANUGA 2017, en Colonia, Alemania.\u00a0 Esta es la d\u00e9cimo novena vez que\u00a0 INAC participa ininterrumpidamente, siendo la primera en 1981.\u00a0 En esta oportunidad, el stand es de 600 m2, construido en dos plantas,\u00a0 y cuenta con la participaci\u00f3n de 19\u2026","rel":"","context":"En \u00abGanader\u00eda\u00bb","block_context":{"text":"Ganader\u00eda","link":"https:\/\/lahoradelcampo.com.uy\/site\/category\/ganaderia\/"},"img":{"alt_text":"","src":"https:\/\/i0.wp.com\/lahoradelcampo.com.uy\/site\/wp-content\/uploads\/2017\/10\/Anuga.jpg?fit=880%2C440&ssl=1&resize=350%2C200","width":350,"height":200,"srcset":"https:\/\/i0.wp.com\/lahoradelcampo.com.uy\/site\/wp-content\/uploads\/2017\/10\/Anuga.jpg?fit=880%2C440&ssl=1&resize=350%2C200 1x, https:\/\/i0.wp.com\/lahoradelcampo.com.uy\/site\/wp-content\/uploads\/2017\/10\/Anuga.jpg?fit=880%2C440&ssl=1&resize=525%2C300 1.5x, https:\/\/i0.wp.com\/lahoradelcampo.com.uy\/site\/wp-content\/uploads\/2017\/10\/Anuga.jpg?fit=880%2C440&ssl=1&resize=700%2C400 2x"},"classes":[]},{"id":2525,"url":"https:\/\/lahoradelcampo.com.uy\/site\/mensajes-claros-e-importantes-en-la-feria-de-anuga\/","url_meta":{"origin":38989,"position":4},"title":"Mensajes claros e importantes en la feria de Anuga","author":"La Hora del Campo","date":"11 octubre, 2017","format":false,"excerpt":"Se est\u00e1 realizando la 34 edici\u00f3n de la feria internacional de la alimentaci\u00f3n, Anuga 2017, en la localidad de Colonia, en Alemania. Si bien la feria incluye a todos los rubros alimenticios, para los pa\u00edses sudamericanos el principal objetivo es avanzar en la colocaci\u00f3n de carnes en el viejo continente.\u2026","rel":"","context":"En \u00abActualidad\u00bb","block_context":{"text":"Actualidad","link":"https:\/\/lahoradelcampo.com.uy\/site\/category\/actualidad\/"},"img":{"alt_text":"","src":"https:\/\/i0.wp.com\/lahoradelcampo.com.uy\/site\/wp-content\/uploads\/2017\/10\/Anuga-2.jpg?fit=880%2C440&ssl=1&resize=350%2C200","width":350,"height":200,"srcset":"https:\/\/i0.wp.com\/lahoradelcampo.com.uy\/site\/wp-content\/uploads\/2017\/10\/Anuga-2.jpg?fit=880%2C440&ssl=1&resize=350%2C200 1x, https:\/\/i0.wp.com\/lahoradelcampo.com.uy\/site\/wp-content\/uploads\/2017\/10\/Anuga-2.jpg?fit=880%2C440&ssl=1&resize=525%2C300 1.5x, https:\/\/i0.wp.com\/lahoradelcampo.com.uy\/site\/wp-content\/uploads\/2017\/10\/Anuga-2.jpg?fit=880%2C440&ssl=1&resize=700%2C400 2x"},"classes":[]},{"id":28434,"url":"https:\/\/lahoradelcampo.com.uy\/site\/mas-de-19-mil-personas-visitaron-durante-tres-dias-la-feria-foodex-japan-2021\/","url_meta":{"origin":38989,"position":5},"title":"M\u00e1s de 19 mil personas visitaron durante tres d\u00edas la Feria Foodex Japan 2021","author":"La Hora del Campo","date":"12 marzo, 2021","format":false,"excerpt":"En esta jornada finaliza la Foodex Jap\u00f3n 2021, una de las exposiciones internacionales de alimentos y bebidas m\u00e1s grandes de Asia. La misma comenz\u00f3 el pasado 9 de marzo, en la ciudad de Chiba, y nuestro pa\u00eds participa de la misma con un stand institucional de 27 metros cuadrados, en\u2026","rel":"","context":"En \u00abActualidad\u00bb","block_context":{"text":"Actualidad","link":"https:\/\/lahoradelcampo.com.uy\/site\/category\/actualidad\/"},"img":{"alt_text":"","src":"https:\/\/i0.wp.com\/lahoradelcampo.com.uy\/site\/wp-content\/uploads\/2021\/03\/inac-japon.jpg?fit=880%2C440&ssl=1&resize=350%2C200","width":350,"height":200,"srcset":"https:\/\/i0.wp.com\/lahoradelcampo.com.uy\/site\/wp-content\/uploads\/2021\/03\/inac-japon.jpg?fit=880%2C440&ssl=1&resize=350%2C200 1x, https:\/\/i0.wp.com\/lahoradelcampo.com.uy\/site\/wp-content\/uploads\/2021\/03\/inac-japon.jpg?fit=880%2C440&ssl=1&resize=525%2C300 1.5x, https:\/\/i0.wp.com\/lahoradelcampo.com.uy\/site\/wp-content\/uploads\/2021\/03\/inac-japon.jpg?fit=880%2C440&ssl=1&resize=700%2C400 2x"},"classes":[]}],"jetpack_likes_enabled":true,"_links":{"self":[{"href":"https:\/\/lahoradelcampo.com.uy\/site\/wp-json\/wp\/v2\/posts\/38989","targetHints":{"allow":["GET"]}}],"collection":[{"href":"https:\/\/lahoradelcampo.com.uy\/site\/wp-json\/wp\/v2\/posts"}],"about":[{"href":"https:\/\/lahoradelcampo.com.uy\/site\/wp-json\/wp\/v2\/types\/post"}],"author":[{"embeddable":true,"href":"https:\/\/lahoradelcampo.com.uy\/site\/wp-json\/wp\/v2\/users\/5"}],"replies":[{"embeddable":true,"href":"https:\/\/lahoradelcampo.com.uy\/site\/wp-json\/wp\/v2\/comments?post=38989"}],"version-history":[{"count":1,"href":"https:\/\/lahoradelcampo.com.uy\/site\/wp-json\/wp\/v2\/posts\/38989\/revisions"}],"predecessor-version":[{"id":38993,"href":"https:\/\/lahoradelcampo.com.uy\/site\/wp-json\/wp\/v2\/posts\/38989\/revisions\/38993"}],"wp:featuredmedia":[{"embeddable":true,"href":"https:\/\/lahoradelcampo.com.uy\/site\/wp-json\/wp\/v2\/media\/38991"}],"wp:attachment":[{"href":"https:\/\/lahoradelcampo.com.uy\/site\/wp-json\/wp\/v2\/media?parent=38989"}],"wp:term":[{"taxonomy":"category","embeddable":true,"href":"https:\/\/lahoradelcampo.com.uy\/site\/wp-json\/wp\/v2\/categories?post=38989"},{"taxonomy":"post_tag","embeddable":true,"href":"https:\/\/lahoradelcampo.com.uy\/site\/wp-json\/wp\/v2\/tags?post=38989"}],"curies":[{"name":"wp","href":"https:\/\/api.w.org\/{rel}","templated":true}]}}