{"id":38917,"date":"2022-02-07T07:33:00","date_gmt":"2022-02-07T10:33:00","guid":{"rendered":"http:\/\/lahoradelcampo.com.uy\/site\/?p=38917"},"modified":"2022-02-07T07:33:05","modified_gmt":"2022-02-07T10:33:05","slug":"continuan-concretandose-negocios-de-lanas-finas-y-medias","status":"publish","type":"post","link":"https:\/\/lahoradelcampo.com.uy\/site\/continuan-concretandose-negocios-de-lanas-finas-y-medias\/","title":{"rendered":"Contin\u00faan concret\u00e1ndose negocios de lanas finas y medias"},"content":{"rendered":"\n<figure class=\"wp-block-image\"><img data-recalc-dims=\"1\" loading=\"lazy\" decoding=\"async\" width=\"810\" height=\"405\" data-attachment-id=\"30982\" data-permalink=\"https:\/\/lahoradelcampo.com.uy\/site\/lana-merino-superfina-se-comercializo-a-us-1246\/lanasitalianstyle\/\" data-orig-file=\"https:\/\/i0.wp.com\/lahoradelcampo.com.uy\/site\/wp-content\/uploads\/2021\/06\/LanasItalianStyle.jpg?fit=880%2C440&amp;ssl=1\" data-orig-size=\"880,440\" data-comments-opened=\"1\" data-image-meta=\"{&quot;aperture&quot;:&quot;0&quot;,&quot;credit&quot;:&quot;&quot;,&quot;camera&quot;:&quot;&quot;,&quot;caption&quot;:&quot;&quot;,&quot;created_timestamp&quot;:&quot;0&quot;,&quot;copyright&quot;:&quot;&quot;,&quot;focal_length&quot;:&quot;0&quot;,&quot;iso&quot;:&quot;0&quot;,&quot;shutter_speed&quot;:&quot;0&quot;,&quot;title&quot;:&quot;&quot;,&quot;orientation&quot;:&quot;1&quot;}\" data-image-title=\"LanasItalianStyle\" data-image-description=\"\" data-image-caption=\"\" data-large-file=\"https:\/\/i0.wp.com\/lahoradelcampo.com.uy\/site\/wp-content\/uploads\/2021\/06\/LanasItalianStyle.jpg?fit=810%2C405&amp;ssl=1\" src=\"https:\/\/i0.wp.com\/lahoradelcampo.com.uy\/site\/wp-content\/uploads\/2021\/06\/LanasItalianStyle.jpg?resize=810%2C405\" alt=\"\" class=\"wp-image-30982\" srcset=\"https:\/\/i0.wp.com\/lahoradelcampo.com.uy\/site\/wp-content\/uploads\/2021\/06\/LanasItalianStyle.jpg?w=880&amp;ssl=1 880w, https:\/\/i0.wp.com\/lahoradelcampo.com.uy\/site\/wp-content\/uploads\/2021\/06\/LanasItalianStyle.jpg?resize=300%2C150&amp;ssl=1 300w, https:\/\/i0.wp.com\/lahoradelcampo.com.uy\/site\/wp-content\/uploads\/2021\/06\/LanasItalianStyle.jpg?resize=768%2C384&amp;ssl=1 768w, https:\/\/i0.wp.com\/lahoradelcampo.com.uy\/site\/wp-content\/uploads\/2021\/06\/LanasItalianStyle.jpg?resize=820%2C410&amp;ssl=1 820w\" sizes=\"auto, (max-width: 810px) 100vw, 810px\" \/><\/figure>\n\n\n\n<p>El mercado lanero local contin\u00faa con operaciones, inform\u00f3 el Secretariado Uruguayo de la Lana esta semana. <br><\/p>\n\n\n\n<p>Lotes en el eje de 20 micras se ubican entre US$ 6.80 y US$ 7.00 seg\u00fan rendimiento grifa verde.<\/p>\n\n\n\n<ul class=\"wp-block-list\"><li>Lotes en el eje de 21 \u2013 21.5 micras se ubican entre US$ 5.80 y US$ 6.00 seg\u00fan rendimiento grifa verde.<\/li><li>Lote de 21.7 micras a US$ 5.00 m\u00e1s 1.00 subproductos grifa verde.<\/li><li>Lotes de 1600 kg de 28.5 a US$ 1.30 y 0.60 subproductos grifa amarilla.<\/li><li>Lote de 26.8 micras sin acondicionar a US$ 2.00 y 0.60 subproductos.<\/li><li>Lotes de poco volumen en el eje de 29 micras a US$ 1.15 y 0.50 subproductos sin acondicionar. <\/li><li><\/li><\/ul>\n\n\n\n<p>UCRLU<\/p>\n\n\n\n<p>La Uni\u00f3n de Consignatarios y Rematadores de Lana del Uruguay tambi\u00e9n inform\u00f3 una importante serie de negocios. <\/p>\n\n\n\n<ul class=\"wp-block-list\"><li>Lote de 18 a 18,9 micras en US$ 8,50 grifa verde. <\/li><li>Lote de 19 a 19,9 micras, grifa verde en US$ 7,50, con certificaci\u00f3n en US$ 8,20.<\/li><li>Lote de 20 a 20,9 micras, grifa verde, US$ 6,80, con certificaci\u00f3n US$ 7,50. <\/li><li>Lote de 21 a 21,9 micras, US$ 3,80 sin acondicionar, $ 5,80 grifa verde y US$ 7,00 con certificaci\u00f3n. <\/li><li>Lote de 22 a 22,9 micras, grifa amarilla, en US$ 5,50. <\/li><li>Lote de 23 a 23,9 micras, grifa verde en US$ 4,60 y certificado en US$ 6,00.<\/li><li>Lote de 28 a 28,9 micras sin acondicionar US$ 1,15, grifa verde US$ 1,50. <\/li><\/ul>\n\n\n\n<p>Salto, 7 de febrero de 2022<\/p>\n","protected":false},"excerpt":{"rendered":"<p>El mercado lanero local contin\u00faa con operaciones, inform\u00f3 el Secretariado Uruguayo de la Lana esta semana. Lotes en el eje de 20 micras se ubican entre US$ 6.80 y US$ [&hellip;]<\/p>\n","protected":false},"author":5,"featured_media":30982,"comment_status":"open","ping_status":"open","sticky":false,"template":"","format":"standard","meta":{"_price":"","_stock":"","_tribe_ticket_header":"","_tribe_default_ticket_provider":"","_tribe_ticket_capacity":"0","_ticket_start_date":"","_ticket_end_date":"","_tribe_ticket_show_description":"","_tribe_ticket_show_not_going":false,"_tribe_ticket_use_global_stock":"","_tribe_ticket_global_stock_level":"","_global_stock_mode":"","_global_stock_cap":"","_tribe_rsvp_for_event":"","_tribe_ticket_going_count":"","_tribe_ticket_not_going_count":"","_tribe_tickets_list":"[]","_tribe_ticket_has_attendee_info_fields":false,"h5ap_radio_sources":[],"_jetpack_newsletter_access":"","_jetpack_dont_email_post_to_subs":false,"_jetpack_newsletter_tier_id":0,"_jetpack_memberships_contains_paywalled_content":false,"_jetpack_memberships_contains_paid_content":false,"footnotes":""},"categories":[21,13],"tags":[],"class_list":["post-38917","post","type-post","status-publish","format-standard","has-post-thumbnail","hentry","category-actualidad","category-ovinos"],"jetpack_featured_media_url":"https:\/\/i0.wp.com\/lahoradelcampo.com.uy\/site\/wp-content\/uploads\/2021\/06\/LanasItalianStyle.jpg?fit=880%2C440&ssl=1","jetpack_sharing_enabled":true,"jetpack_shortlink":"https:\/\/wp.me\/p99IaT-a7H","jetpack-related-posts":[{"id":1337,"url":"https:\/\/lahoradelcampo.com.uy\/site\/lote-de-181-micras-cotizo-a-us-1080\/","url_meta":{"origin":38917,"position":0},"title":"Lote de 18,1 micras cotiz\u00f3 a U$S 10,80","author":"La Hora del Campo","date":"17 septiembre, 2017","format":false,"excerpt":"El mercado lanero uruguayo se mantiene con menor cantidad de negocios en semana de realizaci\u00f3n de la Expo Prado pero con precios en niveles similares a las \u00faltimas semanas, seg\u00fan el informe semanal del Secretariado Uruguayo de la Lana. Se mantienen referencias en lanas medias para lotes sin acondicionar entre\u2026","rel":"","context":"En \u00abActualidad\u00bb","block_context":{"text":"Actualidad","link":"https:\/\/lahoradelcampo.com.uy\/site\/category\/actualidad\/"},"img":{"alt_text":"","src":"https:\/\/i0.wp.com\/lahoradelcampo.com.uy\/site\/wp-content\/uploads\/2017\/09\/Lanas-a.jpg?fit=880%2C440&ssl=1&resize=350%2C200","width":350,"height":200,"srcset":"https:\/\/i0.wp.com\/lahoradelcampo.com.uy\/site\/wp-content\/uploads\/2017\/09\/Lanas-a.jpg?fit=880%2C440&ssl=1&resize=350%2C200 1x, https:\/\/i0.wp.com\/lahoradelcampo.com.uy\/site\/wp-content\/uploads\/2017\/09\/Lanas-a.jpg?fit=880%2C440&ssl=1&resize=525%2C300 1.5x, https:\/\/i0.wp.com\/lahoradelcampo.com.uy\/site\/wp-content\/uploads\/2017\/09\/Lanas-a.jpg?fit=880%2C440&ssl=1&resize=700%2C400 2x"},"classes":[]},{"id":633,"url":"https:\/\/lahoradelcampo.com.uy\/site\/mercado-lanero-se-mantiene-con-menor-actividad\/","url_meta":{"origin":38917,"position":1},"title":"Mercado lanero se mantiene con menor actividad","author":"La Hora del Campo","date":"8 septiembre, 2017","format":false,"excerpt":"El mercado que se mantiene con menor cantidad de negocios laneros, con precios estables en las categor\u00edas de Merinos en el eje\u00a0 de 20 y 21 micras y mayor cantidad de negocios en lanas m\u00e1s gruesas. Varios lotes en el eje de 20 micras a US$ 7.30 \/ US$ 7.35\u2026","rel":"","context":"En \u00abGanader\u00eda\u00bb","block_context":{"text":"Ganader\u00eda","link":"https:\/\/lahoradelcampo.com.uy\/site\/category\/ganaderia\/"},"img":{"alt_text":"","src":"https:\/\/i0.wp.com\/lahoradelcampo.com.uy\/site\/wp-content\/uploads\/2017\/09\/lana.jpg?fit=845%2C475&ssl=1&resize=350%2C200","width":350,"height":200,"srcset":"https:\/\/i0.wp.com\/lahoradelcampo.com.uy\/site\/wp-content\/uploads\/2017\/09\/lana.jpg?fit=845%2C475&ssl=1&resize=350%2C200 1x, https:\/\/i0.wp.com\/lahoradelcampo.com.uy\/site\/wp-content\/uploads\/2017\/09\/lana.jpg?fit=845%2C475&ssl=1&resize=525%2C300 1.5x, https:\/\/i0.wp.com\/lahoradelcampo.com.uy\/site\/wp-content\/uploads\/2017\/09\/lana.jpg?fit=845%2C475&ssl=1&resize=700%2C400 2x"},"classes":[]},{"id":3339,"url":"https:\/\/lahoradelcampo.com.uy\/site\/mercado-lanero-focalizado-en-lanas-finas-en-uruguay\/","url_meta":{"origin":38917,"position":2},"title":"Mercado lanero focalizado en lanas finas en Uruguay","author":"La Hora del Campo","date":"30 octubre, 2017","format":false,"excerpt":"Seg\u00fan el informe semanal del Secretariado Uruguayo de la Lana, la pasada semana registr\u00f3 una \"menor cantidad de negocios\" y la demanda se encuentra \"focalizada principalmente en lanas finas y superfinas\". En ese contexto hubo un menor movimiento para los negocios en lanas medias. Negocios: - 4.500 kg de 19.6\u2026","rel":"","context":"En \u00abActualidad\u00bb","block_context":{"text":"Actualidad","link":"https:\/\/lahoradelcampo.com.uy\/site\/category\/actualidad\/"},"img":{"alt_text":"","src":"https:\/\/i0.wp.com\/lahoradelcampo.com.uy\/site\/wp-content\/uploads\/2017\/10\/Lanas-sul.jpg?fit=880%2C440&ssl=1&resize=350%2C200","width":350,"height":200,"srcset":"https:\/\/i0.wp.com\/lahoradelcampo.com.uy\/site\/wp-content\/uploads\/2017\/10\/Lanas-sul.jpg?fit=880%2C440&ssl=1&resize=350%2C200 1x, https:\/\/i0.wp.com\/lahoradelcampo.com.uy\/site\/wp-content\/uploads\/2017\/10\/Lanas-sul.jpg?fit=880%2C440&ssl=1&resize=525%2C300 1.5x, https:\/\/i0.wp.com\/lahoradelcampo.com.uy\/site\/wp-content\/uploads\/2017\/10\/Lanas-sul.jpg?fit=880%2C440&ssl=1&resize=700%2C400 2x"},"classes":[]},{"id":3617,"url":"https:\/\/lahoradelcampo.com.uy\/site\/se-vendio-cerca-de-100-000-kilos-de-lanas-por-debajo-de-las-215-micras\/","url_meta":{"origin":38917,"position":3},"title":"Se vendi\u00f3 cerca de 100.000 kilos de lanas por debajo de las 21,5 micras","author":"La Hora del Campo","date":"6 noviembre, 2017","format":false,"excerpt":"En una semana donde los valores de las lanas superfinas alcanzaron valores r\u00e9cord en nuestro pa\u00eds, el mercado contin\u00fao centrado en este tipo de micronajes y con negocios muy puntuales en lanas medias y con valores que a\u00fan se encuentran lejos de las pretensiones de los productores. En su informe\u2026","rel":"","context":"En \u00abActualidad\u00bb","block_context":{"text":"Actualidad","link":"https:\/\/lahoradelcampo.com.uy\/site\/category\/actualidad\/"},"img":{"alt_text":"","src":"https:\/\/i0.wp.com\/lahoradelcampo.com.uy\/site\/wp-content\/uploads\/2017\/11\/Lanas-1.jpg?fit=880%2C440&ssl=1&resize=350%2C200","width":350,"height":200,"srcset":"https:\/\/i0.wp.com\/lahoradelcampo.com.uy\/site\/wp-content\/uploads\/2017\/11\/Lanas-1.jpg?fit=880%2C440&ssl=1&resize=350%2C200 1x, https:\/\/i0.wp.com\/lahoradelcampo.com.uy\/site\/wp-content\/uploads\/2017\/11\/Lanas-1.jpg?fit=880%2C440&ssl=1&resize=525%2C300 1.5x, https:\/\/i0.wp.com\/lahoradelcampo.com.uy\/site\/wp-content\/uploads\/2017\/11\/Lanas-1.jpg?fit=880%2C440&ssl=1&resize=700%2C400 2x"},"classes":[]},{"id":1685,"url":"https:\/\/lahoradelcampo.com.uy\/site\/ime-cerro-estable-luego-de-las-bajas-registradas-las-semanas-previas\/","url_meta":{"origin":38917,"position":4},"title":"IME cerr\u00f3 estable luego de las bajas registradas las semanas previas","author":"La Hora del Campo","date":"23 septiembre, 2017","format":false,"excerpt":"Esta semana el indicador logro mantenerse en su nivel en A$ 15,25 en la moneda local, pero con leve suba por tipo de cambio en d\u00f3lares americanos, alcanzando los U$S 12,20 por kilogramo base limpia, seg\u00fan inform\u00f3 el Secretariado Uruguayo de la Lana. Las categor\u00edas registraron variaciones dispares. La mayor\u00eda\u2026","rel":"","context":"En \u00abGanader\u00eda\u00bb","block_context":{"text":"Ganader\u00eda","link":"https:\/\/lahoradelcampo.com.uy\/site\/category\/ganaderia\/"},"img":{"alt_text":"","src":"https:\/\/i0.wp.com\/lahoradelcampo.com.uy\/site\/wp-content\/uploads\/2017\/09\/Lanas-1.jpg?fit=880%2C440&ssl=1&resize=350%2C200","width":350,"height":200,"srcset":"https:\/\/i0.wp.com\/lahoradelcampo.com.uy\/site\/wp-content\/uploads\/2017\/09\/Lanas-1.jpg?fit=880%2C440&ssl=1&resize=350%2C200 1x, https:\/\/i0.wp.com\/lahoradelcampo.com.uy\/site\/wp-content\/uploads\/2017\/09\/Lanas-1.jpg?fit=880%2C440&ssl=1&resize=525%2C300 1.5x, https:\/\/i0.wp.com\/lahoradelcampo.com.uy\/site\/wp-content\/uploads\/2017\/09\/Lanas-1.jpg?fit=880%2C440&ssl=1&resize=700%2C400 2x"},"classes":[]},{"id":5141,"url":"https:\/\/lahoradelcampo.com.uy\/site\/sul-precios-de-la-lana-estables-al-cierre-del-2017\/","url_meta":{"origin":38917,"position":5},"title":"SUL: Precios de la lana estables al cierre del 2017","author":"La Hora del Campo","date":"25 diciembre, 2017","format":false,"excerpt":"El Secretariado Uruguayo de la Lana, en su informe semanal, se\u00f1ala que a pesar del impase en las ventas en Australia, en el mercado interno continuaron los negocios focalizados en lanas de finas principalmente. En este marco se destaca la estabilidad en los precios y la continuidad de negocios a\u2026","rel":"","context":"En \u00abActualidad\u00bb","block_context":{"text":"Actualidad","link":"https:\/\/lahoradelcampo.com.uy\/site\/category\/actualidad\/"},"img":{"alt_text":"","src":"https:\/\/i0.wp.com\/lahoradelcampo.com.uy\/site\/wp-content\/uploads\/2017\/12\/Lana.jpg?fit=880%2C440&ssl=1&resize=350%2C200","width":350,"height":200,"srcset":"https:\/\/i0.wp.com\/lahoradelcampo.com.uy\/site\/wp-content\/uploads\/2017\/12\/Lana.jpg?fit=880%2C440&ssl=1&resize=350%2C200 1x, https:\/\/i0.wp.com\/lahoradelcampo.com.uy\/site\/wp-content\/uploads\/2017\/12\/Lana.jpg?fit=880%2C440&ssl=1&resize=525%2C300 1.5x, https:\/\/i0.wp.com\/lahoradelcampo.com.uy\/site\/wp-content\/uploads\/2017\/12\/Lana.jpg?fit=880%2C440&ssl=1&resize=700%2C400 2x"},"classes":[]}],"jetpack_likes_enabled":true,"_links":{"self":[{"href":"https:\/\/lahoradelcampo.com.uy\/site\/wp-json\/wp\/v2\/posts\/38917","targetHints":{"allow":["GET"]}}],"collection":[{"href":"https:\/\/lahoradelcampo.com.uy\/site\/wp-json\/wp\/v2\/posts"}],"about":[{"href":"https:\/\/lahoradelcampo.com.uy\/site\/wp-json\/wp\/v2\/types\/post"}],"author":[{"embeddable":true,"href":"https:\/\/lahoradelcampo.com.uy\/site\/wp-json\/wp\/v2\/users\/5"}],"replies":[{"embeddable":true,"href":"https:\/\/lahoradelcampo.com.uy\/site\/wp-json\/wp\/v2\/comments?post=38917"}],"version-history":[{"count":1,"href":"https:\/\/lahoradelcampo.com.uy\/site\/wp-json\/wp\/v2\/posts\/38917\/revisions"}],"predecessor-version":[{"id":38919,"href":"https:\/\/lahoradelcampo.com.uy\/site\/wp-json\/wp\/v2\/posts\/38917\/revisions\/38919"}],"wp:featuredmedia":[{"embeddable":true,"href":"https:\/\/lahoradelcampo.com.uy\/site\/wp-json\/wp\/v2\/media\/30982"}],"wp:attachment":[{"href":"https:\/\/lahoradelcampo.com.uy\/site\/wp-json\/wp\/v2\/media?parent=38917"}],"wp:term":[{"taxonomy":"category","embeddable":true,"href":"https:\/\/lahoradelcampo.com.uy\/site\/wp-json\/wp\/v2\/categories?post=38917"},{"taxonomy":"post_tag","embeddable":true,"href":"https:\/\/lahoradelcampo.com.uy\/site\/wp-json\/wp\/v2\/tags?post=38917"}],"curies":[{"name":"wp","href":"https:\/\/api.w.org\/{rel}","templated":true}]}}