{"id":38913,"date":"2022-02-07T07:29:19","date_gmt":"2022-02-07T10:29:19","guid":{"rendered":"http:\/\/lahoradelcampo.com.uy\/site\/?p=38913"},"modified":"2022-02-07T07:29:24","modified_gmt":"2022-02-07T10:29:24","slug":"se-incluyo-a-los-horticultores-en-la-emergencia-agropecuaria","status":"publish","type":"post","link":"https:\/\/lahoradelcampo.com.uy\/site\/se-incluyo-a-los-horticultores-en-la-emergencia-agropecuaria\/","title":{"rendered":"Se incluyo  a los horticultores en la Emergencia Agropecuaria"},"content":{"rendered":"\n<figure class=\"wp-block-image\"><img data-recalc-dims=\"1\" loading=\"lazy\" decoding=\"async\" width=\"810\" height=\"405\" data-attachment-id=\"27306\" data-permalink=\"https:\/\/lahoradelcampo.com.uy\/site\/intendencia-colabora-con-postes-para-reconstruir-invernaculos\/idsinvernaculos\/\" data-orig-file=\"https:\/\/i0.wp.com\/lahoradelcampo.com.uy\/site\/wp-content\/uploads\/2021\/02\/IDSInvernaculos.jpg?fit=880%2C440&amp;ssl=1\" data-orig-size=\"880,440\" data-comments-opened=\"1\" data-image-meta=\"{&quot;aperture&quot;:&quot;0&quot;,&quot;credit&quot;:&quot;&quot;,&quot;camera&quot;:&quot;&quot;,&quot;caption&quot;:&quot;&quot;,&quot;created_timestamp&quot;:&quot;0&quot;,&quot;copyright&quot;:&quot;&quot;,&quot;focal_length&quot;:&quot;0&quot;,&quot;iso&quot;:&quot;0&quot;,&quot;shutter_speed&quot;:&quot;0&quot;,&quot;title&quot;:&quot;&quot;,&quot;orientation&quot;:&quot;1&quot;}\" data-image-title=\"IDSInvernaculos\" data-image-description=\"\" data-image-caption=\"\" data-large-file=\"https:\/\/i0.wp.com\/lahoradelcampo.com.uy\/site\/wp-content\/uploads\/2021\/02\/IDSInvernaculos.jpg?fit=810%2C405&amp;ssl=1\" src=\"https:\/\/i0.wp.com\/lahoradelcampo.com.uy\/site\/wp-content\/uploads\/2021\/02\/IDSInvernaculos.jpg?resize=810%2C405\" alt=\"\" class=\"wp-image-27306\" srcset=\"https:\/\/i0.wp.com\/lahoradelcampo.com.uy\/site\/wp-content\/uploads\/2021\/02\/IDSInvernaculos.jpg?w=880&amp;ssl=1 880w, https:\/\/i0.wp.com\/lahoradelcampo.com.uy\/site\/wp-content\/uploads\/2021\/02\/IDSInvernaculos.jpg?resize=300%2C150&amp;ssl=1 300w, https:\/\/i0.wp.com\/lahoradelcampo.com.uy\/site\/wp-content\/uploads\/2021\/02\/IDSInvernaculos.jpg?resize=768%2C384&amp;ssl=1 768w, https:\/\/i0.wp.com\/lahoradelcampo.com.uy\/site\/wp-content\/uploads\/2021\/02\/IDSInvernaculos.jpg?resize=820%2C410&amp;ssl=1 820w\" sizes=\"auto, (max-width: 810px) 100vw, 810px\" \/><\/figure>\n\n\n\n<p>Tal como se informara por La Hora del Campo, el pasado viernes, luego que el jueves 3 se reuniera la Comisi\u00f3n de Emergencia se identificaron 15 nuevas seccionales policiales afectadas por d\u00e9ficit h\u00eddrico, de 5 departamentos que abarcan 1.946.573 ha. El mencionado territorio comprende las siguientes zonas de: \u2022 Artigas: 1ra, 2da, 4ta, 5ta, 6ta, 8va y 9na; \u2022 Cerro Largo: 5ta. sec. pol. \u2022 Rivera: 3ra., 5ta, 6ta y 8va. sec pol. \u2022 Salto: 10ma y 11va sec. pol. \u2022 Tacuaremb\u00f3: 8va. sec. pol. <br><\/p>\n\n\n\n<p>Seg\u00fan los registros disponibles, en la zona se ubican 900 productores familiares,  1.4 millones de Unidades Ganaderas en 3.900 DICOSES y 380 mil UG en 2.900 DICOSES con menos de 500ha.  En cuanto a los propietarios de colmenas  la cifra asciende a 500 con 27 mil colmenas.<br><\/p>\n\n\n\n<p>El costo m\u00e1ximo estimado para la ampliaci\u00f3n en el rubro ganader\u00eda y lecher\u00eda es de 19 millones de d\u00f3lares y para apicultura es de 330 mil d\u00f3lares.  <br><\/p>\n\n\n\n<p>Por otra parte, las autoridades delimitaron dentro de la Emergencia Agropecuaria a los horticultores bajo cubierta, es decir \u00fanicamente a productores de invern\u00e1culo de todo el territorio nacional. En este sentido, cabe aclarar, que la medida refiere  a los propietarios de invern\u00e1culos que sufrieron problemas estructurales durante las recientes turbonadas. <\/p>\n\n\n\n<p>El apoyo disponible estar\u00e1 dirigido a reparar los da\u00f1os y p\u00e9rdidas de estructuras  que estaban en uso.  Los nuevos damnificados podr\u00e1n postularse a trav\u00e9s de los formularios ya destinados a tales efectos y que se encuentran disponibles v\u00eda web del MGAP.<br><\/p>\n\n\n\n<p>Como tercer punto, la presente resoluci\u00f3n habilita al apoyo de los productores afectados por los incendios forestales, a hacer uso del Fondo Agropecuario de Emergencias para el hotel de terneros.<br><\/p>\n\n\n\n<p>En s\u00edntesis,  a la fecha la superficie total bajo emergencia agropecuaria es de 11.9 millones de ha., lo cual se traduce en 165 seccionales policiales de 16 departamentos, 10.000 productores familiares, 30.000 DICOSES totales de los cuales 23.800 tienen menos de 500 ha.<\/p>\n\n\n\n<p>Salto, 7 de febrero de 2022<\/p>\n","protected":false},"excerpt":{"rendered":"<p>Tal como se informara por La Hora del Campo, el pasado viernes, luego que el jueves 3 se reuniera la Comisi\u00f3n de Emergencia se identificaron 15 nuevas seccionales policiales afectadas [&hellip;]<\/p>\n","protected":false},"author":5,"featured_media":27306,"comment_status":"open","ping_status":"open","sticky":false,"template":"","format":"standard","meta":{"_price":"","_stock":"","_tribe_ticket_header":"","_tribe_default_ticket_provider":"","_tribe_ticket_capacity":"0","_ticket_start_date":"","_ticket_end_date":"","_tribe_ticket_show_description":"","_tribe_ticket_show_not_going":false,"_tribe_ticket_use_global_stock":"","_tribe_ticket_global_stock_level":"","_global_stock_mode":"","_global_stock_cap":"","_tribe_rsvp_for_event":"","_tribe_ticket_going_count":"","_tribe_ticket_not_going_count":"","_tribe_tickets_list":"[]","_tribe_ticket_has_attendee_info_fields":false,"h5ap_radio_sources":[],"_jetpack_newsletter_access":"","_jetpack_dont_email_post_to_subs":false,"_jetpack_newsletter_tier_id":0,"_jetpack_memberships_contains_paywalled_content":false,"_jetpack_memberships_contains_paid_content":false,"footnotes":""},"categories":[21,9],"tags":[],"class_list":["post-38913","post","type-post","status-publish","format-standard","has-post-thumbnail","hentry","category-actualidad","category-granja"],"jetpack_featured_media_url":"https:\/\/i0.wp.com\/lahoradelcampo.com.uy\/site\/wp-content\/uploads\/2021\/02\/IDSInvernaculos.jpg?fit=880%2C440&ssl=1","jetpack_sharing_enabled":true,"jetpack_shortlink":"https:\/\/wp.me\/p99IaT-a7D","jetpack-related-posts":[{"id":38443,"url":"https:\/\/lahoradelcampo.com.uy\/site\/el-mgap-amplio-el-area-de-emergencia-agropecuaria-e-incluyo-a-la-avicultura\/","url_meta":{"origin":38913,"position":0},"title":"El MGAP ampli\u00f3 el \u00e1rea de Emergencia Agropecuaria e incluy\u00f3 a la av\u00edcultura","author":"La Hora del Campo","date":"21 enero, 2022","format":false,"excerpt":"La zona estipulada bajo Emergencia Agropecuaria se situaba en 5.1 millones de has. afectadas por d\u00e9ficit h\u00eddrico, en 9 departamentos y 57 seccionales policiales para los rubros ganader\u00eda, lecher\u00eda y apicultura. En 4 seccionales policiales se incorpor\u00f3 el rubro forestaci\u00f3n. Tal como se informara, el SNIA viene realizando el monitoreo\u2026","rel":"","context":"En \u00abActualidad\u00bb","block_context":{"text":"Actualidad","link":"https:\/\/lahoradelcampo.com.uy\/site\/category\/actualidad\/"},"img":{"alt_text":"","src":"https:\/\/i0.wp.com\/lahoradelcampo.com.uy\/site\/wp-content\/uploads\/2022\/01\/MGAP-Emergenciamapa2.jpg?fit=880%2C440&ssl=1&resize=350%2C200","width":350,"height":200,"srcset":"https:\/\/i0.wp.com\/lahoradelcampo.com.uy\/site\/wp-content\/uploads\/2022\/01\/MGAP-Emergenciamapa2.jpg?fit=880%2C440&ssl=1&resize=350%2C200 1x, https:\/\/i0.wp.com\/lahoradelcampo.com.uy\/site\/wp-content\/uploads\/2022\/01\/MGAP-Emergenciamapa2.jpg?fit=880%2C440&ssl=1&resize=525%2C300 1.5x, https:\/\/i0.wp.com\/lahoradelcampo.com.uy\/site\/wp-content\/uploads\/2022\/01\/MGAP-Emergenciamapa2.jpg?fit=880%2C440&ssl=1&resize=700%2C400 2x"},"classes":[]},{"id":40721,"url":"https:\/\/lahoradelcampo.com.uy\/site\/mgap-recuerda-que-el-18-de-abril-vence-el-plazo-para-postularse-al-fae\/","url_meta":{"origin":38913,"position":1},"title":"MGAP recuerda que el 18 de abril vence el plazo para  postularse al FAE","author":"La Hora del Campo","date":"12 abril, 2022","format":false,"excerpt":"En apoyo a productores de diversas seccionales en todo el territorio nacional, el 17 de enero de 2022 se extendi\u00f3 por 90 d\u00edas la declaratoria de Emergencia Agropecuaria para el rubro Av\u00edcola. Asimismo, se ampli\u00f3 por el mismo per\u00edodo, la declaratoria efectuada originalmente para los rubros ganader\u00eda, lecher\u00eda y apicultura\u2026","rel":"","context":"En \u00abActualidad\u00bb","block_context":{"text":"Actualidad","link":"https:\/\/lahoradelcampo.com.uy\/site\/category\/actualidad\/"},"img":{"alt_text":"","src":"https:\/\/i0.wp.com\/lahoradelcampo.com.uy\/site\/wp-content\/uploads\/2021\/02\/emergencia.jpg?fit=880%2C440&ssl=1&resize=350%2C200","width":350,"height":200,"srcset":"https:\/\/i0.wp.com\/lahoradelcampo.com.uy\/site\/wp-content\/uploads\/2021\/02\/emergencia.jpg?fit=880%2C440&ssl=1&resize=350%2C200 1x, https:\/\/i0.wp.com\/lahoradelcampo.com.uy\/site\/wp-content\/uploads\/2021\/02\/emergencia.jpg?fit=880%2C440&ssl=1&resize=525%2C300 1.5x, https:\/\/i0.wp.com\/lahoradelcampo.com.uy\/site\/wp-content\/uploads\/2021\/02\/emergencia.jpg?fit=880%2C440&ssl=1&resize=700%2C400 2x"},"classes":[]},{"id":44219,"url":"https:\/\/lahoradelcampo.com.uy\/site\/mgap-publico-la-declaracion-de-emergencia-agropecuaria\/","url_meta":{"origin":38913,"position":2},"title":"MGAP public\u00f3 la Declaraci\u00f3n de Emergencia Agropecuaria","author":"La Hora del Campo","date":"27 julio, 2022","format":false,"excerpt":"Tal cual como se adelant\u00f3 por parte del Ministro de Ganader\u00eda, Agricultura y Pesca (MGAP), Ing. Agr. Fernando Mattos, en su reciente recorrida por la zona afectada por la turbanada registrada en las zonas hort\u00edcolas cercanas a la capital sanducera y posteriormente reuni\u00e9ndose con productores afectados por una granizada en\u2026","rel":"","context":"En \u00abActualidad\u00bb","block_context":{"text":"Actualidad","link":"https:\/\/lahoradelcampo.com.uy\/site\/category\/actualidad\/"},"img":{"alt_text":"","src":"https:\/\/i0.wp.com\/lahoradelcampo.com.uy\/site\/wp-content\/uploads\/2022\/07\/mgap-paysandu.jpg?fit=880%2C440&ssl=1&resize=350%2C200","width":350,"height":200,"srcset":"https:\/\/i0.wp.com\/lahoradelcampo.com.uy\/site\/wp-content\/uploads\/2022\/07\/mgap-paysandu.jpg?fit=880%2C440&ssl=1&resize=350%2C200 1x, https:\/\/i0.wp.com\/lahoradelcampo.com.uy\/site\/wp-content\/uploads\/2022\/07\/mgap-paysandu.jpg?fit=880%2C440&ssl=1&resize=525%2C300 1.5x, https:\/\/i0.wp.com\/lahoradelcampo.com.uy\/site\/wp-content\/uploads\/2022\/07\/mgap-paysandu.jpg?fit=880%2C440&ssl=1&resize=700%2C400 2x"},"classes":[]},{"id":40095,"url":"https:\/\/lahoradelcampo.com.uy\/site\/continua-la-vacunacion-contra-la-fiebre-aftosa\/","url_meta":{"origin":38913,"position":3},"title":"Continua la vacunaci\u00f3n contra la fiebre aftosa","author":"La Hora del Campo","date":"22 marzo, 2022","format":false,"excerpt":"A continuaci\u00f3n recordamos el cronograma previsto para Salto, Artigas y Paysand\u00fa hasta el pr\u00f3ximo viernes 25 de marzo. Salto En Salto, recordemos que no se entrega vacunas en las oficinas centrales del Ministerio de Ganader\u00eda, Agricultura y Pesca (MGAP) por las medidas contra el Covid-19, por tanto se ha establecido\u2026","rel":"","context":"En \u00abActualidad\u00bb","block_context":{"text":"Actualidad","link":"https:\/\/lahoradelcampo.com.uy\/site\/category\/actualidad\/"},"img":{"alt_text":"","src":"https:\/\/i0.wp.com\/lahoradelcampo.com.uy\/site\/wp-content\/uploads\/2022\/02\/MGAP-Aftosa-vacuna.jpg?fit=880%2C440&ssl=1&resize=350%2C200","width":350,"height":200,"srcset":"https:\/\/i0.wp.com\/lahoradelcampo.com.uy\/site\/wp-content\/uploads\/2022\/02\/MGAP-Aftosa-vacuna.jpg?fit=880%2C440&ssl=1&resize=350%2C200 1x, https:\/\/i0.wp.com\/lahoradelcampo.com.uy\/site\/wp-content\/uploads\/2022\/02\/MGAP-Aftosa-vacuna.jpg?fit=880%2C440&ssl=1&resize=525%2C300 1.5x, https:\/\/i0.wp.com\/lahoradelcampo.com.uy\/site\/wp-content\/uploads\/2022\/02\/MGAP-Aftosa-vacuna.jpg?fit=880%2C440&ssl=1&resize=700%2C400 2x"},"classes":[]},{"id":27712,"url":"https:\/\/lahoradelcampo.com.uy\/site\/9-de-marzo-vence-el-plazo-para-acogerse-a-la-emergencia-apicola\/","url_meta":{"origin":38913,"position":4},"title":"9 de marzo vence el plazo para acogerse a la emergencia ap\u00edcola","author":"La Hora del Campo","date":"16 febrero, 2021","format":false,"excerpt":"Como consecuencia del d\u00e9ficit h\u00eddrico registrado dese fines del a\u00f1o 2020, el MGAP ha declarado emergencia agropecuaria en diferentes zonas del pa\u00eds y ha incluido a la apicultura. Por ende se ha abierto un plazo de inscripci\u00f3n que vencer\u00e1 el 9 de marzo, para que los apicultores puedan acceder a\u2026","rel":"","context":"En \u00abActualidad\u00bb","block_context":{"text":"Actualidad","link":"https:\/\/lahoradelcampo.com.uy\/site\/category\/actualidad\/"},"img":{"alt_text":"","src":"https:\/\/i0.wp.com\/lahoradelcampo.com.uy\/site\/wp-content\/uploads\/2020\/05\/Apicultura.jpg?fit=880%2C440&ssl=1&resize=350%2C200","width":350,"height":200,"srcset":"https:\/\/i0.wp.com\/lahoradelcampo.com.uy\/site\/wp-content\/uploads\/2020\/05\/Apicultura.jpg?fit=880%2C440&ssl=1&resize=350%2C200 1x, https:\/\/i0.wp.com\/lahoradelcampo.com.uy\/site\/wp-content\/uploads\/2020\/05\/Apicultura.jpg?fit=880%2C440&ssl=1&resize=525%2C300 1.5x, https:\/\/i0.wp.com\/lahoradelcampo.com.uy\/site\/wp-content\/uploads\/2020\/05\/Apicultura.jpg?fit=880%2C440&ssl=1&resize=700%2C400 2x"},"classes":[]},{"id":48745,"url":"https:\/\/lahoradelcampo.com.uy\/site\/digegra-informo-requisitos-para-que-apicultores-accedan-al-fae\/","url_meta":{"origin":38913,"position":5},"title":"Digegra inform\u00f3 requisitos para que apicultores accedan al FAE","author":"La Hora del Campo","date":"18 febrero, 2023","format":false,"excerpt":"DIGEGRA dio a conocer los requisitos para que apicultores accedan a los pr\u00e9stamos subsidiados por la emergencia agropecuaria. Son beneficiarios los productores ap\u00edcolas que: Tener apiarios declarados en la zona de Emergencia Agropecuaria (todo el territorio nacional) y estar al d\u00eda con sus obligaciones ante el MGAPContar con el registro\u2026","rel":"","context":"En \u00abActualidad\u00bb","block_context":{"text":"Actualidad","link":"https:\/\/lahoradelcampo.com.uy\/site\/category\/actualidad\/"},"img":{"alt_text":"","src":"https:\/\/i0.wp.com\/lahoradelcampo.com.uy\/site\/wp-content\/uploads\/2023\/02\/apicola2.jpg?fit=880%2C440&ssl=1&resize=350%2C200","width":350,"height":200,"srcset":"https:\/\/i0.wp.com\/lahoradelcampo.com.uy\/site\/wp-content\/uploads\/2023\/02\/apicola2.jpg?fit=880%2C440&ssl=1&resize=350%2C200 1x, https:\/\/i0.wp.com\/lahoradelcampo.com.uy\/site\/wp-content\/uploads\/2023\/02\/apicola2.jpg?fit=880%2C440&ssl=1&resize=525%2C300 1.5x, https:\/\/i0.wp.com\/lahoradelcampo.com.uy\/site\/wp-content\/uploads\/2023\/02\/apicola2.jpg?fit=880%2C440&ssl=1&resize=700%2C400 2x"},"classes":[]}],"jetpack_likes_enabled":true,"_links":{"self":[{"href":"https:\/\/lahoradelcampo.com.uy\/site\/wp-json\/wp\/v2\/posts\/38913","targetHints":{"allow":["GET"]}}],"collection":[{"href":"https:\/\/lahoradelcampo.com.uy\/site\/wp-json\/wp\/v2\/posts"}],"about":[{"href":"https:\/\/lahoradelcampo.com.uy\/site\/wp-json\/wp\/v2\/types\/post"}],"author":[{"embeddable":true,"href":"https:\/\/lahoradelcampo.com.uy\/site\/wp-json\/wp\/v2\/users\/5"}],"replies":[{"embeddable":true,"href":"https:\/\/lahoradelcampo.com.uy\/site\/wp-json\/wp\/v2\/comments?post=38913"}],"version-history":[{"count":1,"href":"https:\/\/lahoradelcampo.com.uy\/site\/wp-json\/wp\/v2\/posts\/38913\/revisions"}],"predecessor-version":[{"id":38915,"href":"https:\/\/lahoradelcampo.com.uy\/site\/wp-json\/wp\/v2\/posts\/38913\/revisions\/38915"}],"wp:featuredmedia":[{"embeddable":true,"href":"https:\/\/lahoradelcampo.com.uy\/site\/wp-json\/wp\/v2\/media\/27306"}],"wp:attachment":[{"href":"https:\/\/lahoradelcampo.com.uy\/site\/wp-json\/wp\/v2\/media?parent=38913"}],"wp:term":[{"taxonomy":"category","embeddable":true,"href":"https:\/\/lahoradelcampo.com.uy\/site\/wp-json\/wp\/v2\/categories?post=38913"},{"taxonomy":"post_tag","embeddable":true,"href":"https:\/\/lahoradelcampo.com.uy\/site\/wp-json\/wp\/v2\/tags?post=38913"}],"curies":[{"name":"wp","href":"https:\/\/api.w.org\/{rel}","templated":true}]}}