{"id":38907,"date":"2022-02-04T17:10:02","date_gmt":"2022-02-04T20:10:02","guid":{"rendered":"http:\/\/lahoradelcampo.com.uy\/site\/?p=38907"},"modified":"2022-02-04T17:10:06","modified_gmt":"2022-02-04T20:10:06","slug":"seguridad-rural-detuvo-tres-camiones-con-irregularidades","status":"publish","type":"post","link":"https:\/\/lahoradelcampo.com.uy\/site\/seguridad-rural-detuvo-tres-camiones-con-irregularidades\/","title":{"rendered":"Seguridad Rural detuvo tres camiones con irregularidades"},"content":{"rendered":"\n<figure class=\"wp-block-image\"><img data-recalc-dims=\"1\" loading=\"lazy\" decoding=\"async\" width=\"810\" height=\"405\" data-attachment-id=\"38909\" data-permalink=\"https:\/\/lahoradelcampo.com.uy\/site\/seguridad-rural-detuvo-tres-camiones-con-irregularidades\/policia-camioneros\/\" data-orig-file=\"https:\/\/i0.wp.com\/lahoradelcampo.com.uy\/site\/wp-content\/uploads\/2022\/02\/POLICIA-Camioneros.jpg?fit=880%2C440&amp;ssl=1\" data-orig-size=\"880,440\" data-comments-opened=\"1\" data-image-meta=\"{&quot;aperture&quot;:&quot;0&quot;,&quot;credit&quot;:&quot;&quot;,&quot;camera&quot;:&quot;&quot;,&quot;caption&quot;:&quot;&quot;,&quot;created_timestamp&quot;:&quot;0&quot;,&quot;copyright&quot;:&quot;&quot;,&quot;focal_length&quot;:&quot;0&quot;,&quot;iso&quot;:&quot;0&quot;,&quot;shutter_speed&quot;:&quot;0&quot;,&quot;title&quot;:&quot;&quot;,&quot;orientation&quot;:&quot;1&quot;}\" data-image-title=\"POLICIA-Camioneros\" data-image-description=\"\" data-image-caption=\"\" data-large-file=\"https:\/\/i0.wp.com\/lahoradelcampo.com.uy\/site\/wp-content\/uploads\/2022\/02\/POLICIA-Camioneros.jpg?fit=810%2C405&amp;ssl=1\" src=\"https:\/\/i0.wp.com\/lahoradelcampo.com.uy\/site\/wp-content\/uploads\/2022\/02\/POLICIA-Camioneros.jpg?resize=810%2C405\" alt=\"\" class=\"wp-image-38909\" srcset=\"https:\/\/i0.wp.com\/lahoradelcampo.com.uy\/site\/wp-content\/uploads\/2022\/02\/POLICIA-Camioneros.jpg?w=880&amp;ssl=1 880w, https:\/\/i0.wp.com\/lahoradelcampo.com.uy\/site\/wp-content\/uploads\/2022\/02\/POLICIA-Camioneros.jpg?resize=300%2C150&amp;ssl=1 300w, https:\/\/i0.wp.com\/lahoradelcampo.com.uy\/site\/wp-content\/uploads\/2022\/02\/POLICIA-Camioneros.jpg?resize=768%2C384&amp;ssl=1 768w, https:\/\/i0.wp.com\/lahoradelcampo.com.uy\/site\/wp-content\/uploads\/2022\/02\/POLICIA-Camioneros.jpg?resize=820%2C410&amp;ssl=1 820w\" sizes=\"auto, (max-width: 810px) 100vw, 810px\" \/><\/figure>\n\n\n\n<p>En un operativo de rutina en la ruta, la Direcci\u00f3n de\nSeguridad Rural del Ministerio del Interior detuvo tres camiones con\nirregularidades en su documentaci\u00f3n y con animales con garrapata. De acuerdo a\nla informaci\u00f3n brindada por funcionarios en el operativo, los ganados se trasladaban\nsin la realizaci\u00f3n del Despacho de Tropa correspondiente y con garrapata en los\nmismos, por lo que se dio cuenta al Ministerio de Ganader\u00eda, Agricultura y\nPesca que se encontraba trabajando en la Seccional 3\u00aa. <\/p>\n\n\n\n<p>El funcionario policial explic\u00f3 que los veh\u00edculos con su\ncarga fueron trasladados hac\u00eda la dependencia policial porque ten\u00edan varias\nirregularidades en su documentaci\u00f3n. Debido a la situaci\u00f3n de los ganados,\nhabiendo en uno de los camiones dos animales ca\u00eddos, se realizan tr\u00e1mites para\npermitir que los ganados lleguen a destino y all\u00ed realizar las inspecciones\ncorrespondientes de marcas y papeles en los corrales. <\/p>\n\n\n\n<p>\u201cEl procedimiento est\u00e1 en tr\u00e1mite, reci\u00e9n comienza, por lo\nque hay que terminar el operativo para constatar las irregularidades que se\nobservan en principio\u201d dijo el funcionario policial, por lo cual no se pod\u00eda\nbrindar m\u00e1s informaci\u00f3n. <\/p>\n\n\n\n<p>M\u00e1s all\u00e1 de las reservas policiales, seg\u00fan informaci\u00f3n relevada por La Hora del Campo en el lugar, los camiones trasladaban su carga desde Artigas hac\u00eda Paysand\u00fa. Los ganados estaban en baja condici\u00f3n corporal y hab\u00eda animales ca\u00eddos en uno de los camiones. Seg\u00fan supimos, se tratar\u00eda de un embarque con varios propietarios de origen hacia un solo destino, pero las cifras en las gu\u00edas no coincidir\u00edan con la cantidad de vacas que tra\u00edan los camiones en cuesti\u00f3n. <\/p>\n\n\n\n<p>Salto, 4 de febrero de 2022<\/p>\n","protected":false},"excerpt":{"rendered":"<p>En un operativo de rutina en la ruta, la Direcci\u00f3n de Seguridad Rural del Ministerio del Interior detuvo tres camiones con irregularidades en su documentaci\u00f3n y con animales con garrapata. [&hellip;]<\/p>\n","protected":false},"author":5,"featured_media":38909,"comment_status":"open","ping_status":"open","sticky":false,"template":"","format":"standard","meta":{"_price":"","_stock":"","_tribe_ticket_header":"","_tribe_default_ticket_provider":"","_tribe_ticket_capacity":"0","_ticket_start_date":"","_ticket_end_date":"","_tribe_ticket_show_description":"","_tribe_ticket_show_not_going":false,"_tribe_ticket_use_global_stock":"","_tribe_ticket_global_stock_level":"","_global_stock_mode":"","_global_stock_cap":"","_tribe_rsvp_for_event":"","_tribe_ticket_going_count":"","_tribe_ticket_not_going_count":"","_tribe_tickets_list":"[]","_tribe_ticket_has_attendee_info_fields":false,"h5ap_radio_sources":[],"_jetpack_newsletter_access":"","_jetpack_dont_email_post_to_subs":false,"_jetpack_newsletter_tier_id":0,"_jetpack_memberships_contains_paywalled_content":false,"_jetpack_memberships_contains_paid_content":false,"footnotes":""},"categories":[21,5],"tags":[],"class_list":["post-38907","post","type-post","status-publish","format-standard","has-post-thumbnail","hentry","category-actualidad","category-ganaderia"],"jetpack_featured_media_url":"https:\/\/i0.wp.com\/lahoradelcampo.com.uy\/site\/wp-content\/uploads\/2022\/02\/POLICIA-Camioneros.jpg?fit=880%2C440&ssl=1","jetpack_sharing_enabled":true,"jetpack_shortlink":"https:\/\/wp.me\/p99IaT-a7x","jetpack-related-posts":[{"id":38975,"url":"https:\/\/lahoradelcampo.com.uy\/site\/camiones-detenidos-fueron-retornados-al-predio-de-origen\/","url_meta":{"origin":38907,"position":0},"title":"Camiones detenidos, fueron retornados al predio de origen","author":"La Hora del Campo","date":"8 febrero, 2022","format":false,"excerpt":"El pasado viernes informamos en La Hora del Campo, el operativo realizado por la Direcci\u00f3n de Seguridad Rural del Ministerio del Interior en Salto, donde se detuvieron tres camiones con irregularidades en su documentaci\u00f3n y animales con garrapata. De acuerdo a la informaci\u00f3n brindada en aquel momento los ganados se\u2026","rel":"","context":"En \u00abActualidad\u00bb","block_context":{"text":"Actualidad","link":"https:\/\/lahoradelcampo.com.uy\/site\/category\/actualidad\/"},"img":{"alt_text":"","src":"https:\/\/i0.wp.com\/lahoradelcampo.com.uy\/site\/wp-content\/uploads\/2022\/02\/POLICIA-Camioneros.jpg?fit=880%2C440&ssl=1&resize=350%2C200","width":350,"height":200,"srcset":"https:\/\/i0.wp.com\/lahoradelcampo.com.uy\/site\/wp-content\/uploads\/2022\/02\/POLICIA-Camioneros.jpg?fit=880%2C440&ssl=1&resize=350%2C200 1x, https:\/\/i0.wp.com\/lahoradelcampo.com.uy\/site\/wp-content\/uploads\/2022\/02\/POLICIA-Camioneros.jpg?fit=880%2C440&ssl=1&resize=525%2C300 1.5x, https:\/\/i0.wp.com\/lahoradelcampo.com.uy\/site\/wp-content\/uploads\/2022\/02\/POLICIA-Camioneros.jpg?fit=880%2C440&ssl=1&resize=700%2C400 2x"},"classes":[]},{"id":40135,"url":"https:\/\/lahoradelcampo.com.uy\/site\/mgap-trabaja-sobre-el-operativo-de-ganados-de-artigas-sin-despacho-de-tropa\/","url_meta":{"origin":38907,"position":1},"title":"MGAP trabaja sobre el operativo de ganados de Artigas sin despacho de tropa","author":"La Hora del Campo","date":"22 marzo, 2022","format":false,"excerpt":"A inicios de febrero, el pasado viernes 4, se realiz\u00f3 un operativo por parte del Direcci\u00f3n de Seguridad Rural del Ministerio del Interior, donde se detuvo tres camiones procedentes del departamento de Artigas y que transitaban rumbo a un predio en Paysand\u00fa. De acuerdo a la informaci\u00f3n recabada por La\u2026","rel":"","context":"En \u00abActualidad\u00bb","block_context":{"text":"Actualidad","link":"https:\/\/lahoradelcampo.com.uy\/site\/category\/actualidad\/"},"img":{"alt_text":"","src":"https:\/\/i0.wp.com\/lahoradelcampo.com.uy\/site\/wp-content\/uploads\/2022\/03\/MGAP-Altuna.jpg?fit=880%2C440&ssl=1&resize=350%2C200","width":350,"height":200,"srcset":"https:\/\/i0.wp.com\/lahoradelcampo.com.uy\/site\/wp-content\/uploads\/2022\/03\/MGAP-Altuna.jpg?fit=880%2C440&ssl=1&resize=350%2C200 1x, https:\/\/i0.wp.com\/lahoradelcampo.com.uy\/site\/wp-content\/uploads\/2022\/03\/MGAP-Altuna.jpg?fit=880%2C440&ssl=1&resize=525%2C300 1.5x, https:\/\/i0.wp.com\/lahoradelcampo.com.uy\/site\/wp-content\/uploads\/2022\/03\/MGAP-Altuna.jpg?fit=880%2C440&ssl=1&resize=700%2C400 2x"},"classes":[]},{"id":53890,"url":"https:\/\/lahoradelcampo.com.uy\/site\/el-mgap-emitio-un-decreto-que-habilita-el-remate-de-ganados-con-garrapata\/","url_meta":{"origin":38907,"position":2},"title":"El MGAP emiti\u00f3 un decreto que habilita el remate de ganados con garrapata","author":"La Hora del Campo","date":"24 mayo, 2024","format":false,"excerpt":"En la campa\u00f1a contra la garrapata, el Ministerio de Ganader\u00eda, Agricultura y Pesca (MGAP), a trav\u00e9s de la Direcci\u00f3n General de los Servicios Ganaderos, emiti\u00f3 un decreto que modifica decretos anteriores respecto al movimiento de ganados, la venta en locales de remates feria y el traslado a corrales de engorde.\u2026","rel":"","context":"En \u00abActualidad\u00bb","block_context":{"text":"Actualidad","link":"https:\/\/lahoradelcampo.com.uy\/site\/category\/actualidad\/"},"img":{"alt_text":"","src":"https:\/\/i0.wp.com\/lahoradelcampo.com.uy\/site\/wp-content\/uploads\/2020\/07\/garrapataweb1.jpg?fit=880%2C440&ssl=1&resize=350%2C200","width":350,"height":200,"srcset":"https:\/\/i0.wp.com\/lahoradelcampo.com.uy\/site\/wp-content\/uploads\/2020\/07\/garrapataweb1.jpg?fit=880%2C440&ssl=1&resize=350%2C200 1x, https:\/\/i0.wp.com\/lahoradelcampo.com.uy\/site\/wp-content\/uploads\/2020\/07\/garrapataweb1.jpg?fit=880%2C440&ssl=1&resize=525%2C300 1.5x, https:\/\/i0.wp.com\/lahoradelcampo.com.uy\/site\/wp-content\/uploads\/2020\/07\/garrapataweb1.jpg?fit=880%2C440&ssl=1&resize=700%2C400 2x"},"classes":[]},{"id":56822,"url":"https:\/\/lahoradelcampo.com.uy\/site\/fratti-reafirmo-compromiso-del-gobierno-de-comprar-tierras-para-colonos\/","url_meta":{"origin":38907,"position":3},"title":"Fratti reafirm\u00f3 compromiso del gobierno de comprar tierras","author":"La Hora del Campo","date":"15 septiembre, 2025","format":false,"excerpt":"En el marco de la 120.\u00aa Exposici\u00f3n Internacional de Ganader\u00eda y Muestra Agroindustrial y Comercial, realizada en la Rural del Prado, autoridades nacionales encabezadas por el presidente de la Rep\u00fablica, Yamand\u00fa Orsi, participaron del acto oficial. En su discurso, El Dr.Luis Alfredo Fratti, Ministro de Ganader\u00eda, Agricultura y Pesca (MGAP)\u2026","rel":"","context":"En \u00abActualidad\u00bb","block_context":{"text":"Actualidad","link":"https:\/\/lahoradelcampo.com.uy\/site\/category\/actualidad\/"},"img":{"alt_text":"","src":"https:\/\/i0.wp.com\/lahoradelcampo.com.uy\/site\/wp-content\/uploads\/2025\/09\/Prado-2025-fratti.jpg?fit=880%2C440&ssl=1&resize=350%2C200","width":350,"height":200,"srcset":"https:\/\/i0.wp.com\/lahoradelcampo.com.uy\/site\/wp-content\/uploads\/2025\/09\/Prado-2025-fratti.jpg?fit=880%2C440&ssl=1&resize=350%2C200 1x, https:\/\/i0.wp.com\/lahoradelcampo.com.uy\/site\/wp-content\/uploads\/2025\/09\/Prado-2025-fratti.jpg?fit=880%2C440&ssl=1&resize=525%2C300 1.5x, https:\/\/i0.wp.com\/lahoradelcampo.com.uy\/site\/wp-content\/uploads\/2025\/09\/Prado-2025-fratti.jpg?fit=880%2C440&ssl=1&resize=700%2C400 2x"},"classes":[]},{"id":39983,"url":"https:\/\/lahoradelcampo.com.uy\/site\/la-aas-entrego-un-drone-de-ultima-generacion-al-mi\/","url_meta":{"origin":38907,"position":4},"title":"La AAS entreg\u00f3 un drone de \u00faltima generaci\u00f3n al MI","author":"La Hora del Campo","date":"17 marzo, 2022","format":false,"excerpt":"Luego de una campa\u00f1a realizada por la Asociaci\u00f3n Agropecuaria de Salto (AAS) con sus socios y empresas allegadas a la instituci\u00f3n, se logr\u00f3 adquirir un drone de \u00faltima generaci\u00f3n, con las caracter\u00edsticas necesarias para combatir delitos en el \u00e1rea rural tales como el abigeato, faltante de ganados, captura de animales\u2026","rel":"","context":"En \u00abActualidad\u00bb","block_context":{"text":"Actualidad","link":"https:\/\/lahoradelcampo.com.uy\/site\/category\/actualidad\/"},"img":{"alt_text":"","src":"https:\/\/i0.wp.com\/lahoradelcampo.com.uy\/site\/wp-content\/uploads\/2022\/03\/AAS-DRONE.jpg?fit=880%2C440&ssl=1&resize=350%2C200","width":350,"height":200,"srcset":"https:\/\/i0.wp.com\/lahoradelcampo.com.uy\/site\/wp-content\/uploads\/2022\/03\/AAS-DRONE.jpg?fit=880%2C440&ssl=1&resize=350%2C200 1x, https:\/\/i0.wp.com\/lahoradelcampo.com.uy\/site\/wp-content\/uploads\/2022\/03\/AAS-DRONE.jpg?fit=880%2C440&ssl=1&resize=525%2C300 1.5x, https:\/\/i0.wp.com\/lahoradelcampo.com.uy\/site\/wp-content\/uploads\/2022\/03\/AAS-DRONE.jpg?fit=880%2C440&ssl=1&resize=700%2C400 2x"},"classes":[]},{"id":47907,"url":"https:\/\/lahoradelcampo.com.uy\/site\/seis-personas-detenidas-por-el-robo-de-ganados\/","url_meta":{"origin":38907,"position":5},"title":"Seis personas detenidas por el robo de ganados","author":"La Hora del Campo","date":"5 enero, 2023","format":false,"excerpt":"En el departamento de Lavalleja, tras un operativo realizado por la Polic\u00eda, que dur\u00f3 varios meses, se detuvo a seis personas mayores de edad, que realizan una maniobra de robo de ganados de un establecimiento en la 8a secci\u00f3n policial de ese departamento y se comercializaban en ferias ganaderas. Si\u2026","rel":"","context":"En \u00abActualidad\u00bb","block_context":{"text":"Actualidad","link":"https:\/\/lahoradelcampo.com.uy\/site\/category\/actualidad\/"},"img":{"alt_text":"","src":"https:\/\/i0.wp.com\/lahoradelcampo.com.uy\/site\/wp-content\/uploads\/2023\/01\/ganadoscampo.jpg?fit=880%2C440&ssl=1&resize=350%2C200","width":350,"height":200,"srcset":"https:\/\/i0.wp.com\/lahoradelcampo.com.uy\/site\/wp-content\/uploads\/2023\/01\/ganadoscampo.jpg?fit=880%2C440&ssl=1&resize=350%2C200 1x, https:\/\/i0.wp.com\/lahoradelcampo.com.uy\/site\/wp-content\/uploads\/2023\/01\/ganadoscampo.jpg?fit=880%2C440&ssl=1&resize=525%2C300 1.5x, https:\/\/i0.wp.com\/lahoradelcampo.com.uy\/site\/wp-content\/uploads\/2023\/01\/ganadoscampo.jpg?fit=880%2C440&ssl=1&resize=700%2C400 2x"},"classes":[]}],"jetpack_likes_enabled":true,"_links":{"self":[{"href":"https:\/\/lahoradelcampo.com.uy\/site\/wp-json\/wp\/v2\/posts\/38907","targetHints":{"allow":["GET"]}}],"collection":[{"href":"https:\/\/lahoradelcampo.com.uy\/site\/wp-json\/wp\/v2\/posts"}],"about":[{"href":"https:\/\/lahoradelcampo.com.uy\/site\/wp-json\/wp\/v2\/types\/post"}],"author":[{"embeddable":true,"href":"https:\/\/lahoradelcampo.com.uy\/site\/wp-json\/wp\/v2\/users\/5"}],"replies":[{"embeddable":true,"href":"https:\/\/lahoradelcampo.com.uy\/site\/wp-json\/wp\/v2\/comments?post=38907"}],"version-history":[{"count":1,"href":"https:\/\/lahoradelcampo.com.uy\/site\/wp-json\/wp\/v2\/posts\/38907\/revisions"}],"predecessor-version":[{"id":38911,"href":"https:\/\/lahoradelcampo.com.uy\/site\/wp-json\/wp\/v2\/posts\/38907\/revisions\/38911"}],"wp:featuredmedia":[{"embeddable":true,"href":"https:\/\/lahoradelcampo.com.uy\/site\/wp-json\/wp\/v2\/media\/38909"}],"wp:attachment":[{"href":"https:\/\/lahoradelcampo.com.uy\/site\/wp-json\/wp\/v2\/media?parent=38907"}],"wp:term":[{"taxonomy":"category","embeddable":true,"href":"https:\/\/lahoradelcampo.com.uy\/site\/wp-json\/wp\/v2\/categories?post=38907"},{"taxonomy":"post_tag","embeddable":true,"href":"https:\/\/lahoradelcampo.com.uy\/site\/wp-json\/wp\/v2\/tags?post=38907"}],"curies":[{"name":"wp","href":"https:\/\/api.w.org\/{rel}","templated":true}]}}