{"id":38901,"date":"2022-02-04T10:40:16","date_gmt":"2022-02-04T13:40:16","guid":{"rendered":"http:\/\/lahoradelcampo.com.uy\/site\/?p=38901"},"modified":"2022-02-04T10:40:25","modified_gmt":"2022-02-04T13:40:25","slug":"fuerte-suba-en-el-ime-tras-los-festejos-del-ano-nuevo-en-china","status":"publish","type":"post","link":"https:\/\/lahoradelcampo.com.uy\/site\/fuerte-suba-en-el-ime-tras-los-festejos-del-ano-nuevo-en-china\/","title":{"rendered":"Fuerte suba en el IME, tras los festejos del a\u00f1o nuevo en China"},"content":{"rendered":"\n<figure class=\"wp-block-image\"><img data-recalc-dims=\"1\" loading=\"lazy\" decoding=\"async\" width=\"810\" height=\"405\" data-attachment-id=\"11821\" data-permalink=\"https:\/\/lahoradelcampo.com.uy\/site\/primeras-esquilas-se-atrasan-por-las-lluvias-el-mercado-sin-operaciones\/lana-australia-1\/\" data-orig-file=\"https:\/\/i0.wp.com\/lahoradelcampo.com.uy\/site\/wp-content\/uploads\/2019\/06\/Lana-australia-1.jpg?fit=880%2C440&amp;ssl=1\" data-orig-size=\"880,440\" data-comments-opened=\"1\" data-image-meta=\"{&quot;aperture&quot;:&quot;0&quot;,&quot;credit&quot;:&quot;&quot;,&quot;camera&quot;:&quot;&quot;,&quot;caption&quot;:&quot;&quot;,&quot;created_timestamp&quot;:&quot;0&quot;,&quot;copyright&quot;:&quot;&quot;,&quot;focal_length&quot;:&quot;0&quot;,&quot;iso&quot;:&quot;0&quot;,&quot;shutter_speed&quot;:&quot;0&quot;,&quot;title&quot;:&quot;&quot;,&quot;orientation&quot;:&quot;1&quot;}\" data-image-title=\"Lana australia 1\" data-image-description=\"\" data-image-caption=\"\" data-large-file=\"https:\/\/i0.wp.com\/lahoradelcampo.com.uy\/site\/wp-content\/uploads\/2019\/06\/Lana-australia-1.jpg?fit=810%2C405&amp;ssl=1\" src=\"https:\/\/i0.wp.com\/lahoradelcampo.com.uy\/site\/wp-content\/uploads\/2019\/06\/Lana-australia-1.jpg?resize=810%2C405\" alt=\"\" class=\"wp-image-11821\" srcset=\"https:\/\/i0.wp.com\/lahoradelcampo.com.uy\/site\/wp-content\/uploads\/2019\/06\/Lana-australia-1.jpg?w=880&amp;ssl=1 880w, https:\/\/i0.wp.com\/lahoradelcampo.com.uy\/site\/wp-content\/uploads\/2019\/06\/Lana-australia-1.jpg?resize=300%2C150&amp;ssl=1 300w, https:\/\/i0.wp.com\/lahoradelcampo.com.uy\/site\/wp-content\/uploads\/2019\/06\/Lana-australia-1.jpg?resize=768%2C384&amp;ssl=1 768w, https:\/\/i0.wp.com\/lahoradelcampo.com.uy\/site\/wp-content\/uploads\/2019\/06\/Lana-australia-1.jpg?resize=820%2C410&amp;ssl=1 820w\" sizes=\"auto, (max-width: 810px) 100vw, 810px\" \/><\/figure>\n\n\n\n<p>El martes China festej\u00f3 el A\u00f1o Nuevo Lunar, recordemos que el a\u00f1o 2022 para la cultura occidental, es el 4720 para el gigante asi\u00e1tico y este a\u00f1o corresponde al \u00abTigre de Agua\u00bb. Tradicionalmente esta es una semana de asueto y mucha alegr\u00eda en el gigante asi\u00e1tico, por lo que los operadores chinos estaban algo distantes en estas fechas, sin embargo este a\u00f1o la fiesta se traslado hacia el mercado lanero australiano. <\/p>\n\n\n\n<p>Con una demanda firme en todos los micronajes y un aumento de la oferta de lanas certificadas RWS, en los mercados del este, la semana fue alcista en el mercado lanero australiano, con una suba de 37 centavos en el Indicador de Mercados del Este (IME). <br><\/p>\n\n\n\n<p>Aunque parezca m\u00e1s que obvio, el mercado para las lanas finas, por debajo de las 18,5 micras estuvo centrado en la demanda por lanas con certificaciones y sin el proceso de Mulesing. Sin embargo esta semana las lanas con especificaci\u00f3n china, adquirieron tambi\u00e9n importantes primas impulsado el mercado al alza. <br><\/p>\n\n\n\n<p>A pesar de la buena semana de los mercados del este, Melbourne y Sidney, la operativa alcista no se logr\u00f3 mantener en Fremantle, que es el \u00faltimo mercado en las ventas de cada jornada y que no incide en el IME. Ayer jueves, se registraron bajas en  casi todos los micronajes. <br><\/p>\n\n\n\n<p>En este escenario, el Indicador de Mercados del Este (IME) cerr\u00f3 con una suba 37 centavos respecto al pasado jueves 27 de enero, cotizando a US$ 10,32 por kilogramo base limpia. En la moneda australiana, el indicador cerr\u00f3 en A$ 14,49, sumando 42 centavos de suba en la semana.<br><\/p>\n\n\n\n<p>En la suma de las dos jornadas de ventas la oferta alcanz\u00f3 los 40.603 fardos, con una comercializaci\u00f3n del 93,2%. <br><\/p>\n\n\n\n<p>Las ventas contin\u00faan la pr\u00f3xima semana, con una oferta de 48.274 fardos inscriptos, que ser\u00e1n distribuidos en los tres centros de ventas los d\u00edas martes y mi\u00e9rcoles. En el mercado de Sidney est\u00e1 asignada una oferta de lanas superfinas. <\/p>\n\n\n\n<p>Salto, 4 de febrero de 2022<\/p>\n","protected":false},"excerpt":{"rendered":"<p>El martes China festej\u00f3 el A\u00f1o Nuevo Lunar, recordemos que el a\u00f1o 2022 para la cultura occidental, es el 4720 para el gigante asi\u00e1tico y este a\u00f1o corresponde al \u00abTigre [&hellip;]<\/p>\n","protected":false},"author":5,"featured_media":11821,"comment_status":"open","ping_status":"open","sticky":false,"template":"","format":"standard","meta":{"_price":"","_stock":"","_tribe_ticket_header":"","_tribe_default_ticket_provider":"","_tribe_ticket_capacity":"0","_ticket_start_date":"","_ticket_end_date":"","_tribe_ticket_show_description":"","_tribe_ticket_show_not_going":false,"_tribe_ticket_use_global_stock":"","_tribe_ticket_global_stock_level":"","_global_stock_mode":"","_global_stock_cap":"","_tribe_rsvp_for_event":"","_tribe_ticket_going_count":"","_tribe_ticket_not_going_count":"","_tribe_tickets_list":"[]","_tribe_ticket_has_attendee_info_fields":false,"h5ap_radio_sources":[],"_jetpack_newsletter_access":"","_jetpack_dont_email_post_to_subs":false,"_jetpack_newsletter_tier_id":0,"_jetpack_memberships_contains_paywalled_content":false,"_jetpack_memberships_contains_paid_content":false,"footnotes":""},"categories":[21,13],"tags":[],"class_list":["post-38901","post","type-post","status-publish","format-standard","has-post-thumbnail","hentry","category-actualidad","category-ovinos"],"jetpack_featured_media_url":"https:\/\/i0.wp.com\/lahoradelcampo.com.uy\/site\/wp-content\/uploads\/2019\/06\/Lana-australia-1.jpg?fit=880%2C440&ssl=1","jetpack_sharing_enabled":true,"jetpack_shortlink":"https:\/\/wp.me\/p99IaT-a7r","jetpack-related-posts":[{"id":16530,"url":"https:\/\/lahoradelcampo.com.uy\/site\/australia-se-fue-al-receso-con-una-suba-de-31-centavos\/","url_meta":{"origin":38901,"position":0},"title":"Australia se fue al receso con una suba de 31 centavos","author":"La Hora del Campo","date":"20 diciembre, 2019","format":false,"excerpt":"Esta semana el mercado lanero australiano realiz\u00f3 ventas durante los d\u00edas martes y mi\u00e9rcoles, con una oferta inferior a la pasada semana, ubicada en los 34.836, de los cuales el mercado adquiri\u00f3 el 92,1%. Lo que no se vendi\u00f3 esta semana en Australia fue porque era de muy baja calidad,\u2026","rel":"","context":"En \u00abActualidad\u00bb","block_context":{"text":"Actualidad","link":"https:\/\/lahoradelcampo.com.uy\/site\/category\/actualidad\/"},"img":{"alt_text":"","src":"https:\/\/i0.wp.com\/lahoradelcampo.com.uy\/site\/wp-content\/uploads\/2019\/04\/Lanas-Australia.jpg?fit=880%2C440&ssl=1&resize=350%2C200","width":350,"height":200,"srcset":"https:\/\/i0.wp.com\/lahoradelcampo.com.uy\/site\/wp-content\/uploads\/2019\/04\/Lanas-Australia.jpg?fit=880%2C440&ssl=1&resize=350%2C200 1x, https:\/\/i0.wp.com\/lahoradelcampo.com.uy\/site\/wp-content\/uploads\/2019\/04\/Lanas-Australia.jpg?fit=880%2C440&ssl=1&resize=525%2C300 1.5x, https:\/\/i0.wp.com\/lahoradelcampo.com.uy\/site\/wp-content\/uploads\/2019\/04\/Lanas-Australia.jpg?fit=880%2C440&ssl=1&resize=700%2C400 2x"},"classes":[]},{"id":7269,"url":"https:\/\/lahoradelcampo.com.uy\/site\/china-empujo-fuerte-el-ime-en-australia\/","url_meta":{"origin":38901,"position":1},"title":"China empuj\u00f3 fuerte el IME en Australia","author":"La Hora del Campo","date":"18 mayo, 2018","format":false,"excerpt":"Analizar el mercado lanero internacional y decir que China genera cambios en los valores, no es ninguna novedad en la actualidad, sin embargo en un mercado que proceso varias semanas de bajas consecutivas, el empuje de la demanda del gigante asi\u00e1tico ha permitido una recuperaci\u00f3n importante en los valores en\u2026","rel":"","context":"En \u00abActualidad\u00bb","block_context":{"text":"Actualidad","link":"https:\/\/lahoradelcampo.com.uy\/site\/category\/actualidad\/"},"img":{"alt_text":"","src":"https:\/\/i0.wp.com\/lahoradelcampo.com.uy\/site\/wp-content\/uploads\/2018\/05\/lana-2.jpg?fit=880%2C440&ssl=1&resize=350%2C200","width":350,"height":200,"srcset":"https:\/\/i0.wp.com\/lahoradelcampo.com.uy\/site\/wp-content\/uploads\/2018\/05\/lana-2.jpg?fit=880%2C440&ssl=1&resize=350%2C200 1x, https:\/\/i0.wp.com\/lahoradelcampo.com.uy\/site\/wp-content\/uploads\/2018\/05\/lana-2.jpg?fit=880%2C440&ssl=1&resize=525%2C300 1.5x, https:\/\/i0.wp.com\/lahoradelcampo.com.uy\/site\/wp-content\/uploads\/2018\/05\/lana-2.jpg?fit=880%2C440&ssl=1&resize=700%2C400 2x"},"classes":[]},{"id":48673,"url":"https:\/\/lahoradelcampo.com.uy\/site\/nueva-semana-positiva-para-la-lana-en-el-mercado-australiano\/","url_meta":{"origin":38901,"position":2},"title":"Nueva semana positiva para la lana en el mercado australiano","author":"La Hora del Campo","date":"10 febrero, 2023","format":false,"excerpt":"El mercado lanero australiano cerr\u00f3 una nueva semana positiva para el Indicador de mercados del este (IME), en ambas monedas, manteniendo esa corriente alcista que comenz\u00f3 con el cambio en las pol\u00edticas anti-covid en China. Este rejuvenecimiento de la demanda por parte del gigante asi\u00e1tico, ha determinado subas que acercaron\u2026","rel":"","context":"En \u00abActualidad\u00bb","block_context":{"text":"Actualidad","link":"https:\/\/lahoradelcampo.com.uy\/site\/category\/actualidad\/"},"img":{"alt_text":"","src":"https:\/\/i0.wp.com\/lahoradelcampo.com.uy\/site\/wp-content\/uploads\/2017\/11\/lanas.jpg?fit=880%2C440&ssl=1&resize=350%2C200","width":350,"height":200,"srcset":"https:\/\/i0.wp.com\/lahoradelcampo.com.uy\/site\/wp-content\/uploads\/2017\/11\/lanas.jpg?fit=880%2C440&ssl=1&resize=350%2C200 1x, https:\/\/i0.wp.com\/lahoradelcampo.com.uy\/site\/wp-content\/uploads\/2017\/11\/lanas.jpg?fit=880%2C440&ssl=1&resize=525%2C300 1.5x, https:\/\/i0.wp.com\/lahoradelcampo.com.uy\/site\/wp-content\/uploads\/2017\/11\/lanas.jpg?fit=880%2C440&ssl=1&resize=700%2C400 2x"},"classes":[]},{"id":35229,"url":"https:\/\/lahoradelcampo.com.uy\/site\/semana-positiva-para-el-mercado-lanero-con-una-suba-de-12-centavos\/","url_meta":{"origin":38901,"position":3},"title":"Semana positiva para el mercado lanero australiano","author":"La Hora del Campo","date":"8 octubre, 2021","format":false,"excerpt":"La operativa semanal fue positiva en el mercado lanero australiano, con un Indicador de Mercados del Este (IME) que sum\u00f3 12 centavos entre las dos jornadas y se posicion\u00f3 en los US$ 9,75, acerc\u00e1ndose nuevamente a los valores de inicios de setiembre. La demanda contin\u00faa enfocada en las lanas finas,\u2026","rel":"","context":"En \u00abActualidad\u00bb","block_context":{"text":"Actualidad","link":"https:\/\/lahoradelcampo.com.uy\/site\/category\/actualidad\/"},"img":{"alt_text":"","src":"https:\/\/i0.wp.com\/lahoradelcampo.com.uy\/site\/wp-content\/uploads\/2019\/06\/Lanas-s.jpg?fit=880%2C440&ssl=1&resize=350%2C200","width":350,"height":200,"srcset":"https:\/\/i0.wp.com\/lahoradelcampo.com.uy\/site\/wp-content\/uploads\/2019\/06\/Lanas-s.jpg?fit=880%2C440&ssl=1&resize=350%2C200 1x, https:\/\/i0.wp.com\/lahoradelcampo.com.uy\/site\/wp-content\/uploads\/2019\/06\/Lanas-s.jpg?fit=880%2C440&ssl=1&resize=525%2C300 1.5x, https:\/\/i0.wp.com\/lahoradelcampo.com.uy\/site\/wp-content\/uploads\/2019\/06\/Lanas-s.jpg?fit=880%2C440&ssl=1&resize=700%2C400 2x"},"classes":[]},{"id":53213,"url":"https:\/\/lahoradelcampo.com.uy\/site\/otra-semana-muy-positiva-para-el-mercado-lanero-australiano\/","url_meta":{"origin":38901,"position":4},"title":"Otra semana muy positiva para el mercado lanero australiano","author":"La Hora del Campo","date":"24 noviembre, 2023","format":false,"excerpt":"Segunda semana muy positiva para el Indicador de Mercados del Este (IME), con una fuerte suba de valores en ambas monedas. El mercado contin\u00faa mostrando una predisposici\u00f3n por adquirir lanas merinas, por sobre las lanas medias y gruesas, aunque los niveles de comercializaci\u00f3n contin\u00faan siendo porcentualmente altos. La demanda se\u2026","rel":"","context":"En \u00abActualidad\u00bb","block_context":{"text":"Actualidad","link":"https:\/\/lahoradelcampo.com.uy\/site\/category\/actualidad\/"},"img":{"alt_text":"","src":"https:\/\/i0.wp.com\/lahoradelcampo.com.uy\/site\/wp-content\/uploads\/2023\/01\/Lana-Australia1.jpg?fit=880%2C440&ssl=1&resize=350%2C200","width":350,"height":200,"srcset":"https:\/\/i0.wp.com\/lahoradelcampo.com.uy\/site\/wp-content\/uploads\/2023\/01\/Lana-Australia1.jpg?fit=880%2C440&ssl=1&resize=350%2C200 1x, https:\/\/i0.wp.com\/lahoradelcampo.com.uy\/site\/wp-content\/uploads\/2023\/01\/Lana-Australia1.jpg?fit=880%2C440&ssl=1&resize=525%2C300 1.5x, https:\/\/i0.wp.com\/lahoradelcampo.com.uy\/site\/wp-content\/uploads\/2023\/01\/Lana-Australia1.jpg?fit=880%2C440&ssl=1&resize=700%2C400 2x"},"classes":[]},{"id":52937,"url":"https:\/\/lahoradelcampo.com.uy\/site\/la-semana-pasada-el-mercado-lanero-australiano-cerro-estable-con-suba-de-un-centavo\/","url_meta":{"origin":38901,"position":5},"title":"La semana pasada el mercado lanero australiano cerr\u00f3 estable, con suba de un centavo","author":"La Hora del Campo","date":"30 octubre, 2023","format":false,"excerpt":"En una semana, con leves bajas en la primera jornada y subas tambi\u00e9n reducidas en el segundo d\u00eda, el mercado termin\u00f3 estable, sin grandes variaciones el pasado mi\u00e9rcoles. En este escenario, s\u00ed se observ\u00f3 un mercado m\u00e1s interesante para las lanas por debajo de las 17,5 micras. En ese rango\u2026","rel":"","context":"En \u00abActualidad\u00bb","block_context":{"text":"Actualidad","link":"https:\/\/lahoradelcampo.com.uy\/site\/category\/actualidad\/"},"img":{"alt_text":"","src":"https:\/\/i0.wp.com\/lahoradelcampo.com.uy\/site\/wp-content\/uploads\/2019\/04\/Lanas-Australia.jpg?fit=880%2C440&ssl=1&resize=350%2C200","width":350,"height":200,"srcset":"https:\/\/i0.wp.com\/lahoradelcampo.com.uy\/site\/wp-content\/uploads\/2019\/04\/Lanas-Australia.jpg?fit=880%2C440&ssl=1&resize=350%2C200 1x, https:\/\/i0.wp.com\/lahoradelcampo.com.uy\/site\/wp-content\/uploads\/2019\/04\/Lanas-Australia.jpg?fit=880%2C440&ssl=1&resize=525%2C300 1.5x, https:\/\/i0.wp.com\/lahoradelcampo.com.uy\/site\/wp-content\/uploads\/2019\/04\/Lanas-Australia.jpg?fit=880%2C440&ssl=1&resize=700%2C400 2x"},"classes":[]}],"jetpack_likes_enabled":true,"_links":{"self":[{"href":"https:\/\/lahoradelcampo.com.uy\/site\/wp-json\/wp\/v2\/posts\/38901","targetHints":{"allow":["GET"]}}],"collection":[{"href":"https:\/\/lahoradelcampo.com.uy\/site\/wp-json\/wp\/v2\/posts"}],"about":[{"href":"https:\/\/lahoradelcampo.com.uy\/site\/wp-json\/wp\/v2\/types\/post"}],"author":[{"embeddable":true,"href":"https:\/\/lahoradelcampo.com.uy\/site\/wp-json\/wp\/v2\/users\/5"}],"replies":[{"embeddable":true,"href":"https:\/\/lahoradelcampo.com.uy\/site\/wp-json\/wp\/v2\/comments?post=38901"}],"version-history":[{"count":1,"href":"https:\/\/lahoradelcampo.com.uy\/site\/wp-json\/wp\/v2\/posts\/38901\/revisions"}],"predecessor-version":[{"id":38903,"href":"https:\/\/lahoradelcampo.com.uy\/site\/wp-json\/wp\/v2\/posts\/38901\/revisions\/38903"}],"wp:featuredmedia":[{"embeddable":true,"href":"https:\/\/lahoradelcampo.com.uy\/site\/wp-json\/wp\/v2\/media\/11821"}],"wp:attachment":[{"href":"https:\/\/lahoradelcampo.com.uy\/site\/wp-json\/wp\/v2\/media?parent=38901"}],"wp:term":[{"taxonomy":"category","embeddable":true,"href":"https:\/\/lahoradelcampo.com.uy\/site\/wp-json\/wp\/v2\/categories?post=38901"},{"taxonomy":"post_tag","embeddable":true,"href":"https:\/\/lahoradelcampo.com.uy\/site\/wp-json\/wp\/v2\/tags?post=38901"}],"curies":[{"name":"wp","href":"https:\/\/api.w.org\/{rel}","templated":true}]}}