{"id":38887,"date":"2022-02-04T10:32:13","date_gmt":"2022-02-04T13:32:13","guid":{"rendered":"http:\/\/lahoradelcampo.com.uy\/site\/?p=38887"},"modified":"2022-02-04T10:32:20","modified_gmt":"2022-02-04T13:32:20","slug":"mgap-definio-la-inclusion-de-mas-seccionales-en-la-declaracion-de-emergencia","status":"publish","type":"post","link":"https:\/\/lahoradelcampo.com.uy\/site\/mgap-definio-la-inclusion-de-mas-seccionales-en-la-declaracion-de-emergencia\/","title":{"rendered":"MGAP defini\u00f3 la inclusi\u00f3n  de m\u00e1s seccionales en la declaraci\u00f3n de emergencia"},"content":{"rendered":"\n<figure class=\"wp-block-image\"><img data-recalc-dims=\"1\" loading=\"lazy\" decoding=\"async\" width=\"810\" height=\"405\" data-attachment-id=\"33925\" data-permalink=\"https:\/\/lahoradelcampo.com.uy\/site\/mattos-inaugurara-el-viernes-el-stand-en-la-expo-prado\/mgap-prado-2\/\" data-orig-file=\"https:\/\/i0.wp.com\/lahoradelcampo.com.uy\/site\/wp-content\/uploads\/2021\/09\/mgap-prado.jpg?fit=880%2C440&amp;ssl=1\" data-orig-size=\"880,440\" data-comments-opened=\"1\" data-image-meta=\"{&quot;aperture&quot;:&quot;0&quot;,&quot;credit&quot;:&quot;&quot;,&quot;camera&quot;:&quot;&quot;,&quot;caption&quot;:&quot;&quot;,&quot;created_timestamp&quot;:&quot;0&quot;,&quot;copyright&quot;:&quot;&quot;,&quot;focal_length&quot;:&quot;0&quot;,&quot;iso&quot;:&quot;0&quot;,&quot;shutter_speed&quot;:&quot;0&quot;,&quot;title&quot;:&quot;&quot;,&quot;orientation&quot;:&quot;1&quot;}\" data-image-title=\"mgap-prado\" data-image-description=\"\" data-image-caption=\"\" data-large-file=\"https:\/\/i0.wp.com\/lahoradelcampo.com.uy\/site\/wp-content\/uploads\/2021\/09\/mgap-prado.jpg?fit=810%2C405&amp;ssl=1\" src=\"https:\/\/i0.wp.com\/lahoradelcampo.com.uy\/site\/wp-content\/uploads\/2021\/09\/mgap-prado.jpg?resize=810%2C405\" alt=\"\" class=\"wp-image-33925\" srcset=\"https:\/\/i0.wp.com\/lahoradelcampo.com.uy\/site\/wp-content\/uploads\/2021\/09\/mgap-prado.jpg?w=880&amp;ssl=1 880w, https:\/\/i0.wp.com\/lahoradelcampo.com.uy\/site\/wp-content\/uploads\/2021\/09\/mgap-prado.jpg?resize=300%2C150&amp;ssl=1 300w, https:\/\/i0.wp.com\/lahoradelcampo.com.uy\/site\/wp-content\/uploads\/2021\/09\/mgap-prado.jpg?resize=768%2C384&amp;ssl=1 768w, https:\/\/i0.wp.com\/lahoradelcampo.com.uy\/site\/wp-content\/uploads\/2021\/09\/mgap-prado.jpg?resize=820%2C410&amp;ssl=1 820w\" sizes=\"auto, (max-width: 810px) 100vw, 810px\" \/><\/figure>\n\n\n\n<p>En la jornada de ayer, la Comisi\u00f3n de Emergencia Agropecuaria en el Ministerio de Ganader\u00eda, Agricultura y Pesca (MGAP) realiz\u00f3 su reuni\u00f3n para analizar el avance de la emergencia y la situaci\u00f3n en otras zonas no declaradas previamente. <\/p>\n\n\n\n<p>En esta oportunidad, encabezados por el Ministro Fernando Mattos, el equipo propuso ampliar la emergencia a las seccionales policiales 4\u00b0, 5\u00b0, 6\u00b0, 8\u00b0 y  9\u00b0 de Artigas, 5\u00b0 de Cerro Largo, 3\u00b0, 5\u00b0, 6\u00b0, y 8\u00b0 de Rivera, 8\u00b0 de Tacuaremb\u00f3, 10\u00b0 y 11\u00b0 de Salto. <\/p>\n\n\n\n<p>Adem\u00e1s tambi\u00e9n se sugiere incluir para todo el pa\u00eds la horticultura protegida debido a las turbonadas de viento que afectaron las estructuras de los invern\u00e1culos.<\/p>\n\n\n\n<p>Salto, 4 de febrero de 2022<\/p>\n","protected":false},"excerpt":{"rendered":"<p>En la jornada de ayer, la Comisi\u00f3n de Emergencia Agropecuaria en el Ministerio de Ganader\u00eda, Agricultura y Pesca (MGAP) realiz\u00f3 su reuni\u00f3n para analizar el avance de la emergencia y [&hellip;]<\/p>\n","protected":false},"author":5,"featured_media":33925,"comment_status":"open","ping_status":"open","sticky":false,"template":"","format":"standard","meta":{"_price":"","_stock":"","_tribe_ticket_header":"","_tribe_default_ticket_provider":"","_tribe_ticket_capacity":"0","_ticket_start_date":"","_ticket_end_date":"","_tribe_ticket_show_description":"","_tribe_ticket_show_not_going":false,"_tribe_ticket_use_global_stock":"","_tribe_ticket_global_stock_level":"","_global_stock_mode":"","_global_stock_cap":"","_tribe_rsvp_for_event":"","_tribe_ticket_going_count":"","_tribe_ticket_not_going_count":"","_tribe_tickets_list":"[]","_tribe_ticket_has_attendee_info_fields":false,"h5ap_radio_sources":[],"_jetpack_newsletter_access":"","_jetpack_dont_email_post_to_subs":false,"_jetpack_newsletter_tier_id":0,"_jetpack_memberships_contains_paywalled_content":false,"_jetpack_memberships_contains_paid_content":false,"footnotes":""},"categories":[21,5],"tags":[],"class_list":["post-38887","post","type-post","status-publish","format-standard","has-post-thumbnail","hentry","category-actualidad","category-ganaderia"],"jetpack_featured_media_url":"https:\/\/i0.wp.com\/lahoradelcampo.com.uy\/site\/wp-content\/uploads\/2021\/09\/mgap-prado.jpg?fit=880%2C440&ssl=1","jetpack_sharing_enabled":true,"jetpack_shortlink":"https:\/\/wp.me\/p99IaT-a7d","jetpack-related-posts":[{"id":26366,"url":"https:\/\/lahoradelcampo.com.uy\/site\/mgap-extendio-area-de-emergencia-agropecuaria\/","url_meta":{"origin":38887,"position":0},"title":"MGAP extendi\u00f3 \u00e1rea de Emergencia Agropecuaria","author":"La Hora del Campo","date":"28 diciembre, 2020","format":false,"excerpt":"El Ministerio de Ganader\u00eda, Agricultura y Pesca (MGAP) defini\u00f3 la ampliaci\u00f3n del \u00e1rea de Emergencia Agropecuaria en base al \u00faltimo informe emitido por el Sistema Nacional de Informaci\u00f3n Agropecuaria sobre la situaci\u00f3n agrometeorol\u00f3gica y el aporte de los t\u00e9cnicos del MGAP. La resoluci\u00f3n ministerial N\u00b0 1723\/020 del MGAP, emitida el\u2026","rel":"","context":"En \u00abActualidad\u00bb","block_context":{"text":"Actualidad","link":"https:\/\/lahoradelcampo.com.uy\/site\/category\/actualidad\/"},"img":{"alt_text":"","src":"https:\/\/i0.wp.com\/lahoradelcampo.com.uy\/site\/wp-content\/uploads\/2020\/12\/MGAPemergencia.jpg?fit=880%2C440&ssl=1&resize=350%2C200","width":350,"height":200,"srcset":"https:\/\/i0.wp.com\/lahoradelcampo.com.uy\/site\/wp-content\/uploads\/2020\/12\/MGAPemergencia.jpg?fit=880%2C440&ssl=1&resize=350%2C200 1x, https:\/\/i0.wp.com\/lahoradelcampo.com.uy\/site\/wp-content\/uploads\/2020\/12\/MGAPemergencia.jpg?fit=880%2C440&ssl=1&resize=525%2C300 1.5x, https:\/\/i0.wp.com\/lahoradelcampo.com.uy\/site\/wp-content\/uploads\/2020\/12\/MGAPemergencia.jpg?fit=880%2C440&ssl=1&resize=700%2C400 2x"},"classes":[]},{"id":20210,"url":"https:\/\/lahoradelcampo.com.uy\/site\/se-declaro-zona-de-emergencia-agropecuaria-en-la-seccional-11a-de-salto\/","url_meta":{"origin":38887,"position":1},"title":"Se declar\u00f3 zona de Emergencia Agropecuaria en la Seccional 11\u00aa de Salto","author":"La Hora del Campo","date":"27 mayo, 2020","format":false,"excerpt":"El Ministro de Ganader\u00eda, Agricultura y Pesca, Ing. Carlos Mar\u00eda Uriarte, dijo en la conferencia de prensa realizada en Salto la pasada semana, que en la reuni\u00f3n de Comit\u00e9 Nacional de Emergencia se analizar\u00eda la situaci\u00f3n de las seccionales que presentan mayores impactos del d\u00e9ficit h\u00eddrico de finales del verano\u2026","rel":"","context":"En \u00abActualidad\u00bb","block_context":{"text":"Actualidad","link":"https:\/\/lahoradelcampo.com.uy\/site\/category\/actualidad\/"},"img":{"alt_text":"","src":"https:\/\/i0.wp.com\/lahoradelcampo.com.uy\/site\/wp-content\/uploads\/2020\/05\/Sequias.jpg?fit=880%2C440&ssl=1&resize=350%2C200","width":350,"height":200,"srcset":"https:\/\/i0.wp.com\/lahoradelcampo.com.uy\/site\/wp-content\/uploads\/2020\/05\/Sequias.jpg?fit=880%2C440&ssl=1&resize=350%2C200 1x, https:\/\/i0.wp.com\/lahoradelcampo.com.uy\/site\/wp-content\/uploads\/2020\/05\/Sequias.jpg?fit=880%2C440&ssl=1&resize=525%2C300 1.5x, https:\/\/i0.wp.com\/lahoradelcampo.com.uy\/site\/wp-content\/uploads\/2020\/05\/Sequias.jpg?fit=880%2C440&ssl=1&resize=700%2C400 2x"},"classes":[]},{"id":28622,"url":"https:\/\/lahoradelcampo.com.uy\/site\/extendieron-emergencia-agropecuaria-en-soriano-y-rio-negro\/","url_meta":{"origin":38887,"position":2},"title":"Extendieron emergencia agropecuaria en Soriano y R\u00edo Negro","author":"La Hora del Campo","date":"18 marzo, 2021","format":false,"excerpt":"El 9 de diciembre de 2020 el MGAP resolvi\u00f3 la Emergencia Agropecuaria en gran parte del territorio nacional, donde incluy\u00f3 las seccionales de Salto, Paysand\u00fa y Artigas, siendo esta declaraci\u00f3n por 90 d\u00edas. Posteriormente se realizaron dos ampliaciones de \u00e1rea, pero se mantuvo el plazo inicial, de acuerdo a las\u2026","rel":"","context":"En \u00abActualidad\u00bb","block_context":{"text":"Actualidad","link":"https:\/\/lahoradelcampo.com.uy\/site\/category\/actualidad\/"},"img":{"alt_text":"","src":"https:\/\/i0.wp.com\/lahoradelcampo.com.uy\/site\/wp-content\/uploads\/2020\/06\/Sequia-web.jpg?fit=880%2C440&ssl=1&resize=350%2C200","width":350,"height":200,"srcset":"https:\/\/i0.wp.com\/lahoradelcampo.com.uy\/site\/wp-content\/uploads\/2020\/06\/Sequia-web.jpg?fit=880%2C440&ssl=1&resize=350%2C200 1x, https:\/\/i0.wp.com\/lahoradelcampo.com.uy\/site\/wp-content\/uploads\/2020\/06\/Sequia-web.jpg?fit=880%2C440&ssl=1&resize=525%2C300 1.5x, https:\/\/i0.wp.com\/lahoradelcampo.com.uy\/site\/wp-content\/uploads\/2020\/06\/Sequia-web.jpg?fit=880%2C440&ssl=1&resize=700%2C400 2x"},"classes":[]},{"id":44219,"url":"https:\/\/lahoradelcampo.com.uy\/site\/mgap-publico-la-declaracion-de-emergencia-agropecuaria\/","url_meta":{"origin":38887,"position":3},"title":"MGAP public\u00f3 la Declaraci\u00f3n de Emergencia Agropecuaria","author":"La Hora del Campo","date":"27 julio, 2022","format":false,"excerpt":"Tal cual como se adelant\u00f3 por parte del Ministro de Ganader\u00eda, Agricultura y Pesca (MGAP), Ing. Agr. Fernando Mattos, en su reciente recorrida por la zona afectada por la turbanada registrada en las zonas hort\u00edcolas cercanas a la capital sanducera y posteriormente reuni\u00e9ndose con productores afectados por una granizada en\u2026","rel":"","context":"En \u00abActualidad\u00bb","block_context":{"text":"Actualidad","link":"https:\/\/lahoradelcampo.com.uy\/site\/category\/actualidad\/"},"img":{"alt_text":"","src":"https:\/\/i0.wp.com\/lahoradelcampo.com.uy\/site\/wp-content\/uploads\/2022\/07\/mgap-paysandu.jpg?fit=880%2C440&ssl=1&resize=350%2C200","width":350,"height":200,"srcset":"https:\/\/i0.wp.com\/lahoradelcampo.com.uy\/site\/wp-content\/uploads\/2022\/07\/mgap-paysandu.jpg?fit=880%2C440&ssl=1&resize=350%2C200 1x, https:\/\/i0.wp.com\/lahoradelcampo.com.uy\/site\/wp-content\/uploads\/2022\/07\/mgap-paysandu.jpg?fit=880%2C440&ssl=1&resize=525%2C300 1.5x, https:\/\/i0.wp.com\/lahoradelcampo.com.uy\/site\/wp-content\/uploads\/2022\/07\/mgap-paysandu.jpg?fit=880%2C440&ssl=1&resize=700%2C400 2x"},"classes":[]},{"id":37981,"url":"https:\/\/lahoradelcampo.com.uy\/site\/mgap-declaro-emergencia-en-19-seccionales-policiales-del-pais\/","url_meta":{"origin":38887,"position":4},"title":"MGAP declar\u00f3 emergencia en 19 seccionales policiales del pa\u00eds","author":"La Hora del Campo","date":"30 diciembre, 2021","format":false,"excerpt":"El Ministerio de Ganader\u00eda, Agricultura y Pesca declar\u00f3 la emergencia agropecuaria por d\u00e9ficit h\u00eddrico en 19 seccionales policiales de cinco departamentos, lo que equivale a un total de 2.195.380 hect\u00e1reas. Son 623 los productores familiares registrados en dicho territorio, con una superficie productiva de 79.967 has. Los productores amparados bajo\u2026","rel":"","context":"En \u00abActualidad\u00bb","block_context":{"text":"Actualidad","link":"https:\/\/lahoradelcampo.com.uy\/site\/category\/actualidad\/"},"img":{"alt_text":"","src":"https:\/\/i0.wp.com\/lahoradelcampo.com.uy\/site\/wp-content\/uploads\/2021\/12\/MGAP-Emergenciamapa.jpg?fit=880%2C440&ssl=1&resize=350%2C200","width":350,"height":200,"srcset":"https:\/\/i0.wp.com\/lahoradelcampo.com.uy\/site\/wp-content\/uploads\/2021\/12\/MGAP-Emergenciamapa.jpg?fit=880%2C440&ssl=1&resize=350%2C200 1x, https:\/\/i0.wp.com\/lahoradelcampo.com.uy\/site\/wp-content\/uploads\/2021\/12\/MGAP-Emergenciamapa.jpg?fit=880%2C440&ssl=1&resize=525%2C300 1.5x, https:\/\/i0.wp.com\/lahoradelcampo.com.uy\/site\/wp-content\/uploads\/2021\/12\/MGAP-Emergenciamapa.jpg?fit=880%2C440&ssl=1&resize=700%2C400 2x"},"classes":[]},{"id":40921,"url":"https:\/\/lahoradelcampo.com.uy\/site\/mgap-recuerda-que-el-5-d-mayo-vence-el-plazo-a-postularse-al-fae\/","url_meta":{"origin":38887,"position":5},"title":"MGAP recuerda que el 5 d mayo vence el plazo a postularse al FAE","author":"La Hora del Campo","date":"20 abril, 2022","format":false,"excerpt":"En apoyo a productores en todo el territorio nacional, el 4 de febrero de 2022 se extendi\u00f3 por 90 d\u00edas la declaratoria de Emergencia Agropecuaria por vientos y turbonadas, para el rubro hort\u00edcola bajo cubierta. Asimismo, se ampli\u00f3 por el mismo per\u00edodo, la declaratoria efectuada originalmente para los rubros ganader\u00eda,\u2026","rel":"","context":"En \u00abActualidad\u00bb","block_context":{"text":"Actualidad","link":"https:\/\/lahoradelcampo.com.uy\/site\/category\/actualidad\/"},"img":{"alt_text":"","src":"https:\/\/i0.wp.com\/lahoradelcampo.com.uy\/site\/wp-content\/uploads\/2020\/12\/MGAPemergencia.jpg?fit=880%2C440&ssl=1&resize=350%2C200","width":350,"height":200,"srcset":"https:\/\/i0.wp.com\/lahoradelcampo.com.uy\/site\/wp-content\/uploads\/2020\/12\/MGAPemergencia.jpg?fit=880%2C440&ssl=1&resize=350%2C200 1x, https:\/\/i0.wp.com\/lahoradelcampo.com.uy\/site\/wp-content\/uploads\/2020\/12\/MGAPemergencia.jpg?fit=880%2C440&ssl=1&resize=525%2C300 1.5x, https:\/\/i0.wp.com\/lahoradelcampo.com.uy\/site\/wp-content\/uploads\/2020\/12\/MGAPemergencia.jpg?fit=880%2C440&ssl=1&resize=700%2C400 2x"},"classes":[]}],"jetpack_likes_enabled":true,"_links":{"self":[{"href":"https:\/\/lahoradelcampo.com.uy\/site\/wp-json\/wp\/v2\/posts\/38887","targetHints":{"allow":["GET"]}}],"collection":[{"href":"https:\/\/lahoradelcampo.com.uy\/site\/wp-json\/wp\/v2\/posts"}],"about":[{"href":"https:\/\/lahoradelcampo.com.uy\/site\/wp-json\/wp\/v2\/types\/post"}],"author":[{"embeddable":true,"href":"https:\/\/lahoradelcampo.com.uy\/site\/wp-json\/wp\/v2\/users\/5"}],"replies":[{"embeddable":true,"href":"https:\/\/lahoradelcampo.com.uy\/site\/wp-json\/wp\/v2\/comments?post=38887"}],"version-history":[{"count":1,"href":"https:\/\/lahoradelcampo.com.uy\/site\/wp-json\/wp\/v2\/posts\/38887\/revisions"}],"predecessor-version":[{"id":38889,"href":"https:\/\/lahoradelcampo.com.uy\/site\/wp-json\/wp\/v2\/posts\/38887\/revisions\/38889"}],"wp:featuredmedia":[{"embeddable":true,"href":"https:\/\/lahoradelcampo.com.uy\/site\/wp-json\/wp\/v2\/media\/33925"}],"wp:attachment":[{"href":"https:\/\/lahoradelcampo.com.uy\/site\/wp-json\/wp\/v2\/media?parent=38887"}],"wp:term":[{"taxonomy":"category","embeddable":true,"href":"https:\/\/lahoradelcampo.com.uy\/site\/wp-json\/wp\/v2\/categories?post=38887"},{"taxonomy":"post_tag","embeddable":true,"href":"https:\/\/lahoradelcampo.com.uy\/site\/wp-json\/wp\/v2\/tags?post=38887"}],"curies":[{"name":"wp","href":"https:\/\/api.w.org\/{rel}","templated":true}]}}