{"id":38881,"date":"2022-02-04T10:30:00","date_gmt":"2022-02-04T13:30:00","guid":{"rendered":"http:\/\/lahoradelcampo.com.uy\/site\/?p=38881"},"modified":"2022-02-04T10:30:06","modified_gmt":"2022-02-04T13:30:06","slug":"egipto-renueva-la-habilitacion-a-23-establecimientos","status":"publish","type":"post","link":"https:\/\/lahoradelcampo.com.uy\/site\/egipto-renueva-la-habilitacion-a-23-establecimientos\/","title":{"rendered":"Egipto renueva la habilitaci\u00f3n a 23 establecimientos"},"content":{"rendered":"\n<figure class=\"wp-block-image\"><img data-recalc-dims=\"1\" loading=\"lazy\" decoding=\"async\" width=\"810\" height=\"405\" data-attachment-id=\"38883\" data-permalink=\"https:\/\/lahoradelcampo.com.uy\/site\/egipto-renueva-la-habilitacion-a-23-establecimientos\/mgap-egipto\/\" data-orig-file=\"https:\/\/i0.wp.com\/lahoradelcampo.com.uy\/site\/wp-content\/uploads\/2022\/02\/MGAP-Egipto.jpg?fit=880%2C440&amp;ssl=1\" data-orig-size=\"880,440\" data-comments-opened=\"1\" data-image-meta=\"{&quot;aperture&quot;:&quot;0&quot;,&quot;credit&quot;:&quot;&quot;,&quot;camera&quot;:&quot;&quot;,&quot;caption&quot;:&quot;&quot;,&quot;created_timestamp&quot;:&quot;0&quot;,&quot;copyright&quot;:&quot;&quot;,&quot;focal_length&quot;:&quot;0&quot;,&quot;iso&quot;:&quot;0&quot;,&quot;shutter_speed&quot;:&quot;0&quot;,&quot;title&quot;:&quot;&quot;,&quot;orientation&quot;:&quot;1&quot;}\" data-image-title=\"MGAP-Egipto\" data-image-description=\"\" data-image-caption=\"\" data-large-file=\"https:\/\/i0.wp.com\/lahoradelcampo.com.uy\/site\/wp-content\/uploads\/2022\/02\/MGAP-Egipto.jpg?fit=810%2C405&amp;ssl=1\" src=\"https:\/\/i0.wp.com\/lahoradelcampo.com.uy\/site\/wp-content\/uploads\/2022\/02\/MGAP-Egipto.jpg?resize=810%2C405\" alt=\"\" class=\"wp-image-38883\" srcset=\"https:\/\/i0.wp.com\/lahoradelcampo.com.uy\/site\/wp-content\/uploads\/2022\/02\/MGAP-Egipto.jpg?w=880&amp;ssl=1 880w, https:\/\/i0.wp.com\/lahoradelcampo.com.uy\/site\/wp-content\/uploads\/2022\/02\/MGAP-Egipto.jpg?resize=300%2C150&amp;ssl=1 300w, https:\/\/i0.wp.com\/lahoradelcampo.com.uy\/site\/wp-content\/uploads\/2022\/02\/MGAP-Egipto.jpg?resize=768%2C384&amp;ssl=1 768w, https:\/\/i0.wp.com\/lahoradelcampo.com.uy\/site\/wp-content\/uploads\/2022\/02\/MGAP-Egipto.jpg?resize=820%2C410&amp;ssl=1 820w\" sizes=\"auto, (max-width: 810px) 100vw, 810px\" \/><\/figure>\n\n\n\n<p>En la jornada de ayer, el gobierno de Egipto inform\u00f3 al Ministerio de Ganader\u00eda, Agricultura y Pesca que todas las plantas de faena de las especies Bovina, Ovina y Aviar que fueron auditadas en forma presencial en los meses de noviembre y diciembre de 2021, fueron habilitadas para exportar carne a dicho pa\u00eds.<br><\/p>\n\n\n\n<p>En total el gobierno egipcio aprob\u00f3 23 establecimientos, 15 de los cuales faenan bovinos, 7 bovinos y ovinos y uno aves.<br><\/p>\n\n\n\n<p>Esta renovaci\u00f3n es el resultado de un intenso trabajo que se realiz\u00f3 entre t\u00e9cnicos de los Servicios Ganaderos del Ministerio de Ganader\u00eda, Agricultura y Pesca y las autoridades sanitarias del pa\u00eds africano as\u00ed como tambi\u00e9n los equipos de canciller\u00eda de ambos pa\u00edses.<br><\/p>\n\n\n\n<p>Esta noticia augura un pronto retorno del comercio de productos c\u00e1rnicos hacia este destino y es una clara se\u00f1al del excelente relacionamiento que existe hoy entre las dos naciones.<\/p>\n\n\n\n<p>Salto, 4 de febrero de 2022<\/p>\n","protected":false},"excerpt":{"rendered":"<p>En la jornada de ayer, el gobierno de Egipto inform\u00f3 al Ministerio de Ganader\u00eda, Agricultura y Pesca que todas las plantas de faena de las especies Bovina, Ovina y Aviar [&hellip;]<\/p>\n","protected":false},"author":5,"featured_media":38883,"comment_status":"open","ping_status":"open","sticky":false,"template":"","format":"standard","meta":{"_price":"","_stock":"","_tribe_ticket_header":"","_tribe_default_ticket_provider":"","_tribe_ticket_capacity":"0","_ticket_start_date":"","_ticket_end_date":"","_tribe_ticket_show_description":"","_tribe_ticket_show_not_going":false,"_tribe_ticket_use_global_stock":"","_tribe_ticket_global_stock_level":"","_global_stock_mode":"","_global_stock_cap":"","_tribe_rsvp_for_event":"","_tribe_ticket_going_count":"","_tribe_ticket_not_going_count":"","_tribe_tickets_list":"[]","_tribe_ticket_has_attendee_info_fields":false,"h5ap_radio_sources":[],"_jetpack_newsletter_access":"","_jetpack_dont_email_post_to_subs":false,"_jetpack_newsletter_tier_id":0,"_jetpack_memberships_contains_paywalled_content":false,"_jetpack_memberships_contains_paid_content":false,"footnotes":""},"categories":[21,5],"tags":[],"class_list":["post-38881","post","type-post","status-publish","format-standard","has-post-thumbnail","hentry","category-actualidad","category-ganaderia"],"jetpack_featured_media_url":"https:\/\/i0.wp.com\/lahoradelcampo.com.uy\/site\/wp-content\/uploads\/2022\/02\/MGAP-Egipto.jpg?fit=880%2C440&ssl=1","jetpack_sharing_enabled":true,"jetpack_shortlink":"https:\/\/wp.me\/p99IaT-a77","jetpack-related-posts":[{"id":6117,"url":"https:\/\/lahoradelcampo.com.uy\/site\/egipto-vuelve-a-compar-terneros-en-pie-desde-uruguay\/","url_meta":{"origin":38881,"position":0},"title":"Egipto vuelve a compar terneros en pie desde Uruguay","author":"La Hora del Campo","date":"9 marzo, 2018","format":false,"excerpt":"A diferencia de 2017, en los dos primeros meses del a\u00f1o, la exportaci\u00f3n en pie contin\u00fao activa alcanzando un total de 38.544 vacunos comercializados, en tanto que se exportaron adem\u00e1s 99 ovinos y 11 equinos, seg\u00fan la informaci\u00f3n brindada por el Ministerio de Ganader\u00eda, Agricultura y Pesca. Vacunos Las ventas\u2026","rel":"","context":"En \u00abActualidad\u00bb","block_context":{"text":"Actualidad","link":"https:\/\/lahoradelcampo.com.uy\/site\/category\/actualidad\/"},"img":{"alt_text":"","src":"https:\/\/i0.wp.com\/lahoradelcampo.com.uy\/site\/wp-content\/uploads\/2018\/03\/en-pie.jpg?fit=880%2C440&ssl=1&resize=350%2C200","width":350,"height":200,"srcset":"https:\/\/i0.wp.com\/lahoradelcampo.com.uy\/site\/wp-content\/uploads\/2018\/03\/en-pie.jpg?fit=880%2C440&ssl=1&resize=350%2C200 1x, https:\/\/i0.wp.com\/lahoradelcampo.com.uy\/site\/wp-content\/uploads\/2018\/03\/en-pie.jpg?fit=880%2C440&ssl=1&resize=525%2C300 1.5x, https:\/\/i0.wp.com\/lahoradelcampo.com.uy\/site\/wp-content\/uploads\/2018\/03\/en-pie.jpg?fit=880%2C440&ssl=1&resize=700%2C400 2x"},"classes":[]},{"id":29448,"url":"https:\/\/lahoradelcampo.com.uy\/site\/problemas-de-etiquetado-en-china-genero-la-salida-del-director-de-los-servicios-ganaderos-del-mgap\/","url_meta":{"origin":38881,"position":1},"title":"Problemas de etiquetado en China gener\u00f3 la salida del Director de los Servicios Ganaderos del MGAP","author":"La Hora del Campo","date":"22 abril, 2021","format":false,"excerpt":"En las \u00faltimas semanas se inform\u00f3 que la planta frigor\u00edfica de Breeders and Packers Meat Uruguay (BPU), actualmente en manos del grupo nip\u00f3n \"NH Foods\", fue suspendida temporalmente por parte de China para exportaciones a ese destino, debido al arribo de un embarque que conten\u00eda en \"Trimmings Bovinos\" un producto\u2026","rel":"","context":"En \u00abActualidad\u00bb","block_context":{"text":"Actualidad","link":"https:\/\/lahoradelcampo.com.uy\/site\/category\/actualidad\/"},"img":{"alt_text":"","src":"https:\/\/i0.wp.com\/lahoradelcampo.com.uy\/site\/wp-content\/uploads\/2021\/04\/barreyrossi.jpg?fit=880%2C440&ssl=1&resize=350%2C200","width":350,"height":200,"srcset":"https:\/\/i0.wp.com\/lahoradelcampo.com.uy\/site\/wp-content\/uploads\/2021\/04\/barreyrossi.jpg?fit=880%2C440&ssl=1&resize=350%2C200 1x, https:\/\/i0.wp.com\/lahoradelcampo.com.uy\/site\/wp-content\/uploads\/2021\/04\/barreyrossi.jpg?fit=880%2C440&ssl=1&resize=525%2C300 1.5x, https:\/\/i0.wp.com\/lahoradelcampo.com.uy\/site\/wp-content\/uploads\/2021\/04\/barreyrossi.jpg?fit=880%2C440&ssl=1&resize=700%2C400 2x"},"classes":[]},{"id":6905,"url":"https:\/\/lahoradelcampo.com.uy\/site\/turquia-adquiere-mas-del-95-de-los-terneros-en-pie-de-uruguay\/","url_meta":{"origin":38881,"position":2},"title":"Turqu\u00eda adquiere m\u00e1s del 95% de los terneros en pie de Uruguay","author":"La Hora del Campo","date":"8 mayo, 2018","format":false,"excerpt":"En los primeros cuatro meses del 2018 se lleva exportado un total de 84.752 bovinos en pie, seg\u00fan los datos aportados mensualmente por el Ministerio de Ganader\u00eda, Agricultura y Pesca. Dentro de este total el 95,7% corresponde a terneros, en tanto que el 4,3% es un embarque de terneras en\u2026","rel":"","context":"En \u00abActualidad\u00bb","block_context":{"text":"Actualidad","link":"https:\/\/lahoradelcampo.com.uy\/site\/category\/actualidad\/"},"img":{"alt_text":"","src":"https:\/\/i0.wp.com\/lahoradelcampo.com.uy\/site\/wp-content\/uploads\/2018\/05\/exportacion.jpg?fit=880%2C440&ssl=1&resize=350%2C200","width":350,"height":200,"srcset":"https:\/\/i0.wp.com\/lahoradelcampo.com.uy\/site\/wp-content\/uploads\/2018\/05\/exportacion.jpg?fit=880%2C440&ssl=1&resize=350%2C200 1x, https:\/\/i0.wp.com\/lahoradelcampo.com.uy\/site\/wp-content\/uploads\/2018\/05\/exportacion.jpg?fit=880%2C440&ssl=1&resize=525%2C300 1.5x, https:\/\/i0.wp.com\/lahoradelcampo.com.uy\/site\/wp-content\/uploads\/2018\/05\/exportacion.jpg?fit=880%2C440&ssl=1&resize=700%2C400 2x"},"classes":[]},{"id":47331,"url":"https:\/\/lahoradelcampo.com.uy\/site\/mattos-senalo-que-hay-condiciones-para-mejorar-en-la-emision-de-metano\/","url_meta":{"origin":38881,"position":3},"title":"Mattos se\u00f1al\u00f3 que hay condiciones para mejorar en  la emisi\u00f3n de metano","author":"La Hora del Campo","date":"30 noviembre, 2022","format":false,"excerpt":"En el marco de la jornada \"Gen\u00e9tica para una ganader\u00eda sustentable\" organizada por el Instituto Nacional de Investigaci\u00f3n Agropecuaria (INIA) y la Sociedad de Criadores de Hereford del Uruguay (SCHU), el ministro de ganader\u00eda, agricultura y pesca, Ing. Agr. Fernando Mattos, hizo referencia a la participaci\u00f3n de Uruguay en la\u2026","rel":"","context":"En \u00abActualidad\u00bb","block_context":{"text":"Actualidad","link":"https:\/\/lahoradelcampo.com.uy\/site\/category\/actualidad\/"},"img":{"alt_text":"","src":"https:\/\/i0.wp.com\/lahoradelcampo.com.uy\/site\/wp-content\/uploads\/2022\/11\/Hereford-mattos.jpg?fit=880%2C440&ssl=1&resize=350%2C200","width":350,"height":200,"srcset":"https:\/\/i0.wp.com\/lahoradelcampo.com.uy\/site\/wp-content\/uploads\/2022\/11\/Hereford-mattos.jpg?fit=880%2C440&ssl=1&resize=350%2C200 1x, https:\/\/i0.wp.com\/lahoradelcampo.com.uy\/site\/wp-content\/uploads\/2022\/11\/Hereford-mattos.jpg?fit=880%2C440&ssl=1&resize=525%2C300 1.5x, https:\/\/i0.wp.com\/lahoradelcampo.com.uy\/site\/wp-content\/uploads\/2022\/11\/Hereford-mattos.jpg?fit=880%2C440&ssl=1&resize=700%2C400 2x"},"classes":[]},{"id":34043,"url":"https:\/\/lahoradelcampo.com.uy\/site\/el-gobierno-prioriza-recuperacion-del-empleo-y-de-la-actividad-economica\/","url_meta":{"origin":38881,"position":4},"title":"El Gobierno prioriza recuperaci\u00f3n del empleo y de la actividad econ\u00f3mica","author":"La Hora del Campo","date":"13 septiembre, 2021","format":false,"excerpt":"Tras su visita a Brasil, en el marco de la Expointer 2021, y su encuentro en la jornada del viernes con la ministra Tereza Cristina, el Ing. Agr. Fernando Mattos, inaugur\u00f3 el stand del Ministerio de Ganader\u00eda, Agricultura y Pesca (MGAP) en la rural del Prado, con la presencia del\u2026","rel":"","context":"En \u00abActualidad\u00bb","block_context":{"text":"Actualidad","link":"https:\/\/lahoradelcampo.com.uy\/site\/category\/actualidad\/"},"img":{"alt_text":"","src":"https:\/\/i0.wp.com\/lahoradelcampo.com.uy\/site\/wp-content\/uploads\/2021\/09\/ARU-Mattos.jpg?fit=880%2C440&ssl=1&resize=350%2C200","width":350,"height":200,"srcset":"https:\/\/i0.wp.com\/lahoradelcampo.com.uy\/site\/wp-content\/uploads\/2021\/09\/ARU-Mattos.jpg?fit=880%2C440&ssl=1&resize=350%2C200 1x, https:\/\/i0.wp.com\/lahoradelcampo.com.uy\/site\/wp-content\/uploads\/2021\/09\/ARU-Mattos.jpg?fit=880%2C440&ssl=1&resize=525%2C300 1.5x, https:\/\/i0.wp.com\/lahoradelcampo.com.uy\/site\/wp-content\/uploads\/2021\/09\/ARU-Mattos.jpg?fit=880%2C440&ssl=1&resize=700%2C400 2x"},"classes":[]},{"id":40135,"url":"https:\/\/lahoradelcampo.com.uy\/site\/mgap-trabaja-sobre-el-operativo-de-ganados-de-artigas-sin-despacho-de-tropa\/","url_meta":{"origin":38881,"position":5},"title":"MGAP trabaja sobre el operativo de ganados de Artigas sin despacho de tropa","author":"La Hora del Campo","date":"22 marzo, 2022","format":false,"excerpt":"A inicios de febrero, el pasado viernes 4, se realiz\u00f3 un operativo por parte del Direcci\u00f3n de Seguridad Rural del Ministerio del Interior, donde se detuvo tres camiones procedentes del departamento de Artigas y que transitaban rumbo a un predio en Paysand\u00fa. De acuerdo a la informaci\u00f3n recabada por La\u2026","rel":"","context":"En \u00abActualidad\u00bb","block_context":{"text":"Actualidad","link":"https:\/\/lahoradelcampo.com.uy\/site\/category\/actualidad\/"},"img":{"alt_text":"","src":"https:\/\/i0.wp.com\/lahoradelcampo.com.uy\/site\/wp-content\/uploads\/2022\/03\/MGAP-Altuna.jpg?fit=880%2C440&ssl=1&resize=350%2C200","width":350,"height":200,"srcset":"https:\/\/i0.wp.com\/lahoradelcampo.com.uy\/site\/wp-content\/uploads\/2022\/03\/MGAP-Altuna.jpg?fit=880%2C440&ssl=1&resize=350%2C200 1x, https:\/\/i0.wp.com\/lahoradelcampo.com.uy\/site\/wp-content\/uploads\/2022\/03\/MGAP-Altuna.jpg?fit=880%2C440&ssl=1&resize=525%2C300 1.5x, https:\/\/i0.wp.com\/lahoradelcampo.com.uy\/site\/wp-content\/uploads\/2022\/03\/MGAP-Altuna.jpg?fit=880%2C440&ssl=1&resize=700%2C400 2x"},"classes":[]}],"jetpack_likes_enabled":true,"_links":{"self":[{"href":"https:\/\/lahoradelcampo.com.uy\/site\/wp-json\/wp\/v2\/posts\/38881","targetHints":{"allow":["GET"]}}],"collection":[{"href":"https:\/\/lahoradelcampo.com.uy\/site\/wp-json\/wp\/v2\/posts"}],"about":[{"href":"https:\/\/lahoradelcampo.com.uy\/site\/wp-json\/wp\/v2\/types\/post"}],"author":[{"embeddable":true,"href":"https:\/\/lahoradelcampo.com.uy\/site\/wp-json\/wp\/v2\/users\/5"}],"replies":[{"embeddable":true,"href":"https:\/\/lahoradelcampo.com.uy\/site\/wp-json\/wp\/v2\/comments?post=38881"}],"version-history":[{"count":1,"href":"https:\/\/lahoradelcampo.com.uy\/site\/wp-json\/wp\/v2\/posts\/38881\/revisions"}],"predecessor-version":[{"id":38885,"href":"https:\/\/lahoradelcampo.com.uy\/site\/wp-json\/wp\/v2\/posts\/38881\/revisions\/38885"}],"wp:featuredmedia":[{"embeddable":true,"href":"https:\/\/lahoradelcampo.com.uy\/site\/wp-json\/wp\/v2\/media\/38883"}],"wp:attachment":[{"href":"https:\/\/lahoradelcampo.com.uy\/site\/wp-json\/wp\/v2\/media?parent=38881"}],"wp:term":[{"taxonomy":"category","embeddable":true,"href":"https:\/\/lahoradelcampo.com.uy\/site\/wp-json\/wp\/v2\/categories?post=38881"},{"taxonomy":"post_tag","embeddable":true,"href":"https:\/\/lahoradelcampo.com.uy\/site\/wp-json\/wp\/v2\/tags?post=38881"}],"curies":[{"name":"wp","href":"https:\/\/api.w.org\/{rel}","templated":true}]}}