{"id":38865,"date":"2022-02-03T09:33:55","date_gmt":"2022-02-03T12:33:55","guid":{"rendered":"http:\/\/lahoradelcampo.com.uy\/site\/?p=38865"},"modified":"2022-02-03T09:33:59","modified_gmt":"2022-02-03T12:33:59","slug":"100-de-colocacion-en-la-feria-en-el-local-valentin-de-valdez-cia","status":"publish","type":"post","link":"https:\/\/lahoradelcampo.com.uy\/site\/100-de-colocacion-en-la-feria-en-el-local-valentin-de-valdez-cia\/","title":{"rendered":"100% de colocaci\u00f3n en la feria en el local Valent\u00edn de Valdez &#038; C\u00eda."},"content":{"rendered":"\n<figure class=\"wp-block-image\"><img data-recalc-dims=\"1\" loading=\"lazy\" decoding=\"async\" width=\"810\" height=\"405\" data-attachment-id=\"38867\" data-permalink=\"https:\/\/lahoradelcampo.com.uy\/site\/100-de-colocacion-en-la-feria-en-el-local-valentin-de-valdez-cia\/valdez-valentin-4\/\" data-orig-file=\"https:\/\/i0.wp.com\/lahoradelcampo.com.uy\/site\/wp-content\/uploads\/2022\/02\/Valdez-valentin.jpg?fit=880%2C440&amp;ssl=1\" data-orig-size=\"880,440\" data-comments-opened=\"1\" data-image-meta=\"{&quot;aperture&quot;:&quot;0&quot;,&quot;credit&quot;:&quot;&quot;,&quot;camera&quot;:&quot;&quot;,&quot;caption&quot;:&quot;&quot;,&quot;created_timestamp&quot;:&quot;0&quot;,&quot;copyright&quot;:&quot;&quot;,&quot;focal_length&quot;:&quot;0&quot;,&quot;iso&quot;:&quot;0&quot;,&quot;shutter_speed&quot;:&quot;0&quot;,&quot;title&quot;:&quot;&quot;,&quot;orientation&quot;:&quot;1&quot;}\" data-image-title=\"Valdez-valentin\" data-image-description=\"\" data-image-caption=\"\" data-large-file=\"https:\/\/i0.wp.com\/lahoradelcampo.com.uy\/site\/wp-content\/uploads\/2022\/02\/Valdez-valentin.jpg?fit=810%2C405&amp;ssl=1\" src=\"https:\/\/i0.wp.com\/lahoradelcampo.com.uy\/site\/wp-content\/uploads\/2022\/02\/Valdez-valentin.jpg?resize=810%2C405\" alt=\"\" class=\"wp-image-38867\" srcset=\"https:\/\/i0.wp.com\/lahoradelcampo.com.uy\/site\/wp-content\/uploads\/2022\/02\/Valdez-valentin.jpg?w=880&amp;ssl=1 880w, https:\/\/i0.wp.com\/lahoradelcampo.com.uy\/site\/wp-content\/uploads\/2022\/02\/Valdez-valentin.jpg?resize=300%2C150&amp;ssl=1 300w, https:\/\/i0.wp.com\/lahoradelcampo.com.uy\/site\/wp-content\/uploads\/2022\/02\/Valdez-valentin.jpg?resize=768%2C384&amp;ssl=1 768w, https:\/\/i0.wp.com\/lahoradelcampo.com.uy\/site\/wp-content\/uploads\/2022\/02\/Valdez-valentin.jpg?resize=820%2C410&amp;ssl=1 820w\" sizes=\"auto, (max-width: 810px) 100vw, 810px\" \/><\/figure>\n\n\n\n<p>\u00abUn balance muy bueno, lo preve\u00edamos por la calidad de la hacienda\u00bb dijo Alejandro Nu\u00f1ez, el martillero de la firma Jos\u00e9 A. Valdez &amp; C\u00eda, al cierre de las ventas en el local Valent\u00edn en la jornada de ayer, donde se logr\u00f3 colocar el 100% de la oferta de forma fluida y r\u00e1pida. <br><\/p>\n\n\n\n<p>Las vacas de invernar, la mayor oferta del remate, \u00abcreo que era la categor\u00eda por la que deb\u00edamos empezar, creo que el 98% de la oferta se fue para el litoral, es un amigo de la casa que vino a buscar esos ganados de invernar, con buena caja, esos ganados que aprietan balanza despu\u00e9s que se completan\u00bb. <br><\/p>\n\n\n\n<p>En el caso de los terneros, \u00abson ganados que se defienden solos en pista, por la calidad, pero te dir\u00eda que hay demanda por todas las categor\u00edas\u00bb dijo el rematador. Si bien reconoci\u00f3 que hubo falta de ganados en algunas categor\u00edas, remarc\u00f3 que \u00abno es f\u00e1cil conseguir volumen de oferta hoy en d\u00eda y lo que sale se vende bien\u00bb. <br><\/p>\n\n\n\n<p>Desde su punto de vista, el rematador dijo que la ecuaci\u00f3n flaco-gordo \u00absigue siendo muy favorable para el invernador que tiene que salir a reponer, sea la categor\u00eda que sea, todav\u00eda el flaco-gordo respecto a la vaca, queda rollo para estirarse para comprar\u00bb. <br><\/p>\n\n\n\n<div class=\"wp-block-image\"><figure class=\"aligncenter is-resized\"><img data-recalc-dims=\"1\" loading=\"lazy\" decoding=\"async\" data-attachment-id=\"38869\" data-permalink=\"https:\/\/lahoradelcampo.com.uy\/site\/100-de-colocacion-en-la-feria-en-el-local-valentin-de-valdez-cia\/valdez-3\/\" data-orig-file=\"https:\/\/i0.wp.com\/lahoradelcampo.com.uy\/site\/wp-content\/uploads\/2022\/02\/valdez.jpg?fit=583%2C396&amp;ssl=1\" data-orig-size=\"583,396\" data-comments-opened=\"1\" data-image-meta=\"{&quot;aperture&quot;:&quot;0&quot;,&quot;credit&quot;:&quot;&quot;,&quot;camera&quot;:&quot;&quot;,&quot;caption&quot;:&quot;&quot;,&quot;created_timestamp&quot;:&quot;0&quot;,&quot;copyright&quot;:&quot;&quot;,&quot;focal_length&quot;:&quot;0&quot;,&quot;iso&quot;:&quot;0&quot;,&quot;shutter_speed&quot;:&quot;0&quot;,&quot;title&quot;:&quot;&quot;,&quot;orientation&quot;:&quot;0&quot;}\" data-image-title=\"valdez\" data-image-description=\"\" data-image-caption=\"\" data-large-file=\"https:\/\/i0.wp.com\/lahoradelcampo.com.uy\/site\/wp-content\/uploads\/2022\/02\/valdez.jpg?fit=583%2C396&amp;ssl=1\" src=\"https:\/\/i0.wp.com\/lahoradelcampo.com.uy\/site\/wp-content\/uploads\/2022\/02\/valdez.jpg?resize=443%2C300\" alt=\"\" class=\"wp-image-38869\" width=\"443\" height=\"300\" srcset=\"https:\/\/i0.wp.com\/lahoradelcampo.com.uy\/site\/wp-content\/uploads\/2022\/02\/valdez.jpg?w=583&amp;ssl=1 583w, https:\/\/i0.wp.com\/lahoradelcampo.com.uy\/site\/wp-content\/uploads\/2022\/02\/valdez.jpg?resize=300%2C204&amp;ssl=1 300w\" sizes=\"auto, (max-width: 443px) 100vw, 443px\" \/><\/figure><\/div>\n\n\n\n<p>Ganado gordo<br><\/p>\n\n\n\n<p>Respecto al ganado gordo, Nu\u00f1ez dijo que \u00abhoy son negocios d\u00eda a d\u00eda, hay que ir consultando a cada hora. Ya se han hecho negocios de novillos por encima de los US$ 4,50, pero hay clientes que est\u00e1n pidiendo 4,70 por novillo, no hemos podido concretar ese tipo de negocios\u00bb. <br><\/p>\n\n\n\n<p>Por su parte en el caso de la vaca, dijo que pasa lo mismo que con el novillo, \u00ablas intenciones de vender han saltado unos 20 centavos de las referencias que hab\u00edan las semanas anteriores, pero por ahora la industria sigue tratando de comprar a los valores que se reflejaron en los consignatarios\u00bb. <\/p>\n\n\n\n<p>Salto, 3 de febrero de 2022<\/p>\n","protected":false},"excerpt":{"rendered":"<p>\u00abUn balance muy bueno, lo preve\u00edamos por la calidad de la hacienda\u00bb dijo Alejandro Nu\u00f1ez, el martillero de la firma Jos\u00e9 A. Valdez &amp; C\u00eda, al cierre de las ventas [&hellip;]<\/p>\n","protected":false},"author":5,"featured_media":38867,"comment_status":"open","ping_status":"open","sticky":false,"template":"","format":"standard","meta":{"_price":"","_stock":"","_tribe_ticket_header":"","_tribe_default_ticket_provider":"","_tribe_ticket_capacity":"0","_ticket_start_date":"","_ticket_end_date":"","_tribe_ticket_show_description":"","_tribe_ticket_show_not_going":false,"_tribe_ticket_use_global_stock":"","_tribe_ticket_global_stock_level":"","_global_stock_mode":"","_global_stock_cap":"","_tribe_rsvp_for_event":"","_tribe_ticket_going_count":"","_tribe_ticket_not_going_count":"","_tribe_tickets_list":"[]","_tribe_ticket_has_attendee_info_fields":false,"h5ap_radio_sources":[],"_jetpack_newsletter_access":"","_jetpack_dont_email_post_to_subs":false,"_jetpack_newsletter_tier_id":0,"_jetpack_memberships_contains_paywalled_content":false,"_jetpack_memberships_contains_paid_content":false,"footnotes":""},"categories":[21,5],"tags":[],"class_list":["post-38865","post","type-post","status-publish","format-standard","has-post-thumbnail","hentry","category-actualidad","category-ganaderia"],"jetpack_featured_media_url":"https:\/\/i0.wp.com\/lahoradelcampo.com.uy\/site\/wp-content\/uploads\/2022\/02\/Valdez-valentin.jpg?fit=880%2C440&ssl=1","jetpack_sharing_enabled":true,"jetpack_shortlink":"https:\/\/wp.me\/p99IaT-a6R","jetpack-related-posts":[{"id":38741,"url":"https:\/\/lahoradelcampo.com.uy\/site\/valdez-cia-realiza-manana-el-primer-remate-de-2022-en-valentin\/","url_meta":{"origin":38865,"position":0},"title":"Valdez &#038; C\u00eda, realiza ma\u00f1ana el  primer remate de 2022 en Valent\u00edn","author":"La Hora del Campo","date":"1 febrero, 2022","format":false,"excerpt":"Este mi\u00e9rcoles 2 de febrero, la firma Jos\u00e9 A. Valdez & C\u00eda, realizar\u00e1 su primer remate del a\u00f1o 2022 en el local de la Asociaci\u00f3n Fomento Rural de Valent\u00edn. la oferta estar\u00e1 compuesta por 360 vacunos y 370 ovinos que entrar\u00e1n a la venta desde las 15 horas, con la\u2026","rel":"","context":"En \u00abActualidad\u00bb","block_context":{"text":"Actualidad","link":"https:\/\/lahoradelcampo.com.uy\/site\/category\/actualidad\/"},"img":{"alt_text":"","src":"https:\/\/i0.wp.com\/lahoradelcampo.com.uy\/site\/wp-content\/uploads\/2019\/09\/valentin-valdez.jpg?fit=880%2C440&ssl=1&resize=350%2C200","width":350,"height":200,"srcset":"https:\/\/i0.wp.com\/lahoradelcampo.com.uy\/site\/wp-content\/uploads\/2019\/09\/valentin-valdez.jpg?fit=880%2C440&ssl=1&resize=350%2C200 1x, https:\/\/i0.wp.com\/lahoradelcampo.com.uy\/site\/wp-content\/uploads\/2019\/09\/valentin-valdez.jpg?fit=880%2C440&ssl=1&resize=525%2C300 1.5x, https:\/\/i0.wp.com\/lahoradelcampo.com.uy\/site\/wp-content\/uploads\/2019\/09\/valentin-valdez.jpg?fit=880%2C440&ssl=1&resize=700%2C400 2x"},"classes":[]},{"id":39647,"url":"https:\/\/lahoradelcampo.com.uy\/site\/agilidad-en-las-ventas-de-valdez-cia-ayer-en-valentin\/","url_meta":{"origin":38865,"position":1},"title":"Agilidad en las ventas de Valdez &#038; C\u00eda ayer en Valent\u00edn","author":"La Hora del Campo","date":"9 marzo, 2022","format":false,"excerpt":"En la jornada de ayer, la firma Jos\u00e9 A. Valdez & C\u00eda, realiz\u00f3 su remate del mes de marzo en el local de la Asociaci\u00f3n Fomento Rural de Valent\u00edn, con una oferta que se vio disminuida tanto en vacunos como ovinos, debido a las precipitaciones y algunos pasos crecidos en\u2026","rel":"","context":"En \u00abActualidad\u00bb","block_context":{"text":"Actualidad","link":"https:\/\/lahoradelcampo.com.uy\/site\/category\/actualidad\/"},"img":{"alt_text":"","src":"https:\/\/i0.wp.com\/lahoradelcampo.com.uy\/site\/wp-content\/uploads\/2021\/02\/valdez.jpg?fit=880%2C440&ssl=1&resize=350%2C200","width":350,"height":200,"srcset":"https:\/\/i0.wp.com\/lahoradelcampo.com.uy\/site\/wp-content\/uploads\/2021\/02\/valdez.jpg?fit=880%2C440&ssl=1&resize=350%2C200 1x, https:\/\/i0.wp.com\/lahoradelcampo.com.uy\/site\/wp-content\/uploads\/2021\/02\/valdez.jpg?fit=880%2C440&ssl=1&resize=525%2C300 1.5x, https:\/\/i0.wp.com\/lahoradelcampo.com.uy\/site\/wp-content\/uploads\/2021\/02\/valdez.jpg?fit=880%2C440&ssl=1&resize=700%2C400 2x"},"classes":[]},{"id":16138,"url":"https:\/\/lahoradelcampo.com.uy\/site\/ventas-agiles-y-totales-en-valentin-con-valdez-cia\/","url_meta":{"origin":38865,"position":2},"title":"Ventas \u00e1giles y totales en Valent\u00edn con Vald\u00e9z &#038; C\u00eda","author":"La Hora del Campo","date":"28 noviembre, 2019","format":false,"excerpt":"En una jornada agradable en cuanto al clima y un muy n\u00famero de productores se realiz\u00f3 ayer la venta del escritorio Jos\u00e9 A. Valdez & C\u00eda en el local de la Asociaci\u00f3n Fomento Rural de Valent\u00edn, con colocaci\u00f3n total de la oferta tanto en ovinos como en vacunos. Las ventas\u2026","rel":"","context":"En \u00abActualidad\u00bb","block_context":{"text":"Actualidad","link":"https:\/\/lahoradelcampo.com.uy\/site\/category\/actualidad\/"},"img":{"alt_text":"","src":"https:\/\/i0.wp.com\/lahoradelcampo.com.uy\/site\/wp-content\/uploads\/2019\/11\/Valentinaaa.jpg?fit=880%2C440&ssl=1&resize=350%2C200","width":350,"height":200,"srcset":"https:\/\/i0.wp.com\/lahoradelcampo.com.uy\/site\/wp-content\/uploads\/2019\/11\/Valentinaaa.jpg?fit=880%2C440&ssl=1&resize=350%2C200 1x, https:\/\/i0.wp.com\/lahoradelcampo.com.uy\/site\/wp-content\/uploads\/2019\/11\/Valentinaaa.jpg?fit=880%2C440&ssl=1&resize=525%2C300 1.5x, https:\/\/i0.wp.com\/lahoradelcampo.com.uy\/site\/wp-content\/uploads\/2019\/11\/Valentinaaa.jpg?fit=880%2C440&ssl=1&resize=700%2C400 2x"},"classes":[]},{"id":24092,"url":"https:\/\/lahoradelcampo.com.uy\/site\/valdez-cia-coloco-el-100-de-los-vacunos-en-la-pista-de-valentin\/","url_meta":{"origin":38865,"position":3},"title":"Valdez &#038; C\u00eda coloc\u00f3 el 100% de los vacunos en la pista de Valent\u00edn","author":"La Hora del Campo","date":"28 septiembre, 2020","format":false,"excerpt":"En una tarde calurosa, con muy buen marco de p\u00fablico entorno a la pista del local de la Asociaci\u00f3n Fomento Rural de Valent\u00edn, la firma Jos\u00e9 A. Valdez & C\u00eda, coloc\u00f3 el 100% de la oferta que paso por pista, ya que debido a temas de fuerza mayor impidieron que\u2026","rel":"","context":"En \u00abActualidad\u00bb","block_context":{"text":"Actualidad","link":"https:\/\/lahoradelcampo.com.uy\/site\/category\/actualidad\/"},"img":{"alt_text":"","src":"https:\/\/i0.wp.com\/lahoradelcampo.com.uy\/site\/wp-content\/uploads\/2020\/09\/Valdezvalentina.jpg?fit=880%2C440&ssl=1&resize=350%2C200","width":350,"height":200,"srcset":"https:\/\/i0.wp.com\/lahoradelcampo.com.uy\/site\/wp-content\/uploads\/2020\/09\/Valdezvalentina.jpg?fit=880%2C440&ssl=1&resize=350%2C200 1x, https:\/\/i0.wp.com\/lahoradelcampo.com.uy\/site\/wp-content\/uploads\/2020\/09\/Valdezvalentina.jpg?fit=880%2C440&ssl=1&resize=525%2C300 1.5x, https:\/\/i0.wp.com\/lahoradelcampo.com.uy\/site\/wp-content\/uploads\/2020\/09\/Valdezvalentina.jpg?fit=880%2C440&ssl=1&resize=700%2C400 2x"},"classes":[]},{"id":19254,"url":"https:\/\/lahoradelcampo.com.uy\/site\/en-valentin-valdez-cia-remata-hoy-en-la-pista\/","url_meta":{"origin":38865,"position":4},"title":"En Valent\u00edn: Valdez &#038; C\u00eda remata hoy en la pista","author":"La Hora del Campo","date":"29 abril, 2020","format":false,"excerpt":"En la tarde de hoy la firma Jos\u00e9 A. Vald\u00e9z & C\u00eda rematar\u00e1 en el local de la Asociaci\u00f3n Fomento Rural de Valent\u00edn, 260 vacunos, 500 lanares y una yegua criolla de pedigree. La administraci\u00f3n de las ventas es propia con la financiaci\u00f3n del Fideicomiso Un Siglo. Juan Ignacio Pirotto,\u2026","rel":"","context":"En \u00abActualidad\u00bb","block_context":{"text":"Actualidad","link":"https:\/\/lahoradelcampo.com.uy\/site\/category\/actualidad\/"},"img":{"alt_text":"","src":"https:\/\/i0.wp.com\/lahoradelcampo.com.uy\/site\/wp-content\/uploads\/2019\/09\/Valdez.jpg?fit=880%2C440&ssl=1&resize=350%2C200","width":350,"height":200,"srcset":"https:\/\/i0.wp.com\/lahoradelcampo.com.uy\/site\/wp-content\/uploads\/2019\/09\/Valdez.jpg?fit=880%2C440&ssl=1&resize=350%2C200 1x, https:\/\/i0.wp.com\/lahoradelcampo.com.uy\/site\/wp-content\/uploads\/2019\/09\/Valdez.jpg?fit=880%2C440&ssl=1&resize=525%2C300 1.5x, https:\/\/i0.wp.com\/lahoradelcampo.com.uy\/site\/wp-content\/uploads\/2019\/09\/Valdez.jpg?fit=880%2C440&ssl=1&resize=700%2C400 2x"},"classes":[]},{"id":32806,"url":"https:\/\/lahoradelcampo.com.uy\/site\/100-de-colocacion-en-la-feria-valdez-cia-en-el-local-valentin\/","url_meta":{"origin":38865,"position":5},"title":"100% de colocaci\u00f3n en la feria Valdez &#038; C\u00eda en el local Valent\u00edn","author":"La Hora del Campo","date":"6 agosto, 2021","format":false,"excerpt":"En la jornada de ayer, el escritorio Jos\u00e9 A. Valdez & C\u00eda, realiz\u00f3 su remate mensual en el local de la Asociaci\u00f3n Fomento Rural de Valent\u00edn, en Salto, con buenos valores y una demanda que se mantuvo activa en todas las categor\u00edas, con agilidad y dinamismo lote a lote. Las\u2026","rel":"","context":"En \u00abActualidad\u00bb","block_context":{"text":"Actualidad","link":"https:\/\/lahoradelcampo.com.uy\/site\/category\/actualidad\/"},"img":{"alt_text":"","src":"https:\/\/i0.wp.com\/lahoradelcampo.com.uy\/site\/wp-content\/uploads\/2021\/08\/Valdezvalentin.jpg?fit=880%2C440&ssl=1&resize=350%2C200","width":350,"height":200,"srcset":"https:\/\/i0.wp.com\/lahoradelcampo.com.uy\/site\/wp-content\/uploads\/2021\/08\/Valdezvalentin.jpg?fit=880%2C440&ssl=1&resize=350%2C200 1x, https:\/\/i0.wp.com\/lahoradelcampo.com.uy\/site\/wp-content\/uploads\/2021\/08\/Valdezvalentin.jpg?fit=880%2C440&ssl=1&resize=525%2C300 1.5x, https:\/\/i0.wp.com\/lahoradelcampo.com.uy\/site\/wp-content\/uploads\/2021\/08\/Valdezvalentin.jpg?fit=880%2C440&ssl=1&resize=700%2C400 2x"},"classes":[]}],"jetpack_likes_enabled":true,"_links":{"self":[{"href":"https:\/\/lahoradelcampo.com.uy\/site\/wp-json\/wp\/v2\/posts\/38865","targetHints":{"allow":["GET"]}}],"collection":[{"href":"https:\/\/lahoradelcampo.com.uy\/site\/wp-json\/wp\/v2\/posts"}],"about":[{"href":"https:\/\/lahoradelcampo.com.uy\/site\/wp-json\/wp\/v2\/types\/post"}],"author":[{"embeddable":true,"href":"https:\/\/lahoradelcampo.com.uy\/site\/wp-json\/wp\/v2\/users\/5"}],"replies":[{"embeddable":true,"href":"https:\/\/lahoradelcampo.com.uy\/site\/wp-json\/wp\/v2\/comments?post=38865"}],"version-history":[{"count":1,"href":"https:\/\/lahoradelcampo.com.uy\/site\/wp-json\/wp\/v2\/posts\/38865\/revisions"}],"predecessor-version":[{"id":38871,"href":"https:\/\/lahoradelcampo.com.uy\/site\/wp-json\/wp\/v2\/posts\/38865\/revisions\/38871"}],"wp:featuredmedia":[{"embeddable":true,"href":"https:\/\/lahoradelcampo.com.uy\/site\/wp-json\/wp\/v2\/media\/38867"}],"wp:attachment":[{"href":"https:\/\/lahoradelcampo.com.uy\/site\/wp-json\/wp\/v2\/media?parent=38865"}],"wp:term":[{"taxonomy":"category","embeddable":true,"href":"https:\/\/lahoradelcampo.com.uy\/site\/wp-json\/wp\/v2\/categories?post=38865"},{"taxonomy":"post_tag","embeddable":true,"href":"https:\/\/lahoradelcampo.com.uy\/site\/wp-json\/wp\/v2\/tags?post=38865"}],"curies":[{"name":"wp","href":"https:\/\/api.w.org\/{rel}","templated":true}]}}