{"id":38855,"date":"2022-02-03T09:23:23","date_gmt":"2022-02-03T12:23:23","guid":{"rendered":"http:\/\/lahoradelcampo.com.uy\/site\/?p=38855"},"modified":"2022-02-03T09:23:33","modified_gmt":"2022-02-03T12:23:33","slug":"se-han-perdido-1-500-hectareas-de-arroz-en-el-norte-del-pais","status":"publish","type":"post","link":"https:\/\/lahoradelcampo.com.uy\/site\/se-han-perdido-1-500-hectareas-de-arroz-en-el-norte-del-pais\/","title":{"rendered":"Se han perdido 1.500 hect\u00e1reas de arroz en el norte del pa\u00eds"},"content":{"rendered":"\n<figure class=\"wp-block-image\"><img data-recalc-dims=\"1\" loading=\"lazy\" decoding=\"async\" width=\"810\" height=\"405\" data-attachment-id=\"10811\" data-permalink=\"https:\/\/lahoradelcampo.com.uy\/site\/crecen-fuertemente-los-stocks-de-arroz-maiz-y-soja\/arroz-2-2\/\" data-orig-file=\"https:\/\/i0.wp.com\/lahoradelcampo.com.uy\/site\/wp-content\/uploads\/2019\/05\/arroz-2.jpg?fit=880%2C440&amp;ssl=1\" data-orig-size=\"880,440\" data-comments-opened=\"1\" data-image-meta=\"{&quot;aperture&quot;:&quot;0&quot;,&quot;credit&quot;:&quot;&quot;,&quot;camera&quot;:&quot;&quot;,&quot;caption&quot;:&quot;&quot;,&quot;created_timestamp&quot;:&quot;0&quot;,&quot;copyright&quot;:&quot;&quot;,&quot;focal_length&quot;:&quot;0&quot;,&quot;iso&quot;:&quot;0&quot;,&quot;shutter_speed&quot;:&quot;0&quot;,&quot;title&quot;:&quot;&quot;,&quot;orientation&quot;:&quot;1&quot;}\" data-image-title=\"arroz 2\" data-image-description=\"\" data-image-caption=\"\" data-large-file=\"https:\/\/i0.wp.com\/lahoradelcampo.com.uy\/site\/wp-content\/uploads\/2019\/05\/arroz-2.jpg?fit=810%2C405&amp;ssl=1\" src=\"https:\/\/i0.wp.com\/lahoradelcampo.com.uy\/site\/wp-content\/uploads\/2019\/05\/arroz-2.jpg?resize=810%2C405\" alt=\"\" class=\"wp-image-10811\" srcset=\"https:\/\/i0.wp.com\/lahoradelcampo.com.uy\/site\/wp-content\/uploads\/2019\/05\/arroz-2.jpg?w=880&amp;ssl=1 880w, https:\/\/i0.wp.com\/lahoradelcampo.com.uy\/site\/wp-content\/uploads\/2019\/05\/arroz-2.jpg?resize=300%2C150&amp;ssl=1 300w, https:\/\/i0.wp.com\/lahoradelcampo.com.uy\/site\/wp-content\/uploads\/2019\/05\/arroz-2.jpg?resize=768%2C384&amp;ssl=1 768w, https:\/\/i0.wp.com\/lahoradelcampo.com.uy\/site\/wp-content\/uploads\/2019\/05\/arroz-2.jpg?resize=820%2C410&amp;ssl=1 820w\" sizes=\"auto, (max-width: 810px) 100vw, 810px\" \/><\/figure>\n\n\n\n<p>La falta de precipitaciones y el alto nivel de evapotranspiraci\u00f3n  en el norte del pa\u00eds ha determinado que el sector arrocero tambi\u00e9n sea afectado por menores rendimientos y muchas chacras y el abandono de algunas debido a la falta de agua en las represas. <br><\/p>\n\n\n\n<p>Entre los departamentos de Salto y Artigas se sembraron 27.000 hect\u00e1reas, lo que para un a\u00f1o de \u00abLa Ni\u00f1a\u00bb era un augurio de altos rendimientos, sin embargo la intensidad del efecto generado por el fen\u00f3meno clim\u00e1tico ha determinado que de las 3.000 a 3.500 hect\u00e1reas comprometidas, cerca de 1.500 ya se encuentren p\u00e9rdidas, dado que las lluvias no han sido todo lo que se esperaba por parte del sector. <br><\/p>\n\n\n\n<p>Si bien se estima que 3.000 a 3.500 hect\u00e1reas se encuentren comprometidas con una posible falta de agua al cierre del cultivo, la realidad es que en su gran mayor\u00eda las chacras han tenido un riego fuera de lo normal, por lo que los rendimientos finales pueden ser inferiores a los esperados. <br><\/p>\n\n\n\n<p>Esta situaci\u00f3n es el resultado de este per\u00edodo de ausencia de precipitaciones, pero adem\u00e1s de una demanda un 25% superior de agua, debido tambi\u00e9n a la secuencia de altas temperaturas que se registraron en la regi\u00f3n. <br><\/p>\n\n\n\n<p>A pesar de la problem\u00e1tica en el norte del pa\u00eds, al sur del R\u00edo Negro la situaci\u00f3n es diferente, dado que las lluvias llegaron en mayor medida y en tiempo y forma, por lo que esa zona del pa\u00eds estar\u00eda con mejores resultados productores o por lo menos, dentro de lo esperado. <br><\/p>\n\n\n\n<p>Argentina y Brasil<br><\/p>\n\n\n\n<p>Esta situaci\u00f3n no es ajena a los pa\u00edses de la regi\u00f3n. En el Estado de R\u00edo Grande del Sur, el mayor productor arrocero de Brasil, la Federaci\u00f3n de Agricultura de R\u00edo Grande del Sur (Farsul), estima que el d\u00e9ficit h\u00eddrico determinar\u00e1 una reducci\u00f3n del 7% al 10% en la producci\u00f3n de arroz en esta zafra 2021-22.<br><\/p>\n\n\n\n<p>De acuerdo al relevamiento realizado por la instituci\u00f3n gremial, abarcando cerca del 60% de los municipios productores de arroz del estado y los m\u00e1s afectados, \u00ablas fluct\u00faan entre 1% que es el m\u00ednimo y 30% que es el m\u00e1ximo\u00bb, seg\u00fan explica el economista jefe de Farsul, Antonio Da Luz. <br><\/p>\n\n\n\n<p>Por su parte en Argentina, Enrique Garc\u00eda, presidente de la Asociaci\u00f3n de Plantadores de Arroz de Entre R\u00edos, estim\u00f3 luego de las lluvias que las p\u00e9rdidas de \u00e1rea ser\u00e1n entre un 10% y 30% dependiendo de la cada chacra. <\/p>\n\n\n\n<p>Tambi\u00e9n aclar\u00f3 que hasta que no se pase la cosechadora es dif\u00edcil tener certeza de las p\u00e9rdidas netas que dejar\u00e1 la sequ\u00eda en el hipot\u00e9tico caso de que no llueva y que, por ende, las temperaturas no vayan a ser las adecuadas. \u00abSi no llueve, puede que quiz\u00e1s se pierdan m\u00e1s toneladas. Es muy variable todo\u00bb, agreg\u00f3. <\/p>\n\n\n\n<p>Salto, 3 de febrero de 2022<\/p>\n","protected":false},"excerpt":{"rendered":"<p>La falta de precipitaciones y el alto nivel de evapotranspiraci\u00f3n en el norte del pa\u00eds ha determinado que el sector arrocero tambi\u00e9n sea afectado por menores rendimientos y muchas chacras [&hellip;]<\/p>\n","protected":false},"author":5,"featured_media":10811,"comment_status":"open","ping_status":"open","sticky":false,"template":"","format":"standard","meta":{"_price":"","_stock":"","_tribe_ticket_header":"","_tribe_default_ticket_provider":"","_tribe_ticket_capacity":"0","_ticket_start_date":"","_ticket_end_date":"","_tribe_ticket_show_description":"","_tribe_ticket_show_not_going":false,"_tribe_ticket_use_global_stock":"","_tribe_ticket_global_stock_level":"","_global_stock_mode":"","_global_stock_cap":"","_tribe_rsvp_for_event":"","_tribe_ticket_going_count":"","_tribe_ticket_not_going_count":"","_tribe_tickets_list":"[]","_tribe_ticket_has_attendee_info_fields":false,"h5ap_radio_sources":[],"_jetpack_newsletter_access":"","_jetpack_dont_email_post_to_subs":false,"_jetpack_newsletter_tier_id":0,"_jetpack_memberships_contains_paywalled_content":false,"_jetpack_memberships_contains_paid_content":false,"footnotes":""},"categories":[21,7],"tags":[],"class_list":["post-38855","post","type-post","status-publish","format-standard","has-post-thumbnail","hentry","category-actualidad","category-agricultura"],"jetpack_featured_media_url":"https:\/\/i0.wp.com\/lahoradelcampo.com.uy\/site\/wp-content\/uploads\/2019\/05\/arroz-2.jpg?fit=880%2C440&ssl=1","jetpack_sharing_enabled":true,"jetpack_shortlink":"https:\/\/wp.me\/p99IaT-a6H","jetpack-related-posts":[{"id":38637,"url":"https:\/\/lahoradelcampo.com.uy\/site\/existen-3-500-hectareas-de-arroz-comprometidas-con-el-riego-en-el-norte-del-pais\/","url_meta":{"origin":38855,"position":0},"title":"Existen 3.500 hect\u00e1reas de arroz comprometidas con el riego en el norte del pa\u00eds","author":"La Hora del Campo","date":"27 enero, 2022","format":false,"excerpt":"En los a\u00f1os de \"La Ni\u00f1a\", el sector arrocero ha tenido rendimientos hist\u00f3ricamente altos, sin embargo esta zafra 2021-2022 est\u00e1 registrando un consumo de agua superior a a\u00f1os anteriores, donde tambi\u00e9n se dio este fen\u00f3meno clim\u00e1tico. Esta situaci\u00f3n y la falta de precipitaciones que permitan recomponer algunas represas, lleva a\u2026","rel":"","context":"En \u00abActualidad\u00bb","block_context":{"text":"Actualidad","link":"https:\/\/lahoradelcampo.com.uy\/site\/category\/actualidad\/"},"img":{"alt_text":"","src":"https:\/\/i0.wp.com\/lahoradelcampo.com.uy\/site\/wp-content\/uploads\/2021\/05\/arroz1.jpg?fit=880%2C440&ssl=1&resize=350%2C200","width":350,"height":200,"srcset":"https:\/\/i0.wp.com\/lahoradelcampo.com.uy\/site\/wp-content\/uploads\/2021\/05\/arroz1.jpg?fit=880%2C440&ssl=1&resize=350%2C200 1x, https:\/\/i0.wp.com\/lahoradelcampo.com.uy\/site\/wp-content\/uploads\/2021\/05\/arroz1.jpg?fit=880%2C440&ssl=1&resize=525%2C300 1.5x, https:\/\/i0.wp.com\/lahoradelcampo.com.uy\/site\/wp-content\/uploads\/2021\/05\/arroz1.jpg?fit=880%2C440&ssl=1&resize=700%2C400 2x"},"classes":[]},{"id":46385,"url":"https:\/\/lahoradelcampo.com.uy\/site\/falta-de-lluvias-al-final-golpeara-los-rendimientos-del-litoral-norte\/","url_meta":{"origin":38855,"position":1},"title":"Falta de lluvias al final, golpear\u00e1 los rendimientos del litoral norte","author":"La Hora del Campo","date":"17 octubre, 2022","format":false,"excerpt":"El litoral norte del pa\u00eds ha atravesado un invierno beneficioso para los cultivos, salvo en el \u00faltimo mes donde las precipitaciones han sido escasas. Sin embargo las expectativas son de rendimientos de 3.000 a 3.500 kilos, tanto en trigo como cebada, en esta zona del pa\u00eds, seg\u00fan estim\u00f3 el Ing.\u2026","rel":"","context":"En \u00abActualidad\u00bb","block_context":{"text":"Actualidad","link":"https:\/\/lahoradelcampo.com.uy\/site\/category\/actualidad\/"},"img":{"alt_text":"","src":"https:\/\/i0.wp.com\/lahoradelcampo.com.uy\/site\/wp-content\/uploads\/2022\/10\/MartinCordobaGraso.jpg?fit=880%2C440&ssl=1&resize=350%2C200","width":350,"height":200,"srcset":"https:\/\/i0.wp.com\/lahoradelcampo.com.uy\/site\/wp-content\/uploads\/2022\/10\/MartinCordobaGraso.jpg?fit=880%2C440&ssl=1&resize=350%2C200 1x, https:\/\/i0.wp.com\/lahoradelcampo.com.uy\/site\/wp-content\/uploads\/2022\/10\/MartinCordobaGraso.jpg?fit=880%2C440&ssl=1&resize=525%2C300 1.5x, https:\/\/i0.wp.com\/lahoradelcampo.com.uy\/site\/wp-content\/uploads\/2022\/10\/MartinCordobaGraso.jpg?fit=880%2C440&ssl=1&resize=700%2C400 2x"},"classes":[]},{"id":47511,"url":"https:\/\/lahoradelcampo.com.uy\/site\/sorprenden-los-rendimientos-de-los-cultivos-de-invierno\/","url_meta":{"origin":38855,"position":2},"title":"Sorprenden los rendimientos de los cultivos de invierno","author":"La Hora del Campo","date":"7 diciembre, 2022","format":false,"excerpt":"Los rendimientos de los cultivos de invierno han superado las expectativas de rendimientos tanto en el sur, como en el norte del pa\u00eds, debido a un claro efecto a\u00f1o. El Ing. Agr. Federico Nolla de PGG Wrightson Seeds en Uruguay, dijo que \"a pesar de la seca que sufrimos, nos\u2026","rel":"","context":"En \u00abActualidad\u00bb","block_context":{"text":"Actualidad","link":"https:\/\/lahoradelcampo.com.uy\/site\/category\/actualidad\/"},"img":{"alt_text":"","src":"https:\/\/i0.wp.com\/lahoradelcampo.com.uy\/site\/wp-content\/uploads\/2022\/12\/FedericoNolla.jpg?fit=880%2C440&ssl=1&resize=350%2C200","width":350,"height":200,"srcset":"https:\/\/i0.wp.com\/lahoradelcampo.com.uy\/site\/wp-content\/uploads\/2022\/12\/FedericoNolla.jpg?fit=880%2C440&ssl=1&resize=350%2C200 1x, https:\/\/i0.wp.com\/lahoradelcampo.com.uy\/site\/wp-content\/uploads\/2022\/12\/FedericoNolla.jpg?fit=880%2C440&ssl=1&resize=525%2C300 1.5x, https:\/\/i0.wp.com\/lahoradelcampo.com.uy\/site\/wp-content\/uploads\/2022\/12\/FedericoNolla.jpg?fit=880%2C440&ssl=1&resize=700%2C400 2x"},"classes":[]},{"id":48517,"url":"https:\/\/lahoradelcampo.com.uy\/site\/estiman-perdidas-directas-por-la-sequia-de-us-1-175-millones\/","url_meta":{"origin":38855,"position":3},"title":"Estiman p\u00e9rdidas directas por la sequ\u00eda de US$ 1.175 millones","author":"La Hora del Campo","date":"6 febrero, 2023","format":false,"excerpt":"El Ministro de Ganader\u00eda, Agricultura y Pesca (MGAP), Ing. Agr. Fernando Mattos, fue convocado por la Comisi\u00f3n Permanente, en el Parlamento, en el marco de la comparecencia por la sequ\u00eda que afecta a todo el pa\u00eds. En su presentaci\u00f3n el jerarca realiz\u00f3 un repaso por la situaci\u00f3n clim\u00e1tica y la\u2026","rel":"","context":"En \u00abActualidad\u00bb","block_context":{"text":"Actualidad","link":"https:\/\/lahoradelcampo.com.uy\/site\/category\/actualidad\/"},"img":{"alt_text":"","src":"https:\/\/i0.wp.com\/lahoradelcampo.com.uy\/site\/wp-content\/uploads\/2023\/02\/MGAP-Sequiaimpacto.jpg?fit=880%2C440&ssl=1&resize=350%2C200","width":350,"height":200,"srcset":"https:\/\/i0.wp.com\/lahoradelcampo.com.uy\/site\/wp-content\/uploads\/2023\/02\/MGAP-Sequiaimpacto.jpg?fit=880%2C440&ssl=1&resize=350%2C200 1x, https:\/\/i0.wp.com\/lahoradelcampo.com.uy\/site\/wp-content\/uploads\/2023\/02\/MGAP-Sequiaimpacto.jpg?fit=880%2C440&ssl=1&resize=525%2C300 1.5x, https:\/\/i0.wp.com\/lahoradelcampo.com.uy\/site\/wp-content\/uploads\/2023\/02\/MGAP-Sequiaimpacto.jpg?fit=880%2C440&ssl=1&resize=700%2C400 2x"},"classes":[]},{"id":46855,"url":"https:\/\/lahoradelcampo.com.uy\/site\/cosecha-de-colza-viene-con-rendimientos-dispares\/","url_meta":{"origin":38855,"position":4},"title":"Cosecha de colza viene con rendimientos dispares","author":"La Hora del Campo","date":"7 noviembre, 2022","format":false,"excerpt":"La cosecha de los cultivos de invierno ha comenzado en el litoral norte del pa\u00eds, con resultados variables en las chacras de colza, principalmente por eventos clim\u00e1ticos desfavorables al inicio del cultivo. Recordemos que en momentos de la siembra en el litoral, se registraron varios eventos de excesos de precipitaciones\u2026","rel":"","context":"En \u00abActualidad\u00bb","block_context":{"text":"Actualidad","link":"https:\/\/lahoradelcampo.com.uy\/site\/category\/actualidad\/"},"img":{"alt_text":"","src":"https:\/\/i0.wp.com\/lahoradelcampo.com.uy\/site\/wp-content\/uploads\/2021\/06\/colza.jpg?fit=880%2C440&ssl=1&resize=350%2C200","width":350,"height":200,"srcset":"https:\/\/i0.wp.com\/lahoradelcampo.com.uy\/site\/wp-content\/uploads\/2021\/06\/colza.jpg?fit=880%2C440&ssl=1&resize=350%2C200 1x, https:\/\/i0.wp.com\/lahoradelcampo.com.uy\/site\/wp-content\/uploads\/2021\/06\/colza.jpg?fit=880%2C440&ssl=1&resize=525%2C300 1.5x, https:\/\/i0.wp.com\/lahoradelcampo.com.uy\/site\/wp-content\/uploads\/2021\/06\/colza.jpg?fit=880%2C440&ssl=1&resize=700%2C400 2x"},"classes":[]},{"id":6337,"url":"https:\/\/lahoradelcampo.com.uy\/site\/aumento-del-arroz-a-nivel-internacional-se-lo-devora-los-costos-industriales\/","url_meta":{"origin":38855,"position":5},"title":"Aumento del arroz a nivel internacional  se lo \u00abdevora\u00bb los costos industriales","author":"La Hora del Campo","date":"4 abril, 2018","format":false,"excerpt":"El sector arrocero uruguayo se encuentra en plena zafra de cosecha de arroz, principalmente aqu\u00ed en el norte del pa\u00eds donde se comienza antes la recolecci\u00f3n del grano. El productor salte\u00f1o y directivo de la Asociaci\u00f3n de Cultivadores de Arroz del Uruguay, Guillermo O'brien, se\u00f1al\u00f3 que de las 28.000 hect\u00e1reas\u2026","rel":"","context":"En \u00abActualidad\u00bb","block_context":{"text":"Actualidad","link":"https:\/\/lahoradelcampo.com.uy\/site\/category\/actualidad\/"},"img":{"alt_text":"","src":"https:\/\/i0.wp.com\/lahoradelcampo.com.uy\/site\/wp-content\/uploads\/2018\/04\/Guillermo-web.jpg?fit=880%2C440&ssl=1&resize=350%2C200","width":350,"height":200,"srcset":"https:\/\/i0.wp.com\/lahoradelcampo.com.uy\/site\/wp-content\/uploads\/2018\/04\/Guillermo-web.jpg?fit=880%2C440&ssl=1&resize=350%2C200 1x, https:\/\/i0.wp.com\/lahoradelcampo.com.uy\/site\/wp-content\/uploads\/2018\/04\/Guillermo-web.jpg?fit=880%2C440&ssl=1&resize=525%2C300 1.5x, https:\/\/i0.wp.com\/lahoradelcampo.com.uy\/site\/wp-content\/uploads\/2018\/04\/Guillermo-web.jpg?fit=880%2C440&ssl=1&resize=700%2C400 2x"},"classes":[]}],"jetpack_likes_enabled":true,"_links":{"self":[{"href":"https:\/\/lahoradelcampo.com.uy\/site\/wp-json\/wp\/v2\/posts\/38855","targetHints":{"allow":["GET"]}}],"collection":[{"href":"https:\/\/lahoradelcampo.com.uy\/site\/wp-json\/wp\/v2\/posts"}],"about":[{"href":"https:\/\/lahoradelcampo.com.uy\/site\/wp-json\/wp\/v2\/types\/post"}],"author":[{"embeddable":true,"href":"https:\/\/lahoradelcampo.com.uy\/site\/wp-json\/wp\/v2\/users\/5"}],"replies":[{"embeddable":true,"href":"https:\/\/lahoradelcampo.com.uy\/site\/wp-json\/wp\/v2\/comments?post=38855"}],"version-history":[{"count":1,"href":"https:\/\/lahoradelcampo.com.uy\/site\/wp-json\/wp\/v2\/posts\/38855\/revisions"}],"predecessor-version":[{"id":38857,"href":"https:\/\/lahoradelcampo.com.uy\/site\/wp-json\/wp\/v2\/posts\/38855\/revisions\/38857"}],"wp:featuredmedia":[{"embeddable":true,"href":"https:\/\/lahoradelcampo.com.uy\/site\/wp-json\/wp\/v2\/media\/10811"}],"wp:attachment":[{"href":"https:\/\/lahoradelcampo.com.uy\/site\/wp-json\/wp\/v2\/media?parent=38855"}],"wp:term":[{"taxonomy":"category","embeddable":true,"href":"https:\/\/lahoradelcampo.com.uy\/site\/wp-json\/wp\/v2\/categories?post=38855"},{"taxonomy":"post_tag","embeddable":true,"href":"https:\/\/lahoradelcampo.com.uy\/site\/wp-json\/wp\/v2\/tags?post=38855"}],"curies":[{"name":"wp","href":"https:\/\/api.w.org\/{rel}","templated":true}]}}