{"id":38841,"date":"2022-02-03T09:18:56","date_gmt":"2022-02-03T12:18:56","guid":{"rendered":"http:\/\/lahoradelcampo.com.uy\/site\/?p=38841"},"modified":"2022-02-03T09:19:02","modified_gmt":"2022-02-03T12:19:02","slug":"rusia-prohibio-la-exportacion-de-nitrato-de-amonio","status":"publish","type":"post","link":"https:\/\/lahoradelcampo.com.uy\/site\/rusia-prohibio-la-exportacion-de-nitrato-de-amonio\/","title":{"rendered":"Rusia prohibi\u00f3 la exportaci\u00f3n de nitrato de amonio"},"content":{"rendered":"\n<figure class=\"wp-block-image\"><img data-recalc-dims=\"1\" loading=\"lazy\" decoding=\"async\" width=\"810\" height=\"405\" data-attachment-id=\"38845\" data-permalink=\"https:\/\/lahoradelcampo.com.uy\/site\/rusia-prohibio-la-exportacion-de-nitrato-de-amonio\/rusia-nitrato\/\" data-orig-file=\"https:\/\/i0.wp.com\/lahoradelcampo.com.uy\/site\/wp-content\/uploads\/2022\/02\/Rusia-nitrato.jpg?fit=880%2C440&amp;ssl=1\" data-orig-size=\"880,440\" data-comments-opened=\"1\" data-image-meta=\"{&quot;aperture&quot;:&quot;0&quot;,&quot;credit&quot;:&quot;&quot;,&quot;camera&quot;:&quot;&quot;,&quot;caption&quot;:&quot;&quot;,&quot;created_timestamp&quot;:&quot;0&quot;,&quot;copyright&quot;:&quot;&quot;,&quot;focal_length&quot;:&quot;0&quot;,&quot;iso&quot;:&quot;0&quot;,&quot;shutter_speed&quot;:&quot;0&quot;,&quot;title&quot;:&quot;&quot;,&quot;orientation&quot;:&quot;1&quot;}\" data-image-title=\"Rusia-nitrato\" data-image-description=\"\" data-image-caption=\"\" data-large-file=\"https:\/\/i0.wp.com\/lahoradelcampo.com.uy\/site\/wp-content\/uploads\/2022\/02\/Rusia-nitrato.jpg?fit=810%2C405&amp;ssl=1\" src=\"https:\/\/i0.wp.com\/lahoradelcampo.com.uy\/site\/wp-content\/uploads\/2022\/02\/Rusia-nitrato.jpg?resize=810%2C405\" alt=\"\" class=\"wp-image-38845\" srcset=\"https:\/\/i0.wp.com\/lahoradelcampo.com.uy\/site\/wp-content\/uploads\/2022\/02\/Rusia-nitrato.jpg?w=880&amp;ssl=1 880w, https:\/\/i0.wp.com\/lahoradelcampo.com.uy\/site\/wp-content\/uploads\/2022\/02\/Rusia-nitrato.jpg?resize=300%2C150&amp;ssl=1 300w, https:\/\/i0.wp.com\/lahoradelcampo.com.uy\/site\/wp-content\/uploads\/2022\/02\/Rusia-nitrato.jpg?resize=768%2C384&amp;ssl=1 768w, https:\/\/i0.wp.com\/lahoradelcampo.com.uy\/site\/wp-content\/uploads\/2022\/02\/Rusia-nitrato.jpg?resize=820%2C410&amp;ssl=1 820w\" sizes=\"auto, (max-width: 810px) 100vw, 810px\" \/><\/figure>\n\n\n\n<p>Rusia suspendi\u00f3 por dos meses las exportaciones de nitrato de amonio, seg\u00fan inform\u00f3 la agencia estatal de noticias Tass. Actualmente el pa\u00eds es el principal exportador mundial de este producto, que es utilizado en la agricultura como fertilizante. <br><\/p>\n\n\n\n<p>De acuerdo a la informaci\u00f3n brindada por la agencia de noticias, la medida se extender\u00e1 hasta el 2 de abril de 2022, y fue adoptada por el gobierno ruso para garantizar el abastecimiento del mercado dom\u00e9stico en esta zafra, que ser\u00e1 anticipada por causa del clima.<br><\/p>\n\n\n\n<p>\u00abEsta es una medida temporal. El volumen restante se puede exportar a partir del 2 de abril, cuando las empresas rusas recibir\u00e1n el nitrato de amonio en el volumen requerido y la demanda en el mercado interno superar\u00e1 los valores m\u00e1ximos\u00bb, dijo el primer viceprimer ministro Andrey Belousov. <\/p>\n\n\n\n<p>Salto, 3 de febrero de 2022<\/p>\n","protected":false},"excerpt":{"rendered":"<p>Rusia suspendi\u00f3 por dos meses las exportaciones de nitrato de amonio, seg\u00fan inform\u00f3 la agencia estatal de noticias Tass. Actualmente el pa\u00eds es el principal exportador mundial de este producto, [&hellip;]<\/p>\n","protected":false},"author":5,"featured_media":38845,"comment_status":"open","ping_status":"open","sticky":false,"template":"","format":"standard","meta":{"_price":"","_stock":"","_tribe_ticket_header":"","_tribe_default_ticket_provider":"","_tribe_ticket_capacity":"0","_ticket_start_date":"","_ticket_end_date":"","_tribe_ticket_show_description":"","_tribe_ticket_show_not_going":false,"_tribe_ticket_use_global_stock":"","_tribe_ticket_global_stock_level":"","_global_stock_mode":"","_global_stock_cap":"","_tribe_rsvp_for_event":"","_tribe_ticket_going_count":"","_tribe_ticket_not_going_count":"","_tribe_tickets_list":"[]","_tribe_ticket_has_attendee_info_fields":false,"h5ap_radio_sources":[],"_jetpack_newsletter_access":"","_jetpack_dont_email_post_to_subs":false,"_jetpack_newsletter_tier_id":0,"_jetpack_memberships_contains_paywalled_content":false,"_jetpack_memberships_contains_paid_content":false,"footnotes":""},"categories":[21,15],"tags":[],"class_list":["post-38841","post","type-post","status-publish","format-standard","has-post-thumbnail","hentry","category-actualidad","category-columnistas"],"jetpack_featured_media_url":"https:\/\/i0.wp.com\/lahoradelcampo.com.uy\/site\/wp-content\/uploads\/2022\/02\/Rusia-nitrato.jpg?fit=880%2C440&ssl=1","jetpack_sharing_enabled":true,"jetpack_shortlink":"https:\/\/wp.me\/p99IaT-a6t","jetpack-related-posts":[{"id":10203,"url":"https:\/\/lahoradelcampo.com.uy\/site\/precio-de-la-tonelada-de-carne-vacuna-crece-un-19-en-promedio\/","url_meta":{"origin":38841,"position":0},"title":"Precio de la tonelada de carne vacuna crece un 1,9% en promedio","author":"La Hora del Campo","date":"25 abril, 2019","format":false,"excerpt":"Exportaciones de carne vacuna caen un 12% en volumen y crecen un 1,9% la tonelada en promedio.","rel":"","context":"En \u00abActualidad\u00bb","block_context":{"text":"Actualidad","link":"https:\/\/lahoradelcampo.com.uy\/site\/category\/actualidad\/"},"img":{"alt_text":"","src":"https:\/\/i0.wp.com\/lahoradelcampo.com.uy\/site\/wp-content\/uploads\/2019\/04\/Carne-vacuna.jpg?fit=880%2C440&ssl=1&resize=350%2C200","width":350,"height":200,"srcset":"https:\/\/i0.wp.com\/lahoradelcampo.com.uy\/site\/wp-content\/uploads\/2019\/04\/Carne-vacuna.jpg?fit=880%2C440&ssl=1&resize=350%2C200 1x, https:\/\/i0.wp.com\/lahoradelcampo.com.uy\/site\/wp-content\/uploads\/2019\/04\/Carne-vacuna.jpg?fit=880%2C440&ssl=1&resize=525%2C300 1.5x, https:\/\/i0.wp.com\/lahoradelcampo.com.uy\/site\/wp-content\/uploads\/2019\/04\/Carne-vacuna.jpg?fit=880%2C440&ssl=1&resize=700%2C400 2x"},"classes":[]},{"id":9805,"url":"https:\/\/lahoradelcampo.com.uy\/site\/valor-promedio-de-la-tonelada-exportada-de-carne-vacuna-sube-un-16-en-2019\/","url_meta":{"origin":38841,"position":1},"title":"Valor promedio de la tonelada exportada de carne vacuna sube un 1,6% en 2019","author":"La Hora del Campo","date":"10 abril, 2019","format":false,"excerpt":"Las exportaciones de carne vacuna entre el 1 de enero y el 6 de abril de 2019 registr\u00f3 un incremento el 1,6% en el valor promedio de la tonelada comercializada al exterior, sin embargo el volumen exportado descendi\u00f3 un 15% en dicho per\u00edodo. China es el \u00fanico destino que increment\u00f3\u2026","rel":"","context":"En \u00abActualidad\u00bb","block_context":{"text":"Actualidad","link":"https:\/\/lahoradelcampo.com.uy\/site\/category\/actualidad\/"},"img":{"alt_text":"","src":"https:\/\/i0.wp.com\/lahoradelcampo.com.uy\/site\/wp-content\/uploads\/2018\/05\/expportaciones.jpg?fit=880%2C440&ssl=1&resize=350%2C200","width":350,"height":200,"srcset":"https:\/\/i0.wp.com\/lahoradelcampo.com.uy\/site\/wp-content\/uploads\/2018\/05\/expportaciones.jpg?fit=880%2C440&ssl=1&resize=350%2C200 1x, https:\/\/i0.wp.com\/lahoradelcampo.com.uy\/site\/wp-content\/uploads\/2018\/05\/expportaciones.jpg?fit=880%2C440&ssl=1&resize=525%2C300 1.5x, https:\/\/i0.wp.com\/lahoradelcampo.com.uy\/site\/wp-content\/uploads\/2018\/05\/expportaciones.jpg?fit=880%2C440&ssl=1&resize=700%2C400 2x"},"classes":[]},{"id":7009,"url":"https:\/\/lahoradelcampo.com.uy\/site\/abril-con-fuerte-ingreso-de-tomate-al-mercado-modelo-y-baja-de-precios\/","url_meta":{"origin":38841,"position":2},"title":"Abril con fuerte ingreso de tomate al Mercado Modelo y baja de precios","author":"La Hora del Campo","date":"9 mayo, 2018","format":false,"excerpt":"El tomate ocupa un lugar preponderante en el consumo de frutas y hortalizas a nivel nacional. En 2017 fue el quinto rubro en volumen de ingresos al Mercado Modelo y la segunda hortaliza despu\u00e9s de la papa. El tomate se ubic\u00f3 en el tercer lugar en el monto bruto comercializado\u2026","rel":"","context":"En \u00abGranja\u00bb","block_context":{"text":"Granja","link":"https:\/\/lahoradelcampo.com.uy\/site\/category\/granja\/"},"img":{"alt_text":"","src":"https:\/\/i0.wp.com\/lahoradelcampo.com.uy\/site\/wp-content\/uploads\/2018\/05\/Tomate.jpg?fit=880%2C440&ssl=1&resize=350%2C200","width":350,"height":200,"srcset":"https:\/\/i0.wp.com\/lahoradelcampo.com.uy\/site\/wp-content\/uploads\/2018\/05\/Tomate.jpg?fit=880%2C440&ssl=1&resize=350%2C200 1x, https:\/\/i0.wp.com\/lahoradelcampo.com.uy\/site\/wp-content\/uploads\/2018\/05\/Tomate.jpg?fit=880%2C440&ssl=1&resize=525%2C300 1.5x, https:\/\/i0.wp.com\/lahoradelcampo.com.uy\/site\/wp-content\/uploads\/2018\/05\/Tomate.jpg?fit=880%2C440&ssl=1&resize=700%2C400 2x"},"classes":[]},{"id":55886,"url":"https:\/\/lahoradelcampo.com.uy\/site\/trump-golpeo-fuerte-al-mercado-laneroen-dolares\/","url_meta":{"origin":38841,"position":3},"title":"Trump golpe\u00f3 fuerte al mercado lanero en d\u00f3lares","author":"La Hora del Campo","date":"13 abril, 2025","format":false,"excerpt":"Los anuncios de los nuevos aranceles de Donald Trump y la entrada en vigor de estos impactaron fuertemente en la fluctuaci\u00f3n de las monedas y por ende en el resultado de las ventas esta semana en el mercado lanero australiano, cuando es analizado en la moneda estadounidense. En tanto que,\u2026","rel":"","context":"En \u00abActualidad\u00bb","block_context":{"text":"Actualidad","link":"https:\/\/lahoradelcampo.com.uy\/site\/category\/actualidad\/"},"img":{"alt_text":"","src":"https:\/\/i0.wp.com\/lahoradelcampo.com.uy\/site\/wp-content\/uploads\/2019\/04\/Lanas-Australia.jpg?fit=880%2C440&ssl=1&resize=350%2C200","width":350,"height":200,"srcset":"https:\/\/i0.wp.com\/lahoradelcampo.com.uy\/site\/wp-content\/uploads\/2019\/04\/Lanas-Australia.jpg?fit=880%2C440&ssl=1&resize=350%2C200 1x, https:\/\/i0.wp.com\/lahoradelcampo.com.uy\/site\/wp-content\/uploads\/2019\/04\/Lanas-Australia.jpg?fit=880%2C440&ssl=1&resize=525%2C300 1.5x, https:\/\/i0.wp.com\/lahoradelcampo.com.uy\/site\/wp-content\/uploads\/2019\/04\/Lanas-Australia.jpg?fit=880%2C440&ssl=1&resize=700%2C400 2x"},"classes":[]},{"id":47129,"url":"https:\/\/lahoradelcampo.com.uy\/site\/salieron-los-primeros-embarques-de-lengua-bovina-a-japon\/","url_meta":{"origin":38841,"position":4},"title":"Salieron los primeros embarques de lengua bovina a Jap\u00f3n","author":"La Hora del Campo","date":"21 noviembre, 2022","format":false,"excerpt":"El s\u00e1bado partieron los primeros embarques de lengua uruguaya al mercado japon\u00e9s. Si bien es un volumen de muestra que parti\u00f3 v\u00eda \u00e1rea, con costos adicionales, es la concreci\u00f3n del trabajo realizado desde el punto de vista de las autoridades para esta apertura y el puntapi\u00e9 inicial para dar agilidad\u2026","rel":"","context":"En \u00abActualidad\u00bb","block_context":{"text":"Actualidad","link":"https:\/\/lahoradelcampo.com.uy\/site\/category\/actualidad\/"},"img":{"alt_text":"","src":"https:\/\/i0.wp.com\/lahoradelcampo.com.uy\/site\/wp-content\/uploads\/2022\/11\/MGAP-lengua.jpg?fit=880%2C440&ssl=1&resize=350%2C200","width":350,"height":200,"srcset":"https:\/\/i0.wp.com\/lahoradelcampo.com.uy\/site\/wp-content\/uploads\/2022\/11\/MGAP-lengua.jpg?fit=880%2C440&ssl=1&resize=350%2C200 1x, https:\/\/i0.wp.com\/lahoradelcampo.com.uy\/site\/wp-content\/uploads\/2022\/11\/MGAP-lengua.jpg?fit=880%2C440&ssl=1&resize=525%2C300 1.5x, https:\/\/i0.wp.com\/lahoradelcampo.com.uy\/site\/wp-content\/uploads\/2022\/11\/MGAP-lengua.jpg?fit=880%2C440&ssl=1&resize=700%2C400 2x"},"classes":[]},{"id":47919,"url":"https:\/\/lahoradelcampo.com.uy\/site\/si-el-clima-acompana-y-la-demanda-no-exige-los-precios-se-estabilizaran\/","url_meta":{"origin":38841,"position":5},"title":"\u00abSi el clima acompa\u00f1a y la demanda no exige, los precios se estabilizaran\u00bb","author":"La Hora del Campo","date":"5 enero, 2023","format":false,"excerpt":"Al cierre del a\u00f1o 2022, la Asociaci\u00f3n de Consignatarios de Ganados del Uruguay (ACG) realiz\u00f3 su asamblea anual y eligi\u00f3 la nueva directiva de la gremial, que en esta oportunidad estar\u00e1 encabezada por Joaqu\u00edn Falc\u00f3n, consignatario y rematador de la firma Romualdo & C\u00eda. El joven presidente de la gremial\u2026","rel":"","context":"En \u00abActualidad\u00bb","block_context":{"text":"Actualidad","link":"https:\/\/lahoradelcampo.com.uy\/site\/category\/actualidad\/"},"img":{"alt_text":"","src":"https:\/\/i0.wp.com\/lahoradelcampo.com.uy\/site\/wp-content\/uploads\/2023\/01\/JoaquinFalcon-1.jpg?fit=880%2C440&ssl=1&resize=350%2C200","width":350,"height":200,"srcset":"https:\/\/i0.wp.com\/lahoradelcampo.com.uy\/site\/wp-content\/uploads\/2023\/01\/JoaquinFalcon-1.jpg?fit=880%2C440&ssl=1&resize=350%2C200 1x, https:\/\/i0.wp.com\/lahoradelcampo.com.uy\/site\/wp-content\/uploads\/2023\/01\/JoaquinFalcon-1.jpg?fit=880%2C440&ssl=1&resize=525%2C300 1.5x, https:\/\/i0.wp.com\/lahoradelcampo.com.uy\/site\/wp-content\/uploads\/2023\/01\/JoaquinFalcon-1.jpg?fit=880%2C440&ssl=1&resize=700%2C400 2x"},"classes":[]}],"jetpack_likes_enabled":true,"_links":{"self":[{"href":"https:\/\/lahoradelcampo.com.uy\/site\/wp-json\/wp\/v2\/posts\/38841","targetHints":{"allow":["GET"]}}],"collection":[{"href":"https:\/\/lahoradelcampo.com.uy\/site\/wp-json\/wp\/v2\/posts"}],"about":[{"href":"https:\/\/lahoradelcampo.com.uy\/site\/wp-json\/wp\/v2\/types\/post"}],"author":[{"embeddable":true,"href":"https:\/\/lahoradelcampo.com.uy\/site\/wp-json\/wp\/v2\/users\/5"}],"replies":[{"embeddable":true,"href":"https:\/\/lahoradelcampo.com.uy\/site\/wp-json\/wp\/v2\/comments?post=38841"}],"version-history":[{"count":1,"href":"https:\/\/lahoradelcampo.com.uy\/site\/wp-json\/wp\/v2\/posts\/38841\/revisions"}],"predecessor-version":[{"id":38847,"href":"https:\/\/lahoradelcampo.com.uy\/site\/wp-json\/wp\/v2\/posts\/38841\/revisions\/38847"}],"wp:featuredmedia":[{"embeddable":true,"href":"https:\/\/lahoradelcampo.com.uy\/site\/wp-json\/wp\/v2\/media\/38845"}],"wp:attachment":[{"href":"https:\/\/lahoradelcampo.com.uy\/site\/wp-json\/wp\/v2\/media?parent=38841"}],"wp:term":[{"taxonomy":"category","embeddable":true,"href":"https:\/\/lahoradelcampo.com.uy\/site\/wp-json\/wp\/v2\/categories?post=38841"},{"taxonomy":"post_tag","embeddable":true,"href":"https:\/\/lahoradelcampo.com.uy\/site\/wp-json\/wp\/v2\/tags?post=38841"}],"curies":[{"name":"wp","href":"https:\/\/api.w.org\/{rel}","templated":true}]}}