{"id":38835,"date":"2022-02-02T09:35:59","date_gmt":"2022-02-02T12:35:59","guid":{"rendered":"http:\/\/lahoradelcampo.com.uy\/site\/?p=38835"},"modified":"2022-02-03T09:23:41","modified_gmt":"2022-02-03T12:23:41","slug":"continuaron-los-festejos-del-ano-nuevo-chino-en-el-mercado-lanero","status":"publish","type":"post","link":"https:\/\/lahoradelcampo.com.uy\/site\/continuaron-los-festejos-del-ano-nuevo-chino-en-el-mercado-lanero\/","title":{"rendered":"Continuaron los festejos del A\u00f1o Nuevo chino en el mercado lanero"},"content":{"rendered":"\n<figure class=\"wp-block-image\"><img data-recalc-dims=\"1\" loading=\"lazy\" decoding=\"async\" width=\"810\" height=\"405\" data-attachment-id=\"30072\" data-permalink=\"https:\/\/lahoradelcampo.com.uy\/site\/importante-oferta-baja-calidad-y-el-tipo-de-cambio-presiono-el-ime\/lanaaustralia-2\/\" data-orig-file=\"https:\/\/i0.wp.com\/lahoradelcampo.com.uy\/site\/wp-content\/uploads\/2021\/05\/lanaaustralia.jpg?fit=880%2C440&amp;ssl=1\" data-orig-size=\"880,440\" data-comments-opened=\"1\" data-image-meta=\"{&quot;aperture&quot;:&quot;0&quot;,&quot;credit&quot;:&quot;&quot;,&quot;camera&quot;:&quot;&quot;,&quot;caption&quot;:&quot;&quot;,&quot;created_timestamp&quot;:&quot;0&quot;,&quot;copyright&quot;:&quot;&quot;,&quot;focal_length&quot;:&quot;0&quot;,&quot;iso&quot;:&quot;0&quot;,&quot;shutter_speed&quot;:&quot;0&quot;,&quot;title&quot;:&quot;&quot;,&quot;orientation&quot;:&quot;1&quot;}\" data-image-title=\"lanaaustralia\" data-image-description=\"\" data-image-caption=\"\" data-large-file=\"https:\/\/i0.wp.com\/lahoradelcampo.com.uy\/site\/wp-content\/uploads\/2021\/05\/lanaaustralia.jpg?fit=810%2C405&amp;ssl=1\" src=\"https:\/\/i0.wp.com\/lahoradelcampo.com.uy\/site\/wp-content\/uploads\/2021\/05\/lanaaustralia.jpg?resize=810%2C405\" alt=\"\" class=\"wp-image-30072\" srcset=\"https:\/\/i0.wp.com\/lahoradelcampo.com.uy\/site\/wp-content\/uploads\/2021\/05\/lanaaustralia.jpg?w=880&amp;ssl=1 880w, https:\/\/i0.wp.com\/lahoradelcampo.com.uy\/site\/wp-content\/uploads\/2021\/05\/lanaaustralia.jpg?resize=300%2C150&amp;ssl=1 300w, https:\/\/i0.wp.com\/lahoradelcampo.com.uy\/site\/wp-content\/uploads\/2021\/05\/lanaaustralia.jpg?resize=768%2C384&amp;ssl=1 768w, https:\/\/i0.wp.com\/lahoradelcampo.com.uy\/site\/wp-content\/uploads\/2021\/05\/lanaaustralia.jpg?resize=820%2C410&amp;ssl=1 820w\" sizes=\"auto, (max-width: 810px) 100vw, 810px\" \/><\/figure>\n\n\n\n<p>Debido a los festejos del A\u00f1o Nuevo en China, en la jornada de ayer 1 de febrero de 2022, Australian Wool Exchange (Awex) determin\u00f3 que las ventas de esta semana se realizaran en el d\u00eda de hoy y ma\u00f1ana. <\/p>\n\n\n\n<p>El comienzo de las ventas de hoy fue muy alegre, tanto as\u00ed que parece que los festejos de los compradores chinos se traslado a las salas de ventas, lo que se vio reflejado en el Indicador de Mercados del Este (IME).  <\/p>\n\n\n\n<p>Durante la operativa se observ\u00f3 un mercado muy firme, demandado en todos los micronajes, lo cual tambi\u00e9n gener\u00f3 incrementos en todos las referencias. Las primas especiales que se pagaron en el d\u00eda de hoy, fueron para lotes Non Mulesed y certificaciones de producci\u00f3n sostenible, pero fueron las lanas con especificaci\u00f3n China, las que encontraron los mayores incrementos. <\/p>\n\n\n\n<p>En este escenario, el IME cerr\u00f3 con una suba de 27 centavos frente al cierre del pasado jueves 27 de enero, cotizando a US$ 10,22. En la moneda australiana, el indicador cerr\u00f3 en A$ 14,33, subiendo 26 centavos en el inicio de la semana. <\/p>\n\n\n\n<p>Ma\u00f1ana contin\u00faan las ventas con 21.624 fardos, que se distribuir\u00e1n en los tres centros de ventas.<\/p>\n\n\n\n<p>Salto, 2 de febrero de 2022<\/p>\n","protected":false},"excerpt":{"rendered":"<p>Debido a los festejos del A\u00f1o Nuevo en China, en la jornada de ayer 1 de febrero de 2022, Australian Wool Exchange (Awex) determin\u00f3 que las ventas de esta semana [&hellip;]<\/p>\n","protected":false},"author":5,"featured_media":30072,"comment_status":"open","ping_status":"open","sticky":false,"template":"","format":"standard","meta":{"_price":"","_stock":"","_tribe_ticket_header":"","_tribe_default_ticket_provider":"","_tribe_ticket_capacity":"0","_ticket_start_date":"","_ticket_end_date":"","_tribe_ticket_show_description":"","_tribe_ticket_show_not_going":false,"_tribe_ticket_use_global_stock":"","_tribe_ticket_global_stock_level":"","_global_stock_mode":"","_global_stock_cap":"","_tribe_rsvp_for_event":"","_tribe_ticket_going_count":"","_tribe_ticket_not_going_count":"","_tribe_tickets_list":"[]","_tribe_ticket_has_attendee_info_fields":false,"h5ap_radio_sources":[],"_jetpack_newsletter_access":"","_jetpack_dont_email_post_to_subs":false,"_jetpack_newsletter_tier_id":0,"_jetpack_memberships_contains_paywalled_content":false,"_jetpack_memberships_contains_paid_content":false,"footnotes":""},"categories":[13],"tags":[],"class_list":["post-38835","post","type-post","status-publish","format-standard","has-post-thumbnail","hentry","category-ovinos"],"jetpack_featured_media_url":"https:\/\/i0.wp.com\/lahoradelcampo.com.uy\/site\/wp-content\/uploads\/2021\/05\/lanaaustralia.jpg?fit=880%2C440&ssl=1","jetpack_sharing_enabled":true,"jetpack_shortlink":"https:\/\/wp.me\/p99IaT-a6n","jetpack-related-posts":[{"id":38901,"url":"https:\/\/lahoradelcampo.com.uy\/site\/fuerte-suba-en-el-ime-tras-los-festejos-del-ano-nuevo-en-china\/","url_meta":{"origin":38835,"position":0},"title":"Fuerte suba en el IME, tras los festejos del a\u00f1o nuevo en China","author":"La Hora del Campo","date":"4 febrero, 2022","format":false,"excerpt":"El martes China festej\u00f3 el A\u00f1o Nuevo Lunar, recordemos que el a\u00f1o 2022 para la cultura occidental, es el 4720 para el gigante asi\u00e1tico y este a\u00f1o corresponde al \"Tigre de Agua\". Tradicionalmente esta es una semana de asueto y mucha alegr\u00eda en el gigante asi\u00e1tico, por lo que los\u2026","rel":"","context":"En \u00abActualidad\u00bb","block_context":{"text":"Actualidad","link":"https:\/\/lahoradelcampo.com.uy\/site\/category\/actualidad\/"},"img":{"alt_text":"","src":"https:\/\/i0.wp.com\/lahoradelcampo.com.uy\/site\/wp-content\/uploads\/2019\/06\/Lana-australia-1.jpg?fit=880%2C440&ssl=1&resize=350%2C200","width":350,"height":200,"srcset":"https:\/\/i0.wp.com\/lahoradelcampo.com.uy\/site\/wp-content\/uploads\/2019\/06\/Lana-australia-1.jpg?fit=880%2C440&ssl=1&resize=350%2C200 1x, https:\/\/i0.wp.com\/lahoradelcampo.com.uy\/site\/wp-content\/uploads\/2019\/06\/Lana-australia-1.jpg?fit=880%2C440&ssl=1&resize=525%2C300 1.5x, https:\/\/i0.wp.com\/lahoradelcampo.com.uy\/site\/wp-content\/uploads\/2019\/06\/Lana-australia-1.jpg?fit=880%2C440&ssl=1&resize=700%2C400 2x"},"classes":[]},{"id":38645,"url":"https:\/\/lahoradelcampo.com.uy\/site\/semana-de-demanda-en-lanas-finas-y-bajas-en-el-ime\/","url_meta":{"origin":38835,"position":1},"title":"Semana de demanda en lanas finas y bajas en el IME","author":"La Hora del Campo","date":"28 enero, 2022","format":false,"excerpt":"Una semana especial del mercado lanero australiano, con ventas el martes y jueves, debido a los festejos del \"Australian Day\" el pasado mi\u00e9rcoles. En la operativa se observ\u00f3 una firmeza muy importante en los dos d\u00edas de ventas para la oferta de lanas por debajo de las 18,5 micras, con\u2026","rel":"","context":"En \u00abActualidad\u00bb","block_context":{"text":"Actualidad","link":"https:\/\/lahoradelcampo.com.uy\/site\/category\/actualidad\/"},"img":{"alt_text":"","src":"https:\/\/i0.wp.com\/lahoradelcampo.com.uy\/site\/wp-content\/uploads\/2021\/06\/lanaaustralia1.jpg?fit=880%2C440&ssl=1&resize=350%2C200","width":350,"height":200,"srcset":"https:\/\/i0.wp.com\/lahoradelcampo.com.uy\/site\/wp-content\/uploads\/2021\/06\/lanaaustralia1.jpg?fit=880%2C440&ssl=1&resize=350%2C200 1x, https:\/\/i0.wp.com\/lahoradelcampo.com.uy\/site\/wp-content\/uploads\/2021\/06\/lanaaustralia1.jpg?fit=880%2C440&ssl=1&resize=525%2C300 1.5x, https:\/\/i0.wp.com\/lahoradelcampo.com.uy\/site\/wp-content\/uploads\/2021\/06\/lanaaustralia1.jpg?fit=880%2C440&ssl=1&resize=700%2C400 2x"},"classes":[]},{"id":27624,"url":"https:\/\/lahoradelcampo.com.uy\/site\/el-ime-subio-6-centavos-esta-semana-y-cerro-a-us-985\/","url_meta":{"origin":38835,"position":2},"title":"El IME subi\u00f3 6 centavos esta semana y cerr\u00f3 a US$ 9,85","author":"La Hora del Campo","date":"12 febrero, 2021","format":false,"excerpt":"Y llegaron los festejos del a\u00f1o nuevo lunar en China, en el d\u00eda de hoy, que suponen una semana sin actividad en las industrias laneras del gigante asi\u00e1tico como m\u00ednimo. Esta semana el mercado lanero australiano se mostr\u00f3 con variantes de acuerdo a la moneda en que se analice, pero\u2026","rel":"","context":"En \u00abActualidad\u00bb","block_context":{"text":"Actualidad","link":"https:\/\/lahoradelcampo.com.uy\/site\/category\/actualidad\/"},"img":{"alt_text":"","src":"https:\/\/i0.wp.com\/lahoradelcampo.com.uy\/site\/wp-content\/uploads\/2019\/04\/Lana-Australia-cae.jpg?fit=880%2C440&ssl=1&resize=350%2C200","width":350,"height":200,"srcset":"https:\/\/i0.wp.com\/lahoradelcampo.com.uy\/site\/wp-content\/uploads\/2019\/04\/Lana-Australia-cae.jpg?fit=880%2C440&ssl=1&resize=350%2C200 1x, https:\/\/i0.wp.com\/lahoradelcampo.com.uy\/site\/wp-content\/uploads\/2019\/04\/Lana-Australia-cae.jpg?fit=880%2C440&ssl=1&resize=525%2C300 1.5x, https:\/\/i0.wp.com\/lahoradelcampo.com.uy\/site\/wp-content\/uploads\/2019\/04\/Lana-Australia-cae.jpg?fit=880%2C440&ssl=1&resize=700%2C400 2x"},"classes":[]},{"id":48257,"url":"https:\/\/lahoradelcampo.com.uy\/site\/semana-con-subas-y-bajas-importantes-en-el-mercado-lanero-australiano\/","url_meta":{"origin":38835,"position":3},"title":"Semana con subas y bajas importantes en el mercado lanero australiano","author":"La Hora del Campo","date":"22 enero, 2023","format":false,"excerpt":"El martes la operativa del mercado lanero australiano comenz\u00f3 con subas importantes en la primera jornada de ventas, emulando lo sucedido en la semana anterior, con una mayor demanda en lanas finas, por debajo de las 18 micras, sin embargo el mi\u00e9rcoles ese aumento ya fue m\u00e1s moderado y este\u2026","rel":"","context":"En \u00abActualidad\u00bb","block_context":{"text":"Actualidad","link":"https:\/\/lahoradelcampo.com.uy\/site\/category\/actualidad\/"},"img":{"alt_text":"","src":"https:\/\/i0.wp.com\/lahoradelcampo.com.uy\/site\/wp-content\/uploads\/2023\/01\/Lana-Australia1.jpg?fit=880%2C440&ssl=1&resize=350%2C200","width":350,"height":200,"srcset":"https:\/\/i0.wp.com\/lahoradelcampo.com.uy\/site\/wp-content\/uploads\/2023\/01\/Lana-Australia1.jpg?fit=880%2C440&ssl=1&resize=350%2C200 1x, https:\/\/i0.wp.com\/lahoradelcampo.com.uy\/site\/wp-content\/uploads\/2023\/01\/Lana-Australia1.jpg?fit=880%2C440&ssl=1&resize=525%2C300 1.5x, https:\/\/i0.wp.com\/lahoradelcampo.com.uy\/site\/wp-content\/uploads\/2023\/01\/Lana-Australia1.jpg?fit=880%2C440&ssl=1&resize=700%2C400 2x"},"classes":[]},{"id":27330,"url":"https:\/\/lahoradelcampo.com.uy\/site\/el-ime-cerro-con-una-baja-de-6-centavos-en-la-semana\/","url_meta":{"origin":38835,"position":4},"title":"El IME cerr\u00f3 con una baja de 6 centavos en la semana","author":"La Hora del Campo","date":"4 febrero, 2021","format":false,"excerpt":"Luego de arrancar el a\u00f1o, con el Indicador de Mercados del Este (IME) a US$ 8,92 y llegar en tres semanas a US$ 9,85, el mercado se hab\u00eda olvidado de la volatilidad de la presente zafra frente a una demanda que a\u00fan no se ha consolidado en el mundo. La\u2026","rel":"","context":"En \u00abActualidad\u00bb","block_context":{"text":"Actualidad","link":"https:\/\/lahoradelcampo.com.uy\/site\/category\/actualidad\/"},"img":{"alt_text":"","src":"https:\/\/i0.wp.com\/lahoradelcampo.com.uy\/site\/wp-content\/uploads\/2019\/07\/Lana-australia1.jpg?fit=880%2C440&ssl=1&resize=350%2C200","width":350,"height":200,"srcset":"https:\/\/i0.wp.com\/lahoradelcampo.com.uy\/site\/wp-content\/uploads\/2019\/07\/Lana-australia1.jpg?fit=880%2C440&ssl=1&resize=350%2C200 1x, https:\/\/i0.wp.com\/lahoradelcampo.com.uy\/site\/wp-content\/uploads\/2019\/07\/Lana-australia1.jpg?fit=880%2C440&ssl=1&resize=525%2C300 1.5x, https:\/\/i0.wp.com\/lahoradelcampo.com.uy\/site\/wp-content\/uploads\/2019\/07\/Lana-australia1.jpg?fit=880%2C440&ssl=1&resize=700%2C400 2x"},"classes":[]},{"id":16840,"url":"https:\/\/lahoradelcampo.com.uy\/site\/el-mercado-de-haciendas-gorda-entre-baja-demanda-y-escasa-oferta\/","url_meta":{"origin":38835,"position":5},"title":"El mercado de haciendas gorda entre baja demanda y escasa oferta","author":"La Hora del Campo","date":"13 enero, 2020","format":false,"excerpt":"Con una importante disparidad entre las plantas frigor\u00edficas en cuenta a los precios y entradas a planta y la baja de los valores tanto para la vaca como para el novillo, el mercado se encuentra retra\u00eddo y sin una fluidez de negocios que permita manejar referencias de precios precisas esta\u2026","rel":"","context":"En \u00abActualidad\u00bb","block_context":{"text":"Actualidad","link":"https:\/\/lahoradelcampo.com.uy\/site\/category\/actualidad\/"},"img":{"alt_text":"","src":"https:\/\/i0.wp.com\/lahoradelcampo.com.uy\/site\/wp-content\/uploads\/2018\/01\/vacunos.jpg?fit=880%2C440&ssl=1&resize=350%2C200","width":350,"height":200,"srcset":"https:\/\/i0.wp.com\/lahoradelcampo.com.uy\/site\/wp-content\/uploads\/2018\/01\/vacunos.jpg?fit=880%2C440&ssl=1&resize=350%2C200 1x, https:\/\/i0.wp.com\/lahoradelcampo.com.uy\/site\/wp-content\/uploads\/2018\/01\/vacunos.jpg?fit=880%2C440&ssl=1&resize=525%2C300 1.5x, https:\/\/i0.wp.com\/lahoradelcampo.com.uy\/site\/wp-content\/uploads\/2018\/01\/vacunos.jpg?fit=880%2C440&ssl=1&resize=700%2C400 2x"},"classes":[]}],"jetpack_likes_enabled":true,"_links":{"self":[{"href":"https:\/\/lahoradelcampo.com.uy\/site\/wp-json\/wp\/v2\/posts\/38835","targetHints":{"allow":["GET"]}}],"collection":[{"href":"https:\/\/lahoradelcampo.com.uy\/site\/wp-json\/wp\/v2\/posts"}],"about":[{"href":"https:\/\/lahoradelcampo.com.uy\/site\/wp-json\/wp\/v2\/types\/post"}],"author":[{"embeddable":true,"href":"https:\/\/lahoradelcampo.com.uy\/site\/wp-json\/wp\/v2\/users\/5"}],"replies":[{"embeddable":true,"href":"https:\/\/lahoradelcampo.com.uy\/site\/wp-json\/wp\/v2\/comments?post=38835"}],"version-history":[{"count":1,"href":"https:\/\/lahoradelcampo.com.uy\/site\/wp-json\/wp\/v2\/posts\/38835\/revisions"}],"predecessor-version":[{"id":38837,"href":"https:\/\/lahoradelcampo.com.uy\/site\/wp-json\/wp\/v2\/posts\/38835\/revisions\/38837"}],"wp:featuredmedia":[{"embeddable":true,"href":"https:\/\/lahoradelcampo.com.uy\/site\/wp-json\/wp\/v2\/media\/30072"}],"wp:attachment":[{"href":"https:\/\/lahoradelcampo.com.uy\/site\/wp-json\/wp\/v2\/media?parent=38835"}],"wp:term":[{"taxonomy":"category","embeddable":true,"href":"https:\/\/lahoradelcampo.com.uy\/site\/wp-json\/wp\/v2\/categories?post=38835"},{"taxonomy":"post_tag","embeddable":true,"href":"https:\/\/lahoradelcampo.com.uy\/site\/wp-json\/wp\/v2\/tags?post=38835"}],"curies":[{"name":"wp","href":"https:\/\/api.w.org\/{rel}","templated":true}]}}