{"id":38829,"date":"2022-02-02T09:21:16","date_gmt":"2022-02-02T12:21:16","guid":{"rendered":"http:\/\/lahoradelcampo.com.uy\/site\/?p=38829"},"modified":"2022-02-02T09:21:23","modified_gmt":"2022-02-02T12:21:23","slug":"cossia-presento-renuncia-al-inba-pero-trabajara-desde-la-torre-ejecutiva","status":"publish","type":"post","link":"https:\/\/lahoradelcampo.com.uy\/site\/cossia-presento-renuncia-al-inba-pero-trabajara-desde-la-torre-ejecutiva\/","title":{"rendered":"Cossia present\u00f3 renuncia al INBA, pero trabajar\u00e1 desde la Torre Ejecutiva"},"content":{"rendered":"\n<figure class=\"wp-block-image\"><img data-recalc-dims=\"1\" loading=\"lazy\" decoding=\"async\" width=\"810\" height=\"405\" data-attachment-id=\"38831\" data-permalink=\"https:\/\/lahoradelcampo.com.uy\/site\/cossia-presento-renuncia-al-inba-pero-trabajara-desde-la-torre-ejecutiva\/inba-cossia2\/\" data-orig-file=\"https:\/\/i0.wp.com\/lahoradelcampo.com.uy\/site\/wp-content\/uploads\/2022\/02\/INBA-Cossia2.jpg?fit=880%2C440&amp;ssl=1\" data-orig-size=\"880,440\" data-comments-opened=\"1\" data-image-meta=\"{&quot;aperture&quot;:&quot;0&quot;,&quot;credit&quot;:&quot;&quot;,&quot;camera&quot;:&quot;&quot;,&quot;caption&quot;:&quot;&quot;,&quot;created_timestamp&quot;:&quot;0&quot;,&quot;copyright&quot;:&quot;&quot;,&quot;focal_length&quot;:&quot;0&quot;,&quot;iso&quot;:&quot;0&quot;,&quot;shutter_speed&quot;:&quot;0&quot;,&quot;title&quot;:&quot;&quot;,&quot;orientation&quot;:&quot;1&quot;}\" data-image-title=\"INBA-Cossia2\" data-image-description=\"\" data-image-caption=\"\" data-large-file=\"https:\/\/i0.wp.com\/lahoradelcampo.com.uy\/site\/wp-content\/uploads\/2022\/02\/INBA-Cossia2.jpg?fit=810%2C405&amp;ssl=1\" src=\"https:\/\/i0.wp.com\/lahoradelcampo.com.uy\/site\/wp-content\/uploads\/2022\/02\/INBA-Cossia2.jpg?resize=810%2C405\" alt=\"\" class=\"wp-image-38831\" srcset=\"https:\/\/i0.wp.com\/lahoradelcampo.com.uy\/site\/wp-content\/uploads\/2022\/02\/INBA-Cossia2.jpg?w=880&amp;ssl=1 880w, https:\/\/i0.wp.com\/lahoradelcampo.com.uy\/site\/wp-content\/uploads\/2022\/02\/INBA-Cossia2.jpg?resize=300%2C150&amp;ssl=1 300w, https:\/\/i0.wp.com\/lahoradelcampo.com.uy\/site\/wp-content\/uploads\/2022\/02\/INBA-Cossia2.jpg?resize=768%2C384&amp;ssl=1 768w, https:\/\/i0.wp.com\/lahoradelcampo.com.uy\/site\/wp-content\/uploads\/2022\/02\/INBA-Cossia2.jpg?resize=820%2C410&amp;ssl=1 820w\" sizes=\"auto, (max-width: 810px) 100vw, 810px\" \/><\/figure>\n\n\n\n<p>Tras la movida realizada por un grupo de productores en la Plaza Independencia el pasado viernes, exhibiendo ovejas atacadas por una jaur\u00eda de perros, hubo desde varios sectores de la sociedad capitalina un rechazo a dicha manifestaci\u00f3n, y al mismo tiempo un fuerte respaldo del sector productivo desde el interior del pa\u00eds. <br><\/p>\n\n\n\n<p>En este marco la Federaci\u00f3n Rural, al igual que los productores y otras instituciones, solicitaron la destituci\u00f3n del Director Ejecutivo del Instituto Nacional de Bienestar Animal (INBA), algo que ya hab\u00eda solicitado el director del instituto en agosto del a\u00f1o pasado. <br><\/p>\n\n\n\n<p>Tras la exposici\u00f3n medi\u00e1tica por parte del Dr. Gast\u00f3n Cossia, en los \u00faltimos d\u00edas, explicando lo sucedido y las medidas que se han adoptado por parte del instituto para solucionar esta situaci\u00f3n, ayer se realiz\u00f3 una reuni\u00f3n entre el jerarca de Bienestar Animal y el Secretario de Presidencia de la Rep\u00fablica, Dr. \u00c1lvaro Delgado. <br><\/p>\n\n\n\n<p>Al finalizar la reuni\u00f3n, Gast\u00f3n Cossia dio a conocer que present\u00f3 su renuncia al cargo de Director Ejecutivo del INBA. Al mismo tiempo manifest\u00f3 en su cuenta de Twitter, dicha renuncia se debi\u00f3 a que acepto \u00abla propuesta transmitida con la anuencia de Luis Lacalle Pou, para continuar en el Gobierno enfocado en las Pol\u00edticas de Tenencia Responsable en la \u00f3rbita de Presidencia de la Rep\u00fablica\u00bb.<br><\/p>\n\n\n\n<p>En conferencia de prensa, Cossia manifest\u00f3 que \u00abhay sectores importantes de la sociedad, que reclamado con nombre propio, mi alejamiento del instituto, entonces yo no puedo que una pol\u00edtica p\u00fablica que nos ha costado tanto impulsar durante tantos a\u00f1os, con objetivos concretos y que va a dar resultados, se asocie a una persona\u00bb. <br><\/p>\n\n\n\n<p>Cossia remarc\u00f3 que present\u00f3 su renuncia porque \u00abno puede ser que uruguayos traigan animales moribundos a Plaza Independencia, y se invoque mi nombre, yo no puedo ser factor que determine eso\u00bb.<br><\/p>\n\n\n\n<p>El ahora ex-director ejecutivo del INBA, marc\u00f3 que otro de los motivos que inciden en su alejamiento de la instituci\u00f3n fue su falta de relacionamiento con el actual ministro de Ganader\u00eda, Agricultura y Pesca, Ing. Agr. Fernando Mattos. <\/p>\n\n\n\n<p>Salto, 2 de febrero de 2022<\/p>\n","protected":false},"excerpt":{"rendered":"<p>Tras la movida realizada por un grupo de productores en la Plaza Independencia el pasado viernes, exhibiendo ovejas atacadas por una jaur\u00eda de perros, hubo desde varios sectores de la [&hellip;]<\/p>\n","protected":false},"author":5,"featured_media":38831,"comment_status":"open","ping_status":"open","sticky":false,"template":"","format":"standard","meta":{"_price":"","_stock":"","_tribe_ticket_header":"","_tribe_default_ticket_provider":"","_tribe_ticket_capacity":"0","_ticket_start_date":"","_ticket_end_date":"","_tribe_ticket_show_description":"","_tribe_ticket_show_not_going":false,"_tribe_ticket_use_global_stock":"","_tribe_ticket_global_stock_level":"","_global_stock_mode":"","_global_stock_cap":"","_tribe_rsvp_for_event":"","_tribe_ticket_going_count":"","_tribe_ticket_not_going_count":"","_tribe_tickets_list":"[]","_tribe_ticket_has_attendee_info_fields":false,"h5ap_radio_sources":[],"_jetpack_newsletter_access":"","_jetpack_dont_email_post_to_subs":false,"_jetpack_newsletter_tier_id":0,"_jetpack_memberships_contains_paywalled_content":false,"_jetpack_memberships_contains_paid_content":false,"footnotes":""},"categories":[21,13],"tags":[],"class_list":["post-38829","post","type-post","status-publish","format-standard","has-post-thumbnail","hentry","category-actualidad","category-ovinos"],"jetpack_featured_media_url":"https:\/\/i0.wp.com\/lahoradelcampo.com.uy\/site\/wp-content\/uploads\/2022\/02\/INBA-Cossia2.jpg?fit=880%2C440&ssl=1","jetpack_sharing_enabled":true,"jetpack_shortlink":"https:\/\/wp.me\/p99IaT-a6h","jetpack-related-posts":[{"id":37853,"url":"https:\/\/lahoradelcampo.com.uy\/site\/consejo-directivo-de-inba-le-retiro-la-confianza-a-cossia-desde-agosto\/","url_meta":{"origin":38829,"position":0},"title":"Consejo Directivo de INBA le retir\u00f3 la confianza a Cossia desde agosto","author":"La Hora del Campo","date":"27 diciembre, 2021","format":false,"excerpt":"Desde el 12 de agosto, el directorio del Instituto Nacional de Bienestar Animal (INBA) le retir\u00f3 la confianza al Director Ejecutivo y se reuni\u00f3 con las autoridades del Ministerio de Ganader\u00eda, Agricultura y Pesca (MGAP) para comunicar la decisi\u00f3n, a pesar de ello a\u00fan se espera una respuesta por parte\u2026","rel":"","context":"En \u00abActualidad\u00bb","block_context":{"text":"Actualidad","link":"https:\/\/lahoradelcampo.com.uy\/site\/category\/actualidad\/"},"img":{"alt_text":"","src":"https:\/\/i0.wp.com\/lahoradelcampo.com.uy\/site\/wp-content\/uploads\/2021\/12\/Ana-Araujo.jpg?fit=880%2C440&ssl=1&resize=350%2C200","width":350,"height":200,"srcset":"https:\/\/i0.wp.com\/lahoradelcampo.com.uy\/site\/wp-content\/uploads\/2021\/12\/Ana-Araujo.jpg?fit=880%2C440&ssl=1&resize=350%2C200 1x, https:\/\/i0.wp.com\/lahoradelcampo.com.uy\/site\/wp-content\/uploads\/2021\/12\/Ana-Araujo.jpg?fit=880%2C440&ssl=1&resize=525%2C300 1.5x, https:\/\/i0.wp.com\/lahoradelcampo.com.uy\/site\/wp-content\/uploads\/2021\/12\/Ana-Araujo.jpg?fit=880%2C440&ssl=1&resize=700%2C400 2x"},"classes":[]},{"id":38745,"url":"https:\/\/lahoradelcampo.com.uy\/site\/productores-dejan-el-rubro-ovino-para-no-ver-sufrir-a-sus-ovejas\/","url_meta":{"origin":38829,"position":1},"title":"Productores dejan el rubro ovino para  no ver sufrir  a sus ovejas","author":"La Hora del Campo","date":"1 febrero, 2022","format":false,"excerpt":"Ana Araujo, la representante de los productores en el consejo directivo del Instituto Nacional de Bienestar Animal (INBA) dijo a La Hora del Campo que \"el sufrimiento de las ovejas existe, es duro verlo, a esto nos enfrentamos los productores con cada ataque, a la frustraci\u00f3n, indignaci\u00f3n, dolor, impotencia\". Al\u2026","rel":"","context":"En \u00abActualidad\u00bb","block_context":{"text":"Actualidad","link":"https:\/\/lahoradelcampo.com.uy\/site\/category\/actualidad\/"},"img":{"alt_text":"","src":"https:\/\/i0.wp.com\/lahoradelcampo.com.uy\/site\/wp-content\/uploads\/2021\/12\/Ana-Araujo.jpg?fit=880%2C440&ssl=1&resize=350%2C200","width":350,"height":200,"srcset":"https:\/\/i0.wp.com\/lahoradelcampo.com.uy\/site\/wp-content\/uploads\/2021\/12\/Ana-Araujo.jpg?fit=880%2C440&ssl=1&resize=350%2C200 1x, https:\/\/i0.wp.com\/lahoradelcampo.com.uy\/site\/wp-content\/uploads\/2021\/12\/Ana-Araujo.jpg?fit=880%2C440&ssl=1&resize=525%2C300 1.5x, https:\/\/i0.wp.com\/lahoradelcampo.com.uy\/site\/wp-content\/uploads\/2021\/12\/Ana-Araujo.jpg?fit=880%2C440&ssl=1&resize=700%2C400 2x"},"classes":[]},{"id":38783,"url":"https:\/\/lahoradelcampo.com.uy\/site\/gaston-cossia-presento-renuncia-al-inba\/","url_meta":{"origin":38829,"position":2},"title":"Gast\u00f3n Cossia present\u00f3 renuncia al INBA","author":"La Hora del Campo","date":"1 febrero, 2022","format":false,"excerpt":"El gerente ejecutivo del Instituto Nacional de Bienestar Animal, recientemente creado y luego de estar 10 meses en su cargo, present\u00f3 renuncia en la jornada de hoy, luego de una reuni\u00f3n mantenida con el Secretario de Presidencia de la Rep\u00fablica, Dr. \u00c1lvaro Delgado. Cossia ha manifestado en su cuenta de\u2026","rel":"","context":"En \u00abActualidad\u00bb","block_context":{"text":"Actualidad","link":"https:\/\/lahoradelcampo.com.uy\/site\/category\/actualidad\/"},"img":{"alt_text":"","src":"https:\/\/i0.wp.com\/lahoradelcampo.com.uy\/site\/wp-content\/uploads\/2022\/02\/INBA-Cossia.jpg?fit=880%2C440&ssl=1&resize=350%2C200","width":350,"height":200,"srcset":"https:\/\/i0.wp.com\/lahoradelcampo.com.uy\/site\/wp-content\/uploads\/2022\/02\/INBA-Cossia.jpg?fit=880%2C440&ssl=1&resize=350%2C200 1x, https:\/\/i0.wp.com\/lahoradelcampo.com.uy\/site\/wp-content\/uploads\/2022\/02\/INBA-Cossia.jpg?fit=880%2C440&ssl=1&resize=525%2C300 1.5x, https:\/\/i0.wp.com\/lahoradelcampo.com.uy\/site\/wp-content\/uploads\/2022\/02\/INBA-Cossia.jpg?fit=880%2C440&ssl=1&resize=700%2C400 2x"},"classes":[]},{"id":31980,"url":"https:\/\/lahoradelcampo.com.uy\/site\/el-consejo-del-inba-se-reunio-por-primera-vez-la-pasada-semana\/","url_meta":{"origin":38829,"position":3},"title":"El consejo del INBA se reuni\u00f3 por primera vez la pasada semana","author":"La Hora del Campo","date":"12 julio, 2021","format":false,"excerpt":"El Consejo Directivo del Instituto Nacional de Bienestar Animal (INBA) sesion\u00f3 por primera vez, el pasado jueves 9. El instituto que hasta el momento ten\u00eda como cara m\u00e1s visible a su director ejecutivo, Gast\u00f3n Cossia y la coordinadora Marcela Delgado, sin embargo en dicha reuni\u00f3n se present\u00f3 a la presidente\u2026","rel":"","context":"En \u00abActualidad\u00bb","block_context":{"text":"Actualidad","link":"https:\/\/lahoradelcampo.com.uy\/site\/category\/actualidad\/"},"img":{"alt_text":"","src":"https:\/\/i0.wp.com\/lahoradelcampo.com.uy\/site\/wp-content\/uploads\/2021\/07\/marciadelcampo2.jpg?fit=880%2C440&ssl=1&resize=350%2C200","width":350,"height":200,"srcset":"https:\/\/i0.wp.com\/lahoradelcampo.com.uy\/site\/wp-content\/uploads\/2021\/07\/marciadelcampo2.jpg?fit=880%2C440&ssl=1&resize=350%2C200 1x, https:\/\/i0.wp.com\/lahoradelcampo.com.uy\/site\/wp-content\/uploads\/2021\/07\/marciadelcampo2.jpg?fit=880%2C440&ssl=1&resize=525%2C300 1.5x, https:\/\/i0.wp.com\/lahoradelcampo.com.uy\/site\/wp-content\/uploads\/2021\/07\/marciadelcampo2.jpg?fit=880%2C440&ssl=1&resize=700%2C400 2x"},"classes":[]},{"id":38749,"url":"https:\/\/lahoradelcampo.com.uy\/site\/fr-y-productores-rechazan-comunicado-de-suvepa\/","url_meta":{"origin":38829,"position":4},"title":"FR y productores rechazan comunicado de SUVEPA","author":"La Hora del Campo","date":"1 febrero, 2022","format":false,"excerpt":"El pasado viernes un grupo de productores rurales, cansado de ataques de perros en forma consecutiva, llev\u00f3 un grupo de ovejas v\u00edctimas de estos canes y las expuso frente a la Torre Ejecutiva en Plaza Independencia, en la capital del pa\u00eds. Este hecho se suma a las diferencias que se\u2026","rel":"","context":"En \u00abActualidad\u00bb","block_context":{"text":"Actualidad","link":"https:\/\/lahoradelcampo.com.uy\/site\/category\/actualidad\/"},"img":{"alt_text":"","src":"https:\/\/i0.wp.com\/lahoradelcampo.com.uy\/site\/wp-content\/uploads\/2022\/02\/Ovejas-torre.jpg?fit=880%2C440&ssl=1&resize=350%2C200","width":350,"height":200,"srcset":"https:\/\/i0.wp.com\/lahoradelcampo.com.uy\/site\/wp-content\/uploads\/2022\/02\/Ovejas-torre.jpg?fit=880%2C440&ssl=1&resize=350%2C200 1x, https:\/\/i0.wp.com\/lahoradelcampo.com.uy\/site\/wp-content\/uploads\/2022\/02\/Ovejas-torre.jpg?fit=880%2C440&ssl=1&resize=525%2C300 1.5x, https:\/\/i0.wp.com\/lahoradelcampo.com.uy\/site\/wp-content\/uploads\/2022\/02\/Ovejas-torre.jpg?fit=880%2C440&ssl=1&resize=700%2C400 2x"},"classes":[]},{"id":50661,"url":"https:\/\/lahoradelcampo.com.uy\/site\/deberiamos-tener-un-inba-de-produccion-y-un-inba-de-mascotas\/","url_meta":{"origin":38829,"position":5},"title":"\u00abDeber\u00edamos tener un INBA de producci\u00f3n y un INBA de mascotas\u00bb","author":"La Hora del Campo","date":"23 mayo, 2023","format":false,"excerpt":"Patricio Cortabarria Los ataques de perros a las majadas, sumado a otros temas, est\u00e1n erosionando los fundamentos del productor para mantener los ovinos en el campo. Tanto el Secretariado Uruguayo de la Lana (SUL) como el Instituto Nacional de Investigaci\u00f3n Agropecuaria (INIA) han demostrado claramente la rentabilidad del rubro ovino\u2026","rel":"","context":"En \u00abActualidad\u00bb","block_context":{"text":"Actualidad","link":"https:\/\/lahoradelcampo.com.uy\/site\/category\/actualidad\/"},"img":{"alt_text":"","src":"https:\/\/i0.wp.com\/lahoradelcampo.com.uy\/site\/wp-content\/uploads\/2017\/09\/Patricio-Cortabarria-Hereford.jpg?fit=880%2C440&ssl=1&resize=350%2C200","width":350,"height":200,"srcset":"https:\/\/i0.wp.com\/lahoradelcampo.com.uy\/site\/wp-content\/uploads\/2017\/09\/Patricio-Cortabarria-Hereford.jpg?fit=880%2C440&ssl=1&resize=350%2C200 1x, https:\/\/i0.wp.com\/lahoradelcampo.com.uy\/site\/wp-content\/uploads\/2017\/09\/Patricio-Cortabarria-Hereford.jpg?fit=880%2C440&ssl=1&resize=525%2C300 1.5x, https:\/\/i0.wp.com\/lahoradelcampo.com.uy\/site\/wp-content\/uploads\/2017\/09\/Patricio-Cortabarria-Hereford.jpg?fit=880%2C440&ssl=1&resize=700%2C400 2x"},"classes":[]}],"jetpack_likes_enabled":true,"_links":{"self":[{"href":"https:\/\/lahoradelcampo.com.uy\/site\/wp-json\/wp\/v2\/posts\/38829","targetHints":{"allow":["GET"]}}],"collection":[{"href":"https:\/\/lahoradelcampo.com.uy\/site\/wp-json\/wp\/v2\/posts"}],"about":[{"href":"https:\/\/lahoradelcampo.com.uy\/site\/wp-json\/wp\/v2\/types\/post"}],"author":[{"embeddable":true,"href":"https:\/\/lahoradelcampo.com.uy\/site\/wp-json\/wp\/v2\/users\/5"}],"replies":[{"embeddable":true,"href":"https:\/\/lahoradelcampo.com.uy\/site\/wp-json\/wp\/v2\/comments?post=38829"}],"version-history":[{"count":1,"href":"https:\/\/lahoradelcampo.com.uy\/site\/wp-json\/wp\/v2\/posts\/38829\/revisions"}],"predecessor-version":[{"id":38833,"href":"https:\/\/lahoradelcampo.com.uy\/site\/wp-json\/wp\/v2\/posts\/38829\/revisions\/38833"}],"wp:featuredmedia":[{"embeddable":true,"href":"https:\/\/lahoradelcampo.com.uy\/site\/wp-json\/wp\/v2\/media\/38831"}],"wp:attachment":[{"href":"https:\/\/lahoradelcampo.com.uy\/site\/wp-json\/wp\/v2\/media?parent=38829"}],"wp:term":[{"taxonomy":"category","embeddable":true,"href":"https:\/\/lahoradelcampo.com.uy\/site\/wp-json\/wp\/v2\/categories?post=38829"},{"taxonomy":"post_tag","embeddable":true,"href":"https:\/\/lahoradelcampo.com.uy\/site\/wp-json\/wp\/v2\/tags?post=38829"}],"curies":[{"name":"wp","href":"https:\/\/api.w.org\/{rel}","templated":true}]}}