{"id":38823,"date":"2022-02-02T09:17:46","date_gmt":"2022-02-02T12:17:46","guid":{"rendered":"http:\/\/lahoradelcampo.com.uy\/site\/?p=38823"},"modified":"2022-02-02T09:17:57","modified_gmt":"2022-02-02T12:17:57","slug":"tercera-licitacion-de-fonterra-en-2022-cerro-nuevamente-en-alza","status":"publish","type":"post","link":"https:\/\/lahoradelcampo.com.uy\/site\/tercera-licitacion-de-fonterra-en-2022-cerro-nuevamente-en-alza\/","title":{"rendered":"Tercera licitaci\u00f3n de Fonterra en 2022 cerr\u00f3 nuevamente en alza"},"content":{"rendered":"\n<figure class=\"wp-block-image\"><img data-recalc-dims=\"1\" loading=\"lazy\" decoding=\"async\" width=\"810\" height=\"405\" data-attachment-id=\"12747\" data-permalink=\"https:\/\/lahoradelcampo.com.uy\/site\/fonterra-quebro-tendencia-bajista-y-subio-un-27\/fonterra-1-3\/\" data-orig-file=\"https:\/\/i0.wp.com\/lahoradelcampo.com.uy\/site\/wp-content\/uploads\/2019\/07\/Fonterra-1.jpg?fit=880%2C440&amp;ssl=1\" data-orig-size=\"880,440\" data-comments-opened=\"1\" data-image-meta=\"{&quot;aperture&quot;:&quot;0&quot;,&quot;credit&quot;:&quot;&quot;,&quot;camera&quot;:&quot;&quot;,&quot;caption&quot;:&quot;&quot;,&quot;created_timestamp&quot;:&quot;0&quot;,&quot;copyright&quot;:&quot;&quot;,&quot;focal_length&quot;:&quot;0&quot;,&quot;iso&quot;:&quot;0&quot;,&quot;shutter_speed&quot;:&quot;0&quot;,&quot;title&quot;:&quot;&quot;,&quot;orientation&quot;:&quot;1&quot;}\" data-image-title=\"Fonterra 1\" data-image-description=\"\" data-image-caption=\"\" data-large-file=\"https:\/\/i0.wp.com\/lahoradelcampo.com.uy\/site\/wp-content\/uploads\/2019\/07\/Fonterra-1.jpg?fit=810%2C405&amp;ssl=1\" src=\"https:\/\/i0.wp.com\/lahoradelcampo.com.uy\/site\/wp-content\/uploads\/2019\/07\/Fonterra-1.jpg?resize=810%2C405\" alt=\"\" class=\"wp-image-12747\" srcset=\"https:\/\/i0.wp.com\/lahoradelcampo.com.uy\/site\/wp-content\/uploads\/2019\/07\/Fonterra-1.jpg?w=880&amp;ssl=1 880w, https:\/\/i0.wp.com\/lahoradelcampo.com.uy\/site\/wp-content\/uploads\/2019\/07\/Fonterra-1.jpg?resize=300%2C150&amp;ssl=1 300w, https:\/\/i0.wp.com\/lahoradelcampo.com.uy\/site\/wp-content\/uploads\/2019\/07\/Fonterra-1.jpg?resize=768%2C384&amp;ssl=1 768w, https:\/\/i0.wp.com\/lahoradelcampo.com.uy\/site\/wp-content\/uploads\/2019\/07\/Fonterra-1.jpg?resize=820%2C410&amp;ssl=1 820w\" sizes=\"auto, (max-width: 810px) 100vw, 810px\" \/><\/figure>\n\n\n\n<p>Este martes 1 de febrero se realiz\u00f3 la tercera licitaci\u00f3n de 2022 en la plataforma electr\u00f3nica GlobalDairyTrade, donde comercializa y es referencia a nivel internacional, la neozelandesa Fonterra. Al igual que en las dos primeras ventas del mes de enero, el resultado fue alcista, con un incremento del 4,1% respecto al evento anterior. <br><\/p>\n\n\n\n<p>El valor promedio de los l\u00e1cteos se posicion\u00f3 en US$ 4.630 por tonelada, registr\u00e1ndose incremento en todos los productos ofertados. Al igual que en el remate anterior, el volumen ofertado volvi\u00f3 a descender, posicion\u00e1ndose en 28.463 toneladas, un 7% menos que durante las ventas del pasado martes 18 de enero. <br><\/p>\n\n\n\n<p>En el caso de la Leche en Polvo Entera (LPE), el principal producto de exportaci\u00f3n de Uruguay, el incremento fue del 5,8%, situ\u00e1ndose el valor de la tonelada en US$ 4,324 al cierre de la operativa. Los contratos a futuro de este producto oscilaron entre US$ 4.311 y US$ 4.435 por tonelada. Son los negocios m\u00e1s a largo plazo, a julio, los que logran los mayores incrementos de precios y llevan la tonelada a su m\u00e1ximo. <br><\/p>\n\n\n\n<p>La Leche en Polvo Descremada (LPD) tambi\u00e9n subi\u00f3 sus referencias, aunque en menor manera respecto a la LPE, el Queso Cheddar y la Manteca. Seg\u00fan los datos de GlobalDairyTrade, la LPD cotiz\u00f3 a US$ 4.051 por tonelada, un 2,1% por encima de la licitaci\u00f3n anterior. Los contratos a futuro fluctuaron entre US$ 4.026 y US$ 4.130 por tonelada, con los m\u00e1ximos al final del per\u00edodo de negociaci\u00f3n, es decir a mediados de a\u00f1o.<br><\/p>\n\n\n\n<p>Por su parte el Cheddar cotiz\u00f3 a US$ 5.684 por tonelada, subiendo un 2,4%, mientras que la manteca subi\u00f3 un 3,3% y se ubic\u00f3 en los US$ 6.359 por tonelada. <\/p>\n\n\n\n<p>Salto, 2 de febrero de 2022<\/p>\n","protected":false},"excerpt":{"rendered":"<p>Este martes 1 de febrero se realiz\u00f3 la tercera licitaci\u00f3n de 2022 en la plataforma electr\u00f3nica GlobalDairyTrade, donde comercializa y es referencia a nivel internacional, la neozelandesa Fonterra. Al igual [&hellip;]<\/p>\n","protected":false},"author":5,"featured_media":12747,"comment_status":"open","ping_status":"open","sticky":false,"template":"","format":"standard","meta":{"_price":"","_stock":"","_tribe_ticket_header":"","_tribe_default_ticket_provider":"","_tribe_ticket_capacity":"0","_ticket_start_date":"","_ticket_end_date":"","_tribe_ticket_show_description":"","_tribe_ticket_show_not_going":false,"_tribe_ticket_use_global_stock":"","_tribe_ticket_global_stock_level":"","_global_stock_mode":"","_global_stock_cap":"","_tribe_rsvp_for_event":"","_tribe_ticket_going_count":"","_tribe_ticket_not_going_count":"","_tribe_tickets_list":"[]","_tribe_ticket_has_attendee_info_fields":false,"h5ap_radio_sources":[],"_jetpack_newsletter_access":"","_jetpack_dont_email_post_to_subs":false,"_jetpack_newsletter_tier_id":0,"_jetpack_memberships_contains_paywalled_content":false,"_jetpack_memberships_contains_paid_content":false,"footnotes":""},"categories":[21,11],"tags":[],"class_list":["post-38823","post","type-post","status-publish","format-standard","has-post-thumbnail","hentry","category-actualidad","category-lecheria"],"jetpack_featured_media_url":"https:\/\/i0.wp.com\/lahoradelcampo.com.uy\/site\/wp-content\/uploads\/2019\/07\/Fonterra-1.jpg?fit=880%2C440&ssl=1","jetpack_sharing_enabled":true,"jetpack_shortlink":"https:\/\/wp.me\/p99IaT-a6b","jetpack-related-posts":[{"id":12745,"url":"https:\/\/lahoradelcampo.com.uy\/site\/fonterra-quebro-tendencia-bajista-y-subio-un-27\/","url_meta":{"origin":38823,"position":0},"title":"Fonterra quebr\u00f3 tendencia bajista y subi\u00f3 un 2,7%","author":"La Hora del Campo","date":"16 julio, 2019","format":false,"excerpt":"La segunda licitaci\u00f3n del mes de julio quebr\u00f3 la tendencia bajista que arrastraba en las seis ventas anteriores. En la jornada de este martes 16 la licitaci\u00f3n de Global Dairy Trade, donde comercializa Fonterra, cerr\u00f3 a US$ 3.412 por tonelada registrando una suba del 2,7% frente a la comercializaci\u00f3n anterior,\u2026","rel":"","context":"En \u00abActualidad\u00bb","block_context":{"text":"Actualidad","link":"https:\/\/lahoradelcampo.com.uy\/site\/category\/actualidad\/"},"img":{"alt_text":"","src":"https:\/\/i0.wp.com\/lahoradelcampo.com.uy\/site\/wp-content\/uploads\/2019\/07\/Fonterra-1.jpg?fit=880%2C440&ssl=1&resize=350%2C200","width":350,"height":200,"srcset":"https:\/\/i0.wp.com\/lahoradelcampo.com.uy\/site\/wp-content\/uploads\/2019\/07\/Fonterra-1.jpg?fit=880%2C440&ssl=1&resize=350%2C200 1x, https:\/\/i0.wp.com\/lahoradelcampo.com.uy\/site\/wp-content\/uploads\/2019\/07\/Fonterra-1.jpg?fit=880%2C440&ssl=1&resize=525%2C300 1.5x, https:\/\/i0.wp.com\/lahoradelcampo.com.uy\/site\/wp-content\/uploads\/2019\/07\/Fonterra-1.jpg?fit=880%2C440&ssl=1&resize=700%2C400 2x"},"classes":[]},{"id":16708,"url":"https:\/\/lahoradelcampo.com.uy\/site\/el-promedio-de-fonterra-subio-un-3-en-2019\/","url_meta":{"origin":38823,"position":1},"title":"El promedio de Fonterra subi\u00f3 un 3% en 2019","author":"La Hora del Campo","date":"6 enero, 2020","format":false,"excerpt":"Las ventas a trav\u00e9s de la plataforma electr\u00f3nica Globaldairytrade, donde comercializa la neozelandesa Fonterra, finaliz\u00f3 2019 con un valor promedio anual de US$ 3.320 para todos los productos l\u00e1cteos comercializados, registrando as\u00ed un incremento del 3% respecto al promedio del a\u00f1o anterior, en un per\u00edodo de altibajos y con un\u2026","rel":"","context":"En \u00abActualidad\u00bb","block_context":{"text":"Actualidad","link":"https:\/\/lahoradelcampo.com.uy\/site\/category\/actualidad\/"},"img":{"alt_text":"","src":"https:\/\/i0.wp.com\/lahoradelcampo.com.uy\/site\/wp-content\/uploads\/2017\/10\/Fonterra-1.jpg?fit=880%2C440&ssl=1&resize=350%2C200","width":350,"height":200,"srcset":"https:\/\/i0.wp.com\/lahoradelcampo.com.uy\/site\/wp-content\/uploads\/2017\/10\/Fonterra-1.jpg?fit=880%2C440&ssl=1&resize=350%2C200 1x, https:\/\/i0.wp.com\/lahoradelcampo.com.uy\/site\/wp-content\/uploads\/2017\/10\/Fonterra-1.jpg?fit=880%2C440&ssl=1&resize=525%2C300 1.5x, https:\/\/i0.wp.com\/lahoradelcampo.com.uy\/site\/wp-content\/uploads\/2017\/10\/Fonterra-1.jpg?fit=880%2C440&ssl=1&resize=700%2C400 2x"},"classes":[]},{"id":38449,"url":"https:\/\/lahoradelcampo.com.uy\/site\/fonterra-subio-un-46-en-la-segunda-licitacion-del-mes-de-enero\/","url_meta":{"origin":38823,"position":2},"title":"Fonterra subi\u00f3 un 4,6% en la segunda licitaci\u00f3n del mes de enero","author":"La Hora del Campo","date":"21 enero, 2022","format":false,"excerpt":"La plataforma electr\u00f3nica GlobalDairyTrade llevo adelante en la jornada de ayer, la segunda licitaci\u00f3n de 2022, con un aumento en el promedio general de los l\u00e1cteos de 4,6%, cerrando a US$ 4.463 por tonelada. La oferta, mayoritariamente de la neozelandesa Fonterra, fue de 30.644 toneladas, un 0,1% menos que en\u2026","rel":"","context":"En \u00abActualidad\u00bb","block_context":{"text":"Actualidad","link":"https:\/\/lahoradelcampo.com.uy\/site\/category\/actualidad\/"},"img":{"alt_text":"","src":"https:\/\/i0.wp.com\/lahoradelcampo.com.uy\/site\/wp-content\/uploads\/2022\/01\/Fonterra300.jpg?fit=880%2C440&ssl=1&resize=350%2C200","width":350,"height":200,"srcset":"https:\/\/i0.wp.com\/lahoradelcampo.com.uy\/site\/wp-content\/uploads\/2022\/01\/Fonterra300.jpg?fit=880%2C440&ssl=1&resize=350%2C200 1x, https:\/\/i0.wp.com\/lahoradelcampo.com.uy\/site\/wp-content\/uploads\/2022\/01\/Fonterra300.jpg?fit=880%2C440&ssl=1&resize=525%2C300 1.5x, https:\/\/i0.wp.com\/lahoradelcampo.com.uy\/site\/wp-content\/uploads\/2022\/01\/Fonterra300.jpg?fit=880%2C440&ssl=1&resize=700%2C400 2x"},"classes":[]},{"id":38135,"url":"https:\/\/lahoradelcampo.com.uy\/site\/primera-licitacion-de-fonterra-fue-en-suba\/","url_meta":{"origin":38823,"position":3},"title":"Primera licitaci\u00f3n de Fonterra fue  en suba","author":"La Hora del Campo","date":"6 enero, 2022","format":false,"excerpt":"Como es tradicional, el primer martes del mes, se realiz\u00f3 la primera licitaci\u00f3n del a\u00f1o de la plataforma electr\u00f3nica GlobalDairyTrade, donde comercializa la neozelandesa Fonterra y la misma revirti\u00f3 parte de las ca\u00eddas registradas en la \u00faltima venta de 2021. Si bien la suba fue leve, solamente del 0,3%, en\u2026","rel":"","context":"En \u00abActualidad\u00bb","block_context":{"text":"Actualidad","link":"https:\/\/lahoradelcampo.com.uy\/site\/category\/actualidad\/"},"img":{"alt_text":"","src":"https:\/\/i0.wp.com\/lahoradelcampo.com.uy\/site\/wp-content\/uploads\/2019\/09\/fonterra-3.jpg?fit=880%2C440&ssl=1&resize=350%2C200","width":350,"height":200,"srcset":"https:\/\/i0.wp.com\/lahoradelcampo.com.uy\/site\/wp-content\/uploads\/2019\/09\/fonterra-3.jpg?fit=880%2C440&ssl=1&resize=350%2C200 1x, https:\/\/i0.wp.com\/lahoradelcampo.com.uy\/site\/wp-content\/uploads\/2019\/09\/fonterra-3.jpg?fit=880%2C440&ssl=1&resize=525%2C300 1.5x, https:\/\/i0.wp.com\/lahoradelcampo.com.uy\/site\/wp-content\/uploads\/2019\/09\/fonterra-3.jpg?fit=880%2C440&ssl=1&resize=700%2C400 2x"},"classes":[]},{"id":3709,"url":"https:\/\/lahoradelcampo.com.uy\/site\/tercera-baja-consecutiva-en-los-lacteos-de-fonterra\/","url_meta":{"origin":38823,"position":4},"title":"Tercera baja consecutiva en los l\u00e1cteos de Fonterra","author":"La Hora del Campo","date":"7 noviembre, 2017","format":false,"excerpt":"En la licitaci\u00f3n 199 de la plataforma electr\u00f3nica GlobalDairyTrade, este martes 7 de noviembre, registr\u00f3 la tercera baja consecutiva de los productos l\u00e1cteos a nivel internacional. El promedio general cerr\u00f3 en U$S 3.105 por tonelada, un 3,5% menor a la segunda licitaci\u00f3n del mes de octubre. Luego de ocho bajas\u2026","rel":"","context":"En \u00abLecher\u00eda\u00bb","block_context":{"text":"Lecher\u00eda","link":"https:\/\/lahoradelcampo.com.uy\/site\/category\/lecheria\/"},"img":{"alt_text":"","src":"https:\/\/i0.wp.com\/lahoradelcampo.com.uy\/site\/wp-content\/uploads\/2017\/11\/Fonterra.jpg?fit=880%2C440&ssl=1&resize=350%2C200","width":350,"height":200,"srcset":"https:\/\/i0.wp.com\/lahoradelcampo.com.uy\/site\/wp-content\/uploads\/2017\/11\/Fonterra.jpg?fit=880%2C440&ssl=1&resize=350%2C200 1x, https:\/\/i0.wp.com\/lahoradelcampo.com.uy\/site\/wp-content\/uploads\/2017\/11\/Fonterra.jpg?fit=880%2C440&ssl=1&resize=525%2C300 1.5x, https:\/\/i0.wp.com\/lahoradelcampo.com.uy\/site\/wp-content\/uploads\/2017\/11\/Fonterra.jpg?fit=880%2C440&ssl=1&resize=700%2C400 2x"},"classes":[]},{"id":5289,"url":"https:\/\/lahoradelcampo.com.uy\/site\/mejoraron-los-precios-en-la-primera-licitacion-del-ano-de-fonterra\/","url_meta":{"origin":38823,"position":5},"title":"Mejoraron los precios en la primera licitaci\u00f3n del a\u00f1o de Fonterra","author":"La Hora del Campo","date":"2 enero, 2018","format":false,"excerpt":"En la jornada de ayer se registr\u00f3 la primera licitaci\u00f3n del a\u00f1o 2018 de la neozelandesa Fonterra a trav\u00e9s de la plataforma electr\u00f3nica Global Dairy Trade. En esta oportunidad se registr\u00f3 un incremento en el \u00edndice global de los precios, del 2,2% respecto al evento anterior. El valor promedio de\u2026","rel":"","context":"En \u00abActualidad\u00bb","block_context":{"text":"Actualidad","link":"https:\/\/lahoradelcampo.com.uy\/site\/category\/actualidad\/"},"img":{"alt_text":"","src":"https:\/\/i0.wp.com\/lahoradelcampo.com.uy\/site\/wp-content\/uploads\/2017\/09\/Fonterra.jpg?fit=880%2C440&ssl=1&resize=350%2C200","width":350,"height":200,"srcset":"https:\/\/i0.wp.com\/lahoradelcampo.com.uy\/site\/wp-content\/uploads\/2017\/09\/Fonterra.jpg?fit=880%2C440&ssl=1&resize=350%2C200 1x, https:\/\/i0.wp.com\/lahoradelcampo.com.uy\/site\/wp-content\/uploads\/2017\/09\/Fonterra.jpg?fit=880%2C440&ssl=1&resize=525%2C300 1.5x, https:\/\/i0.wp.com\/lahoradelcampo.com.uy\/site\/wp-content\/uploads\/2017\/09\/Fonterra.jpg?fit=880%2C440&ssl=1&resize=700%2C400 2x"},"classes":[]}],"jetpack_likes_enabled":true,"_links":{"self":[{"href":"https:\/\/lahoradelcampo.com.uy\/site\/wp-json\/wp\/v2\/posts\/38823","targetHints":{"allow":["GET"]}}],"collection":[{"href":"https:\/\/lahoradelcampo.com.uy\/site\/wp-json\/wp\/v2\/posts"}],"about":[{"href":"https:\/\/lahoradelcampo.com.uy\/site\/wp-json\/wp\/v2\/types\/post"}],"author":[{"embeddable":true,"href":"https:\/\/lahoradelcampo.com.uy\/site\/wp-json\/wp\/v2\/users\/5"}],"replies":[{"embeddable":true,"href":"https:\/\/lahoradelcampo.com.uy\/site\/wp-json\/wp\/v2\/comments?post=38823"}],"version-history":[{"count":1,"href":"https:\/\/lahoradelcampo.com.uy\/site\/wp-json\/wp\/v2\/posts\/38823\/revisions"}],"predecessor-version":[{"id":38827,"href":"https:\/\/lahoradelcampo.com.uy\/site\/wp-json\/wp\/v2\/posts\/38823\/revisions\/38827"}],"wp:featuredmedia":[{"embeddable":true,"href":"https:\/\/lahoradelcampo.com.uy\/site\/wp-json\/wp\/v2\/media\/12747"}],"wp:attachment":[{"href":"https:\/\/lahoradelcampo.com.uy\/site\/wp-json\/wp\/v2\/media?parent=38823"}],"wp:term":[{"taxonomy":"category","embeddable":true,"href":"https:\/\/lahoradelcampo.com.uy\/site\/wp-json\/wp\/v2\/categories?post=38823"},{"taxonomy":"post_tag","embeddable":true,"href":"https:\/\/lahoradelcampo.com.uy\/site\/wp-json\/wp\/v2\/tags?post=38823"}],"curies":[{"name":"wp","href":"https:\/\/api.w.org\/{rel}","templated":true}]}}