{"id":38797,"date":"2022-02-02T09:02:24","date_gmt":"2022-02-02T12:02:24","guid":{"rendered":"http:\/\/lahoradelcampo.com.uy\/site\/?p=38797"},"modified":"2022-02-02T09:02:31","modified_gmt":"2022-02-02T12:02:31","slug":"colonizacion-vuelve-a-retomar-el-teletrabajo-por-el-covid-19","status":"publish","type":"post","link":"https:\/\/lahoradelcampo.com.uy\/site\/colonizacion-vuelve-a-retomar-el-teletrabajo-por-el-covid-19\/","title":{"rendered":"Colonizaci\u00f3n vuelve a retomar el teletrabajo por el Covid-19"},"content":{"rendered":"\n<figure class=\"wp-block-image\"><img data-recalc-dims=\"1\" loading=\"lazy\" decoding=\"async\" width=\"810\" height=\"405\" data-attachment-id=\"20398\" data-permalink=\"https:\/\/lahoradelcampo.com.uy\/site\/caputto-la-principal-preocupacion-es-pagar-las-deudas-y-mantener-las-fuentes-de-trabajo\/colonizacion-2\/\" data-orig-file=\"https:\/\/i0.wp.com\/lahoradelcampo.com.uy\/site\/wp-content\/uploads\/2020\/05\/Colonizacion.jpg?fit=880%2C440&amp;ssl=1\" data-orig-size=\"880,440\" data-comments-opened=\"1\" data-image-meta=\"{&quot;aperture&quot;:&quot;0&quot;,&quot;credit&quot;:&quot;&quot;,&quot;camera&quot;:&quot;&quot;,&quot;caption&quot;:&quot;&quot;,&quot;created_timestamp&quot;:&quot;0&quot;,&quot;copyright&quot;:&quot;&quot;,&quot;focal_length&quot;:&quot;0&quot;,&quot;iso&quot;:&quot;0&quot;,&quot;shutter_speed&quot;:&quot;0&quot;,&quot;title&quot;:&quot;&quot;,&quot;orientation&quot;:&quot;1&quot;}\" data-image-title=\"Colonizacion\" data-image-description=\"\" data-image-caption=\"\" data-large-file=\"https:\/\/i0.wp.com\/lahoradelcampo.com.uy\/site\/wp-content\/uploads\/2020\/05\/Colonizacion.jpg?fit=810%2C405&amp;ssl=1\" src=\"https:\/\/i0.wp.com\/lahoradelcampo.com.uy\/site\/wp-content\/uploads\/2020\/05\/Colonizacion.jpg?resize=810%2C405\" alt=\"\" class=\"wp-image-20398\" srcset=\"https:\/\/i0.wp.com\/lahoradelcampo.com.uy\/site\/wp-content\/uploads\/2020\/05\/Colonizacion.jpg?w=880&amp;ssl=1 880w, https:\/\/i0.wp.com\/lahoradelcampo.com.uy\/site\/wp-content\/uploads\/2020\/05\/Colonizacion.jpg?resize=300%2C150&amp;ssl=1 300w, https:\/\/i0.wp.com\/lahoradelcampo.com.uy\/site\/wp-content\/uploads\/2020\/05\/Colonizacion.jpg?resize=768%2C384&amp;ssl=1 768w, https:\/\/i0.wp.com\/lahoradelcampo.com.uy\/site\/wp-content\/uploads\/2020\/05\/Colonizacion.jpg?resize=820%2C410&amp;ssl=1 820w\" sizes=\"auto, (max-width: 810px) 100vw, 810px\" \/><\/figure>\n\n\n\n<p>El Directorio del INC dispuso la realizaci\u00f3n de teletrabajo para mantener las medidas de prevenci\u00f3n frente al Covid-19. Esta medida, que se mantendr\u00e1 hasta el 19 de febrero, comprende la atenci\u00f3n al p\u00fablico con agenda previa. <br><\/p>\n\n\n\n<p>Para los llamados a tierras del INC los productores deber\u00e1n realizar consultas e inscripciones a trav\u00e9s de los tel\u00e9fonos de las oficinas regionales o en casa central al 2916 0323\/25 internos 225, celular 091 673 489, correo: seleccionaspirantes@colonizacion.com.uy.<br><\/p>\n\n\n\n<p>En Salto a trav\u00e9s del tel\u00e9fono 4733 3555 o al celular 091 050 855.<\/p>\n\n\n\n<p>Salto, 2 de febrero de 2022<\/p>\n","protected":false},"excerpt":{"rendered":"<p>El Directorio del INC dispuso la realizaci\u00f3n de teletrabajo para mantener las medidas de prevenci\u00f3n frente al Covid-19. Esta medida, que se mantendr\u00e1 hasta el 19 de febrero, comprende la [&hellip;]<\/p>\n","protected":false},"author":5,"featured_media":20398,"comment_status":"open","ping_status":"open","sticky":false,"template":"","format":"standard","meta":{"_price":"","_stock":"","_tribe_ticket_header":"","_tribe_default_ticket_provider":"","_tribe_ticket_capacity":"0","_ticket_start_date":"","_ticket_end_date":"","_tribe_ticket_show_description":"","_tribe_ticket_show_not_going":false,"_tribe_ticket_use_global_stock":"","_tribe_ticket_global_stock_level":"","_global_stock_mode":"","_global_stock_cap":"","_tribe_rsvp_for_event":"","_tribe_ticket_going_count":"","_tribe_ticket_not_going_count":"","_tribe_tickets_list":"[]","_tribe_ticket_has_attendee_info_fields":false,"h5ap_radio_sources":[],"_jetpack_newsletter_access":"","_jetpack_dont_email_post_to_subs":false,"_jetpack_newsletter_tier_id":0,"_jetpack_memberships_contains_paywalled_content":false,"_jetpack_memberships_contains_paid_content":false,"footnotes":""},"categories":[21,5],"tags":[],"class_list":["post-38797","post","type-post","status-publish","format-standard","has-post-thumbnail","hentry","category-actualidad","category-ganaderia"],"jetpack_featured_media_url":"https:\/\/i0.wp.com\/lahoradelcampo.com.uy\/site\/wp-content\/uploads\/2020\/05\/Colonizacion.jpg?fit=880%2C440&ssl=1","jetpack_sharing_enabled":true,"jetpack_shortlink":"https:\/\/wp.me\/p99IaT-a5L","jetpack-related-posts":[{"id":27862,"url":"https:\/\/lahoradelcampo.com.uy\/site\/desde-el-1-de-marzo-las-caravanas-se-distribuiran-con-el-correo-uruguayo\/","url_meta":{"origin":38797,"position":0},"title":"Desde el 1 de marzo las caravanas se distribuir\u00e1n con el Correo Uruguayo","author":"La Hora del Campo","date":"22 febrero, 2021","format":false,"excerpt":"Dificultades en el \u00e1mbito laboral dentro del Correo Uruguayo determin\u00f3 en el gobierno anterior, que se trasladara la distribuci\u00f3n de las caravanas del Sistema Nacional de Informaci\u00f3n Ganadera (SNIG) fueran distribuidas a trav\u00e9s de las oficinas del MGAP en el interior del pa\u00eds. De acuerdo al comunicado emitido el viernes,\u2026","rel":"","context":"En \u00abActualidad\u00bb","block_context":{"text":"Actualidad","link":"https:\/\/lahoradelcampo.com.uy\/site\/category\/actualidad\/"},"img":{"alt_text":"","src":"https:\/\/i0.wp.com\/lahoradelcampo.com.uy\/site\/wp-content\/uploads\/2019\/04\/Trazabilidad.jpg?fit=880%2C440&ssl=1&resize=350%2C200","width":350,"height":200,"srcset":"https:\/\/i0.wp.com\/lahoradelcampo.com.uy\/site\/wp-content\/uploads\/2019\/04\/Trazabilidad.jpg?fit=880%2C440&ssl=1&resize=350%2C200 1x, https:\/\/i0.wp.com\/lahoradelcampo.com.uy\/site\/wp-content\/uploads\/2019\/04\/Trazabilidad.jpg?fit=880%2C440&ssl=1&resize=525%2C300 1.5x, https:\/\/i0.wp.com\/lahoradelcampo.com.uy\/site\/wp-content\/uploads\/2019\/04\/Trazabilidad.jpg?fit=880%2C440&ssl=1&resize=700%2C400 2x"},"classes":[]},{"id":21784,"url":"https:\/\/lahoradelcampo.com.uy\/site\/cambios-en-horarios-de-atencion-del-snig\/","url_meta":{"origin":38797,"position":1},"title":"Cambios en horarios de atenci\u00f3n del SNIG","author":"La Hora del Campo","date":"14 julio, 2020","format":false,"excerpt":"A pesar de las diferentes declaraciones del Ministro de Ganader\u00eda, Agricultura y Pesca, Ing. Agr. Carlos Mar\u00eda Uriarte, de que no se resentir\u00edan los servicios de la instituci\u00f3n tras el acuerdo alcanzado con los trabajadores contratados, que ten\u00edan vencimiento en sus contratos, ayer el SNIG dio la primera se\u00f1al de\u2026","rel":"","context":"En \u00abActualidad\u00bb","block_context":{"text":"Actualidad","link":"https:\/\/lahoradelcampo.com.uy\/site\/category\/actualidad\/"},"img":{"alt_text":"","src":"https:\/\/i0.wp.com\/lahoradelcampo.com.uy\/site\/wp-content\/uploads\/2020\/07\/SNIGweb.jpg?fit=880%2C440&ssl=1&resize=350%2C200","width":350,"height":200,"srcset":"https:\/\/i0.wp.com\/lahoradelcampo.com.uy\/site\/wp-content\/uploads\/2020\/07\/SNIGweb.jpg?fit=880%2C440&ssl=1&resize=350%2C200 1x, https:\/\/i0.wp.com\/lahoradelcampo.com.uy\/site\/wp-content\/uploads\/2020\/07\/SNIGweb.jpg?fit=880%2C440&ssl=1&resize=525%2C300 1.5x, https:\/\/i0.wp.com\/lahoradelcampo.com.uy\/site\/wp-content\/uploads\/2020\/07\/SNIGweb.jpg?fit=880%2C440&ssl=1&resize=700%2C400 2x"},"classes":[]},{"id":17428,"url":"https:\/\/lahoradelcampo.com.uy\/site\/hoy-comienza-el-periodo-de-vacunacion-contra-la-fiebre-aftosa-en-uruguay\/","url_meta":{"origin":38797,"position":2},"title":"Hoy comienza el per\u00edodo de vacunaci\u00f3n contra la fiebre aftosa en Uruguay","author":"La Hora del Campo","date":"15 febrero, 2020","format":false,"excerpt":"Desde el 15 de febrero al 15 de marzo se desarrolla el per\u00edodo m\u00e1s importante de inoculaci\u00f3n del rodeo vacuno nacional contra el virus de la fiebre aftosa. En dicho per\u00edodo se debe inmunizar todo el ganado a nivel nacional. Teniendo en cuenta que en el caso de las categor\u00edas\u2026","rel":"","context":"En \u00abActualidad\u00bb","block_context":{"text":"Actualidad","link":"https:\/\/lahoradelcampo.com.uy\/site\/category\/actualidad\/"},"img":{"alt_text":"","src":"https:\/\/i0.wp.com\/lahoradelcampo.com.uy\/site\/wp-content\/uploads\/2018\/02\/Vacunacion.jpg?fit=880%2C440&ssl=1&resize=350%2C200","width":350,"height":200,"srcset":"https:\/\/i0.wp.com\/lahoradelcampo.com.uy\/site\/wp-content\/uploads\/2018\/02\/Vacunacion.jpg?fit=880%2C440&ssl=1&resize=350%2C200 1x, https:\/\/i0.wp.com\/lahoradelcampo.com.uy\/site\/wp-content\/uploads\/2018\/02\/Vacunacion.jpg?fit=880%2C440&ssl=1&resize=525%2C300 1.5x, https:\/\/i0.wp.com\/lahoradelcampo.com.uy\/site\/wp-content\/uploads\/2018\/02\/Vacunacion.jpg?fit=880%2C440&ssl=1&resize=700%2C400 2x"},"classes":[]},{"id":39221,"url":"https:\/\/lahoradelcampo.com.uy\/site\/buenas-ventas-en-el-remate-virtual-del-norte-de-febrero\/","url_meta":{"origin":38797,"position":3},"title":"Buenas ventas en el Remate Virtual del Norte de febrero","author":"La Hora del Campo","date":"17 febrero, 2022","format":false,"excerpt":"En la jornada de ayer, las firmas Azanza-Migliaro, El Rodeo de Garc\u00eda Da Rosa y Escritorio Enrique Beriau, llevaron adelante el d\u00e9cimo cuarto Remate Virtual del Norte, con una destacada oferta en ovinos y vacunos. Como es tradicional se realiz\u00f3 desde las instalaciones de la Parrillada El Port\u00f3n, con la\u2026","rel":"","context":"En \u00abActualidad\u00bb","block_context":{"text":"Actualidad","link":"https:\/\/lahoradelcampo.com.uy\/site\/category\/actualidad\/"},"img":{"alt_text":"","src":"https:\/\/i0.wp.com\/lahoradelcampo.com.uy\/site\/wp-content\/uploads\/2022\/02\/RVN-Febrero22.jpg?fit=880%2C440&ssl=1&resize=350%2C200","width":350,"height":200,"srcset":"https:\/\/i0.wp.com\/lahoradelcampo.com.uy\/site\/wp-content\/uploads\/2022\/02\/RVN-Febrero22.jpg?fit=880%2C440&ssl=1&resize=350%2C200 1x, https:\/\/i0.wp.com\/lahoradelcampo.com.uy\/site\/wp-content\/uploads\/2022\/02\/RVN-Febrero22.jpg?fit=880%2C440&ssl=1&resize=525%2C300 1.5x, https:\/\/i0.wp.com\/lahoradelcampo.com.uy\/site\/wp-content\/uploads\/2022\/02\/RVN-Febrero22.jpg?fit=880%2C440&ssl=1&resize=700%2C400 2x"},"classes":[]},{"id":20540,"url":"https:\/\/lahoradelcampo.com.uy\/site\/inia-realiza-jornada-virtual-sobre-la-produccion-de-boniato-en-el-pais\/","url_meta":{"origin":38797,"position":4},"title":"INIA realiza jornada virtual sobre la producci\u00f3n de boniato en el pa\u00eds","author":"La Hora del Campo","date":"3 junio, 2020","format":false,"excerpt":"El \u00e1rea de producci\u00f3n hort\u00edcola del Instituto Nacional de Investigaci\u00f3n Agropecuaria (INIA) realizar\u00e1 una jornada sobre \"cultivares de boniato, el pr\u00f3ximo mi\u00e9rcoles 3 de junio a partir de las 18 horas. Actividad que ser\u00e1 virtual y se transmitir\u00e1 a trav\u00e9s del canal de Youtube de INIA. La actividad contar\u00e1 con\u2026","rel":"","context":"En \u00abActualidad\u00bb","block_context":{"text":"Actualidad","link":"https:\/\/lahoradelcampo.com.uy\/site\/category\/actualidad\/"},"img":{"alt_text":"","src":"https:\/\/i0.wp.com\/lahoradelcampo.com.uy\/site\/wp-content\/uploads\/2020\/04\/boniato.jpg?fit=880%2C440&ssl=1&resize=350%2C200","width":350,"height":200,"srcset":"https:\/\/i0.wp.com\/lahoradelcampo.com.uy\/site\/wp-content\/uploads\/2020\/04\/boniato.jpg?fit=880%2C440&ssl=1&resize=350%2C200 1x, https:\/\/i0.wp.com\/lahoradelcampo.com.uy\/site\/wp-content\/uploads\/2020\/04\/boniato.jpg?fit=880%2C440&ssl=1&resize=525%2C300 1.5x, https:\/\/i0.wp.com\/lahoradelcampo.com.uy\/site\/wp-content\/uploads\/2020\/04\/boniato.jpg?fit=880%2C440&ssl=1&resize=700%2C400 2x"},"classes":[]},{"id":27076,"url":"https:\/\/lahoradelcampo.com.uy\/site\/se-agendaron-varias-actividades-de-criollos-en-salto\/","url_meta":{"origin":38797,"position":5},"title":"Se agendaron varias actividades de Criollos en Salto","author":"La Hora del Campo","date":"25 enero, 2021","format":false,"excerpt":"La Sociedad de Criadores de Caballos Criollos del Uruguay (SCCCU) dieron a conocer su calendario de actividades 2021, en el cual se detallan una serie de eventos para los meses de febrero, marzo y abril. En el detalle se recuerda que debido a la conocida situaci\u00f3n sanitaria del pa\u00eds el\u2026","rel":"","context":"En \u00abActualidad\u00bb","block_context":{"text":"Actualidad","link":"https:\/\/lahoradelcampo.com.uy\/site\/category\/actualidad\/"},"img":{"alt_text":"","src":"https:\/\/i0.wp.com\/lahoradelcampo.com.uy\/site\/wp-content\/uploads\/2019\/06\/criollos-cerro-largo.jpg?fit=880%2C440&ssl=1&resize=350%2C200","width":350,"height":200,"srcset":"https:\/\/i0.wp.com\/lahoradelcampo.com.uy\/site\/wp-content\/uploads\/2019\/06\/criollos-cerro-largo.jpg?fit=880%2C440&ssl=1&resize=350%2C200 1x, https:\/\/i0.wp.com\/lahoradelcampo.com.uy\/site\/wp-content\/uploads\/2019\/06\/criollos-cerro-largo.jpg?fit=880%2C440&ssl=1&resize=525%2C300 1.5x, https:\/\/i0.wp.com\/lahoradelcampo.com.uy\/site\/wp-content\/uploads\/2019\/06\/criollos-cerro-largo.jpg?fit=880%2C440&ssl=1&resize=700%2C400 2x"},"classes":[]}],"jetpack_likes_enabled":true,"_links":{"self":[{"href":"https:\/\/lahoradelcampo.com.uy\/site\/wp-json\/wp\/v2\/posts\/38797","targetHints":{"allow":["GET"]}}],"collection":[{"href":"https:\/\/lahoradelcampo.com.uy\/site\/wp-json\/wp\/v2\/posts"}],"about":[{"href":"https:\/\/lahoradelcampo.com.uy\/site\/wp-json\/wp\/v2\/types\/post"}],"author":[{"embeddable":true,"href":"https:\/\/lahoradelcampo.com.uy\/site\/wp-json\/wp\/v2\/users\/5"}],"replies":[{"embeddable":true,"href":"https:\/\/lahoradelcampo.com.uy\/site\/wp-json\/wp\/v2\/comments?post=38797"}],"version-history":[{"count":1,"href":"https:\/\/lahoradelcampo.com.uy\/site\/wp-json\/wp\/v2\/posts\/38797\/revisions"}],"predecessor-version":[{"id":38801,"href":"https:\/\/lahoradelcampo.com.uy\/site\/wp-json\/wp\/v2\/posts\/38797\/revisions\/38801"}],"wp:featuredmedia":[{"embeddable":true,"href":"https:\/\/lahoradelcampo.com.uy\/site\/wp-json\/wp\/v2\/media\/20398"}],"wp:attachment":[{"href":"https:\/\/lahoradelcampo.com.uy\/site\/wp-json\/wp\/v2\/media?parent=38797"}],"wp:term":[{"taxonomy":"category","embeddable":true,"href":"https:\/\/lahoradelcampo.com.uy\/site\/wp-json\/wp\/v2\/categories?post=38797"},{"taxonomy":"post_tag","embeddable":true,"href":"https:\/\/lahoradelcampo.com.uy\/site\/wp-json\/wp\/v2\/tags?post=38797"}],"curies":[{"name":"wp","href":"https:\/\/api.w.org\/{rel}","templated":true}]}}