{"id":38789,"date":"2022-02-03T08:58:45","date_gmt":"2022-02-03T11:58:45","guid":{"rendered":"http:\/\/lahoradelcampo.com.uy\/site\/?p=38789"},"modified":"2022-02-03T09:23:56","modified_gmt":"2022-02-03T12:23:56","slug":"se-aprobo-protocolo-para-trabajadores-ante-eventos-meteorologicos-adversos","status":"publish","type":"post","link":"https:\/\/lahoradelcampo.com.uy\/site\/se-aprobo-protocolo-para-trabajadores-ante-eventos-meteorologicos-adversos\/","title":{"rendered":"Se aprob\u00f3 protocolo para trabajadores ante eventos meteorol\u00f3gicos adversos"},"content":{"rendered":"\n<figure class=\"wp-block-image\"><img data-recalc-dims=\"1\" loading=\"lazy\" decoding=\"async\" width=\"810\" height=\"405\" data-attachment-id=\"38791\" data-permalink=\"https:\/\/lahoradelcampo.com.uy\/site\/se-aprobo-protocolo-para-trabajadores-ante-eventos-meteorologicos-adversos\/trabajadorrural\/\" data-orig-file=\"https:\/\/i0.wp.com\/lahoradelcampo.com.uy\/site\/wp-content\/uploads\/2022\/02\/trabajadorrural.jpg?fit=880%2C440&amp;ssl=1\" data-orig-size=\"880,440\" data-comments-opened=\"1\" data-image-meta=\"{&quot;aperture&quot;:&quot;0&quot;,&quot;credit&quot;:&quot;&quot;,&quot;camera&quot;:&quot;&quot;,&quot;caption&quot;:&quot;&quot;,&quot;created_timestamp&quot;:&quot;0&quot;,&quot;copyright&quot;:&quot;&quot;,&quot;focal_length&quot;:&quot;0&quot;,&quot;iso&quot;:&quot;0&quot;,&quot;shutter_speed&quot;:&quot;0&quot;,&quot;title&quot;:&quot;&quot;,&quot;orientation&quot;:&quot;1&quot;}\" data-image-title=\"trabajadorrural\" data-image-description=\"\" data-image-caption=\"\" data-large-file=\"https:\/\/i0.wp.com\/lahoradelcampo.com.uy\/site\/wp-content\/uploads\/2022\/02\/trabajadorrural.jpg?fit=810%2C405&amp;ssl=1\" src=\"https:\/\/i0.wp.com\/lahoradelcampo.com.uy\/site\/wp-content\/uploads\/2022\/02\/trabajadorrural.jpg?resize=810%2C405\" alt=\"\" class=\"wp-image-38791\" srcset=\"https:\/\/i0.wp.com\/lahoradelcampo.com.uy\/site\/wp-content\/uploads\/2022\/02\/trabajadorrural.jpg?w=880&amp;ssl=1 880w, https:\/\/i0.wp.com\/lahoradelcampo.com.uy\/site\/wp-content\/uploads\/2022\/02\/trabajadorrural.jpg?resize=300%2C150&amp;ssl=1 300w, https:\/\/i0.wp.com\/lahoradelcampo.com.uy\/site\/wp-content\/uploads\/2022\/02\/trabajadorrural.jpg?resize=768%2C384&amp;ssl=1 768w, https:\/\/i0.wp.com\/lahoradelcampo.com.uy\/site\/wp-content\/uploads\/2022\/02\/trabajadorrural.jpg?resize=820%2C410&amp;ssl=1 820w\" sizes=\"auto, (max-width: 810px) 100vw, 810px\" \/><\/figure>\n\n\n\n<p>El pasado 24 de enero, el Poder Ejecutivo dict\u00f3 el Decreto Nro. 38\/022, que aprueba el protocolo de actuaci\u00f3n general para trabajadores rurales (en adelante el Protocolo) cuando ocurran fen\u00f3menos meteorol\u00f3gicos adversos.<br><\/p>\n\n\n\n<p>Cuando existan estos fen\u00f3menos y comprometan la seguridad de los trabajadores rurales, se dispondr\u00e1 por parte del empleador la suspensi\u00f3n de las tareas involucradas que conlleven riesgo, mientras subsistan tales condiciones. El empleador podr\u00e1 sustituir dichas tareas por otras que no impliquen riesgo, mientras persistan dichas condiciones.<br><\/p>\n\n\n\n<p>El Protocolo es un lineamiento general aplicable a todos los establecimientos, sin perjuicio de que los empresarios lo adapten a su propia realidad en funci\u00f3n de los fen\u00f3menos meteor\u00f3logos, las caracter\u00edsticas del establecimiento, el lugar, as\u00ed como la experiencia de la que ya se disponga frente a dichos fen\u00f3menos, adoptando protocolos espec\u00edficos.<br><\/p>\n\n\n\n<p>El Decreto establece que los protocolos espec\u00edficos que se elaboren deber\u00e1n contener como m\u00ednimo:<br><\/p>\n\n\n\n<p>a) Las medidas a adoptar en funci\u00f3n de los diferentes fen\u00f3menos meteorol\u00f3gicos y sus consecuencias.<br><\/p>\n\n\n\n<p>b) Sistemas de comunicaci\u00f3n para casos de emergencia.<br><\/p>\n\n\n\n<p>c) Planes de emergencia y contingencia.<br><\/p>\n\n\n\n<p><strong>Anexo<\/strong><br><\/p>\n\n\n\n<p>El Decreto tambi\u00e9n contiene por Anexo el Protocolo General, del cual comentamos los principales aspectos:<br><\/p>\n\n\n\n<p>Condiciones clim\u00e1ticas adversas \u2013 Se consideran condiciones clim\u00e1ticas adversas a las lluvias, vientos, tormentas el\u00e9ctricas u otros fen\u00f3menos que por su magnitud comprometan la seguridad de los trabajadores rurales.<br><\/p>\n\n\n\n<p>Objetivo \u2013 Contar con medidas preventivas para evitar accidentes a causa de tareas desarrolladas durante las condiciones clim\u00e1ticas adversas.<br><\/p>\n\n\n\n<p>Alcance \u2013 Se aplica a todas las actividades que se desarrollen en la intemperie y expuestas a las condiciones clim\u00e1ticas adversas.<br><\/p>\n\n\n\n<p>Responsables \u2013 Son responsables el empresario y encargado o capaz. A su vez, tienen a su cargo la tarea de difundir y hacer cumplir el protocolo a todos los trabajadores que se encuentren a su cargo.<br><\/p>\n\n\n\n<p>Medidas preventivas<br><\/p>\n\n\n\n<p>El Protocolo establece una serie de medidas preventivas, entre ellas:<br><\/p>\n\n\n\n<p>\u2013 El trabajador rural debe conocer las condiciones generales del terreno donde realiza las actividades.<br><\/p>\n\n\n\n<p>\u2013 Utilizar los elementos de protecci\u00f3n personal ajustados a las condiciones clim\u00e1ticas adversas.<br><\/p>\n\n\n\n<p>\u2013 En caso de tormentas el\u00e9ctricas, evitar trabajos cerca de \u00e1rboles, antenas, tendidos el\u00e9ctricos, no permanecer en terrenos llanos, no correr y mantenerse a distancia de los alambrados.<br><\/p>\n\n\n\n<p>\u2013 Evitar el uso de herramientas met\u00e1licas manuales y de equipos met\u00e1licos mientras dure la tormenta el\u00e9ctrica.<br><\/p>\n\n\n\n<p>\u2013 En caso de rayos, granizo, o fuertes vientos, si el lugar en que encuentra el trabajador puede representar un riesgo para su integridad f\u00edsica, se deber\u00e1 suspender la actividad a la intemperie y buscar un lugar de resguardo.<br><\/p>\n\n\n\n<p>\u2013 Ante eventuales crecidas de r\u00edos, arroyos, ca\u00f1adas, canales y lagunas, provocadas por lluvias intensas y persistentes, para el caso que fuera necesario realizar tareas a caballo, que impliquen el cruce de cauces o movimiento de ganados en zonas inundables, se deber\u00e1 utilizar chaleco salvavidas. En todos los casos se deber\u00e1 comprobar previo al cruce, que los cauces de agua permiten el cruce a caballo.<br><\/p>\n\n\n\n<p>\u2013 Disminuir la velocidad al conducir veh\u00edculos o maquinarias y circular con luces encendidas.<br><\/p>\n\n\n\n<p>\u2013 Deber\u00e1 recomendarse a los trabajadores salir a cumplir sus tareas portando su celular a efectos de que puedan comunicarse ante cualquier emergencia y se les deber\u00e1 proporcionar a los trabajadores el n\u00famero de tel\u00e9fono o celular del empleador, de la seccional policial, Bomberos y de la emergencia m\u00e9dica.<\/p>\n\n\n\n<p>Salto, 2 de febrero de 2022<\/p>\n","protected":false},"excerpt":{"rendered":"<p>El pasado 24 de enero, el Poder Ejecutivo dict\u00f3 el Decreto Nro. 38\/022, que aprueba el protocolo de actuaci\u00f3n general para trabajadores rurales (en adelante el Protocolo) cuando ocurran fen\u00f3menos [&hellip;]<\/p>\n","protected":false},"author":5,"featured_media":38791,"comment_status":"open","ping_status":"open","sticky":false,"template":"","format":"standard","meta":{"_price":"","_stock":"","_tribe_ticket_header":"","_tribe_default_ticket_provider":"","_tribe_ticket_capacity":"0","_ticket_start_date":"","_ticket_end_date":"","_tribe_ticket_show_description":"","_tribe_ticket_show_not_going":false,"_tribe_ticket_use_global_stock":"","_tribe_ticket_global_stock_level":"","_global_stock_mode":"","_global_stock_cap":"","_tribe_rsvp_for_event":"","_tribe_ticket_going_count":"","_tribe_ticket_not_going_count":"","_tribe_tickets_list":"[]","_tribe_ticket_has_attendee_info_fields":false,"h5ap_radio_sources":[],"_jetpack_newsletter_access":"","_jetpack_dont_email_post_to_subs":false,"_jetpack_newsletter_tier_id":0,"_jetpack_memberships_contains_paywalled_content":false,"_jetpack_memberships_contains_paid_content":false,"footnotes":""},"categories":[21,5],"tags":[],"class_list":["post-38789","post","type-post","status-publish","format-standard","has-post-thumbnail","hentry","category-actualidad","category-ganaderia"],"jetpack_featured_media_url":"https:\/\/i0.wp.com\/lahoradelcampo.com.uy\/site\/wp-content\/uploads\/2022\/02\/trabajadorrural.jpg?fit=880%2C440&ssl=1","jetpack_sharing_enabled":true,"jetpack_shortlink":"https:\/\/wp.me\/p99IaT-a5D","jetpack-related-posts":[{"id":41335,"url":"https:\/\/lahoradelcampo.com.uy\/site\/se-celebra-hoy-en-uruguay-el-dia-del-trabajador-rural\/","url_meta":{"origin":38789,"position":0},"title":"Se celebra hoy en Uruguay  el d\u00eda del trabajador rural","author":"La Hora del Campo","date":"30 abril, 2022","format":false,"excerpt":"Hoy 30 de abril se celebra en Uruguay, el d\u00eda del Trabajador Rural, este d\u00eda fue seleccionado debido a que en el a\u00f1o 2005 se realiz\u00f3 el Primer Congreso de la Uni\u00f3n Nacional de Asalariados, Trabajadores Rurales y Afines (UNATRA). Dicha organizaci\u00f3n gremial fundada en Bella Uni\u00f3n, en diciembre del\u2026","rel":"","context":"En \u00abActualidad\u00bb","block_context":{"text":"Actualidad","link":"https:\/\/lahoradelcampo.com.uy\/site\/category\/actualidad\/"},"img":{"alt_text":"","src":"https:\/\/i0.wp.com\/lahoradelcampo.com.uy\/site\/wp-content\/uploads\/2022\/04\/trabajadorrural-2022.jpg?fit=880%2C440&ssl=1&resize=350%2C200","width":350,"height":200,"srcset":"https:\/\/i0.wp.com\/lahoradelcampo.com.uy\/site\/wp-content\/uploads\/2022\/04\/trabajadorrural-2022.jpg?fit=880%2C440&ssl=1&resize=350%2C200 1x, https:\/\/i0.wp.com\/lahoradelcampo.com.uy\/site\/wp-content\/uploads\/2022\/04\/trabajadorrural-2022.jpg?fit=880%2C440&ssl=1&resize=525%2C300 1.5x, https:\/\/i0.wp.com\/lahoradelcampo.com.uy\/site\/wp-content\/uploads\/2022\/04\/trabajadorrural-2022.jpg?fit=880%2C440&ssl=1&resize=700%2C400 2x"},"classes":[]},{"id":56046,"url":"https:\/\/lahoradelcampo.com.uy\/site\/dia-del-trabajador-rural-el-reconocimiento-a-una-labor-fundamental-para-el-desarrollo-del-pais\/","url_meta":{"origin":38789,"position":1},"title":"D\u00eda del Trabajador Rural: el reconocimiento a una labor fundamental para el desarrollo del pa\u00eds","author":"La Hora del Campo","date":"30 abril, 2025","format":false,"excerpt":"Hoy mi\u00e9rcoles 30 de abril se conmemora en Uruguay el D\u00eda del Trabajador Rural, una jornada establecida por la Ley N.\u00ba 19.000 de 2012 como feriado no laborable y pago para todos los trabajadores del sector agropecuario. La normativa, vigente desde hace m\u00e1s de una d\u00e9cada, tiene como finalidad no\u2026","rel":"","context":"En \u00abActualidad\u00bb","block_context":{"text":"Actualidad","link":"https:\/\/lahoradelcampo.com.uy\/site\/category\/actualidad\/"},"img":{"alt_text":"","src":"https:\/\/i0.wp.com\/lahoradelcampo.com.uy\/site\/wp-content\/uploads\/2025\/04\/Trabajadorrural1.jpg?fit=880%2C440&ssl=1&resize=350%2C200","width":350,"height":200,"srcset":"https:\/\/i0.wp.com\/lahoradelcampo.com.uy\/site\/wp-content\/uploads\/2025\/04\/Trabajadorrural1.jpg?fit=880%2C440&ssl=1&resize=350%2C200 1x, https:\/\/i0.wp.com\/lahoradelcampo.com.uy\/site\/wp-content\/uploads\/2025\/04\/Trabajadorrural1.jpg?fit=880%2C440&ssl=1&resize=525%2C300 1.5x, https:\/\/i0.wp.com\/lahoradelcampo.com.uy\/site\/wp-content\/uploads\/2025\/04\/Trabajadorrural1.jpg?fit=880%2C440&ssl=1&resize=700%2C400 2x"},"classes":[]},{"id":4969,"url":"https:\/\/lahoradelcampo.com.uy\/site\/gremio-de-trabajadores-rurales-denuncia-nuevo-caso-de-violencia\/","url_meta":{"origin":38789,"position":2},"title":"Gremio de trabajadores rurales denuncia nuevo caso de violencia","author":"La Hora del Campo","date":"14 diciembre, 2017","format":false,"excerpt":"La Uni\u00f3n Nacional de Asalariados y Trabajadores Rurales y Afines (UNATRA), afiliada al Pit-Cnt, denunci\u00f3 un nuevo caso de violencia hacia un trabajador en el \u00e1rea rural de Salto. Este nuevo hecho de violencia genera que el gremio solicite convocar de forma urgente al Consejo Superior Tripartito Rural, para tratar\u2026","rel":"","context":"En \u00abActualidad\u00bb","block_context":{"text":"Actualidad","link":"https:\/\/lahoradelcampo.com.uy\/site\/category\/actualidad\/"},"img":{"alt_text":"","src":"https:\/\/i0.wp.com\/lahoradelcampo.com.uy\/site\/wp-content\/uploads\/2017\/12\/Unatra.jpg?fit=880%2C440&ssl=1&resize=350%2C200","width":350,"height":200,"srcset":"https:\/\/i0.wp.com\/lahoradelcampo.com.uy\/site\/wp-content\/uploads\/2017\/12\/Unatra.jpg?fit=880%2C440&ssl=1&resize=350%2C200 1x, https:\/\/i0.wp.com\/lahoradelcampo.com.uy\/site\/wp-content\/uploads\/2017\/12\/Unatra.jpg?fit=880%2C440&ssl=1&resize=525%2C300 1.5x, https:\/\/i0.wp.com\/lahoradelcampo.com.uy\/site\/wp-content\/uploads\/2017\/12\/Unatra.jpg?fit=880%2C440&ssl=1&resize=700%2C400 2x"},"classes":[]},{"id":18112,"url":"https:\/\/lahoradelcampo.com.uy\/site\/marfrig-postergo-faena-en-la-caballada\/","url_meta":{"origin":38789,"position":3},"title":"Marfrig posterg\u00f3  faena en La Caballada","author":"La Hora del Campo","date":"17 marzo, 2020","format":false,"excerpt":"A medida que avanzan las horas, tambi\u00e9n lo hacen las medidas adoptadas por las distintas empresas del sector agropecuario y del propio Estado en la b\u00fasqueda de detener el avance del coronavirus, que lleg\u00f3 a 29 casos, 21 en las \u00faltimas 24 horas. En lo que respecta al sector agropecuario,\u2026","rel":"","context":"En \u00abActualidad\u00bb","block_context":{"text":"Actualidad","link":"https:\/\/lahoradelcampo.com.uy\/site\/category\/actualidad\/"},"img":{"alt_text":"","src":"https:\/\/i0.wp.com\/lahoradelcampo.com.uy\/site\/wp-content\/uploads\/2017\/11\/Secco-1.jpg?fit=880%2C440&ssl=1&resize=350%2C200","width":350,"height":200,"srcset":"https:\/\/i0.wp.com\/lahoradelcampo.com.uy\/site\/wp-content\/uploads\/2017\/11\/Secco-1.jpg?fit=880%2C440&ssl=1&resize=350%2C200 1x, https:\/\/i0.wp.com\/lahoradelcampo.com.uy\/site\/wp-content\/uploads\/2017\/11\/Secco-1.jpg?fit=880%2C440&ssl=1&resize=525%2C300 1.5x, https:\/\/i0.wp.com\/lahoradelcampo.com.uy\/site\/wp-content\/uploads\/2017\/11\/Secco-1.jpg?fit=880%2C440&ssl=1&resize=700%2C400 2x"},"classes":[]},{"id":19338,"url":"https:\/\/lahoradelcampo.com.uy\/site\/hoy-30-de-abril-se-celebra-el-dia-del-trabajador-rural\/","url_meta":{"origin":38789,"position":4},"title":"Hoy 30 de abril se celebra el d\u00eda del trabajador rural","author":"La Hora del Campo","date":"30 abril, 2020","format":false,"excerpt":"En tiempos de coronavirus, distanciamiento social y la premisa de que \"el campo no para\", en la jornada de hoy se hace una pausa en las tareas diarias para celebrar el d\u00eda de la figura fundamental para que la producci\u00f3n de alimentos no se detenga. Hoy es 30 de abril,\u2026","rel":"","context":"En \u00abActualidad\u00bb","block_context":{"text":"Actualidad","link":"https:\/\/lahoradelcampo.com.uy\/site\/category\/actualidad\/"},"img":{"alt_text":"","src":"https:\/\/i0.wp.com\/lahoradelcampo.com.uy\/site\/wp-content\/uploads\/2020\/04\/Trabajador-rural.jpg?fit=880%2C440&ssl=1&resize=350%2C200","width":350,"height":200,"srcset":"https:\/\/i0.wp.com\/lahoradelcampo.com.uy\/site\/wp-content\/uploads\/2020\/04\/Trabajador-rural.jpg?fit=880%2C440&ssl=1&resize=350%2C200 1x, https:\/\/i0.wp.com\/lahoradelcampo.com.uy\/site\/wp-content\/uploads\/2020\/04\/Trabajador-rural.jpg?fit=880%2C440&ssl=1&resize=525%2C300 1.5x, https:\/\/i0.wp.com\/lahoradelcampo.com.uy\/site\/wp-content\/uploads\/2020\/04\/Trabajador-rural.jpg?fit=880%2C440&ssl=1&resize=700%2C400 2x"},"classes":[]},{"id":20232,"url":"https:\/\/lahoradelcampo.com.uy\/site\/sul-emitio-recomendaciones-para-evitar-contagio-por-coronavirus-en-la-esquila\/","url_meta":{"origin":38789,"position":5},"title":"SUL emiti\u00f3 recomendaciones para evitar contagio por coronavirus en la esquila","author":"La Hora del Campo","date":"27 mayo, 2020","format":false,"excerpt":"El Secretariado Uruguayo de la Lana (SUL) distribuy\u00f3 entre las diferentes m\u00e1quinas de esquila, un protocolo elaborado por la T\u00e9c. Prev. Noelia Torena, en el cual participaron los t\u00e9cnicos del \u00e1rea de esquila y acondicionamiento de la instituci\u00f3n, con el fin de minimizar los riesgos de contagio con coronavirus, durante\u2026","rel":"","context":"En \u00abActualidad\u00bb","block_context":{"text":"Actualidad","link":"https:\/\/lahoradelcampo.com.uy\/site\/category\/actualidad\/"},"img":{"alt_text":"","src":"https:\/\/i0.wp.com\/lahoradelcampo.com.uy\/site\/wp-content\/uploads\/2020\/05\/esquila.jpg?fit=880%2C440&ssl=1&resize=350%2C200","width":350,"height":200,"srcset":"https:\/\/i0.wp.com\/lahoradelcampo.com.uy\/site\/wp-content\/uploads\/2020\/05\/esquila.jpg?fit=880%2C440&ssl=1&resize=350%2C200 1x, https:\/\/i0.wp.com\/lahoradelcampo.com.uy\/site\/wp-content\/uploads\/2020\/05\/esquila.jpg?fit=880%2C440&ssl=1&resize=525%2C300 1.5x, https:\/\/i0.wp.com\/lahoradelcampo.com.uy\/site\/wp-content\/uploads\/2020\/05\/esquila.jpg?fit=880%2C440&ssl=1&resize=700%2C400 2x"},"classes":[]}],"jetpack_likes_enabled":true,"_links":{"self":[{"href":"https:\/\/lahoradelcampo.com.uy\/site\/wp-json\/wp\/v2\/posts\/38789","targetHints":{"allow":["GET"]}}],"collection":[{"href":"https:\/\/lahoradelcampo.com.uy\/site\/wp-json\/wp\/v2\/posts"}],"about":[{"href":"https:\/\/lahoradelcampo.com.uy\/site\/wp-json\/wp\/v2\/types\/post"}],"author":[{"embeddable":true,"href":"https:\/\/lahoradelcampo.com.uy\/site\/wp-json\/wp\/v2\/users\/5"}],"replies":[{"embeddable":true,"href":"https:\/\/lahoradelcampo.com.uy\/site\/wp-json\/wp\/v2\/comments?post=38789"}],"version-history":[{"count":1,"href":"https:\/\/lahoradelcampo.com.uy\/site\/wp-json\/wp\/v2\/posts\/38789\/revisions"}],"predecessor-version":[{"id":38793,"href":"https:\/\/lahoradelcampo.com.uy\/site\/wp-json\/wp\/v2\/posts\/38789\/revisions\/38793"}],"wp:featuredmedia":[{"embeddable":true,"href":"https:\/\/lahoradelcampo.com.uy\/site\/wp-json\/wp\/v2\/media\/38791"}],"wp:attachment":[{"href":"https:\/\/lahoradelcampo.com.uy\/site\/wp-json\/wp\/v2\/media?parent=38789"}],"wp:term":[{"taxonomy":"category","embeddable":true,"href":"https:\/\/lahoradelcampo.com.uy\/site\/wp-json\/wp\/v2\/categories?post=38789"},{"taxonomy":"post_tag","embeddable":true,"href":"https:\/\/lahoradelcampo.com.uy\/site\/wp-json\/wp\/v2\/tags?post=38789"}],"curies":[{"name":"wp","href":"https:\/\/api.w.org\/{rel}","templated":true}]}}