{"id":38783,"date":"2022-02-01T17:53:37","date_gmt":"2022-02-01T20:53:37","guid":{"rendered":"http:\/\/lahoradelcampo.com.uy\/site\/?p=38783"},"modified":"2022-02-01T17:53:42","modified_gmt":"2022-02-01T20:53:42","slug":"gaston-cossia-presento-renuncia-al-inba","status":"publish","type":"post","link":"https:\/\/lahoradelcampo.com.uy\/site\/gaston-cossia-presento-renuncia-al-inba\/","title":{"rendered":"Gast\u00f3n Cossia present\u00f3 renuncia al INBA"},"content":{"rendered":"\n<figure class=\"wp-block-image\"><img data-recalc-dims=\"1\" loading=\"lazy\" decoding=\"async\" width=\"810\" height=\"405\" data-attachment-id=\"38785\" data-permalink=\"https:\/\/lahoradelcampo.com.uy\/site\/gaston-cossia-presento-renuncia-al-inba\/inba-cossia\/\" data-orig-file=\"https:\/\/i0.wp.com\/lahoradelcampo.com.uy\/site\/wp-content\/uploads\/2022\/02\/INBA-Cossia.jpg?fit=880%2C440&amp;ssl=1\" data-orig-size=\"880,440\" data-comments-opened=\"1\" data-image-meta=\"{&quot;aperture&quot;:&quot;0&quot;,&quot;credit&quot;:&quot;&quot;,&quot;camera&quot;:&quot;&quot;,&quot;caption&quot;:&quot;&quot;,&quot;created_timestamp&quot;:&quot;0&quot;,&quot;copyright&quot;:&quot;&quot;,&quot;focal_length&quot;:&quot;0&quot;,&quot;iso&quot;:&quot;0&quot;,&quot;shutter_speed&quot;:&quot;0&quot;,&quot;title&quot;:&quot;&quot;,&quot;orientation&quot;:&quot;1&quot;}\" data-image-title=\"INBA-Cossia\" data-image-description=\"\" data-image-caption=\"\" data-large-file=\"https:\/\/i0.wp.com\/lahoradelcampo.com.uy\/site\/wp-content\/uploads\/2022\/02\/INBA-Cossia.jpg?fit=810%2C405&amp;ssl=1\" src=\"https:\/\/i0.wp.com\/lahoradelcampo.com.uy\/site\/wp-content\/uploads\/2022\/02\/INBA-Cossia.jpg?resize=810%2C405\" alt=\"\" class=\"wp-image-38785\" srcset=\"https:\/\/i0.wp.com\/lahoradelcampo.com.uy\/site\/wp-content\/uploads\/2022\/02\/INBA-Cossia.jpg?w=880&amp;ssl=1 880w, https:\/\/i0.wp.com\/lahoradelcampo.com.uy\/site\/wp-content\/uploads\/2022\/02\/INBA-Cossia.jpg?resize=300%2C150&amp;ssl=1 300w, https:\/\/i0.wp.com\/lahoradelcampo.com.uy\/site\/wp-content\/uploads\/2022\/02\/INBA-Cossia.jpg?resize=768%2C384&amp;ssl=1 768w, https:\/\/i0.wp.com\/lahoradelcampo.com.uy\/site\/wp-content\/uploads\/2022\/02\/INBA-Cossia.jpg?resize=820%2C410&amp;ssl=1 820w\" sizes=\"auto, (max-width: 810px) 100vw, 810px\" \/><\/figure>\n\n\n\n<p>El gerente ejecutivo del Instituto Nacional de Bienestar Animal, recientemente creado y luego de estar 10 meses en su cargo, present\u00f3 renuncia en la jornada de hoy, luego de una reuni\u00f3n mantenida con el Secretario de Presidencia de la Rep\u00fablica, Dr. \u00c1lvaro Delgado. <br><\/p>\n\n\n\n<p>Cossia ha manifestado en su cuenta de Twitter, que ha recibido una propuesta del Presidente de la Rep\u00fablica, Dr. Luis Lacalle Pou, para continuar en el equipo de Gobierno enfocado en las Pol\u00edticas de Tenencia Responsable en la \u00f3rbita de Presidencia de la Rep\u00fablica. <\/p>\n\n\n\n<p>Salto, 1 de febrero de 2022<\/p>\n","protected":false},"excerpt":{"rendered":"<p>El gerente ejecutivo del Instituto Nacional de Bienestar Animal, recientemente creado y luego de estar 10 meses en su cargo, present\u00f3 renuncia en la jornada de hoy, luego de una [&hellip;]<\/p>\n","protected":false},"author":5,"featured_media":38785,"comment_status":"open","ping_status":"open","sticky":false,"template":"","format":"standard","meta":{"_price":"","_stock":"","_tribe_ticket_header":"","_tribe_default_ticket_provider":"","_tribe_ticket_capacity":"0","_ticket_start_date":"","_ticket_end_date":"","_tribe_ticket_show_description":"","_tribe_ticket_show_not_going":false,"_tribe_ticket_use_global_stock":"","_tribe_ticket_global_stock_level":"","_global_stock_mode":"","_global_stock_cap":"","_tribe_rsvp_for_event":"","_tribe_ticket_going_count":"","_tribe_ticket_not_going_count":"","_tribe_tickets_list":"[]","_tribe_ticket_has_attendee_info_fields":false,"h5ap_radio_sources":[],"_jetpack_newsletter_access":"","_jetpack_dont_email_post_to_subs":false,"_jetpack_newsletter_tier_id":0,"_jetpack_memberships_contains_paywalled_content":false,"_jetpack_memberships_contains_paid_content":false,"footnotes":""},"categories":[21,13],"tags":[],"class_list":["post-38783","post","type-post","status-publish","format-standard","has-post-thumbnail","hentry","category-actualidad","category-ovinos"],"jetpack_featured_media_url":"https:\/\/i0.wp.com\/lahoradelcampo.com.uy\/site\/wp-content\/uploads\/2022\/02\/INBA-Cossia.jpg?fit=880%2C440&ssl=1","jetpack_sharing_enabled":true,"jetpack_shortlink":"https:\/\/wp.me\/p99IaT-a5x","jetpack-related-posts":[{"id":38829,"url":"https:\/\/lahoradelcampo.com.uy\/site\/cossia-presento-renuncia-al-inba-pero-trabajara-desde-la-torre-ejecutiva\/","url_meta":{"origin":38783,"position":0},"title":"Cossia present\u00f3 renuncia al INBA, pero trabajar\u00e1 desde la Torre Ejecutiva","author":"La Hora del Campo","date":"2 febrero, 2022","format":false,"excerpt":"Tras la movida realizada por un grupo de productores en la Plaza Independencia el pasado viernes, exhibiendo ovejas atacadas por una jaur\u00eda de perros, hubo desde varios sectores de la sociedad capitalina un rechazo a dicha manifestaci\u00f3n, y al mismo tiempo un fuerte respaldo del sector productivo desde el interior\u2026","rel":"","context":"En \u00abActualidad\u00bb","block_context":{"text":"Actualidad","link":"https:\/\/lahoradelcampo.com.uy\/site\/category\/actualidad\/"},"img":{"alt_text":"","src":"https:\/\/i0.wp.com\/lahoradelcampo.com.uy\/site\/wp-content\/uploads\/2022\/02\/INBA-Cossia2.jpg?fit=880%2C440&ssl=1&resize=350%2C200","width":350,"height":200,"srcset":"https:\/\/i0.wp.com\/lahoradelcampo.com.uy\/site\/wp-content\/uploads\/2022\/02\/INBA-Cossia2.jpg?fit=880%2C440&ssl=1&resize=350%2C200 1x, https:\/\/i0.wp.com\/lahoradelcampo.com.uy\/site\/wp-content\/uploads\/2022\/02\/INBA-Cossia2.jpg?fit=880%2C440&ssl=1&resize=525%2C300 1.5x, https:\/\/i0.wp.com\/lahoradelcampo.com.uy\/site\/wp-content\/uploads\/2022\/02\/INBA-Cossia2.jpg?fit=880%2C440&ssl=1&resize=700%2C400 2x"},"classes":[]},{"id":5419,"url":"https:\/\/lahoradelcampo.com.uy\/site\/las-condiciones-no-estan-dadas-para-que-el-presidente-acepte-la-renuncia-en-estos-momentos\/","url_meta":{"origin":38783,"position":1},"title":"No est\u00e1n las condiciones para que el presidente acepte la renuncia","author":"La Hora del Campo","date":"12 enero, 2018","format":false,"excerpt":"El periodista Gabriel Pereyra dio a conocer en radio Sarand\u00ed, este viernes, que el Ministro de Ganader\u00eda, Agricultura y Pesca, Ing. Agr. Tabar\u00e9 Aguerre, habr\u00eda presentado su renuncia a su cargo el pasado 21 de diciembre y se encuentra a la espera de la resoluci\u00f3n del Presidente de la Rep\u00fablica,\u2026","rel":"","context":"En \u00abActualidad\u00bb","block_context":{"text":"Actualidad","link":"https:\/\/lahoradelcampo.com.uy\/site\/category\/actualidad\/"},"img":{"alt_text":"","src":"https:\/\/i0.wp.com\/lahoradelcampo.com.uy\/site\/wp-content\/uploads\/2017\/09\/aguerre-8.jpg?fit=1200%2C891&ssl=1&resize=350%2C200","width":350,"height":200,"srcset":"https:\/\/i0.wp.com\/lahoradelcampo.com.uy\/site\/wp-content\/uploads\/2017\/09\/aguerre-8.jpg?fit=1200%2C891&ssl=1&resize=350%2C200 1x, https:\/\/i0.wp.com\/lahoradelcampo.com.uy\/site\/wp-content\/uploads\/2017\/09\/aguerre-8.jpg?fit=1200%2C891&ssl=1&resize=525%2C300 1.5x, https:\/\/i0.wp.com\/lahoradelcampo.com.uy\/site\/wp-content\/uploads\/2017\/09\/aguerre-8.jpg?fit=1200%2C891&ssl=1&resize=700%2C400 2x, https:\/\/i0.wp.com\/lahoradelcampo.com.uy\/site\/wp-content\/uploads\/2017\/09\/aguerre-8.jpg?fit=1200%2C891&ssl=1&resize=1050%2C600 3x"},"classes":[]},{"id":37853,"url":"https:\/\/lahoradelcampo.com.uy\/site\/consejo-directivo-de-inba-le-retiro-la-confianza-a-cossia-desde-agosto\/","url_meta":{"origin":38783,"position":2},"title":"Consejo Directivo de INBA le retir\u00f3 la confianza a Cossia desde agosto","author":"La Hora del Campo","date":"27 diciembre, 2021","format":false,"excerpt":"Desde el 12 de agosto, el directorio del Instituto Nacional de Bienestar Animal (INBA) le retir\u00f3 la confianza al Director Ejecutivo y se reuni\u00f3 con las autoridades del Ministerio de Ganader\u00eda, Agricultura y Pesca (MGAP) para comunicar la decisi\u00f3n, a pesar de ello a\u00fan se espera una respuesta por parte\u2026","rel":"","context":"En \u00abActualidad\u00bb","block_context":{"text":"Actualidad","link":"https:\/\/lahoradelcampo.com.uy\/site\/category\/actualidad\/"},"img":{"alt_text":"","src":"https:\/\/i0.wp.com\/lahoradelcampo.com.uy\/site\/wp-content\/uploads\/2021\/12\/Ana-Araujo.jpg?fit=880%2C440&ssl=1&resize=350%2C200","width":350,"height":200,"srcset":"https:\/\/i0.wp.com\/lahoradelcampo.com.uy\/site\/wp-content\/uploads\/2021\/12\/Ana-Araujo.jpg?fit=880%2C440&ssl=1&resize=350%2C200 1x, https:\/\/i0.wp.com\/lahoradelcampo.com.uy\/site\/wp-content\/uploads\/2021\/12\/Ana-Araujo.jpg?fit=880%2C440&ssl=1&resize=525%2C300 1.5x, https:\/\/i0.wp.com\/lahoradelcampo.com.uy\/site\/wp-content\/uploads\/2021\/12\/Ana-Araujo.jpg?fit=880%2C440&ssl=1&resize=700%2C400 2x"},"classes":[]},{"id":43735,"url":"https:\/\/lahoradelcampo.com.uy\/site\/partio-ayer-la-yegua-criolla-que-lacalle-pou-le-regalo-al-emir-de-qatar\/","url_meta":{"origin":38783,"position":3},"title":"Parti\u00f3 ayer, la yegua criolla que Lacalle Pou le regalo al Emir de Qatar","author":"La Hora del Campo","date":"11 julio, 2022","format":false,"excerpt":"En la jornada de ayer, un equipo de Sanidad Animal del Ministerio de Ganader\u00eda, Agricultura y Pesca, encabezado por la Dra. Mariella Sciolla, realiz\u00f3 el control sanitario y documental en el aeropuerto de Carrasco, de la yegua criolla que el Presidente de la Rep\u00fablica, Dr. Luis Lacalle Pou, le regalara\u2026","rel":"","context":"En \u00abActualidad\u00bb","block_context":{"text":"Actualidad","link":"https:\/\/lahoradelcampo.com.uy\/site\/category\/actualidad\/"},"img":{"alt_text":"","src":"https:\/\/i0.wp.com\/lahoradelcampo.com.uy\/site\/wp-content\/uploads\/2022\/07\/Criollo-Qatar.jpg?fit=880%2C440&ssl=1&resize=350%2C200","width":350,"height":200,"srcset":"https:\/\/i0.wp.com\/lahoradelcampo.com.uy\/site\/wp-content\/uploads\/2022\/07\/Criollo-Qatar.jpg?fit=880%2C440&ssl=1&resize=350%2C200 1x, https:\/\/i0.wp.com\/lahoradelcampo.com.uy\/site\/wp-content\/uploads\/2022\/07\/Criollo-Qatar.jpg?fit=880%2C440&ssl=1&resize=525%2C300 1.5x, https:\/\/i0.wp.com\/lahoradelcampo.com.uy\/site\/wp-content\/uploads\/2022\/07\/Criollo-Qatar.jpg?fit=880%2C440&ssl=1&resize=700%2C400 2x"},"classes":[]},{"id":10951,"url":"https:\/\/lahoradelcampo.com.uy\/site\/mgap-presenta-denuncia-penal-por-manejos-irregulares-del-fondo-de-la-granja\/","url_meta":{"origin":38783,"position":4},"title":"MGAP presenta denuncia penal por manejos irregulares del Fondo de la Granja","author":"La Hora del Campo","date":"21 mayo, 2019","format":false,"excerpt":"El Ministro de Ganader\u00eda, Agricultura y Pesca, Ing. Agr. Enzo Benech, luego de reunirse con la Junta Nacional de la Granja, comunic\u00f3 en conferencia de prensa, la decisi\u00f3n de realizar una denuncia penal ante la constataci\u00f3n de presuntos manejos irregulares del Fondo Nacional de la Granja y tras aceptar la\u2026","rel":"","context":"En \u00abActualidad\u00bb","block_context":{"text":"Actualidad","link":"https:\/\/lahoradelcampo.com.uy\/site\/category\/actualidad\/"},"img":{"alt_text":"","src":"https:\/\/i0.wp.com\/lahoradelcampo.com.uy\/site\/wp-content\/uploads\/2019\/05\/benech.jpg?fit=880%2C440&ssl=1&resize=350%2C200","width":350,"height":200,"srcset":"https:\/\/i0.wp.com\/lahoradelcampo.com.uy\/site\/wp-content\/uploads\/2019\/05\/benech.jpg?fit=880%2C440&ssl=1&resize=350%2C200 1x, https:\/\/i0.wp.com\/lahoradelcampo.com.uy\/site\/wp-content\/uploads\/2019\/05\/benech.jpg?fit=880%2C440&ssl=1&resize=525%2C300 1.5x, https:\/\/i0.wp.com\/lahoradelcampo.com.uy\/site\/wp-content\/uploads\/2019\/05\/benech.jpg?fit=880%2C440&ssl=1&resize=700%2C400 2x"},"classes":[]},{"id":6015,"url":"https:\/\/lahoradelcampo.com.uy\/site\/respuesta-de-presidencia-a-la-proclama-del-23-de-enero\/","url_meta":{"origin":38783,"position":5},"title":"Respuesta de Presidencia a la proclama del 23 de enero","author":"La Hora del Campo","date":"27 febrero, 2018","format":false,"excerpt":"Vea el mensaje de Presidencia de la Rep\u00fablica en respuesta a la proclama del 23 de enero, realizada por el movimiento Un Solo Uruguay","rel":"","context":"En \u00abActualidad\u00bb","block_context":{"text":"Actualidad","link":"https:\/\/lahoradelcampo.com.uy\/site\/category\/actualidad\/"},"img":{"alt_text":"","src":"https:\/\/i0.wp.com\/lahoradelcampo.com.uy\/site\/wp-content\/uploads\/2018\/01\/Acto-3.jpg?fit=880%2C440&ssl=1&resize=350%2C200","width":350,"height":200,"srcset":"https:\/\/i0.wp.com\/lahoradelcampo.com.uy\/site\/wp-content\/uploads\/2018\/01\/Acto-3.jpg?fit=880%2C440&ssl=1&resize=350%2C200 1x, https:\/\/i0.wp.com\/lahoradelcampo.com.uy\/site\/wp-content\/uploads\/2018\/01\/Acto-3.jpg?fit=880%2C440&ssl=1&resize=525%2C300 1.5x, https:\/\/i0.wp.com\/lahoradelcampo.com.uy\/site\/wp-content\/uploads\/2018\/01\/Acto-3.jpg?fit=880%2C440&ssl=1&resize=700%2C400 2x"},"classes":[]}],"jetpack_likes_enabled":true,"_links":{"self":[{"href":"https:\/\/lahoradelcampo.com.uy\/site\/wp-json\/wp\/v2\/posts\/38783","targetHints":{"allow":["GET"]}}],"collection":[{"href":"https:\/\/lahoradelcampo.com.uy\/site\/wp-json\/wp\/v2\/posts"}],"about":[{"href":"https:\/\/lahoradelcampo.com.uy\/site\/wp-json\/wp\/v2\/types\/post"}],"author":[{"embeddable":true,"href":"https:\/\/lahoradelcampo.com.uy\/site\/wp-json\/wp\/v2\/users\/5"}],"replies":[{"embeddable":true,"href":"https:\/\/lahoradelcampo.com.uy\/site\/wp-json\/wp\/v2\/comments?post=38783"}],"version-history":[{"count":1,"href":"https:\/\/lahoradelcampo.com.uy\/site\/wp-json\/wp\/v2\/posts\/38783\/revisions"}],"predecessor-version":[{"id":38787,"href":"https:\/\/lahoradelcampo.com.uy\/site\/wp-json\/wp\/v2\/posts\/38783\/revisions\/38787"}],"wp:featuredmedia":[{"embeddable":true,"href":"https:\/\/lahoradelcampo.com.uy\/site\/wp-json\/wp\/v2\/media\/38785"}],"wp:attachment":[{"href":"https:\/\/lahoradelcampo.com.uy\/site\/wp-json\/wp\/v2\/media?parent=38783"}],"wp:term":[{"taxonomy":"category","embeddable":true,"href":"https:\/\/lahoradelcampo.com.uy\/site\/wp-json\/wp\/v2\/categories?post=38783"},{"taxonomy":"post_tag","embeddable":true,"href":"https:\/\/lahoradelcampo.com.uy\/site\/wp-json\/wp\/v2\/tags?post=38783"}],"curies":[{"name":"wp","href":"https:\/\/api.w.org\/{rel}","templated":true}]}}