{"id":38777,"date":"2022-02-01T19:12:32","date_gmt":"2022-02-01T22:12:32","guid":{"rendered":"http:\/\/lahoradelcampo.com.uy\/site\/?p=38777"},"modified":"2022-02-02T09:11:49","modified_gmt":"2022-02-02T12:11:49","slug":"biogenesis-bago-genera-oportunidades-para-el-comercio-y-el-cliente","status":"publish","type":"post","link":"https:\/\/lahoradelcampo.com.uy\/site\/biogenesis-bago-genera-oportunidades-para-el-comercio-y-el-cliente\/","title":{"rendered":"Biog\u00e9nesis Bag\u00f3 genera oportunidades para el comercio y el cliente"},"content":{"rendered":"\n<figure class=\"wp-block-embed-youtube wp-block-embed is-type-video is-provider-youtube wp-embed-aspect-16-9 wp-has-aspect-ratio\"><div class=\"wp-block-embed__wrapper\">\n<span class=\"embed-youtube\" style=\"text-align:center; display: block;\"><iframe loading=\"lazy\" class=\"youtube-player\" width=\"810\" height=\"456\" src=\"https:\/\/www.youtube.com\/embed\/rQtcH3fNuLE?version=3&#038;rel=1&#038;showsearch=0&#038;showinfo=1&#038;iv_load_policy=1&#038;fs=1&#038;hl=es-ES&#038;autohide=2&#038;wmode=transparent\" allowfullscreen=\"true\" style=\"border:0;\" sandbox=\"allow-scripts allow-same-origin allow-popups allow-presentation allow-popups-to-escape-sandbox\"><\/iframe><\/span>\n<\/div><\/figure>\n\n\n\n<p>El Dr. Adolfo Bortagaray, responsable t\u00e9cnico de Veterinaria Bortagaray en Salto, destac\u00f3 la importancia la sinergia que se logra con el equipo t\u00e9cnico de Biog\u00e9nesis Bag\u00f3. \u00abSi bien es global, es muy cercana, se mueve como una empresa local y eso genera siempre oportunidades y genera cercan\u00eda con el comercio y los clientes\u00bb.<\/p>\n\n\n\n<p>El profesional destac\u00f3 el \u00abasesoramiento general\u00bb que brinda el equipo t\u00e9cnico de Biog\u00e9nesis Bag\u00f3, que va m\u00e1s all\u00e1 de un producto en particular. <\/p>\n\n\n\n<p>Salto, 1 de febrero de 2022<\/p>\n","protected":false},"excerpt":{"rendered":"<p>El Dr. Adolfo Bortagaray, responsable t\u00e9cnico de Veterinaria Bortagaray en Salto, destac\u00f3 la importancia la sinergia que se logra con el equipo t\u00e9cnico de Biog\u00e9nesis Bag\u00f3. \u00abSi bien es global, [&hellip;]<\/p>\n","protected":false},"author":5,"featured_media":38779,"comment_status":"open","ping_status":"open","sticky":false,"template":"","format":"standard","meta":{"_price":"","_stock":"","_tribe_ticket_header":"","_tribe_default_ticket_provider":"","_tribe_ticket_capacity":"0","_ticket_start_date":"","_ticket_end_date":"","_tribe_ticket_show_description":"","_tribe_ticket_show_not_going":false,"_tribe_ticket_use_global_stock":"","_tribe_ticket_global_stock_level":"","_global_stock_mode":"","_global_stock_cap":"","_tribe_rsvp_for_event":"","_tribe_ticket_going_count":"","_tribe_ticket_not_going_count":"","_tribe_tickets_list":"[]","_tribe_ticket_has_attendee_info_fields":false,"h5ap_radio_sources":[],"_jetpack_newsletter_access":"","_jetpack_dont_email_post_to_subs":false,"_jetpack_newsletter_tier_id":0,"_jetpack_memberships_contains_paywalled_content":false,"_jetpack_memberships_contains_paid_content":false,"footnotes":""},"categories":[21,5],"tags":[],"class_list":["post-38777","post","type-post","status-publish","format-standard","has-post-thumbnail","hentry","category-actualidad","category-ganaderia"],"jetpack_featured_media_url":"https:\/\/i0.wp.com\/lahoradelcampo.com.uy\/site\/wp-content\/uploads\/2022\/02\/Biogenesis-bortagaray.jpg?fit=880%2C440&ssl=1","jetpack_sharing_enabled":true,"jetpack_shortlink":"https:\/\/wp.me\/p99IaT-a5r","jetpack-related-posts":[{"id":46669,"url":"https:\/\/lahoradelcampo.com.uy\/site\/un-toro-no-apto-genera-importantes-perdidas-de-prenez\/","url_meta":{"origin":38777,"position":0},"title":"Un toro \u00abno apto\u00bb genera importantes p\u00e9rdidas de pre\u00f1ez","author":"La Hora del Campo","date":"28 octubre, 2022","format":false,"excerpt":"De cara a un nuevo entore, y teniendo en cuenta que la monta natural es la principal herramienta en nuestro pa\u00eds, el Dr. Horacio Mederos, Director t\u00e9cnico de Biog\u00e9nesis Bag\u00f3, destac\u00f3 la importancia de la revisaci\u00f3n de toros previo al servicio. Record\u00f3 que un toro, normalmente, sirve entre 30 y\u2026","rel":"","context":"En \u00abActualidad\u00bb","block_context":{"text":"Actualidad","link":"https:\/\/lahoradelcampo.com.uy\/site\/category\/actualidad\/"},"img":{"alt_text":"","src":"https:\/\/i0.wp.com\/lahoradelcampo.com.uy\/site\/wp-content\/uploads\/2017\/11\/toros.jpg?fit=880%2C440&ssl=1&resize=350%2C200","width":350,"height":200,"srcset":"https:\/\/i0.wp.com\/lahoradelcampo.com.uy\/site\/wp-content\/uploads\/2017\/11\/toros.jpg?fit=880%2C440&ssl=1&resize=350%2C200 1x, https:\/\/i0.wp.com\/lahoradelcampo.com.uy\/site\/wp-content\/uploads\/2017\/11\/toros.jpg?fit=880%2C440&ssl=1&resize=525%2C300 1.5x, https:\/\/i0.wp.com\/lahoradelcampo.com.uy\/site\/wp-content\/uploads\/2017\/11\/toros.jpg?fit=880%2C440&ssl=1&resize=700%2C400 2x"},"classes":[]},{"id":46555,"url":"https:\/\/lahoradelcampo.com.uy\/site\/chiruchi-soluciones-rapidas-a-los-problemas-del-productor\/","url_meta":{"origin":38777,"position":1},"title":"Chiruch\u00ed: Soluciones r\u00e1pidas a los problemas del productor","author":"La Hora del Campo","date":"24 octubre, 2022","format":false,"excerpt":"Biog\u00e9nesis Bag\u00f3 acompa\u00f1a a sus clientes en los distintos puntos del pa\u00eds, con un atendimiento t\u00e9cnico especializado y personalizado, para solucionar las dificultades por la que atraviesa la producci\u00f3n nacional en el d\u00eda a d\u00eda. Francisco Chiruchi, director de Veterinaria El Rumbo en San Jos\u00e9, destac\u00f3 el acompa\u00f1amiento del equipo\u2026","rel":"","context":"En \u00abActualidad\u00bb","block_context":{"text":"Actualidad","link":"https:\/\/lahoradelcampo.com.uy\/site\/category\/actualidad\/"},"img":{"alt_text":"","src":"https:\/\/i0.wp.com\/lahoradelcampo.com.uy\/site\/wp-content\/uploads\/2022\/10\/Biogenesis-FranciscoChiruchi.jpg?fit=880%2C440&ssl=1&resize=350%2C200","width":350,"height":200,"srcset":"https:\/\/i0.wp.com\/lahoradelcampo.com.uy\/site\/wp-content\/uploads\/2022\/10\/Biogenesis-FranciscoChiruchi.jpg?fit=880%2C440&ssl=1&resize=350%2C200 1x, https:\/\/i0.wp.com\/lahoradelcampo.com.uy\/site\/wp-content\/uploads\/2022\/10\/Biogenesis-FranciscoChiruchi.jpg?fit=880%2C440&ssl=1&resize=525%2C300 1.5x, https:\/\/i0.wp.com\/lahoradelcampo.com.uy\/site\/wp-content\/uploads\/2022\/10\/Biogenesis-FranciscoChiruchi.jpg?fit=880%2C440&ssl=1&resize=700%2C400 2x"},"classes":[]},{"id":46319,"url":"https:\/\/lahoradelcampo.com.uy\/site\/cabana-santa-lucia-resalto-el-asesoramiento-tecnico-de-biogenesis-bago\/","url_meta":{"origin":38777,"position":2},"title":"Caba\u00f1a Santa Luc\u00eda resalt\u00f3 el asesoramiento t\u00e9cnico de Biog\u00e9nesis Bag\u00f3","author":"La Hora del Campo","date":"14 octubre, 2022","format":false,"excerpt":"Santiago Effinger, principal de la caba\u00f1a Santa Luc\u00eda del departamento de Lavalleja, destac\u00f3 el asesoramiento t\u00e9cnico de Biog\u00e9nesis Bag\u00f3, tras la aplicaci\u00f3n de los nuevos protocolos de inseminaci\u00f3n artificial a tiempo fijo. https:\/\/youtu.be\/oBUDzLWNt_0 Biog\u00e9nesis Bag\u00f3 una empresa global, con m\u00e1s de 30 a\u00f1os instalada en el Uruguay, con un fuerte\u2026","rel":"","context":"En \u00abActualidad\u00bb","block_context":{"text":"Actualidad","link":"https:\/\/lahoradelcampo.com.uy\/site\/category\/actualidad\/"},"img":{"alt_text":"","src":"https:\/\/i0.wp.com\/lahoradelcampo.com.uy\/site\/wp-content\/uploads\/2022\/10\/biogenesis-santalucia.jpg?fit=880%2C440&ssl=1&resize=350%2C200","width":350,"height":200,"srcset":"https:\/\/i0.wp.com\/lahoradelcampo.com.uy\/site\/wp-content\/uploads\/2022\/10\/biogenesis-santalucia.jpg?fit=880%2C440&ssl=1&resize=350%2C200 1x, https:\/\/i0.wp.com\/lahoradelcampo.com.uy\/site\/wp-content\/uploads\/2022\/10\/biogenesis-santalucia.jpg?fit=880%2C440&ssl=1&resize=525%2C300 1.5x, https:\/\/i0.wp.com\/lahoradelcampo.com.uy\/site\/wp-content\/uploads\/2022\/10\/biogenesis-santalucia.jpg?fit=880%2C440&ssl=1&resize=700%2C400 2x"},"classes":[]},{"id":49436,"url":"https:\/\/lahoradelcampo.com.uy\/site\/el-dr-arrospide-asume-como-gerente-comercial-de-biogenesis-bago\/","url_meta":{"origin":38777,"position":3},"title":"El Dr. Arrospide asume como gerente comercial de Biog\u00e9nesis Bag\u00f3","author":"La Hora del Campo","date":"24 marzo, 2023","format":false,"excerpt":"https:\/\/youtu.be\/_1P8e7Lqew4 Biog\u00e9nesis Bag\u00f3 Uruguay ha designado al Dr. Ignacio Arrospide como su nuevo gerente comercial. El profesional obtuvo su t\u00edtulo hace m\u00e1s de 15 a\u00f1os y ya era parte del equipo de la compa\u00f1\u00eda y ahora asume este nuevo desaf\u00edo para fortalecer la operaci\u00f3n y contribuir al objetivo de posicionarse\u2026","rel":"","context":"En \u00abActualidad\u00bb","block_context":{"text":"Actualidad","link":"https:\/\/lahoradelcampo.com.uy\/site\/category\/actualidad\/"},"img":{"alt_text":"","src":"https:\/\/i0.wp.com\/lahoradelcampo.com.uy\/site\/wp-content\/uploads\/2022\/09\/BIOGENESIS-t%C3%A9cnicos.jpg?fit=880%2C440&ssl=1&resize=350%2C200","width":350,"height":200,"srcset":"https:\/\/i0.wp.com\/lahoradelcampo.com.uy\/site\/wp-content\/uploads\/2022\/09\/BIOGENESIS-t%C3%A9cnicos.jpg?fit=880%2C440&ssl=1&resize=350%2C200 1x, https:\/\/i0.wp.com\/lahoradelcampo.com.uy\/site\/wp-content\/uploads\/2022\/09\/BIOGENESIS-t%C3%A9cnicos.jpg?fit=880%2C440&ssl=1&resize=525%2C300 1.5x, https:\/\/i0.wp.com\/lahoradelcampo.com.uy\/site\/wp-content\/uploads\/2022\/09\/BIOGENESIS-t%C3%A9cnicos.jpg?fit=880%2C440&ssl=1&resize=700%2C400 2x"},"classes":[]},{"id":45395,"url":"https:\/\/lahoradelcampo.com.uy\/site\/biogenesis-bago-te-espera-en-la-expo-prado-2022\/","url_meta":{"origin":38777,"position":4},"title":"Biog\u00e9nesis Bag\u00f3 te espera en la Expo Prado 2022","author":"La Hora del Campo","date":"9 septiembre, 2022","format":false,"excerpt":"La empresa Biog\u00e9nesis Bag\u00f3, como hace muchos a\u00f1os, est\u00e1 presente en la Expo Prado 2022 con su stand. All\u00ed, los productores podr\u00e1n conversar con el equipo t\u00e9cnico y analizar cada situaci\u00f3n sanitaria de una forma personalizada. https:\/\/youtu.be\/ixUSHHGpEtk Biog\u00e9nesis Bag\u00f3 una empresa global, con m\u00e1s de 30 a\u00f1os instalada en el\u2026","rel":"","context":"En \u00abActualidad\u00bb","block_context":{"text":"Actualidad","link":"https:\/\/lahoradelcampo.com.uy\/site\/category\/actualidad\/"},"img":{"alt_text":"","src":"https:\/\/i0.wp.com\/lahoradelcampo.com.uy\/site\/wp-content\/uploads\/2022\/09\/BIOGENESIS-t%C3%A9cnicos.jpg?fit=880%2C440&ssl=1&resize=350%2C200","width":350,"height":200,"srcset":"https:\/\/i0.wp.com\/lahoradelcampo.com.uy\/site\/wp-content\/uploads\/2022\/09\/BIOGENESIS-t%C3%A9cnicos.jpg?fit=880%2C440&ssl=1&resize=350%2C200 1x, https:\/\/i0.wp.com\/lahoradelcampo.com.uy\/site\/wp-content\/uploads\/2022\/09\/BIOGENESIS-t%C3%A9cnicos.jpg?fit=880%2C440&ssl=1&resize=525%2C300 1.5x, https:\/\/i0.wp.com\/lahoradelcampo.com.uy\/site\/wp-content\/uploads\/2022\/09\/BIOGENESIS-t%C3%A9cnicos.jpg?fit=880%2C440&ssl=1&resize=700%2C400 2x"},"classes":[]},{"id":40709,"url":"https:\/\/lahoradelcampo.com.uy\/site\/que-son-los-radicales-libres-y-como-afectan-la-eficiencia-del-ganado\/","url_meta":{"origin":38777,"position":5},"title":"\u00bfQu\u00e9 son los radicales libres? y \u00bfC\u00f3mo afectan la eficiencia del ganado?","author":"La Hora del Campo","date":"12 abril, 2022","format":false,"excerpt":"\"Los radicales libres, son sustancias qu\u00edmicas muy reactivas, que son las responsables de la oxidaci\u00f3n y posterior muerte de c\u00e9lulas en los diferentes tejidos\" explica el Dr. Ignacio Arrospide, integrante del departamento t\u00e9cnico de Biog\u00e9nesis Bag\u00f3. En momentos de estr\u00e9s de ganado vacuno, es cuando se genera la mayor liberaci\u00f3n\u2026","rel":"","context":"En \u00abActualidad\u00bb","block_context":{"text":"Actualidad","link":"https:\/\/lahoradelcampo.com.uy\/site\/category\/actualidad\/"},"img":{"alt_text":"","src":"https:\/\/i0.wp.com\/lahoradelcampo.com.uy\/site\/wp-content\/uploads\/2021\/03\/biogenesis-3.jpg?fit=880%2C440&ssl=1&resize=350%2C200","width":350,"height":200,"srcset":"https:\/\/i0.wp.com\/lahoradelcampo.com.uy\/site\/wp-content\/uploads\/2021\/03\/biogenesis-3.jpg?fit=880%2C440&ssl=1&resize=350%2C200 1x, https:\/\/i0.wp.com\/lahoradelcampo.com.uy\/site\/wp-content\/uploads\/2021\/03\/biogenesis-3.jpg?fit=880%2C440&ssl=1&resize=525%2C300 1.5x, https:\/\/i0.wp.com\/lahoradelcampo.com.uy\/site\/wp-content\/uploads\/2021\/03\/biogenesis-3.jpg?fit=880%2C440&ssl=1&resize=700%2C400 2x"},"classes":[]}],"jetpack_likes_enabled":true,"_links":{"self":[{"href":"https:\/\/lahoradelcampo.com.uy\/site\/wp-json\/wp\/v2\/posts\/38777","targetHints":{"allow":["GET"]}}],"collection":[{"href":"https:\/\/lahoradelcampo.com.uy\/site\/wp-json\/wp\/v2\/posts"}],"about":[{"href":"https:\/\/lahoradelcampo.com.uy\/site\/wp-json\/wp\/v2\/types\/post"}],"author":[{"embeddable":true,"href":"https:\/\/lahoradelcampo.com.uy\/site\/wp-json\/wp\/v2\/users\/5"}],"replies":[{"embeddable":true,"href":"https:\/\/lahoradelcampo.com.uy\/site\/wp-json\/wp\/v2\/comments?post=38777"}],"version-history":[{"count":1,"href":"https:\/\/lahoradelcampo.com.uy\/site\/wp-json\/wp\/v2\/posts\/38777\/revisions"}],"predecessor-version":[{"id":38781,"href":"https:\/\/lahoradelcampo.com.uy\/site\/wp-json\/wp\/v2\/posts\/38777\/revisions\/38781"}],"wp:featuredmedia":[{"embeddable":true,"href":"https:\/\/lahoradelcampo.com.uy\/site\/wp-json\/wp\/v2\/media\/38779"}],"wp:attachment":[{"href":"https:\/\/lahoradelcampo.com.uy\/site\/wp-json\/wp\/v2\/media?parent=38777"}],"wp:term":[{"taxonomy":"category","embeddable":true,"href":"https:\/\/lahoradelcampo.com.uy\/site\/wp-json\/wp\/v2\/categories?post=38777"},{"taxonomy":"post_tag","embeddable":true,"href":"https:\/\/lahoradelcampo.com.uy\/site\/wp-json\/wp\/v2\/tags?post=38777"}],"curies":[{"name":"wp","href":"https:\/\/api.w.org\/{rel}","templated":true}]}}