{"id":38761,"date":"2022-02-01T07:50:53","date_gmt":"2022-02-01T10:50:53","guid":{"rendered":"http:\/\/lahoradelcampo.com.uy\/site\/?p=38761"},"modified":"2022-02-01T07:50:58","modified_gmt":"2022-02-01T10:50:58","slug":"enero-cierra-con-un-aumento-del-135-en-la-faena-vacuna","status":"publish","type":"post","link":"https:\/\/lahoradelcampo.com.uy\/site\/enero-cierra-con-un-aumento-del-135-en-la-faena-vacuna\/","title":{"rendered":"Enero cierra con un aumento del 13,5% en la faena vacuna"},"content":{"rendered":"\n<figure class=\"wp-block-image\"><img data-recalc-dims=\"1\" loading=\"lazy\" decoding=\"async\" width=\"810\" height=\"405\" data-attachment-id=\"38763\" data-permalink=\"https:\/\/lahoradelcampo.com.uy\/site\/enero-cierra-con-un-aumento-del-135-en-la-faena-vacuna\/faena-vacas\/\" data-orig-file=\"https:\/\/i0.wp.com\/lahoradelcampo.com.uy\/site\/wp-content\/uploads\/2022\/02\/Faena-vacas.jpg?fit=880%2C440&amp;ssl=1\" data-orig-size=\"880,440\" data-comments-opened=\"1\" data-image-meta=\"{&quot;aperture&quot;:&quot;0&quot;,&quot;credit&quot;:&quot;&quot;,&quot;camera&quot;:&quot;&quot;,&quot;caption&quot;:&quot;&quot;,&quot;created_timestamp&quot;:&quot;0&quot;,&quot;copyright&quot;:&quot;&quot;,&quot;focal_length&quot;:&quot;0&quot;,&quot;iso&quot;:&quot;0&quot;,&quot;shutter_speed&quot;:&quot;0&quot;,&quot;title&quot;:&quot;&quot;,&quot;orientation&quot;:&quot;1&quot;}\" data-image-title=\"Faena-vacas\" data-image-description=\"\" data-image-caption=\"\" data-large-file=\"https:\/\/i0.wp.com\/lahoradelcampo.com.uy\/site\/wp-content\/uploads\/2022\/02\/Faena-vacas.jpg?fit=810%2C405&amp;ssl=1\" src=\"https:\/\/i0.wp.com\/lahoradelcampo.com.uy\/site\/wp-content\/uploads\/2022\/02\/Faena-vacas.jpg?resize=810%2C405\" alt=\"\" class=\"wp-image-38763\" srcset=\"https:\/\/i0.wp.com\/lahoradelcampo.com.uy\/site\/wp-content\/uploads\/2022\/02\/Faena-vacas.jpg?w=880&amp;ssl=1 880w, https:\/\/i0.wp.com\/lahoradelcampo.com.uy\/site\/wp-content\/uploads\/2022\/02\/Faena-vacas.jpg?resize=300%2C150&amp;ssl=1 300w, https:\/\/i0.wp.com\/lahoradelcampo.com.uy\/site\/wp-content\/uploads\/2022\/02\/Faena-vacas.jpg?resize=768%2C384&amp;ssl=1 768w, https:\/\/i0.wp.com\/lahoradelcampo.com.uy\/site\/wp-content\/uploads\/2022\/02\/Faena-vacas.jpg?resize=820%2C410&amp;ssl=1 820w\" sizes=\"auto, (max-width: 810px) 100vw, 810px\" \/><\/figure>\n\n\n\n<p>Luego de un a\u00f1o de n\u00fameros r\u00e9cords en el sector ganadero, el inicio del a\u00f1o supera el comienzo de 2021 y 2020. Seg\u00fan los datos publicados ayer por el Instituto Nacional de Carnes (INAC) la faena vacuna, hasta el 29 de enero, creci\u00f3 un 13,5% respecto a igual per\u00edodo de 2021, situ\u00e1ndose en las 198.764 cabezas. Seguramente, con la faena de este lunes se superar\u00e1 las 200.000 cabezas para el primer mes del a\u00f1o.  <br><\/p>\n\n\n\n<p>En el acumulado del a\u00f1o se llevan faenados 87.900 novillos, un 9,5% m\u00e1s que el a\u00f1o pasado, 80.406 vacas, categor\u00eda que aumenta un 15,7% y las vaquillonas suben un 21% a 26.974 cabezas. En la categor\u00eda de novillos se incrementa \u00fanicamente los de 2 a 4 dientes, en tanto que en las vacas el aumento se da en las de m\u00e1s de 8 dientes. <br><\/p>\n\n\n\n<p>Durante la \u00faltima semana, la faena volvi\u00f3 a posicionarse por sobre las 50.000 cabezas, con el impulso del retorno de Frigor\u00edfico PUL a la actividad, convirtiendo esta semana en la m\u00e1s alta de 2022 con un total de 52.494 cabezas. <br><\/p>\n\n\n\n<p>La actividad de los \u00faltimos siete d\u00edas, al 29 de enero, suma 25.463 novillos, 19.455 vacas y 6.660 vaquillonas, complet\u00e1ndose con terneros y toros. <br> La planta de mayor actividad esta semana fue Frigor\u00edfico Las Piedras con el 9,6% del total faenado, seguida por Tacuaremb\u00f3 con el 8,6% y Frigor\u00edfico PUL con el 8,3%. <\/p>\n\n\n\n<p>Salto, 1 de febrero de 2022<\/p>\n","protected":false},"excerpt":{"rendered":"<p>Luego de un a\u00f1o de n\u00fameros r\u00e9cords en el sector ganadero, el inicio del a\u00f1o supera el comienzo de 2021 y 2020. Seg\u00fan los datos publicados ayer por el Instituto [&hellip;]<\/p>\n","protected":false},"author":5,"featured_media":38763,"comment_status":"open","ping_status":"open","sticky":false,"template":"","format":"standard","meta":{"_price":"","_stock":"","_tribe_ticket_header":"","_tribe_default_ticket_provider":"","_tribe_ticket_capacity":"0","_ticket_start_date":"","_ticket_end_date":"","_tribe_ticket_show_description":"","_tribe_ticket_show_not_going":false,"_tribe_ticket_use_global_stock":"","_tribe_ticket_global_stock_level":"","_global_stock_mode":"","_global_stock_cap":"","_tribe_rsvp_for_event":"","_tribe_ticket_going_count":"","_tribe_ticket_not_going_count":"","_tribe_tickets_list":"[]","_tribe_ticket_has_attendee_info_fields":false,"h5ap_radio_sources":[],"_jetpack_newsletter_access":"","_jetpack_dont_email_post_to_subs":false,"_jetpack_newsletter_tier_id":0,"_jetpack_memberships_contains_paywalled_content":false,"_jetpack_memberships_contains_paid_content":false,"footnotes":""},"categories":[21,5],"tags":[],"class_list":["post-38761","post","type-post","status-publish","format-standard","has-post-thumbnail","hentry","category-actualidad","category-ganaderia"],"jetpack_featured_media_url":"https:\/\/i0.wp.com\/lahoradelcampo.com.uy\/site\/wp-content\/uploads\/2022\/02\/Faena-vacas.jpg?fit=880%2C440&ssl=1","jetpack_sharing_enabled":true,"jetpack_shortlink":"https:\/\/wp.me\/p99IaT-a5b","jetpack-related-posts":[{"id":41941,"url":"https:\/\/lahoradelcampo.com.uy\/site\/faena-vacuna-supera-el-millon-de-cabezas-en-lo-que-va-del-2022\/","url_meta":{"origin":38761,"position":0},"title":"Faena vacuna supera el mill\u00f3n de cabezas en lo que va del 2022","author":"La Hora del Campo","date":"18 mayo, 2022","format":false,"excerpt":"Con un aumento del 14% en la faena entre el 1 de enero y el 14 de mayo de 2022, los datos del Instituto Nacional de Carnes (INAC) muestran un total de 1.005.560 cabezas de bovinos faenadas. Adem\u00e1s, la pasada semana la faena super\u00f3 las 60.000 cabezas y alcanz\u00f3 un\u2026","rel":"","context":"En \u00abActualidad\u00bb","block_context":{"text":"Actualidad","link":"https:\/\/lahoradelcampo.com.uy\/site\/category\/actualidad\/"},"img":{"alt_text":"","src":"https:\/\/i0.wp.com\/lahoradelcampo.com.uy\/site\/wp-content\/uploads\/2022\/02\/Faena-vacas.jpg?fit=880%2C440&ssl=1&resize=350%2C200","width":350,"height":200,"srcset":"https:\/\/i0.wp.com\/lahoradelcampo.com.uy\/site\/wp-content\/uploads\/2022\/02\/Faena-vacas.jpg?fit=880%2C440&ssl=1&resize=350%2C200 1x, https:\/\/i0.wp.com\/lahoradelcampo.com.uy\/site\/wp-content\/uploads\/2022\/02\/Faena-vacas.jpg?fit=880%2C440&ssl=1&resize=525%2C300 1.5x, https:\/\/i0.wp.com\/lahoradelcampo.com.uy\/site\/wp-content\/uploads\/2022\/02\/Faena-vacas.jpg?fit=880%2C440&ssl=1&resize=700%2C400 2x"},"classes":[]},{"id":33793,"url":"https:\/\/lahoradelcampo.com.uy\/site\/faena-vacuna-semanal-crecio-un-17-y-es-la-mas-alta-del-ano\/","url_meta":{"origin":38761,"position":1},"title":"Faena vacuna semanal creci\u00f3 un 17% y es la m\u00e1s alta del a\u00f1o","author":"La Hora del Campo","date":"7 septiembre, 2021","format":false,"excerpt":"La actividad industrial contin\u00faa a gran ritmo en el pa\u00eds y la faena en la \u00faltima semana super\u00f3 las 58 mil cabezas, convirti\u00e9ndose en un nuevo r\u00e9cord para 2021, que ha procesado un 35,6% en el acumulado del a\u00f1o, respecto a 2020. Seg\u00fan los datos del Instituto Nacional de Carnes\u2026","rel":"","context":"En \u00abActualidad\u00bb","block_context":{"text":"Actualidad","link":"https:\/\/lahoradelcampo.com.uy\/site\/category\/actualidad\/"},"img":{"alt_text":"","src":"https:\/\/i0.wp.com\/lahoradelcampo.com.uy\/site\/wp-content\/uploads\/2021\/09\/FAENA-vacuna.jpg?fit=880%2C440&ssl=1&resize=350%2C200","width":350,"height":200,"srcset":"https:\/\/i0.wp.com\/lahoradelcampo.com.uy\/site\/wp-content\/uploads\/2021\/09\/FAENA-vacuna.jpg?fit=880%2C440&ssl=1&resize=350%2C200 1x, https:\/\/i0.wp.com\/lahoradelcampo.com.uy\/site\/wp-content\/uploads\/2021\/09\/FAENA-vacuna.jpg?fit=880%2C440&ssl=1&resize=525%2C300 1.5x, https:\/\/i0.wp.com\/lahoradelcampo.com.uy\/site\/wp-content\/uploads\/2021\/09\/FAENA-vacuna.jpg?fit=880%2C440&ssl=1&resize=700%2C400 2x"},"classes":[]},{"id":44225,"url":"https:\/\/lahoradelcampo.com.uy\/site\/faena-vacuna-crece-un-87-en-el-primer-semestre\/","url_meta":{"origin":38761,"position":2},"title":"Faena vacuna crece un 8,7% en el primer semestre","author":"La Hora del Campo","date":"27 julio, 2022","format":false,"excerpt":"El Instituto Nacional de Carnes (INAC) dio a conocer su balance del sector c\u00e1rnico durante el primer semestre de 2022, donde la faena vacuna ha registrado un incremento importante a pesar de haber disminuido su ritmo en los \u00faltimos meses, mientras que la actividad en el ovino desciende respecto igual\u2026","rel":"","context":"En \u00abActualidad\u00bb","block_context":{"text":"Actualidad","link":"https:\/\/lahoradelcampo.com.uy\/site\/category\/actualidad\/"},"img":{"alt_text":"","src":"https:\/\/i0.wp.com\/lahoradelcampo.com.uy\/site\/wp-content\/uploads\/2022\/07\/inac-faena.jpg?fit=880%2C440&ssl=1&resize=350%2C200","width":350,"height":200,"srcset":"https:\/\/i0.wp.com\/lahoradelcampo.com.uy\/site\/wp-content\/uploads\/2022\/07\/inac-faena.jpg?fit=880%2C440&ssl=1&resize=350%2C200 1x, https:\/\/i0.wp.com\/lahoradelcampo.com.uy\/site\/wp-content\/uploads\/2022\/07\/inac-faena.jpg?fit=880%2C440&ssl=1&resize=525%2C300 1.5x, https:\/\/i0.wp.com\/lahoradelcampo.com.uy\/site\/wp-content\/uploads\/2022\/07\/inac-faena.jpg?fit=880%2C440&ssl=1&resize=700%2C400 2x"},"classes":[]},{"id":55971,"url":"https:\/\/lahoradelcampo.com.uy\/site\/faena-vacuna-consolida-el-buen-ritmo-del-mes-de-abril\/","url_meta":{"origin":38761,"position":3},"title":"Faena vacuna consolida el buen ritmo del mes de abril","author":"La Hora del Campo","date":"22 abril, 2025","format":false,"excerpt":"A pesar de los feriados y la menor actividad habitual en Semana de Pascua, la industria frigor\u00edfica uruguaya logr\u00f3 faenar 39.723 vacunos, un 8% m\u00e1s que en el mismo per\u00edodo del a\u00f1o pasado, lo que equivale a unos 3 mil animales adicionales. Este crecimiento, registrado hasta el s\u00e1bado 19 de\u2026","rel":"","context":"En \u00abActualidad\u00bb","block_context":{"text":"Actualidad","link":"https:\/\/lahoradelcampo.com.uy\/site\/category\/actualidad\/"},"img":{"alt_text":"","src":"https:\/\/i0.wp.com\/lahoradelcampo.com.uy\/site\/wp-content\/uploads\/2017\/12\/Faena-1.jpg?fit=880%2C440&ssl=1&resize=350%2C200","width":350,"height":200,"srcset":"https:\/\/i0.wp.com\/lahoradelcampo.com.uy\/site\/wp-content\/uploads\/2017\/12\/Faena-1.jpg?fit=880%2C440&ssl=1&resize=350%2C200 1x, https:\/\/i0.wp.com\/lahoradelcampo.com.uy\/site\/wp-content\/uploads\/2017\/12\/Faena-1.jpg?fit=880%2C440&ssl=1&resize=525%2C300 1.5x, https:\/\/i0.wp.com\/lahoradelcampo.com.uy\/site\/wp-content\/uploads\/2017\/12\/Faena-1.jpg?fit=880%2C440&ssl=1&resize=700%2C400 2x"},"classes":[]},{"id":13106,"url":"https:\/\/lahoradelcampo.com.uy\/site\/faena-vacuna-semanal-crecio-un-14-al-27-de-julio\/","url_meta":{"origin":38761,"position":4},"title":"Faena vacuna semanal creci\u00f3 un 14% al 27 de julio","author":"La Hora del Campo","date":"29 julio, 2019","format":false,"excerpt":"La faena vacuna en la semana cerrada el 27 de julio se posicion\u00f3 en las 34.054 cabezas, lo que representa un incremento del 14% respecto a la semana anterior. El incremento semanal se sustenta en un crecimiento de la faena de novillos y vaquillonas con participaci\u00f3n de los corrales de\u2026","rel":"","context":"En \u00abActualidad\u00bb","block_context":{"text":"Actualidad","link":"https:\/\/lahoradelcampo.com.uy\/site\/category\/actualidad\/"},"img":{"alt_text":"","src":"https:\/\/i0.wp.com\/lahoradelcampo.com.uy\/site\/wp-content\/uploads\/2019\/04\/Faena.jpg?fit=880%2C440&ssl=1&resize=350%2C200","width":350,"height":200,"srcset":"https:\/\/i0.wp.com\/lahoradelcampo.com.uy\/site\/wp-content\/uploads\/2019\/04\/Faena.jpg?fit=880%2C440&ssl=1&resize=350%2C200 1x, https:\/\/i0.wp.com\/lahoradelcampo.com.uy\/site\/wp-content\/uploads\/2019\/04\/Faena.jpg?fit=880%2C440&ssl=1&resize=525%2C300 1.5x, https:\/\/i0.wp.com\/lahoradelcampo.com.uy\/site\/wp-content\/uploads\/2019\/04\/Faena.jpg?fit=880%2C440&ssl=1&resize=700%2C400 2x"},"classes":[]},{"id":16712,"url":"https:\/\/lahoradelcampo.com.uy\/site\/la-faena-vacuna-se-rejuvenecio-en-2019\/","url_meta":{"origin":38761,"position":5},"title":"La faena vacuna se rejuveneci\u00f3 en 2019","author":"La Hora del Campo","date":"6 enero, 2020","format":false,"excerpt":"El a\u00f1o que acaba de finalizar registr\u00f3 cambios en la ganader\u00eda nacional y uno de los mismos se dio en la faena vacuna, donde se observa un aumento de la faena de vientres y un rejuvenecimiento en las categor\u00edas de animales faenados. El Ing. Jorge Acosta, Director de Informaci\u00f3n y\u2026","rel":"","context":"En \u00abActualidad\u00bb","block_context":{"text":"Actualidad","link":"https:\/\/lahoradelcampo.com.uy\/site\/category\/actualidad\/"},"img":{"alt_text":"","src":"https:\/\/i0.wp.com\/lahoradelcampo.com.uy\/site\/wp-content\/uploads\/2017\/09\/Faena-vacuna.jpg?fit=880%2C440&ssl=1&resize=350%2C200","width":350,"height":200,"srcset":"https:\/\/i0.wp.com\/lahoradelcampo.com.uy\/site\/wp-content\/uploads\/2017\/09\/Faena-vacuna.jpg?fit=880%2C440&ssl=1&resize=350%2C200 1x, https:\/\/i0.wp.com\/lahoradelcampo.com.uy\/site\/wp-content\/uploads\/2017\/09\/Faena-vacuna.jpg?fit=880%2C440&ssl=1&resize=525%2C300 1.5x, https:\/\/i0.wp.com\/lahoradelcampo.com.uy\/site\/wp-content\/uploads\/2017\/09\/Faena-vacuna.jpg?fit=880%2C440&ssl=1&resize=700%2C400 2x"},"classes":[]}],"jetpack_likes_enabled":true,"_links":{"self":[{"href":"https:\/\/lahoradelcampo.com.uy\/site\/wp-json\/wp\/v2\/posts\/38761","targetHints":{"allow":["GET"]}}],"collection":[{"href":"https:\/\/lahoradelcampo.com.uy\/site\/wp-json\/wp\/v2\/posts"}],"about":[{"href":"https:\/\/lahoradelcampo.com.uy\/site\/wp-json\/wp\/v2\/types\/post"}],"author":[{"embeddable":true,"href":"https:\/\/lahoradelcampo.com.uy\/site\/wp-json\/wp\/v2\/users\/5"}],"replies":[{"embeddable":true,"href":"https:\/\/lahoradelcampo.com.uy\/site\/wp-json\/wp\/v2\/comments?post=38761"}],"version-history":[{"count":1,"href":"https:\/\/lahoradelcampo.com.uy\/site\/wp-json\/wp\/v2\/posts\/38761\/revisions"}],"predecessor-version":[{"id":38765,"href":"https:\/\/lahoradelcampo.com.uy\/site\/wp-json\/wp\/v2\/posts\/38761\/revisions\/38765"}],"wp:featuredmedia":[{"embeddable":true,"href":"https:\/\/lahoradelcampo.com.uy\/site\/wp-json\/wp\/v2\/media\/38763"}],"wp:attachment":[{"href":"https:\/\/lahoradelcampo.com.uy\/site\/wp-json\/wp\/v2\/media?parent=38761"}],"wp:term":[{"taxonomy":"category","embeddable":true,"href":"https:\/\/lahoradelcampo.com.uy\/site\/wp-json\/wp\/v2\/categories?post=38761"},{"taxonomy":"post_tag","embeddable":true,"href":"https:\/\/lahoradelcampo.com.uy\/site\/wp-json\/wp\/v2\/tags?post=38761"}],"curies":[{"name":"wp","href":"https:\/\/api.w.org\/{rel}","templated":true}]}}