{"id":38755,"date":"2022-02-01T07:47:09","date_gmt":"2022-02-01T10:47:09","guid":{"rendered":"http:\/\/lahoradelcampo.com.uy\/site\/?p=38755"},"modified":"2022-02-01T07:47:13","modified_gmt":"2022-02-01T10:47:13","slug":"baja-oferta-y-alto-ritmo-de-faena-impulsan-los-valores-de-la-hacienda-gorda","status":"publish","type":"post","link":"https:\/\/lahoradelcampo.com.uy\/site\/baja-oferta-y-alto-ritmo-de-faena-impulsan-los-valores-de-la-hacienda-gorda\/","title":{"rendered":"Baja oferta y alto ritmo de faena impulsan los valores de la hacienda gorda"},"content":{"rendered":"\n<figure class=\"wp-block-image\"><img data-recalc-dims=\"1\" loading=\"lazy\" decoding=\"async\" width=\"810\" height=\"405\" data-attachment-id=\"38757\" data-permalink=\"https:\/\/lahoradelcampo.com.uy\/site\/baja-oferta-y-alto-ritmo-de-faena-impulsan-los-valores-de-la-hacienda-gorda\/novillos-gordo\/\" data-orig-file=\"https:\/\/i0.wp.com\/lahoradelcampo.com.uy\/site\/wp-content\/uploads\/2022\/02\/novillos-gordo.jpg?fit=880%2C440&amp;ssl=1\" data-orig-size=\"880,440\" data-comments-opened=\"1\" data-image-meta=\"{&quot;aperture&quot;:&quot;0&quot;,&quot;credit&quot;:&quot;&quot;,&quot;camera&quot;:&quot;&quot;,&quot;caption&quot;:&quot;&quot;,&quot;created_timestamp&quot;:&quot;0&quot;,&quot;copyright&quot;:&quot;&quot;,&quot;focal_length&quot;:&quot;0&quot;,&quot;iso&quot;:&quot;0&quot;,&quot;shutter_speed&quot;:&quot;0&quot;,&quot;title&quot;:&quot;&quot;,&quot;orientation&quot;:&quot;1&quot;}\" data-image-title=\"novillos-gordo\" data-image-description=\"\" data-image-caption=\"\" data-large-file=\"https:\/\/i0.wp.com\/lahoradelcampo.com.uy\/site\/wp-content\/uploads\/2022\/02\/novillos-gordo.jpg?fit=810%2C405&amp;ssl=1\" src=\"https:\/\/i0.wp.com\/lahoradelcampo.com.uy\/site\/wp-content\/uploads\/2022\/02\/novillos-gordo.jpg?resize=810%2C405\" alt=\"\" class=\"wp-image-38757\" srcset=\"https:\/\/i0.wp.com\/lahoradelcampo.com.uy\/site\/wp-content\/uploads\/2022\/02\/novillos-gordo.jpg?w=880&amp;ssl=1 880w, https:\/\/i0.wp.com\/lahoradelcampo.com.uy\/site\/wp-content\/uploads\/2022\/02\/novillos-gordo.jpg?resize=300%2C150&amp;ssl=1 300w, https:\/\/i0.wp.com\/lahoradelcampo.com.uy\/site\/wp-content\/uploads\/2022\/02\/novillos-gordo.jpg?resize=768%2C384&amp;ssl=1 768w, https:\/\/i0.wp.com\/lahoradelcampo.com.uy\/site\/wp-content\/uploads\/2022\/02\/novillos-gordo.jpg?resize=820%2C410&amp;ssl=1 820w\" sizes=\"auto, (max-width: 810px) 100vw, 810px\" \/><\/figure>\n\n\n\n<p>En el libre juego de la oferta y la demanda, lo que no hay se paga mejor, sin embargo los mejores valores \u00abno es para todos la bota de potro\u00bb dice el refr\u00e1n. La realidad es que la faena superar\u00e1 las 200.000 mil cabezas en el mes de enero, lo cual no se lograba desde el 2018 cuando se faenaron 218.668 cabezas. <br><\/p>\n\n\n\n<p>Este nivel de actividad en la industria est\u00e1 sostenido por dos variables muy importantes. Por un lado la situaci\u00f3n extrema de d\u00e9ficit h\u00eddrico que llev\u00f3 a que muchos productores salieran de ganados antes de terminarlos o que siguieran perdiendo kilos, pero seguramente la variable m\u00e1s relevante es la firmeza en la demanda, m\u00e1s all\u00e1 de la terminaci\u00f3n de la oferta. <br><\/p>\n\n\n\n<p>Claro que oferta hay, por algo se mantiene el nivel de faena, pero lo que no hay es ese novillo gordo, bien terminado, que aprieta la balanza. Los productores que pueden y ofertan ese tipo de novillos logran superar los US$ 4,50, dependiendo del volumen y la calidad, pero en promedio el novillo se ubica fluidamente entre los US$ 4,40 a US$ 4,45 en el inicio de esta semana seg\u00fan el di\u00e1logo con consignatarios del norte, con entradas que son r\u00e1pidas y fluidas en la mayor\u00eda de las plantas frigor\u00edficas. Los novillos m\u00e1s generales se ubican entre US$ 4,30 y US$ 4,40. <br><\/p>\n\n\n\n<p>La vaca, si bien est\u00e1 con mayor oferta, se encuentra en la misma situaci\u00f3n del novillo. Las gordas y pesadas, bien terminadas, lograban referencias de US$ 4,20 a US$ 4,25 en el d\u00eda de ayer, sin embargo la generalidad de los negocios fluyen entre US$ 4,10 y US$ 4,15. <br><\/p>\n\n\n\n<p>Claro que no todos los productores logran tener esos animales gordos y bien terminados, en su gran mayor\u00eda porque hubo que vender o se perdieron kilos ante las olas de calor y la falta de precipitaciones. <br><\/p>\n\n\n\n<p>En los pr\u00f3ximos d\u00edas comienzan a ingresar la mayor\u00eda de los ganados procedentes de los corrales, por lo que este nivel de precios podr\u00eda mantenerse o recibir alg\u00fan menor valor, tal como ha venido sucediendo en cada ventana de faena de los corrales con destino a la cuota 481. M\u00e1s all\u00e1 de esto, seguramente el volumen de lo que se pueda ofertar de campo, definir\u00e1 la suba o baja de los precios. <\/p>\n\n\n\n<p>Salto, 1 de febrero de 2022<\/p>\n","protected":false},"excerpt":{"rendered":"<p>En el libre juego de la oferta y la demanda, lo que no hay se paga mejor, sin embargo los mejores valores \u00abno es para todos la bota de potro\u00bb [&hellip;]<\/p>\n","protected":false},"author":5,"featured_media":38757,"comment_status":"open","ping_status":"open","sticky":false,"template":"","format":"standard","meta":{"_price":"","_stock":"","_tribe_ticket_header":"","_tribe_default_ticket_provider":"","_tribe_ticket_capacity":"0","_ticket_start_date":"","_ticket_end_date":"","_tribe_ticket_show_description":"","_tribe_ticket_show_not_going":false,"_tribe_ticket_use_global_stock":"","_tribe_ticket_global_stock_level":"","_global_stock_mode":"","_global_stock_cap":"","_tribe_rsvp_for_event":"","_tribe_ticket_going_count":"","_tribe_ticket_not_going_count":"","_tribe_tickets_list":"[]","_tribe_ticket_has_attendee_info_fields":false,"h5ap_radio_sources":[],"_jetpack_newsletter_access":"","_jetpack_dont_email_post_to_subs":false,"_jetpack_newsletter_tier_id":0,"_jetpack_memberships_contains_paywalled_content":false,"_jetpack_memberships_contains_paid_content":false,"footnotes":""},"categories":[21,5],"tags":[],"class_list":["post-38755","post","type-post","status-publish","format-standard","has-post-thumbnail","hentry","category-actualidad","category-ganaderia"],"jetpack_featured_media_url":"https:\/\/i0.wp.com\/lahoradelcampo.com.uy\/site\/wp-content\/uploads\/2022\/02\/novillos-gordo.jpg?fit=880%2C440&ssl=1","jetpack_sharing_enabled":true,"jetpack_shortlink":"https:\/\/wp.me\/p99IaT-a55","jetpack-related-posts":[{"id":24110,"url":"https:\/\/lahoradelcampo.com.uy\/site\/la-demanda-presiona-los-valores-a-la-baja-ante-una-mayor-oferta-del-gordo\/","url_meta":{"origin":38755,"position":0},"title":"La demanda presiona  los valores a la baja ante una mayor oferta del gordo","author":"La Hora del Campo","date":"29 septiembre, 2020","format":false,"excerpt":"Durante la \u00faltima semana la faena vacuna en el pa\u00eds se acerc\u00f3 a las 36.896 cabezas, un 6% m\u00e1s que en la semana anterior, pero en lo que va del 2020 se mantiene un 18% por debajo del a\u00f1o pasado. En la composici\u00f3n de la misma se observ\u00f3 un incremento\u2026","rel":"","context":"En \u00abActualidad\u00bb","block_context":{"text":"Actualidad","link":"https:\/\/lahoradelcampo.com.uy\/site\/category\/actualidad\/"},"img":{"alt_text":"","src":"https:\/\/i0.wp.com\/lahoradelcampo.com.uy\/site\/wp-content\/uploads\/2020\/08\/Novillossorgo.jpg?fit=880%2C440&ssl=1&resize=350%2C200","width":350,"height":200,"srcset":"https:\/\/i0.wp.com\/lahoradelcampo.com.uy\/site\/wp-content\/uploads\/2020\/08\/Novillossorgo.jpg?fit=880%2C440&ssl=1&resize=350%2C200 1x, https:\/\/i0.wp.com\/lahoradelcampo.com.uy\/site\/wp-content\/uploads\/2020\/08\/Novillossorgo.jpg?fit=880%2C440&ssl=1&resize=525%2C300 1.5x, https:\/\/i0.wp.com\/lahoradelcampo.com.uy\/site\/wp-content\/uploads\/2020\/08\/Novillossorgo.jpg?fit=880%2C440&ssl=1&resize=700%2C400 2x"},"classes":[]},{"id":45269,"url":"https:\/\/lahoradelcampo.com.uy\/site\/plaza-rural-remata-11-436-vacunos-miercoles-7-y-jueves-8-de-setiembre\/","url_meta":{"origin":38755,"position":1},"title":"Plaza Rural remata 11.436 vacunos mi\u00e9rcoles 7 y jueves 8 de setiembre","author":"La Hora del Campo","date":"5 septiembre, 2022","format":false,"excerpt":"El consorcio de rematadores de Plaza Rural comenz\u00f3 en el mes de agosto a realizar dos remates por mes y as\u00ed tendr\u00e1 una agenda cargada hasta fin de a\u00f1o. En esta oportunidad, el mi\u00e9rcoles 7 y jueves 8 de setiembre se realizara la venta 253 del consorcio, con una oferta\u2026","rel":"","context":"En \u00abActualidad\u00bb","block_context":{"text":"Actualidad","link":"https:\/\/lahoradelcampo.com.uy\/site\/category\/actualidad\/"},"img":{"alt_text":"","src":"https:\/\/i0.wp.com\/lahoradelcampo.com.uy\/site\/wp-content\/uploads\/2022\/05\/PLazaRural-general.jpg?fit=880%2C440&ssl=1&resize=350%2C200","width":350,"height":200,"srcset":"https:\/\/i0.wp.com\/lahoradelcampo.com.uy\/site\/wp-content\/uploads\/2022\/05\/PLazaRural-general.jpg?fit=880%2C440&ssl=1&resize=350%2C200 1x, https:\/\/i0.wp.com\/lahoradelcampo.com.uy\/site\/wp-content\/uploads\/2022\/05\/PLazaRural-general.jpg?fit=880%2C440&ssl=1&resize=525%2C300 1.5x, https:\/\/i0.wp.com\/lahoradelcampo.com.uy\/site\/wp-content\/uploads\/2022\/05\/PLazaRural-general.jpg?fit=880%2C440&ssl=1&resize=700%2C400 2x"},"classes":[]},{"id":22418,"url":"https:\/\/lahoradelcampo.com.uy\/site\/de-freitas-no-creo-que-pase-otra-cosa-que-estabilizacion-de-los-valores\/","url_meta":{"origin":38755,"position":2},"title":"De Freitas: \u00abNo creo que pase otra cosa que estabilizaci\u00f3n de los valores\u00bb","author":"La Hora del Campo","date":"5 agosto, 2020","format":false,"excerpt":"El mercado de haciendas se presenta\u00b4firme y con una tendencia a equilibrar la oferta con la demanda, principalmente en la primera quincena del mes de agosto debido a la presencia de los ganados procedentes de los corrales para la faena de la Cuota 481. Carlos De Freitas, ex presidente y\u2026","rel":"","context":"En \u00abActualidad\u00bb","block_context":{"text":"Actualidad","link":"https:\/\/lahoradelcampo.com.uy\/site\/category\/actualidad\/"},"img":{"alt_text":"","src":"https:\/\/i0.wp.com\/lahoradelcampo.com.uy\/site\/wp-content\/uploads\/2020\/08\/DeFreitasweb.jpg?fit=880%2C440&ssl=1&resize=350%2C200","width":350,"height":200,"srcset":"https:\/\/i0.wp.com\/lahoradelcampo.com.uy\/site\/wp-content\/uploads\/2020\/08\/DeFreitasweb.jpg?fit=880%2C440&ssl=1&resize=350%2C200 1x, https:\/\/i0.wp.com\/lahoradelcampo.com.uy\/site\/wp-content\/uploads\/2020\/08\/DeFreitasweb.jpg?fit=880%2C440&ssl=1&resize=525%2C300 1.5x, https:\/\/i0.wp.com\/lahoradelcampo.com.uy\/site\/wp-content\/uploads\/2020\/08\/DeFreitasweb.jpg?fit=880%2C440&ssl=1&resize=700%2C400 2x"},"classes":[]},{"id":3679,"url":"https:\/\/lahoradelcampo.com.uy\/site\/la-industria-se-posiciona-mejor-ante-aumento-de-la-oferta\/","url_meta":{"origin":38755,"position":3},"title":"La industria se posiciona mejor ante aumento de la oferta","author":"La Hora del Campo","date":"6 noviembre, 2017","format":false,"excerpt":"La Asociaci\u00f3n de Consignatarios de Ganados del Uruguay, en su reuni\u00f3n de todos los d\u00edas lunes, reafirm\u00f3 la realidad del mercado de hacienda gorda con destino a la industria frigor\u00edfica, que en la \u00faltima semana acuso el impacto del aumento de la oferta con una retracci\u00f3n en los valores. Seg\u00fan\u2026","rel":"","context":"En \u00abActualidad\u00bb","block_context":{"text":"Actualidad","link":"https:\/\/lahoradelcampo.com.uy\/site\/category\/actualidad\/"},"img":{"alt_text":"","src":"https:\/\/i0.wp.com\/lahoradelcampo.com.uy\/site\/wp-content\/uploads\/2017\/11\/Gordo.jpg?fit=880%2C440&ssl=1&resize=350%2C200","width":350,"height":200,"srcset":"https:\/\/i0.wp.com\/lahoradelcampo.com.uy\/site\/wp-content\/uploads\/2017\/11\/Gordo.jpg?fit=880%2C440&ssl=1&resize=350%2C200 1x, https:\/\/i0.wp.com\/lahoradelcampo.com.uy\/site\/wp-content\/uploads\/2017\/11\/Gordo.jpg?fit=880%2C440&ssl=1&resize=525%2C300 1.5x, https:\/\/i0.wp.com\/lahoradelcampo.com.uy\/site\/wp-content\/uploads\/2017\/11\/Gordo.jpg?fit=880%2C440&ssl=1&resize=700%2C400 2x"},"classes":[]},{"id":16056,"url":"https:\/\/lahoradelcampo.com.uy\/site\/faena-vacuna-sigue-creciendo-y-supero-las-46-000-cabezas\/","url_meta":{"origin":38755,"position":4},"title":"Faena vacuna sigue creciendo y super\u00f3 las 46.000 cabezas","author":"La Hora del Campo","date":"27 noviembre, 2019","format":false,"excerpt":"La faena vacuna contin\u00faa creciendo, con los ganados de corral impuls\u00e1ndola ante la escasa de oferta de ganado de campo, que si bien va apareciendo a\u00fan lo hace sin alcanzar los requerimientos de la industria, lo que ha hecho que los precios se sigan manteniendo en el mercado interno. En\u2026","rel":"","context":"En \u00abActualidad\u00bb","block_context":{"text":"Actualidad","link":"https:\/\/lahoradelcampo.com.uy\/site\/category\/actualidad\/"},"img":{"alt_text":"","src":"https:\/\/i0.wp.com\/lahoradelcampo.com.uy\/site\/wp-content\/uploads\/2017\/11\/Faena.jpg?fit=880%2C440&ssl=1&resize=350%2C200","width":350,"height":200,"srcset":"https:\/\/i0.wp.com\/lahoradelcampo.com.uy\/site\/wp-content\/uploads\/2017\/11\/Faena.jpg?fit=880%2C440&ssl=1&resize=350%2C200 1x, https:\/\/i0.wp.com\/lahoradelcampo.com.uy\/site\/wp-content\/uploads\/2017\/11\/Faena.jpg?fit=880%2C440&ssl=1&resize=525%2C300 1.5x, https:\/\/i0.wp.com\/lahoradelcampo.com.uy\/site\/wp-content\/uploads\/2017\/11\/Faena.jpg?fit=880%2C440&ssl=1&resize=700%2C400 2x"},"classes":[]},{"id":56059,"url":"https:\/\/lahoradelcampo.com.uy\/site\/hacienda-gorda-la-presion-de-la-actividad-no-permite-sostener-este-nivel-de-valores\/","url_meta":{"origin":38755,"position":5},"title":"Hacienda gorda: \u00abLa presi\u00f3n de la actividad no permite sostener este nivel de valores\u00bb","author":"La Hora del Campo","date":"5 mayo, 2025","format":false,"excerpt":"En el actual escenario de precios del mercado ganadero, la interrogante es saber que pasar\u00e1 tras la faena de corral con los valores de la hacienda, debido a que en plena producci\u00f3n de los frigor\u00edficos para cumplir con la pr\u00f3xima cuota de corral, los precios no han experimentado una baja\u2026","rel":"","context":"En \u00abActualidad\u00bb","block_context":{"text":"Actualidad","link":"https:\/\/lahoradelcampo.com.uy\/site\/category\/actualidad\/"},"img":{"alt_text":"","src":"https:\/\/i0.wp.com\/lahoradelcampo.com.uy\/site\/wp-content\/uploads\/2025\/05\/MarceloSecco-marfrig.jpg?fit=880%2C440&ssl=1&resize=350%2C200","width":350,"height":200,"srcset":"https:\/\/i0.wp.com\/lahoradelcampo.com.uy\/site\/wp-content\/uploads\/2025\/05\/MarceloSecco-marfrig.jpg?fit=880%2C440&ssl=1&resize=350%2C200 1x, https:\/\/i0.wp.com\/lahoradelcampo.com.uy\/site\/wp-content\/uploads\/2025\/05\/MarceloSecco-marfrig.jpg?fit=880%2C440&ssl=1&resize=525%2C300 1.5x, https:\/\/i0.wp.com\/lahoradelcampo.com.uy\/site\/wp-content\/uploads\/2025\/05\/MarceloSecco-marfrig.jpg?fit=880%2C440&ssl=1&resize=700%2C400 2x"},"classes":[]}],"jetpack_likes_enabled":true,"_links":{"self":[{"href":"https:\/\/lahoradelcampo.com.uy\/site\/wp-json\/wp\/v2\/posts\/38755","targetHints":{"allow":["GET"]}}],"collection":[{"href":"https:\/\/lahoradelcampo.com.uy\/site\/wp-json\/wp\/v2\/posts"}],"about":[{"href":"https:\/\/lahoradelcampo.com.uy\/site\/wp-json\/wp\/v2\/types\/post"}],"author":[{"embeddable":true,"href":"https:\/\/lahoradelcampo.com.uy\/site\/wp-json\/wp\/v2\/users\/5"}],"replies":[{"embeddable":true,"href":"https:\/\/lahoradelcampo.com.uy\/site\/wp-json\/wp\/v2\/comments?post=38755"}],"version-history":[{"count":1,"href":"https:\/\/lahoradelcampo.com.uy\/site\/wp-json\/wp\/v2\/posts\/38755\/revisions"}],"predecessor-version":[{"id":38759,"href":"https:\/\/lahoradelcampo.com.uy\/site\/wp-json\/wp\/v2\/posts\/38755\/revisions\/38759"}],"wp:featuredmedia":[{"embeddable":true,"href":"https:\/\/lahoradelcampo.com.uy\/site\/wp-json\/wp\/v2\/media\/38757"}],"wp:attachment":[{"href":"https:\/\/lahoradelcampo.com.uy\/site\/wp-json\/wp\/v2\/media?parent=38755"}],"wp:term":[{"taxonomy":"category","embeddable":true,"href":"https:\/\/lahoradelcampo.com.uy\/site\/wp-json\/wp\/v2\/categories?post=38755"},{"taxonomy":"post_tag","embeddable":true,"href":"https:\/\/lahoradelcampo.com.uy\/site\/wp-json\/wp\/v2\/tags?post=38755"}],"curies":[{"name":"wp","href":"https:\/\/api.w.org\/{rel}","templated":true}]}}