{"id":38749,"date":"2022-02-01T07:42:51","date_gmt":"2022-02-01T10:42:51","guid":{"rendered":"http:\/\/lahoradelcampo.com.uy\/site\/?p=38749"},"modified":"2022-02-01T07:42:56","modified_gmt":"2022-02-01T10:42:56","slug":"fr-y-productores-rechazan-comunicado-de-suvepa","status":"publish","type":"post","link":"https:\/\/lahoradelcampo.com.uy\/site\/fr-y-productores-rechazan-comunicado-de-suvepa\/","title":{"rendered":"FR y productores rechazan comunicado de SUVEPA"},"content":{"rendered":"\n<figure class=\"wp-block-image\"><img data-recalc-dims=\"1\" loading=\"lazy\" decoding=\"async\" width=\"810\" height=\"405\" data-attachment-id=\"38751\" data-permalink=\"https:\/\/lahoradelcampo.com.uy\/site\/fr-y-productores-rechazan-comunicado-de-suvepa\/ovejas-torre\/\" data-orig-file=\"https:\/\/i0.wp.com\/lahoradelcampo.com.uy\/site\/wp-content\/uploads\/2022\/02\/Ovejas-torre.jpg?fit=880%2C440&amp;ssl=1\" data-orig-size=\"880,440\" data-comments-opened=\"1\" data-image-meta=\"{&quot;aperture&quot;:&quot;0&quot;,&quot;credit&quot;:&quot;&quot;,&quot;camera&quot;:&quot;&quot;,&quot;caption&quot;:&quot;&quot;,&quot;created_timestamp&quot;:&quot;0&quot;,&quot;copyright&quot;:&quot;&quot;,&quot;focal_length&quot;:&quot;0&quot;,&quot;iso&quot;:&quot;0&quot;,&quot;shutter_speed&quot;:&quot;0&quot;,&quot;title&quot;:&quot;&quot;,&quot;orientation&quot;:&quot;1&quot;}\" data-image-title=\"Ovejas-torre\" data-image-description=\"\" data-image-caption=\"\" data-large-file=\"https:\/\/i0.wp.com\/lahoradelcampo.com.uy\/site\/wp-content\/uploads\/2022\/02\/Ovejas-torre.jpg?fit=810%2C405&amp;ssl=1\" src=\"https:\/\/i0.wp.com\/lahoradelcampo.com.uy\/site\/wp-content\/uploads\/2022\/02\/Ovejas-torre.jpg?resize=810%2C405\" alt=\"\" class=\"wp-image-38751\" srcset=\"https:\/\/i0.wp.com\/lahoradelcampo.com.uy\/site\/wp-content\/uploads\/2022\/02\/Ovejas-torre.jpg?w=880&amp;ssl=1 880w, https:\/\/i0.wp.com\/lahoradelcampo.com.uy\/site\/wp-content\/uploads\/2022\/02\/Ovejas-torre.jpg?resize=300%2C150&amp;ssl=1 300w, https:\/\/i0.wp.com\/lahoradelcampo.com.uy\/site\/wp-content\/uploads\/2022\/02\/Ovejas-torre.jpg?resize=768%2C384&amp;ssl=1 768w, https:\/\/i0.wp.com\/lahoradelcampo.com.uy\/site\/wp-content\/uploads\/2022\/02\/Ovejas-torre.jpg?resize=820%2C410&amp;ssl=1 820w\" sizes=\"auto, (max-width: 810px) 100vw, 810px\" \/><\/figure>\n\n\n\n<p>El pasado viernes un grupo de productores rurales, cansado de ataques de perros en forma consecutiva, llev\u00f3 un grupo de ovejas v\u00edctimas de estos canes y las expuso frente a la Torre Ejecutiva en Plaza Independencia, en la capital del pa\u00eds. Este hecho se suma a las diferencias que se han manifestado en m\u00e1s de una oportunidad por los productores con los resultados del Instituto Nacional de Bienestar Animal (INBA), siendo este el primer conflicto que tendr\u00e1 el actual gobierno con un sector que hasta el momento se ha mostrado favorable a las pol\u00edticas que se desarrollan desde el Ejecutivo encabezado por el Dr. Luis Lacalle Pou.  <br><\/p>\n\n\n\n<p>Una vez conocida y difundida la noticia en la capital del pa\u00eds, de la situaci\u00f3n con las jaur\u00edas de perros y la presencia de estas ovejas en la Plaza Independencia, la Sociedad Uruguaya de Veterinarios Especialistas en Peque\u00f1os Animales (SUVEPA) emiti\u00f3 un comunicado condenando el accionar de los productores y afirmando que los mismos \u00abdesprecian la vida de un ser vivo\u00bb y \u00abatentan contra la poblaci\u00f3n\u00bb. Al mismo tiempo solicit\u00f3 que los responsables fueran investigados por el Instituto Nacional de Bienestar Animal (INBA) y fueran sancionados. <br><\/p>\n\n\n\n<p>En el comunicado la gremial que nuclea parte de los m\u00e9dicos veterinarios que ejercen en el pa\u00eds,  se muestran \u00abemp\u00e1ticos\u00bb y dicen comprender \u00aba los productores y familias que han visto como caninos sueltos hacen estragos en los animales de producci\u00f3n\u00bb, sin embargo sostienen que la problem\u00e1tica de los ataques de perros en el sector rural \u00abtiene una sola g\u00e9nesis y es la tenencia irresponsable de los animales\u00bb y en este sentido la gremial cuestion\u00f3 adem\u00e1s en su cuenta de Twitter, \u00abcuantos productores tienen chipeados e identificados y  castrados sus perros\u00bb y al mismo tiempo afirm\u00f3 que \u00abla mayor\u00eda de los ataques son de perros de predios linderos o de perros con tutores irresponsables\u00bb.<br><\/p>\n\n\n\n<p>Los m\u00e9dicos veterinarios, especialistas en peque\u00f1os animales, solicit\u00f3 al Instituto Nacional de Bienestar Animal (INBA) que \u00abinvestigue a los involucrados en este cruel espect\u00e1culo, asigne responsabilidades sobre los hechos y aplique sanciones previstas en la Ley 18.471, leyes modificativas y decretos reglamentarios vigentes\u00bb. <br><\/p>\n\n\n\n<p>A esto tambi\u00e9n se han sumado las ONG&#8217;s protectoras de animales que han manifestado este lunes, la decisi\u00f3n de presentar denuncia contra los productores. Hecho que fue confirmado por Gast\u00f3n Cossia en su cuenta de Twitter. <br><\/p>\n\n\n\n<p><strong>M\u00e9dicos veterinarios<\/strong><br><\/p>\n\n\n\n<p>Tal cual estaba previsto, existe un importante n\u00famero de m\u00e9dicos veterinarios que atienden mayormente al sector productivo, por lo que tambi\u00e9n emitieron un comunicado donde manifiestan \u00abnuestra solidaridad e incondicional apoyo a los productores cuyos predios son atacados por jaur\u00edas de perros\u00bb. <br><\/p>\n\n\n\n<p>En su misiva se\u00f1alan que \u00abal tiempo que nos declaramos en contra de todo sufrimiento animal, tarea para la cual hemos consagrado con devoci\u00f3n nuestras vidas, defendemos el derecho inalienable de los productores a protestar ante esta lastimosa situaci\u00f3n y a hacer visible en la capital el drama que les toca vivir, que provoca la matanza y sufrimiento\u00bb.<br><\/p>\n\n\n\n<p>Los profesionales remarcan que esta situaci\u00f3n es diaria y que \u00ablimitan la actividad productiva\u00bb principalmente en el caso del rubro ovino. Si bien reconocen que esto es una situaci\u00f3n que se  visualiza desde los \u00abalbores\u00bb de la patria, \u00ablas jaur\u00edas incontroladas que pon\u00edan en riesgo la vida, no solamente del animal sino humana, llev\u00f3 a que debieran ser controladas por fuerzas del orden del Estado\u00bb, por lo que sostienen que \u00abla ausencia del Estado la causa primaria el actual desorden, a pesar de la creaci\u00f3n de nuevas instituciones, cuyos objetivos desbordan de buenas intenciones y soluciones ut\u00f3picas\u00bb. <br><\/p>\n\n\n\n<p>Si bien reconocen que la Ley permite que el productor pueda eliminar a los perros que atacan a animales de producci\u00f3n o dom\u00e9sticos en sus predios, indican que las autoridades \u00abno detallan c\u00f3mo debe llevarse a cabo esa acci\u00f3n\u00bb y que los productores que intentan llevar adelante acciones para detener los ataques, terminan teniendo resultados infructuosos y frustados\u00bb. <br><\/p>\n\n\n\n<p>Los veterinarios se\u00f1alaron adem\u00e1s que \u00absin perjuicio del desarrollo de pol\u00edticas efectivas a largo plazo, que surjan del consenso ciudadano, en una sociedad que tiene, como signo de su evoluci\u00f3n, la obligaci\u00f3n de encontrar soluciones efectivas a este flagelo en el corto plazo\u00bb.<br><\/p>\n\n\n\n<p><strong>Federaci\u00f3n Rural<\/strong><br><\/p>\n\n\n\n<p>La Federaci\u00f3n Rural fue la primer gremial del sector agropecuario en emitir un comunicado, en el cual manifiestan que las expresiones de SUVEPA en su comunicado \u00abdeja perplejo a un sector productivo que utiliza, se relaciona e incorpora en forma permanente el conocimientos y los servicios oficiales y particulares de profesionales veterinarios de todo el pa\u00eds en sus actividades y decisiones\u00bb.<br><\/p>\n\n\n\n<p>La gremial reconoce en su comunicado que \u00abhay planes a mediano y largo plazo con los cuales todos coincidimos\u00bb, sin embargo remarca que \u00abno hay respuesta para el corto plazo, y esto lleva a la desaz\u00f3n y reacci\u00f3n de productores que ven como sus animales son muertos por ataques salvajes de otros animales descontrolados y sobre los cuales no hay responsables\u00bb. <br><\/p>\n\n\n\n<p>En su comunicado la Federaci\u00f3n Rural se deslinda del accionar de los productores en su forma de reclamo, \u00abla actitud y acci\u00f3n individual de los productores es de su responsabilidad y como Instituci\u00f3n no somos quien para juzgarla\u00bb, sin embargo respalda a los mismos y cuestiona una posible sanci\u00f3n, \u00abno compartimos que quienes intentan denunciar una realidad terminen siendo los acusados\u00bb.<\/p>\n\n\n\n<p>La gremial encabezada por la Sra. M\u00f3nica Silva, insiste en su preocupaci\u00f3n por \u00abc\u00f3mo se visualiza desde SUVEPA, a los productores agropecuarios del pa\u00eds\u00bb e indica que \u00abintentar mediante declaraciones, acciones y agravios a todo el sector productivo agropecuario del pa\u00eds, que esta realidad y sus consecuencias se mantengan bajo la alfombra no aporta para lograr la soluci\u00f3n necesaria\u00bb.<br><\/p>\n\n\n\n<p><strong>Productores<\/strong><br><\/p>\n\n\n\n<p>Desde el grupo de productores que se manifestaron existe una gran indignaci\u00f3n con las manifestaciones del gerente del instituto Gast\u00f3n Cossia. \u00abNosotros fuimos a mostrar lo que pasa. \u00bfAhora resulta que los culpables somos nosotros, cuando hace a\u00f1os que venimos reclamando?\u00bb dijo Pedro Scremini, en di\u00e1logo con La Hora del Campo.<br><\/p>\n\n\n\n<p>\u00abSi le interesaban los animales hubiera aparecido y no apareci\u00f3\u00bb sostuvo el productor y m\u00e9dico veterinario. Scremini explic\u00f3 que las ovejas que se trasladaron hasta la Plaza Independencia, hab\u00eda sido atendidas previamente en el predio por m\u00e9dico veterinario, como es normal cuando ocurre este tipo de situaciones, aunque \u00ablamentablemente a\u00fan atendi\u00e9ndolas una vez que fueron encontradas, dif\u00edcilmente una oveja mordida por un perro logre salvarse\u00bb. <br><\/p>\n\n\n\n<p>En la jornada de ayer se manifestaban varias situaciones que se han venido registrando en distintas zonas del pa\u00eds, a trav\u00e9s de las redes sociales y grupos de Whatsapp. Al tiempo que tambi\u00e9n se comienza a organizar un movimiento de productores que, seg\u00fan manifiestan, respaldaran a los productores que realizaron el reclamo en la capital, caso se formalicen las denuncias anunciadas por Cossia.  <\/p>\n\n\n\n<p>Salto, 1 de febrero de 2022<\/p>\n","protected":false},"excerpt":{"rendered":"<p>El pasado viernes un grupo de productores rurales, cansado de ataques de perros en forma consecutiva, llev\u00f3 un grupo de ovejas v\u00edctimas de estos canes y las expuso frente a [&hellip;]<\/p>\n","protected":false},"author":5,"featured_media":38751,"comment_status":"open","ping_status":"open","sticky":false,"template":"","format":"standard","meta":{"_price":"","_stock":"","_tribe_ticket_header":"","_tribe_default_ticket_provider":"","_tribe_ticket_capacity":"0","_ticket_start_date":"","_ticket_end_date":"","_tribe_ticket_show_description":"","_tribe_ticket_show_not_going":false,"_tribe_ticket_use_global_stock":"","_tribe_ticket_global_stock_level":"","_global_stock_mode":"","_global_stock_cap":"","_tribe_rsvp_for_event":"","_tribe_ticket_going_count":"","_tribe_ticket_not_going_count":"","_tribe_tickets_list":"[]","_tribe_ticket_has_attendee_info_fields":false,"h5ap_radio_sources":[],"_jetpack_newsletter_access":"","_jetpack_dont_email_post_to_subs":false,"_jetpack_newsletter_tier_id":0,"_jetpack_memberships_contains_paywalled_content":false,"_jetpack_memberships_contains_paid_content":false,"footnotes":""},"categories":[21,13],"tags":[],"class_list":["post-38749","post","type-post","status-publish","format-standard","has-post-thumbnail","hentry","category-actualidad","category-ovinos"],"jetpack_featured_media_url":"https:\/\/i0.wp.com\/lahoradelcampo.com.uy\/site\/wp-content\/uploads\/2022\/02\/Ovejas-torre.jpg?fit=880%2C440&ssl=1","jetpack_sharing_enabled":true,"jetpack_shortlink":"https:\/\/wp.me\/p99IaT-a4Z","jetpack-related-posts":[{"id":47817,"url":"https:\/\/lahoradelcampo.com.uy\/site\/scremini-el-ministro-dijo-que-no-iban-a-hacer-nada-con-los-perros\/","url_meta":{"origin":38749,"position":0},"title":"Scremini: el ministro dijo \u00abque no iban a hacer nada con los perros\u00bb","author":"La Hora del Campo","date":"3 enero, 2023","format":false,"excerpt":"Un grupo de productores ovejeros cansados de los ataques de perros se trasladaron a la capital del pa\u00eds y expusieron ovejas atacadas por perros sueltos, parte de ellas muertas y otras exhibiendo mordeduras de los canes. El tema repercuti\u00f3 en la toda la sociedad al inicio del a\u00f1o pasado, y\u2026","rel":"","context":"En \u00abActualidad\u00bb","block_context":{"text":"Actualidad","link":"https:\/\/lahoradelcampo.com.uy\/site\/category\/actualidad\/"},"img":{"alt_text":"","src":"https:\/\/i0.wp.com\/lahoradelcampo.com.uy\/site\/wp-content\/uploads\/2023\/01\/Ovejas-perros2.jpg?fit=880%2C440&ssl=1&resize=350%2C200","width":350,"height":200,"srcset":"https:\/\/i0.wp.com\/lahoradelcampo.com.uy\/site\/wp-content\/uploads\/2023\/01\/Ovejas-perros2.jpg?fit=880%2C440&ssl=1&resize=350%2C200 1x, https:\/\/i0.wp.com\/lahoradelcampo.com.uy\/site\/wp-content\/uploads\/2023\/01\/Ovejas-perros2.jpg?fit=880%2C440&ssl=1&resize=525%2C300 1.5x, https:\/\/i0.wp.com\/lahoradelcampo.com.uy\/site\/wp-content\/uploads\/2023\/01\/Ovejas-perros2.jpg?fit=880%2C440&ssl=1&resize=700%2C400 2x"},"classes":[]},{"id":38711,"url":"https:\/\/lahoradelcampo.com.uy\/site\/vamos-a-tener-que-hacer-este-tipo-de-cosas-sino-nos-comen-en-dos-panes\/","url_meta":{"origin":38749,"position":1},"title":"\u00abVamos a tener que hacer este tipo de cosas, sino nos comen en dos panes\u00bb","author":"La Hora del Campo","date":"31 enero, 2022","format":false,"excerpt":"La problem\u00e1tica de los perros sueltos y los destrozos que los mismos causan en las majadas no es un tema nuevo, sino m\u00e1s bien recurrente en los distintos medios de prensa que cubren actividades agropecuarias. Aqu\u00ed en La Hora del Campo ya hemos, lamentablemente, compartido varias noticias donde dan cuenta\u2026","rel":"","context":"En \u00abActualidad\u00bb","block_context":{"text":"Actualidad","link":"https:\/\/lahoradelcampo.com.uy\/site\/category\/actualidad\/"},"img":{"alt_text":"","src":"https:\/\/i0.wp.com\/lahoradelcampo.com.uy\/site\/wp-content\/uploads\/2022\/01\/Scremini-ovejas-perro.jpg?fit=880%2C440&ssl=1&resize=350%2C200","width":350,"height":200,"srcset":"https:\/\/i0.wp.com\/lahoradelcampo.com.uy\/site\/wp-content\/uploads\/2022\/01\/Scremini-ovejas-perro.jpg?fit=880%2C440&ssl=1&resize=350%2C200 1x, https:\/\/i0.wp.com\/lahoradelcampo.com.uy\/site\/wp-content\/uploads\/2022\/01\/Scremini-ovejas-perro.jpg?fit=880%2C440&ssl=1&resize=525%2C300 1.5x, https:\/\/i0.wp.com\/lahoradelcampo.com.uy\/site\/wp-content\/uploads\/2022\/01\/Scremini-ovejas-perro.jpg?fit=880%2C440&ssl=1&resize=700%2C400 2x"},"classes":[]},{"id":23052,"url":"https:\/\/lahoradelcampo.com.uy\/site\/jaurias-de-perros-dejan-ovejas-y-corderos-muertos-en-los-campos\/","url_meta":{"origin":38749,"position":2},"title":"Jaur\u00edas de perros dejan ovejas y corderos muertos en los campos","author":"La Hora del Campo","date":"31 agosto, 2020","format":false,"excerpt":"La problem\u00e1tica de los perros sueltos y los da\u00f1os que causan a la producci\u00f3n, principalmente la ovina, est\u00e1 llevando a que productores tomen la decisi\u00f3n de abandonar el rubro, principalmente los productores peque\u00f1os. Este s\u00e1bado un peque\u00f1o productor de la zona de Colonia Lavalleja en Salto, se encontr\u00f3 con una\u2026","rel":"","context":"En \u00abActualidad\u00bb","block_context":{"text":"Actualidad","link":"https:\/\/lahoradelcampo.com.uy\/site\/category\/actualidad\/"},"img":{"alt_text":"","src":"https:\/\/i0.wp.com\/lahoradelcampo.com.uy\/site\/wp-content\/uploads\/2020\/08\/perrosjaurias2.jpg?fit=880%2C440&ssl=1&resize=350%2C200","width":350,"height":200,"srcset":"https:\/\/i0.wp.com\/lahoradelcampo.com.uy\/site\/wp-content\/uploads\/2020\/08\/perrosjaurias2.jpg?fit=880%2C440&ssl=1&resize=350%2C200 1x, https:\/\/i0.wp.com\/lahoradelcampo.com.uy\/site\/wp-content\/uploads\/2020\/08\/perrosjaurias2.jpg?fit=880%2C440&ssl=1&resize=525%2C300 1.5x, https:\/\/i0.wp.com\/lahoradelcampo.com.uy\/site\/wp-content\/uploads\/2020\/08\/perrosjaurias2.jpg?fit=880%2C440&ssl=1&resize=700%2C400 2x"},"classes":[]},{"id":40231,"url":"https:\/\/lahoradelcampo.com.uy\/site\/productores-y-trabajadores-son-afectados-psicologicamente-por-los-ataques-de-perros-a-ovinos\/","url_meta":{"origin":38749,"position":3},"title":"Productores y trabajadores son afectados psicol\u00f3gicamente por los ataques de perros a ovinos","author":"La Hora del Campo","date":"25 marzo, 2022","format":false,"excerpt":"Ayer jueves por la ma\u00f1ana varios productores de la zona de Colonia Lavalleja, se encontraron con ovinos muertos y mordidos, atacados por tres perros sueltos. \"Mataron tres del vecino, me mordieron cuatro a mi y siguieron la vuelta en otros vecinos\" se\u00f1al\u00f3 un productor de la zona en di\u00e1logo con\u2026","rel":"","context":"En \u00abActualidad\u00bb","block_context":{"text":"Actualidad","link":"https:\/\/lahoradelcampo.com.uy\/site\/category\/actualidad\/"},"img":{"alt_text":"","src":"https:\/\/i0.wp.com\/lahoradelcampo.com.uy\/site\/wp-content\/uploads\/2022\/03\/Ovino-perros.jpg?fit=880%2C440&ssl=1&resize=350%2C200","width":350,"height":200,"srcset":"https:\/\/i0.wp.com\/lahoradelcampo.com.uy\/site\/wp-content\/uploads\/2022\/03\/Ovino-perros.jpg?fit=880%2C440&ssl=1&resize=350%2C200 1x, https:\/\/i0.wp.com\/lahoradelcampo.com.uy\/site\/wp-content\/uploads\/2022\/03\/Ovino-perros.jpg?fit=880%2C440&ssl=1&resize=525%2C300 1.5x, https:\/\/i0.wp.com\/lahoradelcampo.com.uy\/site\/wp-content\/uploads\/2022\/03\/Ovino-perros.jpg?fit=880%2C440&ssl=1&resize=700%2C400 2x"},"classes":[]},{"id":13350,"url":"https:\/\/lahoradelcampo.com.uy\/site\/hay-690-ovinos-muertos-por-los-perros-en-salto\/","url_meta":{"origin":38749,"position":4},"title":"Hay 690 ovinos muertos por los perros en Salto","author":"La Hora del Campo","date":"8 agosto, 2019","format":false,"excerpt":"Ayer se reuni\u00f3 la Comisi\u00f3n de Seguridad Rural de Salto donde los temas principales han sido el abigeato, las jaur\u00edas de perros y la seguridad a nivel de los pueblos en el interior del departamento. Alberto Seco, qui\u00e9n particip\u00f3 de dicha reuni\u00f3n dijo que \"en la reuni\u00f3n se comentaron algunos\u2026","rel":"","context":"En \u00abActualidad\u00bb","block_context":{"text":"Actualidad","link":"https:\/\/lahoradelcampo.com.uy\/site\/category\/actualidad\/"},"img":{"alt_text":"","src":"https:\/\/i0.wp.com\/lahoradelcampo.com.uy\/site\/wp-content\/uploads\/2019\/08\/jaurias.jpg?fit=880%2C440&ssl=1&resize=350%2C200","width":350,"height":200,"srcset":"https:\/\/i0.wp.com\/lahoradelcampo.com.uy\/site\/wp-content\/uploads\/2019\/08\/jaurias.jpg?fit=880%2C440&ssl=1&resize=350%2C200 1x, https:\/\/i0.wp.com\/lahoradelcampo.com.uy\/site\/wp-content\/uploads\/2019\/08\/jaurias.jpg?fit=880%2C440&ssl=1&resize=525%2C300 1.5x, https:\/\/i0.wp.com\/lahoradelcampo.com.uy\/site\/wp-content\/uploads\/2019\/08\/jaurias.jpg?fit=880%2C440&ssl=1&resize=700%2C400 2x"},"classes":[]},{"id":54186,"url":"https:\/\/lahoradelcampo.com.uy\/site\/el-ovino-tiene-un-potencial-del-1129-de-senalada-este-ano\/","url_meta":{"origin":38749,"position":5},"title":"El ovino tiene un potencial del 112,9% de se\u00f1alada este a\u00f1o","author":"La Hora del Campo","date":"9 agosto, 2024","format":false,"excerpt":"Se realiz\u00f3 este jueves 8 de agosto en los salones de la Comisi\u00f3n T\u00e9cnica Mixta de Salto Grande, la jornada \"\u00bfQu\u00e9 Ovinos necesitamos en el escenario actual?\", desarrollada por el Instituto Nacional de Investigaci\u00f3n Agropecuaria (Inia), en la cual se incluy\u00f3 el noveno taller de resultados de los diagn\u00f3sticos de\u2026","rel":"","context":"En \u00abActualidad\u00bb","block_context":{"text":"Actualidad","link":"https:\/\/lahoradelcampo.com.uy\/site\/category\/actualidad\/"},"img":{"alt_text":"","src":"https:\/\/i0.wp.com\/lahoradelcampo.com.uy\/site\/wp-content\/uploads\/2024\/08\/Tallerdediagnostico.jpg?fit=880%2C440&ssl=1&resize=350%2C200","width":350,"height":200,"srcset":"https:\/\/i0.wp.com\/lahoradelcampo.com.uy\/site\/wp-content\/uploads\/2024\/08\/Tallerdediagnostico.jpg?fit=880%2C440&ssl=1&resize=350%2C200 1x, https:\/\/i0.wp.com\/lahoradelcampo.com.uy\/site\/wp-content\/uploads\/2024\/08\/Tallerdediagnostico.jpg?fit=880%2C440&ssl=1&resize=525%2C300 1.5x, https:\/\/i0.wp.com\/lahoradelcampo.com.uy\/site\/wp-content\/uploads\/2024\/08\/Tallerdediagnostico.jpg?fit=880%2C440&ssl=1&resize=700%2C400 2x"},"classes":[]}],"jetpack_likes_enabled":true,"_links":{"self":[{"href":"https:\/\/lahoradelcampo.com.uy\/site\/wp-json\/wp\/v2\/posts\/38749","targetHints":{"allow":["GET"]}}],"collection":[{"href":"https:\/\/lahoradelcampo.com.uy\/site\/wp-json\/wp\/v2\/posts"}],"about":[{"href":"https:\/\/lahoradelcampo.com.uy\/site\/wp-json\/wp\/v2\/types\/post"}],"author":[{"embeddable":true,"href":"https:\/\/lahoradelcampo.com.uy\/site\/wp-json\/wp\/v2\/users\/5"}],"replies":[{"embeddable":true,"href":"https:\/\/lahoradelcampo.com.uy\/site\/wp-json\/wp\/v2\/comments?post=38749"}],"version-history":[{"count":1,"href":"https:\/\/lahoradelcampo.com.uy\/site\/wp-json\/wp\/v2\/posts\/38749\/revisions"}],"predecessor-version":[{"id":38753,"href":"https:\/\/lahoradelcampo.com.uy\/site\/wp-json\/wp\/v2\/posts\/38749\/revisions\/38753"}],"wp:featuredmedia":[{"embeddable":true,"href":"https:\/\/lahoradelcampo.com.uy\/site\/wp-json\/wp\/v2\/media\/38751"}],"wp:attachment":[{"href":"https:\/\/lahoradelcampo.com.uy\/site\/wp-json\/wp\/v2\/media?parent=38749"}],"wp:term":[{"taxonomy":"category","embeddable":true,"href":"https:\/\/lahoradelcampo.com.uy\/site\/wp-json\/wp\/v2\/categories?post=38749"},{"taxonomy":"post_tag","embeddable":true,"href":"https:\/\/lahoradelcampo.com.uy\/site\/wp-json\/wp\/v2\/tags?post=38749"}],"curies":[{"name":"wp","href":"https:\/\/api.w.org\/{rel}","templated":true}]}}