{"id":38745,"date":"2022-02-01T07:33:14","date_gmt":"2022-02-01T10:33:14","guid":{"rendered":"http:\/\/lahoradelcampo.com.uy\/site\/?p=38745"},"modified":"2022-02-01T07:33:19","modified_gmt":"2022-02-01T10:33:19","slug":"productores-dejan-el-rubro-ovino-para-no-ver-sufrir-a-sus-ovejas","status":"publish","type":"post","link":"https:\/\/lahoradelcampo.com.uy\/site\/productores-dejan-el-rubro-ovino-para-no-ver-sufrir-a-sus-ovejas\/","title":{"rendered":"Productores dejan el rubro ovino para  no ver sufrir  a sus ovejas"},"content":{"rendered":"\n<figure class=\"wp-block-image\"><img data-recalc-dims=\"1\" loading=\"lazy\" decoding=\"async\" width=\"810\" height=\"405\" data-attachment-id=\"37855\" data-permalink=\"https:\/\/lahoradelcampo.com.uy\/site\/consejo-directivo-de-inba-le-retiro-la-confianza-a-cossia-desde-agosto\/ana-araujo\/\" data-orig-file=\"https:\/\/i0.wp.com\/lahoradelcampo.com.uy\/site\/wp-content\/uploads\/2021\/12\/Ana-Araujo.jpg?fit=880%2C440&amp;ssl=1\" data-orig-size=\"880,440\" data-comments-opened=\"1\" data-image-meta=\"{&quot;aperture&quot;:&quot;0&quot;,&quot;credit&quot;:&quot;&quot;,&quot;camera&quot;:&quot;&quot;,&quot;caption&quot;:&quot;&quot;,&quot;created_timestamp&quot;:&quot;0&quot;,&quot;copyright&quot;:&quot;&quot;,&quot;focal_length&quot;:&quot;0&quot;,&quot;iso&quot;:&quot;0&quot;,&quot;shutter_speed&quot;:&quot;0&quot;,&quot;title&quot;:&quot;&quot;,&quot;orientation&quot;:&quot;1&quot;}\" data-image-title=\"Ana Araujo\" data-image-description=\"\" data-image-caption=\"\" data-large-file=\"https:\/\/i0.wp.com\/lahoradelcampo.com.uy\/site\/wp-content\/uploads\/2021\/12\/Ana-Araujo.jpg?fit=810%2C405&amp;ssl=1\" src=\"https:\/\/i0.wp.com\/lahoradelcampo.com.uy\/site\/wp-content\/uploads\/2021\/12\/Ana-Araujo.jpg?resize=810%2C405\" alt=\"\" class=\"wp-image-37855\" srcset=\"https:\/\/i0.wp.com\/lahoradelcampo.com.uy\/site\/wp-content\/uploads\/2021\/12\/Ana-Araujo.jpg?w=880&amp;ssl=1 880w, https:\/\/i0.wp.com\/lahoradelcampo.com.uy\/site\/wp-content\/uploads\/2021\/12\/Ana-Araujo.jpg?resize=300%2C150&amp;ssl=1 300w, https:\/\/i0.wp.com\/lahoradelcampo.com.uy\/site\/wp-content\/uploads\/2021\/12\/Ana-Araujo.jpg?resize=768%2C384&amp;ssl=1 768w, https:\/\/i0.wp.com\/lahoradelcampo.com.uy\/site\/wp-content\/uploads\/2021\/12\/Ana-Araujo.jpg?resize=820%2C410&amp;ssl=1 820w\" sizes=\"auto, (max-width: 810px) 100vw, 810px\" \/><\/figure>\n\n\n\n<p>Ana Araujo, la representante de los productores en el consejo directivo del Instituto Nacional de Bienestar Animal (INBA) dijo a La Hora del Campo que \u00abel sufrimiento de las ovejas existe, es duro verlo, a esto nos enfrentamos los productores con cada ataque, a la frustraci\u00f3n, indignaci\u00f3n, dolor, impotencia\u00bb. Al mismo tiempo marc\u00f3 que \u00abno quererlo ver es no quererse hacer cargo de un tema que nos interpela como sociedad\u00bb.<br><\/p>\n\n\n\n<p>Explic\u00f3 que \u00ablos productores que sufren ataques en sus majadas son m\u00e1s propensos a sufrir ansiedad y depresi\u00f3n\u00bb, adem\u00e1s seg\u00fan indic\u00f3 \u00abafecta la vida productiva y familiar de las personas\u00bb y reclam\u00f3 que \u00abc\u00f3mo sociedad nos tenemos que hacer cargo y generar conciencia, es un cambio cultural que llevar\u00e1 tiempo\u00bb. Araujo hizo hincapi\u00e9 que \u00ablos productores que sufren sucesivos ataques, prefieren dejar la producci\u00f3n ovina y parte de su sustento para no ver sufrir a sus animales por nuevos ataques\u00bb<br><\/p>\n\n\n\n<p>La productora manifest\u00f3 haber solicitado junto al directorio del INBA, en agosto del a\u00f1o pasado la remoci\u00f3n del Gerente Ejecutivo del instituto, Gast\u00f3n Cossia, al Ing. Agr. Fernando Mattos, y luego el desacuerdo de los productores con el manejo del instituto qued\u00f3 de manifiesto en el comunicado del Congreso Extraordinario de la Federaci\u00f3n Rural el 11 de diciembre de 2021, donde se solicit\u00f3 la \u00abdestituci\u00f3n\u00bb del jerarca entendiendo que \u00absu perfil y desempe\u00f1o no han satisfecho las expectativas del agro\u00bb. <br><\/p>\n\n\n\n<p>De acuerdo a informaci\u00f3n que maneja La Hora del Campo, las gremiales reunidas en Campo Unido, la pasada semana evaluaron la continuidad de sus representantes ante la Junta Directiva del Instituto Nacional de Bienestar Animal. Si bien existen voces que plantean el retiro de los delegados, hay quienes sostienen que es m\u00e1s importante continuar trabajando desde adentro por soluciones, por lo que se defini\u00f3 mantener la representaci\u00f3n pero qued\u00f3 claro que se continuar\u00e1 evaluando el andamiaje del instituto. <\/p>\n\n\n\n<p>Salto, 1 de febrero de 2022<\/p>\n","protected":false},"excerpt":{"rendered":"<p>Ana Araujo, la representante de los productores en el consejo directivo del Instituto Nacional de Bienestar Animal (INBA) dijo a La Hora del Campo que \u00abel sufrimiento de las ovejas [&hellip;]<\/p>\n","protected":false},"author":5,"featured_media":37855,"comment_status":"open","ping_status":"open","sticky":false,"template":"","format":"standard","meta":{"_price":"","_stock":"","_tribe_ticket_header":"","_tribe_default_ticket_provider":"","_tribe_ticket_capacity":"0","_ticket_start_date":"","_ticket_end_date":"","_tribe_ticket_show_description":"","_tribe_ticket_show_not_going":false,"_tribe_ticket_use_global_stock":"","_tribe_ticket_global_stock_level":"","_global_stock_mode":"","_global_stock_cap":"","_tribe_rsvp_for_event":"","_tribe_ticket_going_count":"","_tribe_ticket_not_going_count":"","_tribe_tickets_list":"[]","_tribe_ticket_has_attendee_info_fields":false,"h5ap_radio_sources":[],"_jetpack_newsletter_access":"","_jetpack_dont_email_post_to_subs":false,"_jetpack_newsletter_tier_id":0,"_jetpack_memberships_contains_paywalled_content":false,"_jetpack_memberships_contains_paid_content":false,"footnotes":""},"categories":[21,13],"tags":[],"class_list":["post-38745","post","type-post","status-publish","format-standard","has-post-thumbnail","hentry","category-actualidad","category-ovinos"],"jetpack_featured_media_url":"https:\/\/i0.wp.com\/lahoradelcampo.com.uy\/site\/wp-content\/uploads\/2021\/12\/Ana-Araujo.jpg?fit=880%2C440&ssl=1","jetpack_sharing_enabled":true,"jetpack_shortlink":"https:\/\/wp.me\/p99IaT-a4V","jetpack-related-posts":[{"id":42253,"url":"https:\/\/lahoradelcampo.com.uy\/site\/perros-es-un-problema-de-todos-y-la-solucion-de-largo-aliento\/","url_meta":{"origin":38745,"position":0},"title":"Perros: es un problema de todos y la soluci\u00f3n de largo aliento","author":"La Hora del Campo","date":"30 mayo, 2022","format":false,"excerpt":"De las tem\u00e1ticas m\u00e1s importantes en estos dos d\u00edas y que gener\u00f3 un importante intercambio entre los distintos integrantes de la Federaci\u00f3n Rural, y ayer con las autoridades del Instituto Nacional de Bienestar Animal (INBA) fue la superpoblaci\u00f3n de perros y los ataques a animales de producci\u00f3n, principalmente al ovino.\u2026","rel":"","context":"En \u00abActualidad\u00bb","block_context":{"text":"Actualidad","link":"https:\/\/lahoradelcampo.com.uy\/site\/category\/actualidad\/"},"img":{"alt_text":"","src":"https:\/\/i0.wp.com\/lahoradelcampo.com.uy\/site\/wp-content\/uploads\/2022\/05\/FR-Perros.jpg?fit=880%2C440&ssl=1&resize=350%2C200","width":350,"height":200,"srcset":"https:\/\/i0.wp.com\/lahoradelcampo.com.uy\/site\/wp-content\/uploads\/2022\/05\/FR-Perros.jpg?fit=880%2C440&ssl=1&resize=350%2C200 1x, https:\/\/i0.wp.com\/lahoradelcampo.com.uy\/site\/wp-content\/uploads\/2022\/05\/FR-Perros.jpg?fit=880%2C440&ssl=1&resize=525%2C300 1.5x, https:\/\/i0.wp.com\/lahoradelcampo.com.uy\/site\/wp-content\/uploads\/2022\/05\/FR-Perros.jpg?fit=880%2C440&ssl=1&resize=700%2C400 2x"},"classes":[]},{"id":29788,"url":"https:\/\/lahoradelcampo.com.uy\/site\/productores-de-bella-union-reciben-ovinos-para-comenzar-en-la-produccion\/","url_meta":{"origin":38745,"position":1},"title":"Productores de Bella Uni\u00f3n reciben ovinos para comenzar en la producci\u00f3n","author":"La Hora del Campo","date":"7 mayo, 2021","format":false,"excerpt":"Un grupo de productores ovinos de Bella Uni\u00f3n, mediante un proyecto de articulaci\u00f3n institucional, del Ministerio de Ganader\u00eda, Agricultura y Pesca (MGAP) a trav\u00e9s de la Direcci\u00f3n de Desarrollo Rural, el SUL y el MIDES, est\u00e1n recibiendo 235 ovejas que les permitir\u00e1 ingresar en el rubro ovino. Para ello se\u2026","rel":"","context":"En \u00abActualidad\u00bb","block_context":{"text":"Actualidad","link":"https:\/\/lahoradelcampo.com.uy\/site\/category\/actualidad\/"},"img":{"alt_text":"","src":"https:\/\/i0.wp.com\/lahoradelcampo.com.uy\/site\/wp-content\/uploads\/2021\/05\/OvejasBU.jpg?fit=880%2C440&ssl=1&resize=350%2C200","width":350,"height":200,"srcset":"https:\/\/i0.wp.com\/lahoradelcampo.com.uy\/site\/wp-content\/uploads\/2021\/05\/OvejasBU.jpg?fit=880%2C440&ssl=1&resize=350%2C200 1x, https:\/\/i0.wp.com\/lahoradelcampo.com.uy\/site\/wp-content\/uploads\/2021\/05\/OvejasBU.jpg?fit=880%2C440&ssl=1&resize=525%2C300 1.5x, https:\/\/i0.wp.com\/lahoradelcampo.com.uy\/site\/wp-content\/uploads\/2021\/05\/OvejasBU.jpg?fit=880%2C440&ssl=1&resize=700%2C400 2x"},"classes":[]},{"id":51181,"url":"https:\/\/lahoradelcampo.com.uy\/site\/ovinos-es-momento-de-realizar-una-buena-planificacion-de-las-pariciones\/","url_meta":{"origin":38745,"position":2},"title":"Ovinos: es momento de realizar una buena planificaci\u00f3n de las pariciones","author":"La Hora del Campo","date":"12 junio, 2023","format":false,"excerpt":"La Dra. Sof\u00eda Salada, t\u00e9cnica del Secretariado Uruguayo de la Lana (SUL), advierte sobre la importancia de planificar y prepararse en el contexto de un clima cambiante y alterado por el cambio clim\u00e1tico. La experta resalta la necesidad de ordenar y ejecutar las tareas con precisi\u00f3n para evitar sufrir graves\u2026","rel":"","context":"En \u00abActualidad\u00bb","block_context":{"text":"Actualidad","link":"https:\/\/lahoradelcampo.com.uy\/site\/category\/actualidad\/"},"img":{"alt_text":"","src":"https:\/\/i0.wp.com\/lahoradelcampo.com.uy\/site\/wp-content\/uploads\/2023\/06\/SUL-SofiaSalada.jpg?fit=880%2C440&ssl=1&resize=350%2C200","width":350,"height":200,"srcset":"https:\/\/i0.wp.com\/lahoradelcampo.com.uy\/site\/wp-content\/uploads\/2023\/06\/SUL-SofiaSalada.jpg?fit=880%2C440&ssl=1&resize=350%2C200 1x, https:\/\/i0.wp.com\/lahoradelcampo.com.uy\/site\/wp-content\/uploads\/2023\/06\/SUL-SofiaSalada.jpg?fit=880%2C440&ssl=1&resize=525%2C300 1.5x, https:\/\/i0.wp.com\/lahoradelcampo.com.uy\/site\/wp-content\/uploads\/2023\/06\/SUL-SofiaSalada.jpg?fit=880%2C440&ssl=1&resize=700%2C400 2x"},"classes":[]},{"id":38749,"url":"https:\/\/lahoradelcampo.com.uy\/site\/fr-y-productores-rechazan-comunicado-de-suvepa\/","url_meta":{"origin":38745,"position":3},"title":"FR y productores rechazan comunicado de SUVEPA","author":"La Hora del Campo","date":"1 febrero, 2022","format":false,"excerpt":"El pasado viernes un grupo de productores rurales, cansado de ataques de perros en forma consecutiva, llev\u00f3 un grupo de ovejas v\u00edctimas de estos canes y las expuso frente a la Torre Ejecutiva en Plaza Independencia, en la capital del pa\u00eds. Este hecho se suma a las diferencias que se\u2026","rel":"","context":"En \u00abActualidad\u00bb","block_context":{"text":"Actualidad","link":"https:\/\/lahoradelcampo.com.uy\/site\/category\/actualidad\/"},"img":{"alt_text":"","src":"https:\/\/i0.wp.com\/lahoradelcampo.com.uy\/site\/wp-content\/uploads\/2022\/02\/Ovejas-torre.jpg?fit=880%2C440&ssl=1&resize=350%2C200","width":350,"height":200,"srcset":"https:\/\/i0.wp.com\/lahoradelcampo.com.uy\/site\/wp-content\/uploads\/2022\/02\/Ovejas-torre.jpg?fit=880%2C440&ssl=1&resize=350%2C200 1x, https:\/\/i0.wp.com\/lahoradelcampo.com.uy\/site\/wp-content\/uploads\/2022\/02\/Ovejas-torre.jpg?fit=880%2C440&ssl=1&resize=525%2C300 1.5x, https:\/\/i0.wp.com\/lahoradelcampo.com.uy\/site\/wp-content\/uploads\/2022\/02\/Ovejas-torre.jpg?fit=880%2C440&ssl=1&resize=700%2C400 2x"},"classes":[]},{"id":38711,"url":"https:\/\/lahoradelcampo.com.uy\/site\/vamos-a-tener-que-hacer-este-tipo-de-cosas-sino-nos-comen-en-dos-panes\/","url_meta":{"origin":38745,"position":4},"title":"\u00abVamos a tener que hacer este tipo de cosas, sino nos comen en dos panes\u00bb","author":"La Hora del Campo","date":"31 enero, 2022","format":false,"excerpt":"La problem\u00e1tica de los perros sueltos y los destrozos que los mismos causan en las majadas no es un tema nuevo, sino m\u00e1s bien recurrente en los distintos medios de prensa que cubren actividades agropecuarias. Aqu\u00ed en La Hora del Campo ya hemos, lamentablemente, compartido varias noticias donde dan cuenta\u2026","rel":"","context":"En \u00abActualidad\u00bb","block_context":{"text":"Actualidad","link":"https:\/\/lahoradelcampo.com.uy\/site\/category\/actualidad\/"},"img":{"alt_text":"","src":"https:\/\/i0.wp.com\/lahoradelcampo.com.uy\/site\/wp-content\/uploads\/2022\/01\/Scremini-ovejas-perro.jpg?fit=880%2C440&ssl=1&resize=350%2C200","width":350,"height":200,"srcset":"https:\/\/i0.wp.com\/lahoradelcampo.com.uy\/site\/wp-content\/uploads\/2022\/01\/Scremini-ovejas-perro.jpg?fit=880%2C440&ssl=1&resize=350%2C200 1x, https:\/\/i0.wp.com\/lahoradelcampo.com.uy\/site\/wp-content\/uploads\/2022\/01\/Scremini-ovejas-perro.jpg?fit=880%2C440&ssl=1&resize=525%2C300 1.5x, https:\/\/i0.wp.com\/lahoradelcampo.com.uy\/site\/wp-content\/uploads\/2022\/01\/Scremini-ovejas-perro.jpg?fit=880%2C440&ssl=1&resize=700%2C400 2x"},"classes":[]},{"id":2539,"url":"https:\/\/lahoradelcampo.com.uy\/site\/los-productores-estamos-cansados-que-nos-maltraten-de-esta-manera\/","url_meta":{"origin":38745,"position":5},"title":"Los productores \u00abestamos cansados  que nos maltraten de esta manera\u00bb","author":"La Hora del Campo","date":"11 octubre, 2017","format":false,"excerpt":"El productor salte\u00f1o, Carlos Secco, quien fuera en otrora presidente de la Asociaci\u00f3n Agropecuaria de Salto y de la Federaci\u00f3n Rural del Uruguay, dialog\u00f3 con La Hora del Campo sobre la conmoci\u00f3n social generada en torno al hecho registrado en un establecimiento rural de la zona de Itapeb\u00ed, en el\u2026","rel":"","context":"En \u00abActualidad\u00bb","block_context":{"text":"Actualidad","link":"https:\/\/lahoradelcampo.com.uy\/site\/category\/actualidad\/"},"img":{"alt_text":"","src":"https:\/\/i0.wp.com\/lahoradelcampo.com.uy\/site\/wp-content\/uploads\/2017\/10\/Carlos-Secco.jpg?fit=880%2C440&ssl=1&resize=350%2C200","width":350,"height":200,"srcset":"https:\/\/i0.wp.com\/lahoradelcampo.com.uy\/site\/wp-content\/uploads\/2017\/10\/Carlos-Secco.jpg?fit=880%2C440&ssl=1&resize=350%2C200 1x, https:\/\/i0.wp.com\/lahoradelcampo.com.uy\/site\/wp-content\/uploads\/2017\/10\/Carlos-Secco.jpg?fit=880%2C440&ssl=1&resize=525%2C300 1.5x, https:\/\/i0.wp.com\/lahoradelcampo.com.uy\/site\/wp-content\/uploads\/2017\/10\/Carlos-Secco.jpg?fit=880%2C440&ssl=1&resize=700%2C400 2x"},"classes":[]}],"jetpack_likes_enabled":true,"_links":{"self":[{"href":"https:\/\/lahoradelcampo.com.uy\/site\/wp-json\/wp\/v2\/posts\/38745","targetHints":{"allow":["GET"]}}],"collection":[{"href":"https:\/\/lahoradelcampo.com.uy\/site\/wp-json\/wp\/v2\/posts"}],"about":[{"href":"https:\/\/lahoradelcampo.com.uy\/site\/wp-json\/wp\/v2\/types\/post"}],"author":[{"embeddable":true,"href":"https:\/\/lahoradelcampo.com.uy\/site\/wp-json\/wp\/v2\/users\/5"}],"replies":[{"embeddable":true,"href":"https:\/\/lahoradelcampo.com.uy\/site\/wp-json\/wp\/v2\/comments?post=38745"}],"version-history":[{"count":1,"href":"https:\/\/lahoradelcampo.com.uy\/site\/wp-json\/wp\/v2\/posts\/38745\/revisions"}],"predecessor-version":[{"id":38747,"href":"https:\/\/lahoradelcampo.com.uy\/site\/wp-json\/wp\/v2\/posts\/38745\/revisions\/38747"}],"wp:featuredmedia":[{"embeddable":true,"href":"https:\/\/lahoradelcampo.com.uy\/site\/wp-json\/wp\/v2\/media\/37855"}],"wp:attachment":[{"href":"https:\/\/lahoradelcampo.com.uy\/site\/wp-json\/wp\/v2\/media?parent=38745"}],"wp:term":[{"taxonomy":"category","embeddable":true,"href":"https:\/\/lahoradelcampo.com.uy\/site\/wp-json\/wp\/v2\/categories?post=38745"},{"taxonomy":"post_tag","embeddable":true,"href":"https:\/\/lahoradelcampo.com.uy\/site\/wp-json\/wp\/v2\/tags?post=38745"}],"curies":[{"name":"wp","href":"https:\/\/api.w.org\/{rel}","templated":true}]}}