{"id":38741,"date":"2022-02-01T07:00:56","date_gmt":"2022-02-01T10:00:56","guid":{"rendered":"http:\/\/lahoradelcampo.com.uy\/site\/?p=38741"},"modified":"2022-01-31T10:03:00","modified_gmt":"2022-01-31T13:03:00","slug":"valdez-cia-realiza-manana-el-primer-remate-de-2022-en-valentin","status":"publish","type":"post","link":"https:\/\/lahoradelcampo.com.uy\/site\/valdez-cia-realiza-manana-el-primer-remate-de-2022-en-valentin\/","title":{"rendered":"Valdez &#038; C\u00eda, realiza ma\u00f1ana el  primer remate de 2022 en Valent\u00edn"},"content":{"rendered":"\n<figure class=\"wp-block-image\"><img data-recalc-dims=\"1\" loading=\"lazy\" decoding=\"async\" width=\"810\" height=\"405\" data-attachment-id=\"14429\" data-permalink=\"https:\/\/lahoradelcampo.com.uy\/site\/valdez-cia-coloco-el-100-de-la-oferta-en-local-valentin\/valentin-valdez\/\" data-orig-file=\"https:\/\/i0.wp.com\/lahoradelcampo.com.uy\/site\/wp-content\/uploads\/2019\/09\/valentin-valdez.jpg?fit=880%2C440&amp;ssl=1\" data-orig-size=\"880,440\" data-comments-opened=\"1\" data-image-meta=\"{&quot;aperture&quot;:&quot;0&quot;,&quot;credit&quot;:&quot;&quot;,&quot;camera&quot;:&quot;&quot;,&quot;caption&quot;:&quot;&quot;,&quot;created_timestamp&quot;:&quot;0&quot;,&quot;copyright&quot;:&quot;&quot;,&quot;focal_length&quot;:&quot;0&quot;,&quot;iso&quot;:&quot;0&quot;,&quot;shutter_speed&quot;:&quot;0&quot;,&quot;title&quot;:&quot;&quot;,&quot;orientation&quot;:&quot;1&quot;}\" data-image-title=\"valentin valdez\" data-image-description=\"\" data-image-caption=\"\" data-large-file=\"https:\/\/i0.wp.com\/lahoradelcampo.com.uy\/site\/wp-content\/uploads\/2019\/09\/valentin-valdez.jpg?fit=810%2C405&amp;ssl=1\" src=\"https:\/\/i0.wp.com\/lahoradelcampo.com.uy\/site\/wp-content\/uploads\/2019\/09\/valentin-valdez.jpg?resize=810%2C405\" alt=\"\" class=\"wp-image-14429\" srcset=\"https:\/\/i0.wp.com\/lahoradelcampo.com.uy\/site\/wp-content\/uploads\/2019\/09\/valentin-valdez.jpg?w=880&amp;ssl=1 880w, https:\/\/i0.wp.com\/lahoradelcampo.com.uy\/site\/wp-content\/uploads\/2019\/09\/valentin-valdez.jpg?resize=300%2C150&amp;ssl=1 300w, https:\/\/i0.wp.com\/lahoradelcampo.com.uy\/site\/wp-content\/uploads\/2019\/09\/valentin-valdez.jpg?resize=768%2C384&amp;ssl=1 768w, https:\/\/i0.wp.com\/lahoradelcampo.com.uy\/site\/wp-content\/uploads\/2019\/09\/valentin-valdez.jpg?resize=820%2C410&amp;ssl=1 820w\" sizes=\"auto, (max-width: 810px) 100vw, 810px\" \/><\/figure>\n\n\n\n<p>Este mi\u00e9rcoles 2 de febrero, la firma Jos\u00e9 A. Valdez &amp; C\u00eda, realizar\u00e1 su primer remate del a\u00f1o 2022 en el local de la Asociaci\u00f3n Fomento Rural de Valent\u00edn. la oferta estar\u00e1 compuesta por 360 vacunos y 370 ovinos que entrar\u00e1n a la venta desde las 15 horas, con la financiaci\u00f3n de Un Siglo. <br><\/p>\n\n\n\n<p>Juan Ignacio Pirotto, representante de la firma en Salto junto a Andr\u00e9s Dacol, dijo que este remate tendr\u00e1 \u00abexcelentes lotes de vacunos, ganados de Francesco y Antonio Papa, de estancia \u00abLa Mariantonia\u00bb. Son ganados de estancia sola marca, conocidos en la zona y sobre todo en el local Valent\u00edn donde siempre nos acompa\u00f1an con distintas consignaciones\u00bb dijo el consignatario. <br><\/p>\n\n\n\n<p>Destac\u00f3 que en esta oportunidad \u00abva un volumen interesante de vacas de invernar, donde se les est\u00e1 haciendo el tacto ma\u00f1ana lunes, as\u00ed que todo lo que vaya de vaca de invernar son falladas garantidas, por ecograf\u00eda, dos d\u00edas antes del remate\u00bb. <br><\/p>\n\n\n\n<p>Pirotto indic\u00f3 que son vacas \u00abgrandes, de buena caja\u00bb y resalt\u00f3 que en algunos lotes se podr\u00e1 manejar alg\u00fan plazo adicional. Seg\u00fan el consignatario \u00abvan m\u00e1s de 170 vacas, pero de ah\u00ed se sacaran unas 15 o 20 gordas y algunas para manufactura tambi\u00e9n. As\u00ed que la oferta de vacas de invernar ser\u00e1 entorno de las 130 vacas de punta\u00bb. <br><\/p>\n\n\n\n<p>En la categor\u00eda j\u00f3venes, indic\u00f3 que \u00abtambi\u00e9n de la firma de Francisco y Antonio Papa, van 150 terneros y terneras, destetados, entorno de los 140, 150 kilos, van a ser m\u00e1s hembras que machos\u00bb. <br><\/p>\n\n\n\n<p>A esta oferta principal, Pirotto sum\u00f3 la oferta de lotes de la zona de Colonia Lavalleja y Valent\u00edn, donde ingresan vacas de invernar, novillos de sobrea\u00f1o y vacas generales. <br><\/p>\n\n\n\n<p>Ovinos<br><\/p>\n\n\n\n<p>Respecto a los ovinos, Pirotto indic\u00f3 que \u00abvan 100 borregos y borregas merino cruza texel, esquiladas, con muy buen estado corporal, las borregas est\u00e1n prontas para la encarnerada, pesando 35 a 40 kilos\u00bb. En hembras tambi\u00e9n se suman \u00abovejas merino generales, ya sea para consumo o para sacar alg\u00fan cordero m\u00e1s\u00bb. <br><\/p>\n\n\n\n<p>A esa oferta se suman \u00ab140 corderos ideal, entorno a los 18 o 20 kilos, para gente que busque hacer una invernada de corderos, tiene para hacerse de esta punta interesante de corderos. Despu\u00e9s van corderos merino, cruza texel, compa\u00f1eros de las borregas pero un a\u00f1o m\u00e1s j\u00f3venes\u00bb. <br><\/p>\n\n\n\n<p>Para Juan Ignacio Pirotto, es \u00abun remate m\u00e1s que interesante\u00bb, principalmente en este momento donde \u00abescasea la oferta\u00bb. El consignatario dijo \u00abestamos con casi 400 vacunos y casi 400 lanares. Hay que aprovechar la oportunidad, ha llovido en distintos puntos del norte del pa\u00eds, as\u00ed que es el momento de empezar a reponer, principalmente por la muy buena calidad de la oferta que va a pasar por la pista\u00bb. <\/p>\n\n\n\n<p>Salto, 1 de febrero de 2022<\/p>\n","protected":false},"excerpt":{"rendered":"<p>Este mi\u00e9rcoles 2 de febrero, la firma Jos\u00e9 A. Valdez &amp; C\u00eda, realizar\u00e1 su primer remate del a\u00f1o 2022 en el local de la Asociaci\u00f3n Fomento Rural de Valent\u00edn. la [&hellip;]<\/p>\n","protected":false},"author":5,"featured_media":14429,"comment_status":"open","ping_status":"open","sticky":false,"template":"","format":"standard","meta":{"_price":"","_stock":"","_tribe_ticket_header":"","_tribe_default_ticket_provider":"","_tribe_ticket_capacity":"0","_ticket_start_date":"","_ticket_end_date":"","_tribe_ticket_show_description":"","_tribe_ticket_show_not_going":false,"_tribe_ticket_use_global_stock":"","_tribe_ticket_global_stock_level":"","_global_stock_mode":"","_global_stock_cap":"","_tribe_rsvp_for_event":"","_tribe_ticket_going_count":"","_tribe_ticket_not_going_count":"","_tribe_tickets_list":"[]","_tribe_ticket_has_attendee_info_fields":false,"h5ap_radio_sources":[],"_jetpack_newsletter_access":"","_jetpack_dont_email_post_to_subs":false,"_jetpack_newsletter_tier_id":0,"_jetpack_memberships_contains_paywalled_content":false,"_jetpack_memberships_contains_paid_content":false,"footnotes":""},"categories":[21,5],"tags":[],"class_list":["post-38741","post","type-post","status-publish","format-standard","has-post-thumbnail","hentry","category-actualidad","category-ganaderia"],"jetpack_featured_media_url":"https:\/\/i0.wp.com\/lahoradelcampo.com.uy\/site\/wp-content\/uploads\/2019\/09\/valentin-valdez.jpg?fit=880%2C440&ssl=1","jetpack_sharing_enabled":true,"jetpack_shortlink":"https:\/\/wp.me\/p99IaT-a4R","jetpack-related-posts":[{"id":19254,"url":"https:\/\/lahoradelcampo.com.uy\/site\/en-valentin-valdez-cia-remata-hoy-en-la-pista\/","url_meta":{"origin":38741,"position":0},"title":"En Valent\u00edn: Valdez &#038; C\u00eda remata hoy en la pista","author":"La Hora del Campo","date":"29 abril, 2020","format":false,"excerpt":"En la tarde de hoy la firma Jos\u00e9 A. Vald\u00e9z & C\u00eda rematar\u00e1 en el local de la Asociaci\u00f3n Fomento Rural de Valent\u00edn, 260 vacunos, 500 lanares y una yegua criolla de pedigree. La administraci\u00f3n de las ventas es propia con la financiaci\u00f3n del Fideicomiso Un Siglo. Juan Ignacio Pirotto,\u2026","rel":"","context":"En \u00abActualidad\u00bb","block_context":{"text":"Actualidad","link":"https:\/\/lahoradelcampo.com.uy\/site\/category\/actualidad\/"},"img":{"alt_text":"","src":"https:\/\/i0.wp.com\/lahoradelcampo.com.uy\/site\/wp-content\/uploads\/2019\/09\/Valdez.jpg?fit=880%2C440&ssl=1&resize=350%2C200","width":350,"height":200,"srcset":"https:\/\/i0.wp.com\/lahoradelcampo.com.uy\/site\/wp-content\/uploads\/2019\/09\/Valdez.jpg?fit=880%2C440&ssl=1&resize=350%2C200 1x, https:\/\/i0.wp.com\/lahoradelcampo.com.uy\/site\/wp-content\/uploads\/2019\/09\/Valdez.jpg?fit=880%2C440&ssl=1&resize=525%2C300 1.5x, https:\/\/i0.wp.com\/lahoradelcampo.com.uy\/site\/wp-content\/uploads\/2019\/09\/Valdez.jpg?fit=880%2C440&ssl=1&resize=700%2C400 2x"},"classes":[]},{"id":39647,"url":"https:\/\/lahoradelcampo.com.uy\/site\/agilidad-en-las-ventas-de-valdez-cia-ayer-en-valentin\/","url_meta":{"origin":38741,"position":1},"title":"Agilidad en las ventas de Valdez &#038; C\u00eda ayer en Valent\u00edn","author":"La Hora del Campo","date":"9 marzo, 2022","format":false,"excerpt":"En la jornada de ayer, la firma Jos\u00e9 A. Valdez & C\u00eda, realiz\u00f3 su remate del mes de marzo en el local de la Asociaci\u00f3n Fomento Rural de Valent\u00edn, con una oferta que se vio disminuida tanto en vacunos como ovinos, debido a las precipitaciones y algunos pasos crecidos en\u2026","rel":"","context":"En \u00abActualidad\u00bb","block_context":{"text":"Actualidad","link":"https:\/\/lahoradelcampo.com.uy\/site\/category\/actualidad\/"},"img":{"alt_text":"","src":"https:\/\/i0.wp.com\/lahoradelcampo.com.uy\/site\/wp-content\/uploads\/2021\/02\/valdez.jpg?fit=880%2C440&ssl=1&resize=350%2C200","width":350,"height":200,"srcset":"https:\/\/i0.wp.com\/lahoradelcampo.com.uy\/site\/wp-content\/uploads\/2021\/02\/valdez.jpg?fit=880%2C440&ssl=1&resize=350%2C200 1x, https:\/\/i0.wp.com\/lahoradelcampo.com.uy\/site\/wp-content\/uploads\/2021\/02\/valdez.jpg?fit=880%2C440&ssl=1&resize=525%2C300 1.5x, https:\/\/i0.wp.com\/lahoradelcampo.com.uy\/site\/wp-content\/uploads\/2021\/02\/valdez.jpg?fit=880%2C440&ssl=1&resize=700%2C400 2x"},"classes":[]},{"id":30680,"url":"https:\/\/lahoradelcampo.com.uy\/site\/ventas-totales-de-valdez-cia-en-valentin\/","url_meta":{"origin":38741,"position":2},"title":"Ventas totales de Valdez &#038; C\u00eda. en Valent\u00edn","author":"La Hora del Campo","date":"29 mayo, 2021","format":false,"excerpt":"El escritorio Jos\u00e9 A. Vald\u00e9z & C\u00eda, realiz\u00f3 en la jornada de ayer una nueva feria de reposici\u00f3n en el local de la Asociaci\u00f3n Fomento Rural de Valent\u00edn, con ventas totales tanto en ovinos como en bovinos, con valores acordes a la \u00e9poca del a\u00f1o. El representante de la firma\u2026","rel":"","context":"En \u00abActualidad\u00bb","block_context":{"text":"Actualidad","link":"https:\/\/lahoradelcampo.com.uy\/site\/category\/actualidad\/"},"img":{"alt_text":"","src":"https:\/\/i0.wp.com\/lahoradelcampo.com.uy\/site\/wp-content\/uploads\/2020\/09\/Valdezvalentina.jpg?fit=880%2C440&ssl=1&resize=350%2C200","width":350,"height":200,"srcset":"https:\/\/i0.wp.com\/lahoradelcampo.com.uy\/site\/wp-content\/uploads\/2020\/09\/Valdezvalentina.jpg?fit=880%2C440&ssl=1&resize=350%2C200 1x, https:\/\/i0.wp.com\/lahoradelcampo.com.uy\/site\/wp-content\/uploads\/2020\/09\/Valdezvalentina.jpg?fit=880%2C440&ssl=1&resize=525%2C300 1.5x, https:\/\/i0.wp.com\/lahoradelcampo.com.uy\/site\/wp-content\/uploads\/2020\/09\/Valdezvalentina.jpg?fit=880%2C440&ssl=1&resize=700%2C400 2x"},"classes":[]},{"id":32742,"url":"https:\/\/lahoradelcampo.com.uy\/site\/valdez-vuelve-al-local-valentin-con-210-vacunos-y-100-ovinos\/","url_meta":{"origin":38741,"position":3},"title":"Valdez vuelve  al local Valent\u00edn con 210 vacunos y 100 ovinos","author":"La Hora del Campo","date":"5 agosto, 2021","format":false,"excerpt":"Hoy jueves 5 de agosto, a partir de las 15 horas, el escritorio Valdez & Cia, retorna con los negocios a la pista del local de remates de la Asociaci\u00f3n Fomento Rural de Valent\u00edn. En esta pr\u00f3xima venta con una oferta primaria de 210 vacunos y 100 ovinos. Como es\u2026","rel":"","context":"En \u00abActualidad\u00bb","block_context":{"text":"Actualidad","link":"https:\/\/lahoradelcampo.com.uy\/site\/category\/actualidad\/"},"img":{"alt_text":"","src":"https:\/\/i0.wp.com\/lahoradelcampo.com.uy\/site\/wp-content\/uploads\/2019\/11\/Valentinaaa.jpg?fit=880%2C440&ssl=1&resize=350%2C200","width":350,"height":200,"srcset":"https:\/\/i0.wp.com\/lahoradelcampo.com.uy\/site\/wp-content\/uploads\/2019\/11\/Valentinaaa.jpg?fit=880%2C440&ssl=1&resize=350%2C200 1x, https:\/\/i0.wp.com\/lahoradelcampo.com.uy\/site\/wp-content\/uploads\/2019\/11\/Valentinaaa.jpg?fit=880%2C440&ssl=1&resize=525%2C300 1.5x, https:\/\/i0.wp.com\/lahoradelcampo.com.uy\/site\/wp-content\/uploads\/2019\/11\/Valentinaaa.jpg?fit=880%2C440&ssl=1&resize=700%2C400 2x"},"classes":[]},{"id":32618,"url":"https:\/\/lahoradelcampo.com.uy\/site\/valdez-tv-con-destacada-oferta-de-salto\/","url_meta":{"origin":38741,"position":4},"title":"Valdez TV con destacada oferta  de Salto","author":"La Hora del Campo","date":"2 agosto, 2021","format":false,"excerpt":"Comienza una semana movida para el escritorio salte\u00f1o de la firma Jos\u00e9 A. Valdez & C\u00eda., que tendr\u00e1 dos importantes ventas tanto de ovinos como de vacunos de la zona en ambos casos. El martes se realiza la vig\u00e9simo cuarta edici\u00f3n del remate Valdez Tv y el jueves los negocios\u2026","rel":"","context":"En \u00abActualidad\u00bb","block_context":{"text":"Actualidad","link":"https:\/\/lahoradelcampo.com.uy\/site\/category\/actualidad\/"},"img":{"alt_text":"","src":"https:\/\/i0.wp.com\/lahoradelcampo.com.uy\/site\/wp-content\/uploads\/2021\/08\/valdezsalto.jpg?fit=880%2C440&ssl=1&resize=350%2C200","width":350,"height":200,"srcset":"https:\/\/i0.wp.com\/lahoradelcampo.com.uy\/site\/wp-content\/uploads\/2021\/08\/valdezsalto.jpg?fit=880%2C440&ssl=1&resize=350%2C200 1x, https:\/\/i0.wp.com\/lahoradelcampo.com.uy\/site\/wp-content\/uploads\/2021\/08\/valdezsalto.jpg?fit=880%2C440&ssl=1&resize=525%2C300 1.5x, https:\/\/i0.wp.com\/lahoradelcampo.com.uy\/site\/wp-content\/uploads\/2021\/08\/valdezsalto.jpg?fit=880%2C440&ssl=1&resize=700%2C400 2x"},"classes":[]},{"id":23042,"url":"https:\/\/lahoradelcampo.com.uy\/site\/las-terneras-se-destacaron-en-la-pista-de-valentin-con-valdez-cia\/","url_meta":{"origin":38741,"position":5},"title":"Las terneras se destacaron en la pista de Valent\u00edn con Valdez &#038; C\u00eda.","author":"La Hora del Campo","date":"29 agosto, 2020","format":false,"excerpt":"Con un muy buen marco de compradores de distintos puntos del pa\u00eds, las ventas en el local Valent\u00edn a cargo de la firma Jos\u00e9 A. Valdez & C\u00eda, se colocaron de forma \u00e1gil y din\u00e1mica. En este sentido operaron clientes de los departamentos de Salto, Paysand\u00fa, Tacuaremb\u00f3 y R\u00edo Negro,\u2026","rel":"","context":"En \u00abActualidad\u00bb","block_context":{"text":"Actualidad","link":"https:\/\/lahoradelcampo.com.uy\/site\/category\/actualidad\/"},"img":{"alt_text":"","src":"https:\/\/i0.wp.com\/lahoradelcampo.com.uy\/site\/wp-content\/uploads\/2020\/08\/VALDEZ-Valentin.jpg?fit=880%2C440&ssl=1&resize=350%2C200","width":350,"height":200,"srcset":"https:\/\/i0.wp.com\/lahoradelcampo.com.uy\/site\/wp-content\/uploads\/2020\/08\/VALDEZ-Valentin.jpg?fit=880%2C440&ssl=1&resize=350%2C200 1x, https:\/\/i0.wp.com\/lahoradelcampo.com.uy\/site\/wp-content\/uploads\/2020\/08\/VALDEZ-Valentin.jpg?fit=880%2C440&ssl=1&resize=525%2C300 1.5x, https:\/\/i0.wp.com\/lahoradelcampo.com.uy\/site\/wp-content\/uploads\/2020\/08\/VALDEZ-Valentin.jpg?fit=880%2C440&ssl=1&resize=700%2C400 2x"},"classes":[]}],"jetpack_likes_enabled":true,"_links":{"self":[{"href":"https:\/\/lahoradelcampo.com.uy\/site\/wp-json\/wp\/v2\/posts\/38741","targetHints":{"allow":["GET"]}}],"collection":[{"href":"https:\/\/lahoradelcampo.com.uy\/site\/wp-json\/wp\/v2\/posts"}],"about":[{"href":"https:\/\/lahoradelcampo.com.uy\/site\/wp-json\/wp\/v2\/types\/post"}],"author":[{"embeddable":true,"href":"https:\/\/lahoradelcampo.com.uy\/site\/wp-json\/wp\/v2\/users\/5"}],"replies":[{"embeddable":true,"href":"https:\/\/lahoradelcampo.com.uy\/site\/wp-json\/wp\/v2\/comments?post=38741"}],"version-history":[{"count":1,"href":"https:\/\/lahoradelcampo.com.uy\/site\/wp-json\/wp\/v2\/posts\/38741\/revisions"}],"predecessor-version":[{"id":38743,"href":"https:\/\/lahoradelcampo.com.uy\/site\/wp-json\/wp\/v2\/posts\/38741\/revisions\/38743"}],"wp:featuredmedia":[{"embeddable":true,"href":"https:\/\/lahoradelcampo.com.uy\/site\/wp-json\/wp\/v2\/media\/14429"}],"wp:attachment":[{"href":"https:\/\/lahoradelcampo.com.uy\/site\/wp-json\/wp\/v2\/media?parent=38741"}],"wp:term":[{"taxonomy":"category","embeddable":true,"href":"https:\/\/lahoradelcampo.com.uy\/site\/wp-json\/wp\/v2\/categories?post=38741"},{"taxonomy":"post_tag","embeddable":true,"href":"https:\/\/lahoradelcampo.com.uy\/site\/wp-json\/wp\/v2\/tags?post=38741"}],"curies":[{"name":"wp","href":"https:\/\/api.w.org\/{rel}","templated":true}]}}