{"id":38735,"date":"2022-02-01T06:00:08","date_gmt":"2022-02-01T09:00:08","guid":{"rendered":"http:\/\/lahoradelcampo.com.uy\/site\/?p=38735"},"modified":"2022-01-31T09:44:19","modified_gmt":"2022-01-31T12:44:19","slug":"exportaciones-de-lana-suman-315-millones-de-kilos-en-2021","status":"publish","type":"post","link":"https:\/\/lahoradelcampo.com.uy\/site\/exportaciones-de-lana-suman-315-millones-de-kilos-en-2021\/","title":{"rendered":"Exportaciones de lana suman 31,5 millones de kilos en 2021"},"content":{"rendered":"\n<figure class=\"wp-block-image\"><img data-recalc-dims=\"1\" loading=\"lazy\" decoding=\"async\" width=\"810\" height=\"405\" data-attachment-id=\"7275\" data-permalink=\"https:\/\/lahoradelcampo.com.uy\/site\/china-empujo-fuerte-el-ime-en-australia\/lana-2-3\/\" data-orig-file=\"https:\/\/i0.wp.com\/lahoradelcampo.com.uy\/site\/wp-content\/uploads\/2018\/05\/lana-2.jpg?fit=880%2C440&amp;ssl=1\" data-orig-size=\"880,440\" data-comments-opened=\"1\" data-image-meta=\"{&quot;aperture&quot;:&quot;0&quot;,&quot;credit&quot;:&quot;&quot;,&quot;camera&quot;:&quot;&quot;,&quot;caption&quot;:&quot;&quot;,&quot;created_timestamp&quot;:&quot;0&quot;,&quot;copyright&quot;:&quot;&quot;,&quot;focal_length&quot;:&quot;0&quot;,&quot;iso&quot;:&quot;0&quot;,&quot;shutter_speed&quot;:&quot;0&quot;,&quot;title&quot;:&quot;&quot;,&quot;orientation&quot;:&quot;1&quot;}\" data-image-title=\"lana 2\" data-image-description=\"\" data-image-caption=\"\" data-large-file=\"https:\/\/i0.wp.com\/lahoradelcampo.com.uy\/site\/wp-content\/uploads\/2018\/05\/lana-2.jpg?fit=810%2C405&amp;ssl=1\" src=\"https:\/\/i0.wp.com\/lahoradelcampo.com.uy\/site\/wp-content\/uploads\/2018\/05\/lana-2.jpg?resize=810%2C405\" alt=\"\" class=\"wp-image-7275\" srcset=\"https:\/\/i0.wp.com\/lahoradelcampo.com.uy\/site\/wp-content\/uploads\/2018\/05\/lana-2.jpg?w=880&amp;ssl=1 880w, https:\/\/i0.wp.com\/lahoradelcampo.com.uy\/site\/wp-content\/uploads\/2018\/05\/lana-2.jpg?resize=300%2C150&amp;ssl=1 300w, https:\/\/i0.wp.com\/lahoradelcampo.com.uy\/site\/wp-content\/uploads\/2018\/05\/lana-2.jpg?resize=768%2C384&amp;ssl=1 768w, https:\/\/i0.wp.com\/lahoradelcampo.com.uy\/site\/wp-content\/uploads\/2018\/05\/lana-2.jpg?resize=820%2C410&amp;ssl=1 820w\" sizes=\"auto, (max-width: 810px) 100vw, 810px\" \/><\/figure>\n\n\n\n<p>Uruguay export\u00f3 31,5 millones de kilogramos de lana equivalente base sucia (tomando en consideraci\u00f3n las exportaciones de lana sucia, lavada y peinada).  Este volumen es un 65% superior al per\u00edodo anterior, sin embargo es un un 11% inferior a 2020 y 22.5% frente a 2019. Este volumen represent\u00f3 un ingreso de 159 millones de d\u00f3lares. <br><\/p>\n\n\n\n<p>Del total exportado, el 54% se export\u00f3 como lana peinada, el 20% lavada y el 26% restante sucia. Las ventas al exterior en volumen f\u00edsico aumentaron, para lana peinada un 65%, un 36% en lana lavada y un 96% para lana sucia. <br><\/p>\n\n\n\n<p>Fueron m\u00e1s de 30 los destinos de las ventas al exterior de lana durante el periodo considerado. Analizando en t\u00e9rminos de valor las exportaciones de lana sucia, lavada y peinada, totalizaron 159 millones de d\u00f3lares, lo que implica una suba del 69% respecto a igual periodo anterior.<br><\/p>\n\n\n\n<p>El principal destino en t\u00e9rmino de valor de las exportaciones de ese grupo de productos, continu\u00f3 siendo China, con el 27% del total. Lo siguen Alemania (16%) e Italia (16%), Bulgaria (7.6%), Egipto (5.2%) y Turqu\u00eda (4.4%).<br><\/p>\n\n\n\n<p>En lana sucia, China adquiri\u00f3 el 63% del total, seguido de Bulgaria (27%) e Italia con 7%. En este sub-rubro, se observa una suba de divisas comparado con el periodo anterior del 84% (total del periodo 42.2 millones de d\u00f3lares).<br><\/p>\n\n\n\n<p>En lana lavada, del total de ingresos China represent\u00f3 el 38.8%, seguido de Egipto (24%), Italia (12%) e India. En este sub-rubro, el destino m\u00e1s importante (China) aument\u00f3 sus compras en t\u00e9rminos de valor un 12%.<br><\/p>\n\n\n\n<p>Comparado con igual per\u00edodo anterior el ingreso por este concepto se ubic\u00f3 en los 31.5 millones de d\u00f3lares, un 73% m\u00e1s en comparaci\u00f3n al periodo anterior.<br><\/p>\n\n\n\n<p>En lana peinada, Alemania lidera adquiriendo el 30% del total (US$ 25.8 millones) mientras que China pasa a ubicarse en quinto lugar con un 4.7% del total adquirido. Italia ocupa el segundo lugar con un 22% y Turqu\u00eda se ubica en el tercer puesto (8%). En el cuarto puesto aparece M\u00e9xico comprando un 6% del total exportado.<br><\/p>\n\n\n\n<p>Comparado con igual periodo anterior las exportaciones registraron una suba del 60% en valores corrientes para ubicarse en un total de US$ 84.8 millones.<\/p>\n\n\n\n<p>Salto, 1 de febrero de 2022<\/p>\n","protected":false},"excerpt":{"rendered":"<p>Uruguay export\u00f3 31,5 millones de kilogramos de lana equivalente base sucia (tomando en consideraci\u00f3n las exportaciones de lana sucia, lavada y peinada). Este volumen es un 65% superior al per\u00edodo [&hellip;]<\/p>\n","protected":false},"author":5,"featured_media":7275,"comment_status":"open","ping_status":"open","sticky":false,"template":"","format":"standard","meta":{"_price":"","_stock":"","_tribe_ticket_header":"","_tribe_default_ticket_provider":"","_tribe_ticket_capacity":"0","_ticket_start_date":"","_ticket_end_date":"","_tribe_ticket_show_description":"","_tribe_ticket_show_not_going":false,"_tribe_ticket_use_global_stock":"","_tribe_ticket_global_stock_level":"","_global_stock_mode":"","_global_stock_cap":"","_tribe_rsvp_for_event":"","_tribe_ticket_going_count":"","_tribe_ticket_not_going_count":"","_tribe_tickets_list":"[]","_tribe_ticket_has_attendee_info_fields":false,"h5ap_radio_sources":[],"_jetpack_newsletter_access":"","_jetpack_dont_email_post_to_subs":false,"_jetpack_newsletter_tier_id":0,"_jetpack_memberships_contains_paywalled_content":false,"_jetpack_memberships_contains_paid_content":false,"footnotes":""},"categories":[21,13],"tags":[],"class_list":["post-38735","post","type-post","status-publish","format-standard","has-post-thumbnail","hentry","category-actualidad","category-ovinos"],"jetpack_featured_media_url":"https:\/\/i0.wp.com\/lahoradelcampo.com.uy\/site\/wp-content\/uploads\/2018\/05\/lana-2.jpg?fit=880%2C440&ssl=1","jetpack_sharing_enabled":true,"jetpack_shortlink":"https:\/\/wp.me\/p99IaT-a4L","jetpack-related-posts":[{"id":9563,"url":"https:\/\/lahoradelcampo.com.uy\/site\/exportaciones-de-lana-crecieron-un-125\/","url_meta":{"origin":38735,"position":0},"title":"Exportaciones de lana crecieron un 12,5%","author":"La Hora del Campo","date":"4 abril, 2019","format":false,"excerpt":"En t\u00e9rminos de volumen f\u00edsico, durante el periodo considerado Uruguay export\u00f3 un total de 41 millones de kilos de lana equivalente base sucia (considerando lana sucia, lavada y peinada), 3.6% menos que en igual per\u00edodo anterior. El 53.7% se export\u00f3 peinada, el 20.3% sucia y el 26% restante lavada. Las\u2026","rel":"","context":"En \u00abActualidad\u00bb","block_context":{"text":"Actualidad","link":"https:\/\/lahoradelcampo.com.uy\/site\/category\/actualidad\/"},"img":{"alt_text":"","src":"https:\/\/i0.wp.com\/lahoradelcampo.com.uy\/site\/wp-content\/uploads\/2019\/04\/Lanas.jpg?fit=880%2C440&ssl=1&resize=350%2C200","width":350,"height":200,"srcset":"https:\/\/i0.wp.com\/lahoradelcampo.com.uy\/site\/wp-content\/uploads\/2019\/04\/Lanas.jpg?fit=880%2C440&ssl=1&resize=350%2C200 1x, https:\/\/i0.wp.com\/lahoradelcampo.com.uy\/site\/wp-content\/uploads\/2019\/04\/Lanas.jpg?fit=880%2C440&ssl=1&resize=525%2C300 1.5x, https:\/\/i0.wp.com\/lahoradelcampo.com.uy\/site\/wp-content\/uploads\/2019\/04\/Lanas.jpg?fit=880%2C440&ssl=1&resize=700%2C400 2x"},"classes":[]},{"id":35317,"url":"https:\/\/lahoradelcampo.com.uy\/site\/exportaciones-del-rubro-ovino-subieron-un-72\/","url_meta":{"origin":38735,"position":1},"title":"Exportaciones del rubro ovino subieron un 72%","author":"La Hora del Campo","date":"10 octubre, 2021","format":false,"excerpt":"Las exportaciones del rubro ovino superaron en un 72% los ingresos de igual per\u00edodo de 2020, seg\u00fan la informaci\u00f3n publicada por el Secretariado Uruguayo de la Lana (SUL). En este per\u00edodo, la lana vuelve a posicionarse por encima de la carne ovina en el ingreso por las ventas del rubro.\u2026","rel":"","context":"En \u00abActualidad\u00bb","block_context":{"text":"Actualidad","link":"https:\/\/lahoradelcampo.com.uy\/site\/category\/actualidad\/"},"img":{"alt_text":"","src":"https:\/\/i0.wp.com\/lahoradelcampo.com.uy\/site\/wp-content\/uploads\/2019\/05\/lanasss.jpg?fit=880%2C440&ssl=1&resize=350%2C200","width":350,"height":200,"srcset":"https:\/\/i0.wp.com\/lahoradelcampo.com.uy\/site\/wp-content\/uploads\/2019\/05\/lanasss.jpg?fit=880%2C440&ssl=1&resize=350%2C200 1x, https:\/\/i0.wp.com\/lahoradelcampo.com.uy\/site\/wp-content\/uploads\/2019\/05\/lanasss.jpg?fit=880%2C440&ssl=1&resize=525%2C300 1.5x, https:\/\/i0.wp.com\/lahoradelcampo.com.uy\/site\/wp-content\/uploads\/2019\/05\/lanasss.jpg?fit=880%2C440&ssl=1&resize=700%2C400 2x"},"classes":[]},{"id":3851,"url":"https:\/\/lahoradelcampo.com.uy\/site\/exportaciones-del-rubro-ovino-caen-un-24-en-2017\/","url_meta":{"origin":38735,"position":2},"title":"Exportaciones del rubro ovino caen un 24% en 2017","author":"La Hora del Campo","date":"13 noviembre, 2017","format":false,"excerpt":"En octubre de 2017, las exportaciones del rubro ovino registraron una suba del 25% respecto a octubre 2016. La lana sucia, lavada y peinada registr\u00f3 subas en valor y en volumen. Tambi\u00e9n se incrementaron las exportaciones de carne ovina. Las de grasa de lana y lanolina disminuyeron un 9.9%. Por\u2026","rel":"","context":"En \u00abActualidad\u00bb","block_context":{"text":"Actualidad","link":"https:\/\/lahoradelcampo.com.uy\/site\/category\/actualidad\/"},"img":{"alt_text":"","src":"https:\/\/i0.wp.com\/lahoradelcampo.com.uy\/site\/wp-content\/uploads\/2017\/11\/Ovinos.jpg?fit=880%2C440&ssl=1&resize=350%2C200","width":350,"height":200,"srcset":"https:\/\/i0.wp.com\/lahoradelcampo.com.uy\/site\/wp-content\/uploads\/2017\/11\/Ovinos.jpg?fit=880%2C440&ssl=1&resize=350%2C200 1x, https:\/\/i0.wp.com\/lahoradelcampo.com.uy\/site\/wp-content\/uploads\/2017\/11\/Ovinos.jpg?fit=880%2C440&ssl=1&resize=525%2C300 1.5x, https:\/\/i0.wp.com\/lahoradelcampo.com.uy\/site\/wp-content\/uploads\/2017\/11\/Ovinos.jpg?fit=880%2C440&ssl=1&resize=700%2C400 2x"},"classes":[]},{"id":32794,"url":"https:\/\/lahoradelcampo.com.uy\/site\/exportaciones-de-lana-suben-un-275-en-los-ultimos-12-meses\/","url_meta":{"origin":38735,"position":3},"title":"Exportaciones de lana suben un 27,5% en los \u00faltimos 12 meses","author":"La Hora del Campo","date":"6 agosto, 2021","format":false,"excerpt":"De acuerdo a la informaci\u00f3n publicada por el Secretariado Uruguayo de la Lana (SUL) en los \u00faltimos 12 meses a julio de 2021, las exportaciones de lana analizadas en t\u00e9rminos de volumen f\u00edsico, Uruguay export\u00f3 un total de 25,5 millones de kilos de lana equivalente base sucia (considerando lana sucia,\u2026","rel":"","context":"En \u00abActualidad\u00bb","block_context":{"text":"Actualidad","link":"https:\/\/lahoradelcampo.com.uy\/site\/category\/actualidad\/"},"img":{"alt_text":"","src":"https:\/\/i0.wp.com\/lahoradelcampo.com.uy\/site\/wp-content\/uploads\/2019\/04\/Lanas.jpg?fit=880%2C440&ssl=1&resize=350%2C200","width":350,"height":200,"srcset":"https:\/\/i0.wp.com\/lahoradelcampo.com.uy\/site\/wp-content\/uploads\/2019\/04\/Lanas.jpg?fit=880%2C440&ssl=1&resize=350%2C200 1x, https:\/\/i0.wp.com\/lahoradelcampo.com.uy\/site\/wp-content\/uploads\/2019\/04\/Lanas.jpg?fit=880%2C440&ssl=1&resize=525%2C300 1.5x, https:\/\/i0.wp.com\/lahoradelcampo.com.uy\/site\/wp-content\/uploads\/2019\/04\/Lanas.jpg?fit=880%2C440&ssl=1&resize=700%2C400 2x"},"classes":[]},{"id":24526,"url":"https:\/\/lahoradelcampo.com.uy\/site\/exportaciones-del-rubro-ovino-sumaron-180-millones-de-dolares-a-setiembre\/","url_meta":{"origin":38735,"position":4},"title":"Exportaciones del rubro ovino sumaron 180 millones de d\u00f3lares a setiembre","author":"La Hora del Campo","date":"10 octubre, 2020","format":false,"excerpt":"Durante el \u00faltimo a\u00f1o m\u00f3vil, octubre 2019-setiembre 2020, ingresaron a Uruguay un total de 180 millones de d\u00f3lares por concepto de exportaciones de los productos que componen el Rubro Ovino (lanas y productos de lana, carne ovina, pieles ovinas, ovinos en pie y grasa de lana y lanolina) de acuerdo\u2026","rel":"","context":"En \u00abActualidad\u00bb","block_context":{"text":"Actualidad","link":"https:\/\/lahoradelcampo.com.uy\/site\/category\/actualidad\/"},"img":{"alt_text":"","src":"https:\/\/i0.wp.com\/lahoradelcampo.com.uy\/site\/wp-content\/uploads\/2017\/11\/Lanas.jpg?fit=880%2C440&ssl=1&resize=350%2C200","width":350,"height":200,"srcset":"https:\/\/i0.wp.com\/lahoradelcampo.com.uy\/site\/wp-content\/uploads\/2017\/11\/Lanas.jpg?fit=880%2C440&ssl=1&resize=350%2C200 1x, https:\/\/i0.wp.com\/lahoradelcampo.com.uy\/site\/wp-content\/uploads\/2017\/11\/Lanas.jpg?fit=880%2C440&ssl=1&resize=525%2C300 1.5x, https:\/\/i0.wp.com\/lahoradelcampo.com.uy\/site\/wp-content\/uploads\/2017\/11\/Lanas.jpg?fit=880%2C440&ssl=1&resize=700%2C400 2x"},"classes":[]},{"id":36403,"url":"https:\/\/lahoradelcampo.com.uy\/site\/exportaciones-del-rubro-ovino-crecen-un-67-en-2021\/","url_meta":{"origin":38735,"position":5},"title":"Exportaciones del rubro ovino crecen  un 67% en 2021","author":"La Hora del Campo","date":"10 noviembre, 2021","format":false,"excerpt":"Entre enero y octubre de 2021, las exportaciones del rubro ovino han crecido un 67% seg\u00fan los datos publicados por el Secretariado Uruguayo del Lana. En este periodo considerado la participaci\u00f3n de lana y productos de lana se mantiene por encima de la participaci\u00f3n de carne ovina dentro del total\u2026","rel":"","context":"En \u00abActualidad\u00bb","block_context":{"text":"Actualidad","link":"https:\/\/lahoradelcampo.com.uy\/site\/category\/actualidad\/"},"img":{"alt_text":"","src":"https:\/\/i0.wp.com\/lahoradelcampo.com.uy\/site\/wp-content\/uploads\/2017\/11\/Lanas-1.jpg?fit=880%2C440&ssl=1&resize=350%2C200","width":350,"height":200,"srcset":"https:\/\/i0.wp.com\/lahoradelcampo.com.uy\/site\/wp-content\/uploads\/2017\/11\/Lanas-1.jpg?fit=880%2C440&ssl=1&resize=350%2C200 1x, https:\/\/i0.wp.com\/lahoradelcampo.com.uy\/site\/wp-content\/uploads\/2017\/11\/Lanas-1.jpg?fit=880%2C440&ssl=1&resize=525%2C300 1.5x, https:\/\/i0.wp.com\/lahoradelcampo.com.uy\/site\/wp-content\/uploads\/2017\/11\/Lanas-1.jpg?fit=880%2C440&ssl=1&resize=700%2C400 2x"},"classes":[]}],"jetpack_likes_enabled":true,"_links":{"self":[{"href":"https:\/\/lahoradelcampo.com.uy\/site\/wp-json\/wp\/v2\/posts\/38735","targetHints":{"allow":["GET"]}}],"collection":[{"href":"https:\/\/lahoradelcampo.com.uy\/site\/wp-json\/wp\/v2\/posts"}],"about":[{"href":"https:\/\/lahoradelcampo.com.uy\/site\/wp-json\/wp\/v2\/types\/post"}],"author":[{"embeddable":true,"href":"https:\/\/lahoradelcampo.com.uy\/site\/wp-json\/wp\/v2\/users\/5"}],"replies":[{"embeddable":true,"href":"https:\/\/lahoradelcampo.com.uy\/site\/wp-json\/wp\/v2\/comments?post=38735"}],"version-history":[{"count":1,"href":"https:\/\/lahoradelcampo.com.uy\/site\/wp-json\/wp\/v2\/posts\/38735\/revisions"}],"predecessor-version":[{"id":38737,"href":"https:\/\/lahoradelcampo.com.uy\/site\/wp-json\/wp\/v2\/posts\/38735\/revisions\/38737"}],"wp:featuredmedia":[{"embeddable":true,"href":"https:\/\/lahoradelcampo.com.uy\/site\/wp-json\/wp\/v2\/media\/7275"}],"wp:attachment":[{"href":"https:\/\/lahoradelcampo.com.uy\/site\/wp-json\/wp\/v2\/media?parent=38735"}],"wp:term":[{"taxonomy":"category","embeddable":true,"href":"https:\/\/lahoradelcampo.com.uy\/site\/wp-json\/wp\/v2\/categories?post=38735"},{"taxonomy":"post_tag","embeddable":true,"href":"https:\/\/lahoradelcampo.com.uy\/site\/wp-json\/wp\/v2\/tags?post=38735"}],"curies":[{"name":"wp","href":"https:\/\/api.w.org\/{rel}","templated":true}]}}