{"id":38711,"date":"2022-01-31T09:30:52","date_gmt":"2022-01-31T12:30:52","guid":{"rendered":"http:\/\/lahoradelcampo.com.uy\/site\/?p=38711"},"modified":"2022-01-31T09:30:59","modified_gmt":"2022-01-31T12:30:59","slug":"vamos-a-tener-que-hacer-este-tipo-de-cosas-sino-nos-comen-en-dos-panes","status":"publish","type":"post","link":"https:\/\/lahoradelcampo.com.uy\/site\/vamos-a-tener-que-hacer-este-tipo-de-cosas-sino-nos-comen-en-dos-panes\/","title":{"rendered":"\u00abVamos a tener que hacer este tipo de cosas, sino nos comen en dos panes\u00bb"},"content":{"rendered":"\n<figure class=\"wp-block-image\"><img data-recalc-dims=\"1\" loading=\"lazy\" decoding=\"async\" width=\"810\" height=\"405\" data-attachment-id=\"38713\" data-permalink=\"https:\/\/lahoradelcampo.com.uy\/site\/vamos-a-tener-que-hacer-este-tipo-de-cosas-sino-nos-comen-en-dos-panes\/scremini-ovejas-perro\/\" data-orig-file=\"https:\/\/i0.wp.com\/lahoradelcampo.com.uy\/site\/wp-content\/uploads\/2022\/01\/Scremini-ovejas-perro.jpg?fit=880%2C440&amp;ssl=1\" data-orig-size=\"880,440\" data-comments-opened=\"1\" data-image-meta=\"{&quot;aperture&quot;:&quot;0&quot;,&quot;credit&quot;:&quot;&quot;,&quot;camera&quot;:&quot;&quot;,&quot;caption&quot;:&quot;&quot;,&quot;created_timestamp&quot;:&quot;0&quot;,&quot;copyright&quot;:&quot;&quot;,&quot;focal_length&quot;:&quot;0&quot;,&quot;iso&quot;:&quot;0&quot;,&quot;shutter_speed&quot;:&quot;0&quot;,&quot;title&quot;:&quot;&quot;,&quot;orientation&quot;:&quot;1&quot;}\" data-image-title=\"Scremini-ovejas-perro\" data-image-description=\"\" data-image-caption=\"\" data-large-file=\"https:\/\/i0.wp.com\/lahoradelcampo.com.uy\/site\/wp-content\/uploads\/2022\/01\/Scremini-ovejas-perro.jpg?fit=810%2C405&amp;ssl=1\" src=\"https:\/\/i0.wp.com\/lahoradelcampo.com.uy\/site\/wp-content\/uploads\/2022\/01\/Scremini-ovejas-perro.jpg?resize=810%2C405\" alt=\"\" class=\"wp-image-38713\" srcset=\"https:\/\/i0.wp.com\/lahoradelcampo.com.uy\/site\/wp-content\/uploads\/2022\/01\/Scremini-ovejas-perro.jpg?w=880&amp;ssl=1 880w, https:\/\/i0.wp.com\/lahoradelcampo.com.uy\/site\/wp-content\/uploads\/2022\/01\/Scremini-ovejas-perro.jpg?resize=300%2C150&amp;ssl=1 300w, https:\/\/i0.wp.com\/lahoradelcampo.com.uy\/site\/wp-content\/uploads\/2022\/01\/Scremini-ovejas-perro.jpg?resize=768%2C384&amp;ssl=1 768w, https:\/\/i0.wp.com\/lahoradelcampo.com.uy\/site\/wp-content\/uploads\/2022\/01\/Scremini-ovejas-perro.jpg?resize=820%2C410&amp;ssl=1 820w\" sizes=\"auto, (max-width: 810px) 100vw, 810px\" \/><\/figure>\n\n\n\n<p>La problem\u00e1tica de los perros sueltos y los destrozos que los mismos causan en las majadas no es un tema nuevo, sino m\u00e1s bien recurrente en los distintos medios de prensa que cubren actividades agropecuarias. Aqu\u00ed en La Hora del Campo ya hemos, lamentablemente, compartido varias noticias donde dan cuenta de la mortandad de ovinos principalmente, pero tambi\u00e9n de alg\u00fan vacuno, a raz\u00f3n del ataque de jaur\u00edas de perros. <br><\/p>\n\n\n\n<p>A pesar de lo mencionado anteriormente, el viernes los ciudadanos de la capital del pa\u00eds miraban azorados, estupefactos, at\u00f3nitos, como un grupo productores hab\u00eda llevado un par de ovejas mordidas por los perros para mostrarlas frente a la Torre Ejecutiva. <br><\/p>\n\n\n\n<p>Claramente esto gener\u00f3 repercusi\u00f3n en varios medios y seguramente por varios d\u00edas se llamar\u00e1n a profesionales, referentes y pol\u00edticos a hablar del tema, sin embargo las p\u00e9rdidas siguen y los productores abandonan un rubro, que ha quedado demostrado por la investigaci\u00f3n, es muy rentable y favorece la radicaci\u00f3n de la gente en el medio rural.<br><\/p>\n\n\n\n<p>Las gremiales agropecuarias, reunidas en Campo Unido en su \u00faltima reuni\u00f3n analiz\u00f3 la situaci\u00f3n del Instituto Nacional de Bienestar Animal (INBA) y la continuidad de los representantes en el consejo directivo de la instituci\u00f3n, que por el momento se decidi\u00f3 continuar. La interrogante de las gremiales est\u00e1 basada en la solicitud de renuncia del Director Ejecutivo, Gast\u00f3n Cossia, que se realiz\u00f3 en el mes de agosto de 2021, al ministro de Ganader\u00eda, Agricultura y Pesca. <br><\/p>\n\n\n\n<p>Si bien existen gremiales que ya han planteado el retiro de los representantes de los productores del instituto, existen otros directivos que sostienen que es muy importante estar dentro del INBA, para lograr que las pol\u00edticas tengan un efecto positivo sobre el bienestar animal y este tema en particular. <br><\/p>\n\n\n\n<p>Puntualmente, sobre esta movida, dialogamos con el Dr. Pedro Scremini, productor ovejero y profesional vinculado al rubro durante mucho tiempo como t\u00e9cnico del Secretariado Uruguayo de la Lana (SUL), qui\u00e9n particip\u00f3 de esta movida y mostr\u00f3 su malestar por la ausencia de acciones desde el Estado para paliar esta situaci\u00f3n. <br><\/p>\n\n\n\n<p><strong>\u00bfDr. Scremini, porque ir a la capital del pa\u00eds y llevar las ovejas mordidas?<\/strong><br><\/p>\n\n\n\n<p>Primero decir que el viernes a las 6:30 de la ma\u00f1ana se decidi\u00f3, fue totalmente improvisado. En segundo lugar la invitaci\u00f3n dec\u00eda, \u00abestamos haciendo algo que no nos gusta, que no queremos hacer, pero es demasiado\u00bb. Todos los d\u00edas tenemos estas denuncias, todos los d\u00edas nos estamos enterando de ataques de perros en distintos puntos del pa\u00eds.<br><\/p>\n\n\n\n<p>Esto no es solo por el da\u00f1o a la oveja en s\u00ed, es el da\u00f1o a la moral de la gente, porque detr\u00e1s de cada oveja hay una persona, hay una familia, hay un padre que tiene que mantener al hijo. La gente tiene que saber que hay productores chicos que producen para poner algo de carne en el puchero.<br><\/p>\n\n\n\n<p>En la vuelta de los pueblos hay muchos predios chicos que pueden tener un alivio en su econom\u00eda y no pueden tener ovejas porque o se las roban, que hoy est\u00e1n m\u00e1s tranquilos en algunas zonas, o se las comen los perros. Donde est\u00e1 la libertad de hacer lo que quieras en este pa\u00eds. <br><\/p>\n\n\n\n<p>Por eso fuimos a reclamar. Ya hab\u00edamos hecho en 2019 una incursi\u00f3n en Melo con esto mismo, y hace tiempo que ven\u00edamos diciendo nos van  a obligar  a ir a Montevideo, y sali\u00f3 demasiada improvisada. <br><\/p>\n\n\n\n<p><strong>\u00bfSe puede lograr alg\u00fan cambio con esto?<\/strong><br><\/p>\n\n\n\n<p>Yo no veo cambios porque el Gobierno est\u00e1 muy jugado. Estas son decisiones pol\u00edticas, va mucho de este gobierno y en cualquier momento estamos en campa\u00f1a electoral. <br><\/p>\n\n\n\n<p>Vamos a tener que seguir presionando, peleando por esa gente que tiene derecho a tener alguna oveja y no la puede tener porque se desestimula. Ayer recib\u00ed dos audios, uno de una persona en Curtina, que hab\u00eda liquidado las ovejas, y otro productor en Rocha que tambi\u00e9n hab\u00eda liquidado las ovejas, por el tema de los perros. <br><\/p>\n\n\n\n<p>Benech (ex-ministro) en una reuni\u00f3n que fuimos en el 2019, nos dijo \u00ablo que ustedes tienen que hacer es hacer visible todo este drama, porque tienen m\u00e1s fuerza las mujeres que se paran con un perrito frente a la c\u00e1mara que ustedes que est\u00e1n en la mitad del campo\u00bb. Me pareci\u00f3 papenlonesco que un ministro dijera eso, pero fue la contestaci\u00f3n que nos dio un ministro frente a este tema. Hoy, tomando eso es que hacemos esto. Es horrible, antip\u00e1tico, much\u00edsima gente critic\u00f3 pero much\u00edsima gente apoyo. <br><\/p>\n\n\n\n<p>No creo que vayamos a lograr dar vuelta la torta pero nosotros los productores vamos a tener que hacer este tipo de cosas para visualizarlo, sino nos comen en dos panes. <br><\/p>\n\n\n\n<p><strong>El actual director ejecutivo del Instituto de Bienestar Animal, Gast\u00f3n Cossia, public\u00f3 en su cuenta de Twitter que \u00abEl sufrimiento y padecimiento animal no merece la exposici\u00f3n y exhibicionismo\u201d<\/strong><br><\/p>\n\n\n\n<p>Nosotros fuimos a mostrar lo que pasa. \u00bfAhora resulta que los culpables somos nosotros, cuando hace a\u00f1os que venimos reclamando?. <br><\/p>\n\n\n\n<p>Cossia me parece lamentable, un demagogo barato que est\u00e1 jugando un tema pol\u00edtico, no le interesa \u00abun pito\u00bb\u00b4 los animales. \u00c9l est\u00e1 ah\u00ed por un tema pol\u00edtico y en definitiva por un tema econ\u00f3mico porque le sirve para ganarse la vida, pero no le interesan los animales. <br><\/p>\n\n\n\n<p>\u00c9l utiliza a los animales, los perritos y las se\u00f1oras, para dar manija. Si le interesaban los animales hubiera aparecido y no apareci\u00f3. Sin embargo el mi\u00e9rcoles cuando les arrasaban las ovejas a los tres productores de Melo, el entregaba un diploma a los Bomberos porque hab\u00edan salvado tres perritos, estamos todos locos, nos est\u00e1n tomando el pelo. El Frente Amplio es un poroto al lado de esto. <br><\/p>\n\n\n\n<p>Yo aplaudo a los Bomberos, me parece bien, pero que la principal figura del Instituto de Bienestar Animal este haciendo eso y no este con los productores cuando pasan estas cosas te lo muestra en cuerpo entero como es. <br><\/p>\n\n\n\n<p><strong>\u00bfMantuvieron alg\u00fan contacto con las autoridades?<\/strong><br><\/p>\n\n\n\n<p>Llam\u00f3 Fernando Mattos, la verdad que no lo atend\u00ed y no lo llame, no me sent\u00eda con ganas de conversar. Despu\u00e9s se que hizo llegar a Marcelo Nougue una invitaci\u00f3n y que nos recib\u00eda en el Ministerio, y la verdad que decidimos no ir. <br><\/p>\n\n\n\n<p>Mattos es un productor, lo conozco de much\u00edsimos a\u00f1os, sabe lo que pasa, sabe lo que hay que hacer. \u00c9l recibi\u00f3 hace unos meses junto a \u00c1lvaro Delgado un trabajo hecho por las quince sociedades de criadores de ovinos que le dan lineamientos de lo que ellos entienden habr\u00eda que hacer, o sea que sabe bien del tema, de la inquietud de los productores, por eso no nos pareci\u00f3 conveniente de ninguna manera ir a visitarlo. <br><\/p>\n\n\n\n<p><strong>\u00bfLa culpa es de los perros? <\/strong><br><\/p>\n\n\n\n<p>No. La culpa es nuestra como personas, como sociedad, porque somos unos irresponsables. Pero el Estado nos tiene que ayudar a organizar esto. <br><\/p>\n\n\n\n<p>Por ejemplo, el Transito no lo organizas con panfletos y comentarios en la radio, el transito lo organizas con inspectores, con c\u00e1maras, con carteles, con multas, sanciones, no es as\u00ed nom\u00e1s que se organiza el transito. Esto es lo mismo, si ac\u00e1 no tenes un Estado, alguien que fiscalice y encamine esto es imposible. <br><\/p>\n\n\n\n<p><strong>El productor cuenta con el C\u00f3digo Rural que lo ampara ante la eliminaci\u00f3n del perro que est\u00e1 haciendo da\u00f1o en su majada. \u00bfUstedes entienden que esto no es v\u00e1lido en la pr\u00e1ctica?<\/strong><br><\/p>\n\n\n\n<p>Eso es lo que esgrimen las autoridades, y eso son cortinas de humo. El que sabe como es el tema, sabe que en el 90% de los casos ni siquiera ves los perros, y si por esas casualidades lo ves, vos nunca andas armado en el campo, no andas con balas, cuando lo ves estas vos desarmado, \u00bfel perro se va a quedar parado?<br><\/p>\n\n\n\n<p>Yo se de gente que ha pasado cinco noches de corrido, emponchado en invierno, esperando los perros y al otro d\u00eda tiene que ir a trabajar. \u00bfTe parece que nosotros nos tenemos que poner a matar perros? <br><\/p>\n\n\n\n<p>El articulo 125 te permite hacerlo, pero en la pr\u00e1ctica lo que pasa es que la mayor\u00eda de las veces no los ves, ni sabes de quien son los perros, esa es la realidad. <br><\/p>\n\n\n\n<p><strong>\u00bfTienen prevista alguna otra movida?<\/strong><br><\/p>\n\n\n\n<p>Previsto no, esto fue totalmente de improviso, pero no se descarta para nada. Quiz\u00e1s si hacemos alguna otra va a ser un poquito m\u00e1s organizada. Que no es f\u00e1cil. <\/p>\n\n\n\n<p>Salto, 31 de enero de 2022<\/p>\n","protected":false},"excerpt":{"rendered":"<p>La problem\u00e1tica de los perros sueltos y los destrozos que los mismos causan en las majadas no es un tema nuevo, sino m\u00e1s bien recurrente en los distintos medios de [&hellip;]<\/p>\n","protected":false},"author":5,"featured_media":38713,"comment_status":"open","ping_status":"open","sticky":false,"template":"","format":"standard","meta":{"_price":"","_stock":"","_tribe_ticket_header":"","_tribe_default_ticket_provider":"","_tribe_ticket_capacity":"0","_ticket_start_date":"","_ticket_end_date":"","_tribe_ticket_show_description":"","_tribe_ticket_show_not_going":false,"_tribe_ticket_use_global_stock":"","_tribe_ticket_global_stock_level":"","_global_stock_mode":"","_global_stock_cap":"","_tribe_rsvp_for_event":"","_tribe_ticket_going_count":"","_tribe_ticket_not_going_count":"","_tribe_tickets_list":"[]","_tribe_ticket_has_attendee_info_fields":false,"h5ap_radio_sources":[],"_jetpack_newsletter_access":"","_jetpack_dont_email_post_to_subs":false,"_jetpack_newsletter_tier_id":0,"_jetpack_memberships_contains_paywalled_content":false,"_jetpack_memberships_contains_paid_content":false,"footnotes":""},"categories":[21,13],"tags":[],"class_list":["post-38711","post","type-post","status-publish","format-standard","has-post-thumbnail","hentry","category-actualidad","category-ovinos"],"jetpack_featured_media_url":"https:\/\/i0.wp.com\/lahoradelcampo.com.uy\/site\/wp-content\/uploads\/2022\/01\/Scremini-ovejas-perro.jpg?fit=880%2C440&ssl=1","jetpack_sharing_enabled":true,"jetpack_shortlink":"https:\/\/wp.me\/p99IaT-a4n","jetpack-related-posts":[{"id":1381,"url":"https:\/\/lahoradelcampo.com.uy\/site\/perros-de-un-establecimiento-lindero-mataron-ovinos-en-artigas\/","url_meta":{"origin":38711,"position":0},"title":"Perros de un establecimiento lindero mataron ovinos en Artigas","author":"La Hora del Campo","date":"18 septiembre, 2017","format":false,"excerpt":"La problem\u00e1tica de los perros sueltos en la campa\u00f1a, y los da\u00f1os que los mismos causan, es una constante en el reclamo de los productores ovejeros y para algunos hasta un motivo para tomar la decisi\u00f3n de abandonar el rubro. En la mayor\u00eda de las veces el an\u00e1lisis del problema\u2026","rel":"","context":"En \u00abActualidad\u00bb","block_context":{"text":"Actualidad","link":"https:\/\/lahoradelcampo.com.uy\/site\/category\/actualidad\/"},"img":{"alt_text":"","src":"https:\/\/i0.wp.com\/lahoradelcampo.com.uy\/site\/wp-content\/uploads\/2017\/09\/Corderos-mordidos.jpg?fit=880%2C440&ssl=1&resize=350%2C200","width":350,"height":200,"srcset":"https:\/\/i0.wp.com\/lahoradelcampo.com.uy\/site\/wp-content\/uploads\/2017\/09\/Corderos-mordidos.jpg?fit=880%2C440&ssl=1&resize=350%2C200 1x, https:\/\/i0.wp.com\/lahoradelcampo.com.uy\/site\/wp-content\/uploads\/2017\/09\/Corderos-mordidos.jpg?fit=880%2C440&ssl=1&resize=525%2C300 1.5x, https:\/\/i0.wp.com\/lahoradelcampo.com.uy\/site\/wp-content\/uploads\/2017\/09\/Corderos-mordidos.jpg?fit=880%2C440&ssl=1&resize=700%2C400 2x"},"classes":[]},{"id":13350,"url":"https:\/\/lahoradelcampo.com.uy\/site\/hay-690-ovinos-muertos-por-los-perros-en-salto\/","url_meta":{"origin":38711,"position":1},"title":"Hay 690 ovinos muertos por los perros en Salto","author":"La Hora del Campo","date":"8 agosto, 2019","format":false,"excerpt":"Ayer se reuni\u00f3 la Comisi\u00f3n de Seguridad Rural de Salto donde los temas principales han sido el abigeato, las jaur\u00edas de perros y la seguridad a nivel de los pueblos en el interior del departamento. Alberto Seco, qui\u00e9n particip\u00f3 de dicha reuni\u00f3n dijo que \"en la reuni\u00f3n se comentaron algunos\u2026","rel":"","context":"En \u00abActualidad\u00bb","block_context":{"text":"Actualidad","link":"https:\/\/lahoradelcampo.com.uy\/site\/category\/actualidad\/"},"img":{"alt_text":"","src":"https:\/\/i0.wp.com\/lahoradelcampo.com.uy\/site\/wp-content\/uploads\/2019\/08\/jaurias.jpg?fit=880%2C440&ssl=1&resize=350%2C200","width":350,"height":200,"srcset":"https:\/\/i0.wp.com\/lahoradelcampo.com.uy\/site\/wp-content\/uploads\/2019\/08\/jaurias.jpg?fit=880%2C440&ssl=1&resize=350%2C200 1x, https:\/\/i0.wp.com\/lahoradelcampo.com.uy\/site\/wp-content\/uploads\/2019\/08\/jaurias.jpg?fit=880%2C440&ssl=1&resize=525%2C300 1.5x, https:\/\/i0.wp.com\/lahoradelcampo.com.uy\/site\/wp-content\/uploads\/2019\/08\/jaurias.jpg?fit=880%2C440&ssl=1&resize=700%2C400 2x"},"classes":[]},{"id":3235,"url":"https:\/\/lahoradelcampo.com.uy\/site\/el-sul-coloco-chips-a-perros-pastores-para-entregar-a-productores-ovinos\/","url_meta":{"origin":38711,"position":2},"title":"El SUL coloc\u00f3 chips a perros pastores para entregar a productores ovinos","author":"La Hora del Campo","date":"27 octubre, 2017","format":false,"excerpt":"El Secretariado Uruguayo de la Lana (SUL) entreg\u00f3 cachorros maremma a siete familias de productores ovinos en la Sociedad de Fomento Rural e Industrial de Maldonado, en el marco de la Expo San Carlos. Los productores beneficiarios de Maldonado, Treinta y Tres y Sarand\u00ed del Y\u00ed que recibieron cachorros maremma\u2026","rel":"","context":"En \u00abActualidad\u00bb","block_context":{"text":"Actualidad","link":"https:\/\/lahoradelcampo.com.uy\/site\/category\/actualidad\/"},"img":{"alt_text":"","src":"https:\/\/i0.wp.com\/lahoradelcampo.com.uy\/site\/wp-content\/uploads\/2017\/10\/SUL.jpg?fit=880%2C440&ssl=1&resize=350%2C200","width":350,"height":200,"srcset":"https:\/\/i0.wp.com\/lahoradelcampo.com.uy\/site\/wp-content\/uploads\/2017\/10\/SUL.jpg?fit=880%2C440&ssl=1&resize=350%2C200 1x, https:\/\/i0.wp.com\/lahoradelcampo.com.uy\/site\/wp-content\/uploads\/2017\/10\/SUL.jpg?fit=880%2C440&ssl=1&resize=525%2C300 1.5x, https:\/\/i0.wp.com\/lahoradelcampo.com.uy\/site\/wp-content\/uploads\/2017\/10\/SUL.jpg?fit=880%2C440&ssl=1&resize=700%2C400 2x"},"classes":[]},{"id":40231,"url":"https:\/\/lahoradelcampo.com.uy\/site\/productores-y-trabajadores-son-afectados-psicologicamente-por-los-ataques-de-perros-a-ovinos\/","url_meta":{"origin":38711,"position":3},"title":"Productores y trabajadores son afectados psicol\u00f3gicamente por los ataques de perros a ovinos","author":"La Hora del Campo","date":"25 marzo, 2022","format":false,"excerpt":"Ayer jueves por la ma\u00f1ana varios productores de la zona de Colonia Lavalleja, se encontraron con ovinos muertos y mordidos, atacados por tres perros sueltos. \"Mataron tres del vecino, me mordieron cuatro a mi y siguieron la vuelta en otros vecinos\" se\u00f1al\u00f3 un productor de la zona en di\u00e1logo con\u2026","rel":"","context":"En \u00abActualidad\u00bb","block_context":{"text":"Actualidad","link":"https:\/\/lahoradelcampo.com.uy\/site\/category\/actualidad\/"},"img":{"alt_text":"","src":"https:\/\/i0.wp.com\/lahoradelcampo.com.uy\/site\/wp-content\/uploads\/2022\/03\/Ovino-perros.jpg?fit=880%2C440&ssl=1&resize=350%2C200","width":350,"height":200,"srcset":"https:\/\/i0.wp.com\/lahoradelcampo.com.uy\/site\/wp-content\/uploads\/2022\/03\/Ovino-perros.jpg?fit=880%2C440&ssl=1&resize=350%2C200 1x, https:\/\/i0.wp.com\/lahoradelcampo.com.uy\/site\/wp-content\/uploads\/2022\/03\/Ovino-perros.jpg?fit=880%2C440&ssl=1&resize=525%2C300 1.5x, https:\/\/i0.wp.com\/lahoradelcampo.com.uy\/site\/wp-content\/uploads\/2022\/03\/Ovino-perros.jpg?fit=880%2C440&ssl=1&resize=700%2C400 2x"},"classes":[]},{"id":40303,"url":"https:\/\/lahoradelcampo.com.uy\/site\/ante-la-falta-de-un-testigo-directo-fiscal-de-salto-no-da-lugar-a-una-demanda-civil-por-ataque-de-perros\/","url_meta":{"origin":38711,"position":4},"title":"Ante la falta de un \u00abtestigo directo\u00bb, Fiscal de Salto no da lugar a una  demanda  civil por ataque de perros","author":"La Hora del Campo","date":"27 marzo, 2022","format":false,"excerpt":"El pasado jueves, tres perros atacaron ovejas de varios predios, dejando varias muertas y otras tantas heridas. Hecho que informamos el pasado viernes aqu\u00ed en La Hora del Campo gracias a la informaci\u00f3n brindada por un productor de la zona. \"Mataron tres del vecino, me mordieron cuatro a mi y\u2026","rel":"","context":"En \u00abActualidad\u00bb","block_context":{"text":"Actualidad","link":"https:\/\/lahoradelcampo.com.uy\/site\/category\/actualidad\/"},"img":{"alt_text":"","src":"https:\/\/i0.wp.com\/lahoradelcampo.com.uy\/site\/wp-content\/uploads\/2022\/03\/Ovinos-perros.jpg?fit=880%2C440&ssl=1&resize=350%2C200","width":350,"height":200,"srcset":"https:\/\/i0.wp.com\/lahoradelcampo.com.uy\/site\/wp-content\/uploads\/2022\/03\/Ovinos-perros.jpg?fit=880%2C440&ssl=1&resize=350%2C200 1x, https:\/\/i0.wp.com\/lahoradelcampo.com.uy\/site\/wp-content\/uploads\/2022\/03\/Ovinos-perros.jpg?fit=880%2C440&ssl=1&resize=525%2C300 1.5x, https:\/\/i0.wp.com\/lahoradelcampo.com.uy\/site\/wp-content\/uploads\/2022\/03\/Ovinos-perros.jpg?fit=880%2C440&ssl=1&resize=700%2C400 2x"},"classes":[]},{"id":39793,"url":"https:\/\/lahoradelcampo.com.uy\/site\/analizan-credito-para-afectados-por-las-jaurias-de-perros\/","url_meta":{"origin":38711,"position":5},"title":"Analizan cr\u00e9dito para afectados  por las jaur\u00edas  de perros","author":"La Hora del Campo","date":"12 marzo, 2022","format":false,"excerpt":"La directiva del movimiento Un Solo Uruguay (USU) se reuni\u00f3 esta semana con las autoridades del Banco Rep\u00fablica, con el fin de trabajar en paleativos que permitan sobrellevar los problemas causados por las jaur\u00edas de perros y el abigeato, las dos principales problem\u00e1ticas que generan la desaz\u00f3n del productor ovejero.\u2026","rel":"","context":"En \u00abActualidad\u00bb","block_context":{"text":"Actualidad","link":"https:\/\/lahoradelcampo.com.uy\/site\/category\/actualidad\/"},"img":{"alt_text":"","src":"https:\/\/i0.wp.com\/lahoradelcampo.com.uy\/site\/wp-content\/uploads\/2021\/10\/Ovejas-perros.jpg?fit=880%2C440&ssl=1&resize=350%2C200","width":350,"height":200,"srcset":"https:\/\/i0.wp.com\/lahoradelcampo.com.uy\/site\/wp-content\/uploads\/2021\/10\/Ovejas-perros.jpg?fit=880%2C440&ssl=1&resize=350%2C200 1x, https:\/\/i0.wp.com\/lahoradelcampo.com.uy\/site\/wp-content\/uploads\/2021\/10\/Ovejas-perros.jpg?fit=880%2C440&ssl=1&resize=525%2C300 1.5x, https:\/\/i0.wp.com\/lahoradelcampo.com.uy\/site\/wp-content\/uploads\/2021\/10\/Ovejas-perros.jpg?fit=880%2C440&ssl=1&resize=700%2C400 2x"},"classes":[]}],"jetpack_likes_enabled":true,"_links":{"self":[{"href":"https:\/\/lahoradelcampo.com.uy\/site\/wp-json\/wp\/v2\/posts\/38711","targetHints":{"allow":["GET"]}}],"collection":[{"href":"https:\/\/lahoradelcampo.com.uy\/site\/wp-json\/wp\/v2\/posts"}],"about":[{"href":"https:\/\/lahoradelcampo.com.uy\/site\/wp-json\/wp\/v2\/types\/post"}],"author":[{"embeddable":true,"href":"https:\/\/lahoradelcampo.com.uy\/site\/wp-json\/wp\/v2\/users\/5"}],"replies":[{"embeddable":true,"href":"https:\/\/lahoradelcampo.com.uy\/site\/wp-json\/wp\/v2\/comments?post=38711"}],"version-history":[{"count":1,"href":"https:\/\/lahoradelcampo.com.uy\/site\/wp-json\/wp\/v2\/posts\/38711\/revisions"}],"predecessor-version":[{"id":38715,"href":"https:\/\/lahoradelcampo.com.uy\/site\/wp-json\/wp\/v2\/posts\/38711\/revisions\/38715"}],"wp:featuredmedia":[{"embeddable":true,"href":"https:\/\/lahoradelcampo.com.uy\/site\/wp-json\/wp\/v2\/media\/38713"}],"wp:attachment":[{"href":"https:\/\/lahoradelcampo.com.uy\/site\/wp-json\/wp\/v2\/media?parent=38711"}],"wp:term":[{"taxonomy":"category","embeddable":true,"href":"https:\/\/lahoradelcampo.com.uy\/site\/wp-json\/wp\/v2\/categories?post=38711"},{"taxonomy":"post_tag","embeddable":true,"href":"https:\/\/lahoradelcampo.com.uy\/site\/wp-json\/wp\/v2\/tags?post=38711"}],"curies":[{"name":"wp","href":"https:\/\/api.w.org\/{rel}","templated":true}]}}