{"id":38707,"date":"2022-01-31T09:23:16","date_gmt":"2022-01-31T12:23:16","guid":{"rendered":"http:\/\/lahoradelcampo.com.uy\/site\/?p=38707"},"modified":"2022-01-31T09:23:22","modified_gmt":"2022-01-31T12:23:22","slug":"el-clima-genera-cambios-en-la-oferta-de-los-morrones","status":"publish","type":"post","link":"https:\/\/lahoradelcampo.com.uy\/site\/el-clima-genera-cambios-en-la-oferta-de-los-morrones\/","title":{"rendered":"El clima genera cambios en la oferta de los morrones"},"content":{"rendered":"\n<figure class=\"wp-block-image\"><img data-recalc-dims=\"1\" loading=\"lazy\" decoding=\"async\" width=\"810\" height=\"405\" data-attachment-id=\"36307\" data-permalink=\"https:\/\/lahoradelcampo.com.uy\/site\/el-morron-rojo-sigue-en-alza-el-verde-bajo\/morrones\/\" data-orig-file=\"https:\/\/i0.wp.com\/lahoradelcampo.com.uy\/site\/wp-content\/uploads\/2021\/11\/Morrones.jpg?fit=880%2C440&amp;ssl=1\" data-orig-size=\"880,440\" data-comments-opened=\"1\" data-image-meta=\"{&quot;aperture&quot;:&quot;0&quot;,&quot;credit&quot;:&quot;&quot;,&quot;camera&quot;:&quot;&quot;,&quot;caption&quot;:&quot;&quot;,&quot;created_timestamp&quot;:&quot;0&quot;,&quot;copyright&quot;:&quot;&quot;,&quot;focal_length&quot;:&quot;0&quot;,&quot;iso&quot;:&quot;0&quot;,&quot;shutter_speed&quot;:&quot;0&quot;,&quot;title&quot;:&quot;&quot;,&quot;orientation&quot;:&quot;1&quot;}\" data-image-title=\"Morrones\" data-image-description=\"\" data-image-caption=\"\" data-large-file=\"https:\/\/i0.wp.com\/lahoradelcampo.com.uy\/site\/wp-content\/uploads\/2021\/11\/Morrones.jpg?fit=810%2C405&amp;ssl=1\" src=\"https:\/\/i0.wp.com\/lahoradelcampo.com.uy\/site\/wp-content\/uploads\/2021\/11\/Morrones.jpg?resize=810%2C405\" alt=\"\" class=\"wp-image-36307\" srcset=\"https:\/\/i0.wp.com\/lahoradelcampo.com.uy\/site\/wp-content\/uploads\/2021\/11\/Morrones.jpg?w=880&amp;ssl=1 880w, https:\/\/i0.wp.com\/lahoradelcampo.com.uy\/site\/wp-content\/uploads\/2021\/11\/Morrones.jpg?resize=300%2C150&amp;ssl=1 300w, https:\/\/i0.wp.com\/lahoradelcampo.com.uy\/site\/wp-content\/uploads\/2021\/11\/Morrones.jpg?resize=768%2C384&amp;ssl=1 768w, https:\/\/i0.wp.com\/lahoradelcampo.com.uy\/site\/wp-content\/uploads\/2021\/11\/Morrones.jpg?resize=820%2C410&amp;ssl=1 820w\" sizes=\"auto, (max-width: 810px) 100vw, 810px\" \/><\/figure>\n\n\n\n<p>Las condiciones atmosf\u00e9ricas cambiantes han generado un escenario incierto para las hortalizas de fruto, llevando a que las cotizaciones para la mayor\u00eda de los rubros presentes cambios, principalmente para los productos de calidad superior. La mayor parte de la mercader\u00eda presenta defectos derivados de las malas condiciones clim\u00e1ticas, generando mayor inter\u00e9s por las partidas que a\u00fan conservan sus atributos de calidad. <br><\/p>\n\n\n\n<p>En este sentido, por ejemplo, se prev\u00e9 que para el caso de morr\u00f3n haya cambios en la oferta de las pr\u00f3ximas semanas, ya que para los cultivados a campo las condiciones de alta humedad relativa han obligado a cosecharlos verdes, para escapar a las pudriciones, dejando poca fruta disponible para que pase a rojo. Esto podr\u00eda hacer disminuir sensiblemente la oferta de esta variedad, con el consecuente incremento de cotizaciones.<br><\/p>\n\n\n\n<p>En la \u00faltima semana el morr\u00f3n verde registr\u00f3 un descenso del 24,5% en sus cotizaciones, situando los valores entre $ 38 y $ 40 el kilogramo al mayorista, para el fruto de categor\u00eda I calibre grande, en tanto que el morr\u00f3n rojo subi\u00f3 un 13,2% y se posicion\u00f3 entre $ 55 y $ 60 para la misma categor\u00eda y calibre. <\/p>\n\n\n\n<p>Salto, 31 de enero de 2022<\/p>\n","protected":false},"excerpt":{"rendered":"<p>Las condiciones atmosf\u00e9ricas cambiantes han generado un escenario incierto para las hortalizas de fruto, llevando a que las cotizaciones para la mayor\u00eda de los rubros presentes cambios, principalmente para los [&hellip;]<\/p>\n","protected":false},"author":5,"featured_media":36307,"comment_status":"open","ping_status":"open","sticky":false,"template":"","format":"standard","meta":{"_price":"","_stock":"","_tribe_ticket_header":"","_tribe_default_ticket_provider":"","_tribe_ticket_capacity":"0","_ticket_start_date":"","_ticket_end_date":"","_tribe_ticket_show_description":"","_tribe_ticket_show_not_going":false,"_tribe_ticket_use_global_stock":"","_tribe_ticket_global_stock_level":"","_global_stock_mode":"","_global_stock_cap":"","_tribe_rsvp_for_event":"","_tribe_ticket_going_count":"","_tribe_ticket_not_going_count":"","_tribe_tickets_list":"[]","_tribe_ticket_has_attendee_info_fields":false,"h5ap_radio_sources":[],"_jetpack_newsletter_access":"","_jetpack_dont_email_post_to_subs":false,"_jetpack_newsletter_tier_id":0,"_jetpack_memberships_contains_paywalled_content":false,"_jetpack_memberships_contains_paid_content":false,"footnotes":""},"categories":[9],"tags":[],"class_list":["post-38707","post","type-post","status-publish","format-standard","has-post-thumbnail","hentry","category-granja"],"jetpack_featured_media_url":"https:\/\/i0.wp.com\/lahoradelcampo.com.uy\/site\/wp-content\/uploads\/2021\/11\/Morrones.jpg?fit=880%2C440&ssl=1","jetpack_sharing_enabled":true,"jetpack_shortlink":"https:\/\/wp.me\/p99IaT-a4j","jetpack-related-posts":[{"id":12061,"url":"https:\/\/lahoradelcampo.com.uy\/site\/condiciones-climaticas-favorecen-una-mayor-oferta-del-litoral-norte\/","url_meta":{"origin":38707,"position":0},"title":"Condiciones clim\u00e1ticas favorecen una mayor oferta del litoral norte","author":"La Hora del Campo","date":"24 junio, 2019","format":false,"excerpt":"La demanda a nivel del Mercado Modelo en la capital del pa\u00eds ha mermado de acorde a las condicionantes clim\u00e1ticas conjugadas con una abundante oferta para la \u00e9poca del a\u00f1o. En el caso de las hortalizas de fruto, una inusual situaci\u00f3n de temperaturas templadas en esta \u00e9poca del a\u00f1o, principalmente\u2026","rel":"","context":"En \u00abGranja\u00bb","block_context":{"text":"Granja","link":"https:\/\/lahoradelcampo.com.uy\/site\/category\/granja\/"},"img":{"alt_text":"","src":"https:\/\/i0.wp.com\/lahoradelcampo.com.uy\/site\/wp-content\/uploads\/2019\/06\/Modelo-1.jpg?fit=880%2C440&ssl=1&resize=350%2C200","width":350,"height":200,"srcset":"https:\/\/i0.wp.com\/lahoradelcampo.com.uy\/site\/wp-content\/uploads\/2019\/06\/Modelo-1.jpg?fit=880%2C440&ssl=1&resize=350%2C200 1x, https:\/\/i0.wp.com\/lahoradelcampo.com.uy\/site\/wp-content\/uploads\/2019\/06\/Modelo-1.jpg?fit=880%2C440&ssl=1&resize=525%2C300 1.5x, https:\/\/i0.wp.com\/lahoradelcampo.com.uy\/site\/wp-content\/uploads\/2019\/06\/Modelo-1.jpg?fit=880%2C440&ssl=1&resize=700%2C400 2x"},"classes":[]},{"id":7305,"url":"https:\/\/lahoradelcampo.com.uy\/site\/primeros-frios-normalizan-el-nivel-de-oferta-en-el-mercado-modelo\/","url_meta":{"origin":38707,"position":1},"title":"Primeros fr\u00edos normalizan el nivel de oferta en el Mercado Modelo","author":"La Hora del Campo","date":"19 mayo, 2018","format":false,"excerpt":"El d\u00e9ficit h\u00eddrico en el verano termin\u00f3 con un exceso de precipitaciones entre fines de abril y comienzos del mes de mayo y posteriormente llegaron los primeros descensos de las temperaturas, consecuentes con la \u00e9poca del a\u00f1o. Este va\u00edven del clima, gener\u00f3 en un principio condiciones favorables para un incremento\u2026","rel":"","context":"En \u00abActualidad\u00bb","block_context":{"text":"Actualidad","link":"https:\/\/lahoradelcampo.com.uy\/site\/category\/actualidad\/"},"img":{"alt_text":"","src":"https:\/\/i0.wp.com\/lahoradelcampo.com.uy\/site\/wp-content\/uploads\/2018\/05\/Granja.jpg?fit=880%2C440&ssl=1&resize=350%2C200","width":350,"height":200,"srcset":"https:\/\/i0.wp.com\/lahoradelcampo.com.uy\/site\/wp-content\/uploads\/2018\/05\/Granja.jpg?fit=880%2C440&ssl=1&resize=350%2C200 1x, https:\/\/i0.wp.com\/lahoradelcampo.com.uy\/site\/wp-content\/uploads\/2018\/05\/Granja.jpg?fit=880%2C440&ssl=1&resize=525%2C300 1.5x, https:\/\/i0.wp.com\/lahoradelcampo.com.uy\/site\/wp-content\/uploads\/2018\/05\/Granja.jpg?fit=880%2C440&ssl=1&resize=700%2C400 2x"},"classes":[]},{"id":1989,"url":"https:\/\/lahoradelcampo.com.uy\/site\/aumento-de-la-oferta-bajo-los-precios-de-la-frutilla\/","url_meta":{"origin":38707,"position":2},"title":"Aumento de la oferta bajo  los precios de la frutilla","author":"La Hora del Campo","date":"1 octubre, 2017","format":false,"excerpt":"La producci\u00f3n de frutillas del sur viene en franco aumento - superando el 55% de la oferta- y con una mejor\u00eda en las calidad, ya que las condiciones de excesos de humedad han cesado en cierta forma, generando un escenario de precios a la baja. Si bien la tendencia es\u2026","rel":"","context":"En \u00abGranja\u00bb","block_context":{"text":"Granja","link":"https:\/\/lahoradelcampo.com.uy\/site\/category\/granja\/"},"img":{"alt_text":"","src":"https:\/\/i0.wp.com\/lahoradelcampo.com.uy\/site\/wp-content\/uploads\/2017\/09\/Frutilla.jpg?fit=880%2C440&ssl=1&resize=350%2C200","width":350,"height":200,"srcset":"https:\/\/i0.wp.com\/lahoradelcampo.com.uy\/site\/wp-content\/uploads\/2017\/09\/Frutilla.jpg?fit=880%2C440&ssl=1&resize=350%2C200 1x, https:\/\/i0.wp.com\/lahoradelcampo.com.uy\/site\/wp-content\/uploads\/2017\/09\/Frutilla.jpg?fit=880%2C440&ssl=1&resize=525%2C300 1.5x, https:\/\/i0.wp.com\/lahoradelcampo.com.uy\/site\/wp-content\/uploads\/2017\/09\/Frutilla.jpg?fit=880%2C440&ssl=1&resize=700%2C400 2x"},"classes":[]},{"id":6599,"url":"https:\/\/lahoradelcampo.com.uy\/site\/ingresaron-las-primeras-partidas-de-zapallito-de-invernaculo\/","url_meta":{"origin":38707,"position":3},"title":"Ingresaron las primeras partidas de zapallito de invern\u00e1culo","author":"La Hora del Campo","date":"22 abril, 2018","format":false,"excerpt":"La zafra de hortalizas de fruto del litoral norte del pa\u00eds se consolida semana a semana en el Mercado Modelo, ingresando ya las primeras partidas de zapallito procedentes de invern\u00e1culos salte\u00f1os. Los precios de este producto se han mantenido pr\u00e1cticamente estables, con un rango de variaci\u00f3n muy acotado, debido a\u2026","rel":"","context":"En \u00abActualidad\u00bb","block_context":{"text":"Actualidad","link":"https:\/\/lahoradelcampo.com.uy\/site\/category\/actualidad\/"},"img":{"alt_text":"","src":"https:\/\/i0.wp.com\/lahoradelcampo.com.uy\/site\/wp-content\/uploads\/2018\/04\/Zapallito-web.jpg?fit=880%2C440&ssl=1&resize=350%2C200","width":350,"height":200,"srcset":"https:\/\/i0.wp.com\/lahoradelcampo.com.uy\/site\/wp-content\/uploads\/2018\/04\/Zapallito-web.jpg?fit=880%2C440&ssl=1&resize=350%2C200 1x, https:\/\/i0.wp.com\/lahoradelcampo.com.uy\/site\/wp-content\/uploads\/2018\/04\/Zapallito-web.jpg?fit=880%2C440&ssl=1&resize=525%2C300 1.5x, https:\/\/i0.wp.com\/lahoradelcampo.com.uy\/site\/wp-content\/uploads\/2018\/04\/Zapallito-web.jpg?fit=880%2C440&ssl=1&resize=700%2C400 2x"},"classes":[]},{"id":193,"url":"https:\/\/lahoradelcampo.com.uy\/site\/a-pesar-de-las-lluvias-el-mercado-modelo-permanecio-bien-abastecido\/","url_meta":{"origin":38707,"position":4},"title":"A pesar de las lluvias el Mercado Modelo permaneci\u00f3 bien abastecido","author":"La Hora del Campo","date":"3 septiembre, 2017","format":false,"excerpt":"Las precipitaciones que se han registrado en la \u00faltima semana y principalmente en el sur del pa\u00eds, no han perjudicado el suministro de frutas y hortalizas al Mercado Modelo, seg\u00fan el informe semanal del Observatorio Granjero. Frutas de hoja caduca Las cotizaciones de manzana presentan cierta estabilidad en las \u00faltimas\u2026","rel":"","context":"En \u00abGranja\u00bb","block_context":{"text":"Granja","link":"https:\/\/lahoradelcampo.com.uy\/site\/category\/granja\/"},"img":{"alt_text":"","src":"https:\/\/i0.wp.com\/lahoradelcampo.com.uy\/site\/wp-content\/uploads\/2017\/09\/mercado-antunez.jpg?fit=500%2C300&ssl=1&resize=350%2C200","width":350,"height":200},"classes":[]},{"id":55084,"url":"https:\/\/lahoradelcampo.com.uy\/site\/buena-oferta-y-precios-estables-para-las-hortalizas-de-hoja\/","url_meta":{"origin":38707,"position":5},"title":"Buena oferta y precios estables para las hortalizas de hoja","author":"La Hora del Campo","date":"9 noviembre, 2024","format":false,"excerpt":"El mercado de hortalizas de hoja, brote e inflorescencia presenta actualmente buenos niveles de oferta, calidad y precios en la mayor\u00eda de sus productos, seg\u00fan reportes de los principales distribuidores. Esta abundancia ha permitido que los consumidores accedan a una variedad de vegetales de alta calidad a precios accesibles, manteniendo\u2026","rel":"","context":"En \u00abActualidad\u00bb","block_context":{"text":"Actualidad","link":"https:\/\/lahoradelcampo.com.uy\/site\/category\/actualidad\/"},"img":{"alt_text":"","src":"https:\/\/i0.wp.com\/lahoradelcampo.com.uy\/site\/wp-content\/uploads\/2023\/07\/Hortalizasdehoja1.jpg?fit=880%2C440&ssl=1&resize=350%2C200","width":350,"height":200,"srcset":"https:\/\/i0.wp.com\/lahoradelcampo.com.uy\/site\/wp-content\/uploads\/2023\/07\/Hortalizasdehoja1.jpg?fit=880%2C440&ssl=1&resize=350%2C200 1x, https:\/\/i0.wp.com\/lahoradelcampo.com.uy\/site\/wp-content\/uploads\/2023\/07\/Hortalizasdehoja1.jpg?fit=880%2C440&ssl=1&resize=525%2C300 1.5x, https:\/\/i0.wp.com\/lahoradelcampo.com.uy\/site\/wp-content\/uploads\/2023\/07\/Hortalizasdehoja1.jpg?fit=880%2C440&ssl=1&resize=700%2C400 2x"},"classes":[]}],"jetpack_likes_enabled":true,"_links":{"self":[{"href":"https:\/\/lahoradelcampo.com.uy\/site\/wp-json\/wp\/v2\/posts\/38707","targetHints":{"allow":["GET"]}}],"collection":[{"href":"https:\/\/lahoradelcampo.com.uy\/site\/wp-json\/wp\/v2\/posts"}],"about":[{"href":"https:\/\/lahoradelcampo.com.uy\/site\/wp-json\/wp\/v2\/types\/post"}],"author":[{"embeddable":true,"href":"https:\/\/lahoradelcampo.com.uy\/site\/wp-json\/wp\/v2\/users\/5"}],"replies":[{"embeddable":true,"href":"https:\/\/lahoradelcampo.com.uy\/site\/wp-json\/wp\/v2\/comments?post=38707"}],"version-history":[{"count":1,"href":"https:\/\/lahoradelcampo.com.uy\/site\/wp-json\/wp\/v2\/posts\/38707\/revisions"}],"predecessor-version":[{"id":38709,"href":"https:\/\/lahoradelcampo.com.uy\/site\/wp-json\/wp\/v2\/posts\/38707\/revisions\/38709"}],"wp:featuredmedia":[{"embeddable":true,"href":"https:\/\/lahoradelcampo.com.uy\/site\/wp-json\/wp\/v2\/media\/36307"}],"wp:attachment":[{"href":"https:\/\/lahoradelcampo.com.uy\/site\/wp-json\/wp\/v2\/media?parent=38707"}],"wp:term":[{"taxonomy":"category","embeddable":true,"href":"https:\/\/lahoradelcampo.com.uy\/site\/wp-json\/wp\/v2\/categories?post=38707"},{"taxonomy":"post_tag","embeddable":true,"href":"https:\/\/lahoradelcampo.com.uy\/site\/wp-json\/wp\/v2\/tags?post=38707"}],"curies":[{"name":"wp","href":"https:\/\/api.w.org\/{rel}","templated":true}]}}