{"id":38699,"date":"2022-01-31T09:19:50","date_gmt":"2022-01-31T12:19:50","guid":{"rendered":"http:\/\/lahoradelcampo.com.uy\/site\/?p=38699"},"modified":"2022-01-31T09:20:58","modified_gmt":"2022-01-31T12:20:58","slug":"habilitaron-el-sistema-de-seguimiento-de-productividad-del-campo-natural","status":"publish","type":"post","link":"https:\/\/lahoradelcampo.com.uy\/site\/habilitaron-el-sistema-de-seguimiento-de-productividad-del-campo-natural\/","title":{"rendered":"Habilitaron el sistema de seguimiento de productividad del campo"},"content":{"rendered":"\n<figure class=\"wp-block-image\"><img data-recalc-dims=\"1\" loading=\"lazy\" decoding=\"async\" width=\"810\" height=\"405\" data-attachment-id=\"38701\" data-permalink=\"https:\/\/lahoradelcampo.com.uy\/site\/habilitaron-el-sistema-de-seguimiento-de-productividad-del-campo-natural\/plan-pereira\/\" data-orig-file=\"https:\/\/i0.wp.com\/lahoradelcampo.com.uy\/site\/wp-content\/uploads\/2022\/01\/PLAN-Pereira.jpg?fit=880%2C440&amp;ssl=1\" data-orig-size=\"880,440\" data-comments-opened=\"1\" data-image-meta=\"{&quot;aperture&quot;:&quot;0&quot;,&quot;credit&quot;:&quot;&quot;,&quot;camera&quot;:&quot;&quot;,&quot;caption&quot;:&quot;&quot;,&quot;created_timestamp&quot;:&quot;0&quot;,&quot;copyright&quot;:&quot;&quot;,&quot;focal_length&quot;:&quot;0&quot;,&quot;iso&quot;:&quot;0&quot;,&quot;shutter_speed&quot;:&quot;0&quot;,&quot;title&quot;:&quot;&quot;,&quot;orientation&quot;:&quot;1&quot;}\" data-image-title=\"PLAN-Pereira\" data-image-description=\"\" data-image-caption=\"\" data-large-file=\"https:\/\/i0.wp.com\/lahoradelcampo.com.uy\/site\/wp-content\/uploads\/2022\/01\/PLAN-Pereira.jpg?fit=810%2C405&amp;ssl=1\" src=\"https:\/\/i0.wp.com\/lahoradelcampo.com.uy\/site\/wp-content\/uploads\/2022\/01\/PLAN-Pereira.jpg?resize=810%2C405\" alt=\"\" class=\"wp-image-38701\" srcset=\"https:\/\/i0.wp.com\/lahoradelcampo.com.uy\/site\/wp-content\/uploads\/2022\/01\/PLAN-Pereira.jpg?w=880&amp;ssl=1 880w, https:\/\/i0.wp.com\/lahoradelcampo.com.uy\/site\/wp-content\/uploads\/2022\/01\/PLAN-Pereira.jpg?resize=300%2C150&amp;ssl=1 300w, https:\/\/i0.wp.com\/lahoradelcampo.com.uy\/site\/wp-content\/uploads\/2022\/01\/PLAN-Pereira.jpg?resize=768%2C384&amp;ssl=1 768w, https:\/\/i0.wp.com\/lahoradelcampo.com.uy\/site\/wp-content\/uploads\/2022\/01\/PLAN-Pereira.jpg?resize=820%2C410&amp;ssl=1 820w\" sizes=\"auto, (max-width: 810px) 100vw, 810px\" \/><\/figure>\n\n\n\n<p>El Instituto Plan Agropecuario, el Instituto Nacional de Investigaci\u00f3n Agropecuaria, el grupo Ecolog\u00eda de Pastizales, las facultades de ciencias y agronom\u00eda, la Agencia Nacional de Investigaci\u00f3n e Innovaci\u00f3n y el Ministerio de Ganader\u00eda, Agricultura y Pesca, anunciaron la puesta en marcha del sistema de seguimiento de la productividad forrajera del campo natural, que se encuentra en una versi\u00f3n preliminar. <br><\/p>\n\n\n\n<p>Este sistema es una nueva herramienta, desarrollada para ser usada por productores y t\u00e9cnicos.<br><\/p>\n\n\n\n<p>En la misma, el usuario puede seleccionar un un \u00e1rea de campo natural (potrero, predio u otra unidad de manejo), y el sistema le indica la evoluci\u00f3n de la productividad forrajera a lo largo del a\u00f1o, medida en kilogramos de materia seca por hect\u00e1rea y por mes.  La informaci\u00f3n se encuentra disponible para los \u00faltimos 21 a\u00f1os.<br><\/p>\n\n\n\n<p>Para esa misma \u00e1rea, la herramienta permite conocer la proporci\u00f3n de las comunidades de pastizal presentes.<br><\/p>\n\n\n\n<p>El Ing. Agr. Marcelo Pereira, en di\u00e1logo con La Hora del Campo dijo que esta informaci\u00f3n puede ser de utilidad para \u00abcomparar la situaci\u00f3n actual de d\u00e9ficit forrajero con relaci\u00f3n a situaciones ocurridas en el pasado, comparar la situaci\u00f3n de diferentes unidades de manejo y proyectar el uso de diferentes potreros una vez que recuperan su productividad\u00bb.<br><\/p>\n\n\n\n<p>Esta versi\u00f3n preliminar de la herramienta, ser\u00e1 de libre acceso en tanto este vigente la declaraci\u00f3n de la Emergencia Agropecuaria 2021-2022.<br><\/p>\n\n\n\n<p>Pereira indic\u00f3 adem\u00e1s, que la situaci\u00f3n generada en los campos naturales, en este largo per\u00edodo de d\u00e9ficit h\u00eddrico, llevar\u00e1 varios meses para lograr recomponer la variedad del tapiz natural, por lo que recomend\u00f3 analizar la situaci\u00f3n en cada predio y en cada potrero, para realizar un ajuste en la carga que permita la recomposici\u00f3n del principal recurso forrajero del pa\u00eds. <\/p>\n\n\n\n<p>Salto, 31 de enero de 2022<\/p>\n","protected":false},"excerpt":{"rendered":"<p>El Instituto Plan Agropecuario, el Instituto Nacional de Investigaci\u00f3n Agropecuaria, el grupo Ecolog\u00eda de Pastizales, las facultades de ciencias y agronom\u00eda, la Agencia Nacional de Investigaci\u00f3n e Innovaci\u00f3n y el [&hellip;]<\/p>\n","protected":false},"author":5,"featured_media":38701,"comment_status":"open","ping_status":"open","sticky":false,"template":"","format":"standard","meta":{"_price":"","_stock":"","_tribe_ticket_header":"","_tribe_default_ticket_provider":"","_tribe_ticket_capacity":"0","_ticket_start_date":"","_ticket_end_date":"","_tribe_ticket_show_description":"","_tribe_ticket_show_not_going":false,"_tribe_ticket_use_global_stock":"","_tribe_ticket_global_stock_level":"","_global_stock_mode":"","_global_stock_cap":"","_tribe_rsvp_for_event":"","_tribe_ticket_going_count":"","_tribe_ticket_not_going_count":"","_tribe_tickets_list":"[]","_tribe_ticket_has_attendee_info_fields":false,"h5ap_radio_sources":[],"_jetpack_newsletter_access":"","_jetpack_dont_email_post_to_subs":false,"_jetpack_newsletter_tier_id":0,"_jetpack_memberships_contains_paywalled_content":false,"_jetpack_memberships_contains_paid_content":false,"footnotes":""},"categories":[21,5],"tags":[],"class_list":["post-38699","post","type-post","status-publish","format-standard","has-post-thumbnail","hentry","category-actualidad","category-ganaderia"],"jetpack_featured_media_url":"https:\/\/i0.wp.com\/lahoradelcampo.com.uy\/site\/wp-content\/uploads\/2022\/01\/PLAN-Pereira.jpg?fit=880%2C440&ssl=1","jetpack_sharing_enabled":true,"jetpack_shortlink":"https:\/\/wp.me\/p99IaT-a4b","jetpack-related-posts":[{"id":53113,"url":"https:\/\/lahoradelcampo.com.uy\/site\/campo-natural-el-viernes-10-se-entregaron-los-paspalum-de-oro\/","url_meta":{"origin":38699,"position":0},"title":"Campo Natural: El viernes 10 se entregaron los Paspalum de Oro","author":"La Hora del Campo","date":"16 noviembre, 2023","format":false,"excerpt":"El pasado viernes 10 de noviembre, el Instituto Nacional de Investigaci\u00f3n Agropecuaria (INIA) Tacuaremb\u00f3 fue el escenario de la entrega de los reconocimientos \"Paspalum de Oro\", en el marco del D\u00eda Nacional del Campo Natural, conmemorado cada 11 de noviembre en Uruguay. La jornada conmemorativa, que se instituy\u00f3 en el\u2026","rel":"","context":"En \u00abActualidad\u00bb","block_context":{"text":"Actualidad","link":"https:\/\/lahoradelcampo.com.uy\/site\/category\/actualidad\/"},"img":{"alt_text":"","src":"https:\/\/i0.wp.com\/lahoradelcampo.com.uy\/site\/wp-content\/uploads\/2023\/11\/CampoNatural-Paspalum.jpg?fit=880%2C440&ssl=1&resize=350%2C200","width":350,"height":200,"srcset":"https:\/\/i0.wp.com\/lahoradelcampo.com.uy\/site\/wp-content\/uploads\/2023\/11\/CampoNatural-Paspalum.jpg?fit=880%2C440&ssl=1&resize=350%2C200 1x, https:\/\/i0.wp.com\/lahoradelcampo.com.uy\/site\/wp-content\/uploads\/2023\/11\/CampoNatural-Paspalum.jpg?fit=880%2C440&ssl=1&resize=525%2C300 1.5x, https:\/\/i0.wp.com\/lahoradelcampo.com.uy\/site\/wp-content\/uploads\/2023\/11\/CampoNatural-Paspalum.jpg?fit=880%2C440&ssl=1&resize=700%2C400 2x"},"classes":[]},{"id":55808,"url":"https:\/\/lahoradelcampo.com.uy\/site\/inia-estara-presente-en-expoactiva-con-innovacion-y-tecnologia-para-el-agro-del-futuro\/","url_meta":{"origin":38699,"position":1},"title":"INIA estar\u00e1 presente en Expoactiva: con innovaci\u00f3n y tecnolog\u00eda para el agro del futuro","author":"La Hora del Campo","date":"13 marzo, 2025","format":false,"excerpt":"Desde el 19 al 22 de marzo, el Instituto Nacional de Investigaci\u00f3n Agropecuaria (INIA) estar\u00e1 presente en una nueva edici\u00f3n de Expoactiva Nacional, en Soriano, con un espacio interactivo y una serie de conferencias destinadas a productores, asesores y p\u00fablico en general. Con un enfoque en la digitalizaci\u00f3n, la gesti\u00f3n\u2026","rel":"","context":"En \u00abActualidad\u00bb","block_context":{"text":"Actualidad","link":"https:\/\/lahoradelcampo.com.uy\/site\/category\/actualidad\/"},"img":{"alt_text":"","src":"https:\/\/i0.wp.com\/lahoradelcampo.com.uy\/site\/wp-content\/uploads\/2025\/03\/inia-expoactiva.jpg?fit=880%2C440&ssl=1&resize=350%2C200","width":350,"height":200,"srcset":"https:\/\/i0.wp.com\/lahoradelcampo.com.uy\/site\/wp-content\/uploads\/2025\/03\/inia-expoactiva.jpg?fit=880%2C440&ssl=1&resize=350%2C200 1x, https:\/\/i0.wp.com\/lahoradelcampo.com.uy\/site\/wp-content\/uploads\/2025\/03\/inia-expoactiva.jpg?fit=880%2C440&ssl=1&resize=525%2C300 1.5x, https:\/\/i0.wp.com\/lahoradelcampo.com.uy\/site\/wp-content\/uploads\/2025\/03\/inia-expoactiva.jpg?fit=880%2C440&ssl=1&resize=700%2C400 2x"},"classes":[]},{"id":51636,"url":"https:\/\/lahoradelcampo.com.uy\/site\/el-manejo-del-canutillo-una-estrategia-para-superar-la-crisis-forrajera\/","url_meta":{"origin":38699,"position":2},"title":"El manejo del Canutillo: una estrategia para superar la crisis forrajera","author":"La Hora del Campo","date":"3 julio, 2023","format":false,"excerpt":"En el marco de la jornada \"Ganader\u00eda extensiva en un contexto desafiante: recomendaciones tecnol\u00f3gicas\" organizada por el Instituto Nacional de Investigaci\u00f3n Agropecuaria (INIA), el Ing. Agr. Mart\u00edn Jaurena, investigador de la instituci\u00f3n, brind\u00f3 una charla sobre el \"Manejo de campos naturales en el norte de Uruguay\". Durante la entrevista, el\u2026","rel":"","context":"En \u00abActualidad\u00bb","block_context":{"text":"Actualidad","link":"https:\/\/lahoradelcampo.com.uy\/site\/category\/actualidad\/"},"img":{"alt_text":"","src":"https:\/\/i0.wp.com\/lahoradelcampo.com.uy\/site\/wp-content\/uploads\/2023\/07\/INIA-MartinJaurena.jpg?fit=880%2C440&ssl=1&resize=350%2C200","width":350,"height":200,"srcset":"https:\/\/i0.wp.com\/lahoradelcampo.com.uy\/site\/wp-content\/uploads\/2023\/07\/INIA-MartinJaurena.jpg?fit=880%2C440&ssl=1&resize=350%2C200 1x, https:\/\/i0.wp.com\/lahoradelcampo.com.uy\/site\/wp-content\/uploads\/2023\/07\/INIA-MartinJaurena.jpg?fit=880%2C440&ssl=1&resize=525%2C300 1.5x, https:\/\/i0.wp.com\/lahoradelcampo.com.uy\/site\/wp-content\/uploads\/2023\/07\/INIA-MartinJaurena.jpg?fit=880%2C440&ssl=1&resize=700%2C400 2x"},"classes":[]},{"id":49534,"url":"https:\/\/lahoradelcampo.com.uy\/site\/cnfr-e-inia-ejecutan-segunda-etapa-del-proyecto-ganaderia-familiar-resiliente\/","url_meta":{"origin":38699,"position":3},"title":"Ejecutan segunda etapa del proyecto Ganader\u00eda Familiar Resiliente","author":"La Hora del Campo","date":"29 marzo, 2023","format":false,"excerpt":"La Comisi\u00f3n Nacional de Fomento Rural (CNFR) y el Instituto Nacional de Investigaci\u00f3n Agropecuaria (INIA) comenzaron la segunda etapa del proyecto Ganader\u00eda Familiar Resiliente, financiada por la Fundaci\u00f3n Internacional y para Iberoam\u00e9rica de Administraci\u00f3n y Pol\u00edticas P\u00fablicas (Fiiapp) y el Instituto Nacional de Carnes (INAC). El proyecto tiene como objetivo\u2026","rel":"","context":"En \u00abActualidad\u00bb","block_context":{"text":"Actualidad","link":"https:\/\/lahoradelcampo.com.uy\/site\/category\/actualidad\/"},"img":{"alt_text":"","src":"https:\/\/i0.wp.com\/lahoradelcampo.com.uy\/site\/wp-content\/uploads\/2023\/03\/INIA-CNFR-Resilencia.jpg?fit=880%2C440&ssl=1&resize=350%2C200","width":350,"height":200,"srcset":"https:\/\/i0.wp.com\/lahoradelcampo.com.uy\/site\/wp-content\/uploads\/2023\/03\/INIA-CNFR-Resilencia.jpg?fit=880%2C440&ssl=1&resize=350%2C200 1x, https:\/\/i0.wp.com\/lahoradelcampo.com.uy\/site\/wp-content\/uploads\/2023\/03\/INIA-CNFR-Resilencia.jpg?fit=880%2C440&ssl=1&resize=525%2C300 1.5x, https:\/\/i0.wp.com\/lahoradelcampo.com.uy\/site\/wp-content\/uploads\/2023\/03\/INIA-CNFR-Resilencia.jpg?fit=880%2C440&ssl=1&resize=700%2C400 2x"},"classes":[]},{"id":53650,"url":"https:\/\/lahoradelcampo.com.uy\/site\/colonos-avanzan-en-productividad-y-el-inc-mantiene-las-rentas\/","url_meta":{"origin":38699,"position":4},"title":"Colonos avanzan en productividad y el INC mantiene las rentas","author":"La Hora del Campo","date":"31 marzo, 2024","format":false,"excerpt":"El Instituto Nacional de Colonizaci\u00f3n (INC) contin\u00faa mostrando progresos significativos en t\u00e9rminos de productividad, sistema de riego y pol\u00edticas de mantenimiento de rentas bajo la direcci\u00f3n de su actual gesti\u00f3n, seg\u00fan inform\u00f3 el Directorio del organismo. La labor del INC en la promoci\u00f3n del desarrollo rural y mejora de la\u2026","rel":"","context":"En \u00abActualidad\u00bb","block_context":{"text":"Actualidad","link":"https:\/\/lahoradelcampo.com.uy\/site\/category\/actualidad\/"},"img":{"alt_text":"","src":"https:\/\/i0.wp.com\/lahoradelcampo.com.uy\/site\/wp-content\/uploads\/2023\/01\/colonizacion-1.jpg?fit=880%2C440&ssl=1&resize=350%2C200","width":350,"height":200,"srcset":"https:\/\/i0.wp.com\/lahoradelcampo.com.uy\/site\/wp-content\/uploads\/2023\/01\/colonizacion-1.jpg?fit=880%2C440&ssl=1&resize=350%2C200 1x, https:\/\/i0.wp.com\/lahoradelcampo.com.uy\/site\/wp-content\/uploads\/2023\/01\/colonizacion-1.jpg?fit=880%2C440&ssl=1&resize=525%2C300 1.5x, https:\/\/i0.wp.com\/lahoradelcampo.com.uy\/site\/wp-content\/uploads\/2023\/01\/colonizacion-1.jpg?fit=880%2C440&ssl=1&resize=700%2C400 2x"},"classes":[]},{"id":55951,"url":"https:\/\/lahoradelcampo.com.uy\/site\/el-engramillamiento-de-campo-genera-perdidas-de-carbono-organico-en-el-suelo\/","url_meta":{"origin":38699,"position":5},"title":"El engramillamiento de campo genera p\u00e9rdidas de carbono org\u00e1nico en el suelo","author":"La Hora del Campo","date":"21 abril, 2025","format":false,"excerpt":"Un estudio de largo plazo realizado por el Instituto Nacional de Investigaci\u00f3n Agropecuaria (INIA) en Treinta y Tres ha revelado que el engramillamiento de los mejoramientos de campo conduce a una reducci\u00f3n en las reservas de carbono org\u00e1nico del suelo, impactando negativamente su calidad y potencial productivo. Esta investigaci\u00f3n, publicada\u2026","rel":"","context":"En \u00abActualidad\u00bb","block_context":{"text":"Actualidad","link":"https:\/\/lahoradelcampo.com.uy\/site\/category\/actualidad\/"},"img":{"alt_text":"","src":"https:\/\/i0.wp.com\/lahoradelcampo.com.uy\/site\/wp-content\/uploads\/2025\/04\/INIA-Engramillamiento.jpg?fit=880%2C440&ssl=1&resize=350%2C200","width":350,"height":200,"srcset":"https:\/\/i0.wp.com\/lahoradelcampo.com.uy\/site\/wp-content\/uploads\/2025\/04\/INIA-Engramillamiento.jpg?fit=880%2C440&ssl=1&resize=350%2C200 1x, https:\/\/i0.wp.com\/lahoradelcampo.com.uy\/site\/wp-content\/uploads\/2025\/04\/INIA-Engramillamiento.jpg?fit=880%2C440&ssl=1&resize=525%2C300 1.5x, https:\/\/i0.wp.com\/lahoradelcampo.com.uy\/site\/wp-content\/uploads\/2025\/04\/INIA-Engramillamiento.jpg?fit=880%2C440&ssl=1&resize=700%2C400 2x"},"classes":[]}],"jetpack_likes_enabled":true,"_links":{"self":[{"href":"https:\/\/lahoradelcampo.com.uy\/site\/wp-json\/wp\/v2\/posts\/38699","targetHints":{"allow":["GET"]}}],"collection":[{"href":"https:\/\/lahoradelcampo.com.uy\/site\/wp-json\/wp\/v2\/posts"}],"about":[{"href":"https:\/\/lahoradelcampo.com.uy\/site\/wp-json\/wp\/v2\/types\/post"}],"author":[{"embeddable":true,"href":"https:\/\/lahoradelcampo.com.uy\/site\/wp-json\/wp\/v2\/users\/5"}],"replies":[{"embeddable":true,"href":"https:\/\/lahoradelcampo.com.uy\/site\/wp-json\/wp\/v2\/comments?post=38699"}],"version-history":[{"count":2,"href":"https:\/\/lahoradelcampo.com.uy\/site\/wp-json\/wp\/v2\/posts\/38699\/revisions"}],"predecessor-version":[{"id":38705,"href":"https:\/\/lahoradelcampo.com.uy\/site\/wp-json\/wp\/v2\/posts\/38699\/revisions\/38705"}],"wp:featuredmedia":[{"embeddable":true,"href":"https:\/\/lahoradelcampo.com.uy\/site\/wp-json\/wp\/v2\/media\/38701"}],"wp:attachment":[{"href":"https:\/\/lahoradelcampo.com.uy\/site\/wp-json\/wp\/v2\/media?parent=38699"}],"wp:term":[{"taxonomy":"category","embeddable":true,"href":"https:\/\/lahoradelcampo.com.uy\/site\/wp-json\/wp\/v2\/categories?post=38699"},{"taxonomy":"post_tag","embeddable":true,"href":"https:\/\/lahoradelcampo.com.uy\/site\/wp-json\/wp\/v2\/tags?post=38699"}],"curies":[{"name":"wp","href":"https:\/\/api.w.org\/{rel}","templated":true}]}}