{"id":38695,"date":"2022-01-31T09:14:55","date_gmt":"2022-01-31T12:14:55","guid":{"rendered":"http:\/\/lahoradelcampo.com.uy\/site\/?p=38695"},"modified":"2022-01-31T09:15:00","modified_gmt":"2022-01-31T12:15:00","slug":"gremiales-solicitan-informacion-sobre-la-erradicacion-de-la-mosca-de-la-bichera","status":"publish","type":"post","link":"https:\/\/lahoradelcampo.com.uy\/site\/gremiales-solicitan-informacion-sobre-la-erradicacion-de-la-mosca-de-la-bichera\/","title":{"rendered":"Gremiales solicitan informaci\u00f3n sobre la Erradicaci\u00f3n de la Mosca de la Bichera"},"content":{"rendered":"\n<figure class=\"wp-block-image\"><img data-recalc-dims=\"1\" loading=\"lazy\" decoding=\"async\" width=\"810\" height=\"405\" data-attachment-id=\"10979\" data-permalink=\"https:\/\/lahoradelcampo.com.uy\/site\/bichera-si-las-moscas-vienen-de-otro-lado-no-avanzo-nada-y-lo-que-hago-es-gastar-plata\/bichera\/\" data-orig-file=\"https:\/\/i0.wp.com\/lahoradelcampo.com.uy\/site\/wp-content\/uploads\/2019\/05\/Bichera.jpg?fit=880%2C440&amp;ssl=1\" data-orig-size=\"880,440\" data-comments-opened=\"1\" data-image-meta=\"{&quot;aperture&quot;:&quot;0&quot;,&quot;credit&quot;:&quot;&quot;,&quot;camera&quot;:&quot;&quot;,&quot;caption&quot;:&quot;&quot;,&quot;created_timestamp&quot;:&quot;0&quot;,&quot;copyright&quot;:&quot;&quot;,&quot;focal_length&quot;:&quot;0&quot;,&quot;iso&quot;:&quot;0&quot;,&quot;shutter_speed&quot;:&quot;0&quot;,&quot;title&quot;:&quot;&quot;,&quot;orientation&quot;:&quot;1&quot;}\" data-image-title=\"Bichera\" data-image-description=\"\" data-image-caption=\"\" data-large-file=\"https:\/\/i0.wp.com\/lahoradelcampo.com.uy\/site\/wp-content\/uploads\/2019\/05\/Bichera.jpg?fit=810%2C405&amp;ssl=1\" src=\"https:\/\/i0.wp.com\/lahoradelcampo.com.uy\/site\/wp-content\/uploads\/2019\/05\/Bichera.jpg?resize=810%2C405\" alt=\"\" class=\"wp-image-10979\" srcset=\"https:\/\/i0.wp.com\/lahoradelcampo.com.uy\/site\/wp-content\/uploads\/2019\/05\/Bichera.jpg?w=880&amp;ssl=1 880w, https:\/\/i0.wp.com\/lahoradelcampo.com.uy\/site\/wp-content\/uploads\/2019\/05\/Bichera.jpg?resize=300%2C150&amp;ssl=1 300w, https:\/\/i0.wp.com\/lahoradelcampo.com.uy\/site\/wp-content\/uploads\/2019\/05\/Bichera.jpg?resize=768%2C384&amp;ssl=1 768w, https:\/\/i0.wp.com\/lahoradelcampo.com.uy\/site\/wp-content\/uploads\/2019\/05\/Bichera.jpg?resize=820%2C410&amp;ssl=1 820w\" sizes=\"auto, (max-width: 810px) 100vw, 810px\" \/><\/figure>\n\n\n\n<p>En la presente semana se reuni\u00f3 \u00abCampo Unido\u00bb, integrado por los presidentes de las principales gremiales agropecuarias del pa\u00eds, donde se analiz\u00f3 y planific\u00f3 las l\u00edneas de trabajo para este a\u00f1o 2022. Dentro de dicha reuni\u00f3n se marcaron temas como la posici\u00f3n del grupo frente al Referend\u00fam por la Ley de Urgente Consideraci\u00f3n (LUC), el acuerdo comercial con China, temas impositivos, pero el destaque fue para el \u00abProyecto de Erradicaci\u00f3n de la Mosca de la Bichera\u00bb, donde se decidi\u00f3 solicitar al gobierno informaci\u00f3n sobre el avance del mismo. <br><\/p>\n\n\n\n<p>Los titulares de Asociaci\u00f3n de Cultivadores de Arroz (ACA), Asociaci\u00f3n Rural del Uruguay (ARU), Asociaci\u00f3n Nacional de Productores de Leche (ANPL), Comisi\u00f3n Nacional de Fomento Rural (CNFR), Federaci\u00f3n Rural (FR) y Cooperativas Agrarias Federadas (CAF), consideraron de relevancia la reuni\u00f3n de \u00abintercambio\u00bb y la definici\u00f3n de las \u00abestrategias\u00bb que adoptaran de forma conjunta sobre los temas m\u00e1s relevantes. <br><\/p>\n\n\n\n<p>El presidente de Cooperativas Agrarias Federadas (CAF), Pablo Perdomo, se\u00f1al\u00f3 en di\u00e1logo con La Hora del Campo que el tema m\u00e1s importante fue el \u00abProyecto de Erradicaci\u00f3n de la Mosca de la Bichera\u00bb que este verano ha tenido una muy alta incidencia en la majada ovina, principalmente, pero tambi\u00e9n en los vacunos. En este sentido indic\u00f3 que se le envi\u00f3 una misiva al Ministro de Ganader\u00eda, Agricultura y Pesca (MGAP), Ing. Agr. Fernando Mattos, solicitando informaci\u00f3n del avance del proyecto y de los resultados del trabajo realizado por OPYPA en cuanto a los costos del mismo, para evaluar de esta manera el financiamiento del mismo, el cual sostienen las gremiales ser\u00e1 a cargo de los productores. <br><\/p>\n\n\n\n<p>Perdomo indic\u00f3 que se manej\u00f3 en la reuni\u00f3n las posibles formas de financiamiento que se plantearon desde los trabajos realizados con el ex-ministro Carlos Mar\u00eda Uriarte, donde se planteo la utilizaci\u00f3n del 1% durante un a\u00f1o, herramienta a la cual se opuso p\u00fablicamente la Asociaci\u00f3n Rural del Uruguay en su discurso de la Expo Prado. Adem\u00e1s se maneja la utilizaci\u00f3n de recursos que ya aportan los productores a trav\u00e9s del Instituto Nacional de Carnes (INAC) a la hora de remitir la hacienda a la industria frigor\u00edfica. Adem\u00e1s tambi\u00e9n existen otras formas de financiamiento, pero a\u00fan no se ha tomado posici\u00f3n, teniendo en cuenta que la implementaci\u00f3n, el tiempo y los costos han variado sustancialmente respecto a lo manejado anteriormente, con el ex-jerarca. <br><\/p>\n\n\n\n<p><strong>\u00abEl proyecto no estaba tan avanzado como se cre\u00eda\u00bb<\/strong><br><\/p>\n\n\n\n<p>En el marco de la inauguraci\u00f3n de las nuevas obras en la planta de Conaprole en Villa Rodr\u00edguez, el ministro de Ganader\u00eda, Fernando Mattos, fue consultado respecto al avance del proyecto de la bichera, por el programa Campo al d\u00eda. All\u00ed, Mattos dijo que la campa\u00f1a \u201ctiene que ser exitosa, y tenemos que dominar la ansiedad en el tema, porque no podemos apresurar los plazos porque se daba por hecho que la campa\u00f1a estaba pronta para largarse y est\u00e1bamos lejos de esa realidad, al punto que los Servicios Ganaderos no estaban involucrados en su desarrollo\u201d.<br><\/p>\n\n\n\n<p>\u201cEl equipo t\u00e9cnico es el mismo pero no podemos avanzar en un proyecto que fracase, y no es que se haya enlentecido, tenemos que fijar los plazos\u201d expres\u00f3.  \u201cFalta que se defina la fuente de financiaci\u00f3n y eso est\u00e1 en la cancha de las gremiales, apoyamos la campa\u00f1a pero tiene que ser en forma consensuada y no podemos tener un traspi\u00e9 que deje por tierra el esfuerzo realizado\u201d sostuvo Mattos, agregando que seguimos en contacto con Panam\u00e1 y Estados Unidos y estamos dando los pasos necesarios y la financiaci\u00f3n es un paso importante\u201d.<br><\/p>\n\n\n\n<p>Referend\u00fam<br><\/p>\n\n\n\n<p>Respecto a la posici\u00f3n que adoptar\u00e1 Campo Unido respecto al Referend\u00fam de la Ley de Urgente Consideraci\u00f3n (LUC), Pablo Perdomo dijo que el grupo no tomar\u00e1 parte en dicha propuesta electoral. Al mismo tiempo reconoci\u00f3 que existen \u201calgunas gremiales que apoyan el no y saldr\u00e1n p\u00fablicamente a hacerlo\u00bb mientras que por otro lado existen \u00abotras que tambi\u00e9n lo apoyan no har\u00e1n campa\u00f1a\u00bb y por \u00faltimo gremiales que a\u00fan \u00abno se han expresado porque no lo han discutido internamente\u00bb. <\/p>\n\n\n\n<p>Salto, 31 de enero de 2022<\/p>\n","protected":false},"excerpt":{"rendered":"<p>En la presente semana se reuni\u00f3 \u00abCampo Unido\u00bb, integrado por los presidentes de las principales gremiales agropecuarias del pa\u00eds, donde se analiz\u00f3 y planific\u00f3 las l\u00edneas de trabajo para este [&hellip;]<\/p>\n","protected":false},"author":5,"featured_media":10979,"comment_status":"open","ping_status":"open","sticky":false,"template":"","format":"standard","meta":{"_price":"","_stock":"","_tribe_ticket_header":"","_tribe_default_ticket_provider":"","_tribe_ticket_capacity":"0","_ticket_start_date":"","_ticket_end_date":"","_tribe_ticket_show_description":"","_tribe_ticket_show_not_going":false,"_tribe_ticket_use_global_stock":"","_tribe_ticket_global_stock_level":"","_global_stock_mode":"","_global_stock_cap":"","_tribe_rsvp_for_event":"","_tribe_ticket_going_count":"","_tribe_ticket_not_going_count":"","_tribe_tickets_list":"[]","_tribe_ticket_has_attendee_info_fields":false,"h5ap_radio_sources":[],"_jetpack_newsletter_access":"","_jetpack_dont_email_post_to_subs":false,"_jetpack_newsletter_tier_id":0,"_jetpack_memberships_contains_paywalled_content":false,"_jetpack_memberships_contains_paid_content":false,"footnotes":""},"categories":[21,13],"tags":[],"class_list":["post-38695","post","type-post","status-publish","format-standard","has-post-thumbnail","hentry","category-actualidad","category-ovinos"],"jetpack_featured_media_url":"https:\/\/i0.wp.com\/lahoradelcampo.com.uy\/site\/wp-content\/uploads\/2019\/05\/Bichera.jpg?fit=880%2C440&ssl=1","jetpack_sharing_enabled":true,"jetpack_shortlink":"https:\/\/wp.me\/p99IaT-a47","jetpack-related-posts":[{"id":28388,"url":"https:\/\/lahoradelcampo.com.uy\/site\/uriarte-se-reunion-con-las-gremiales-por-la-mosca-de-la-bichera\/","url_meta":{"origin":38695,"position":0},"title":"Uriarte se reuni\u00f3n con las gremiales por la Mosca de la Bichera","author":"La Hora del Campo","date":"10 marzo, 2021","format":false,"excerpt":"Carlos Mar\u00eda Uriarte se reuni\u00f3, este martes 9, con representantes de la Federaci\u00f3n Rural, la Asociaci\u00f3n Rural y la Cooperativa Agraria de Fomento, para ajustar las l\u00edneas de acci\u00f3n del borrador del proyecto de la ley destinada a la campa\u00f1a de control y erradicaci\u00f3n de la mosca de la bichera\u2026","rel":"","context":"En \u00abActualidad\u00bb","block_context":{"text":"Actualidad","link":"https:\/\/lahoradelcampo.com.uy\/site\/category\/actualidad\/"},"img":{"alt_text":"","src":"https:\/\/i0.wp.com\/lahoradelcampo.com.uy\/site\/wp-content\/uploads\/2021\/03\/Bicheras.jpg?fit=880%2C440&ssl=1&resize=350%2C200","width":350,"height":200,"srcset":"https:\/\/i0.wp.com\/lahoradelcampo.com.uy\/site\/wp-content\/uploads\/2021\/03\/Bicheras.jpg?fit=880%2C440&ssl=1&resize=350%2C200 1x, https:\/\/i0.wp.com\/lahoradelcampo.com.uy\/site\/wp-content\/uploads\/2021\/03\/Bicheras.jpg?fit=880%2C440&ssl=1&resize=525%2C300 1.5x, https:\/\/i0.wp.com\/lahoradelcampo.com.uy\/site\/wp-content\/uploads\/2021\/03\/Bicheras.jpg?fit=880%2C440&ssl=1&resize=700%2C400 2x"},"classes":[]},{"id":34393,"url":"https:\/\/lahoradelcampo.com.uy\/site\/hay-diferencias-para-la-financiacion-para-erradicar-la-mosca-de-la-bichera\/","url_meta":{"origin":38695,"position":1},"title":"Hay diferencias para la financiaci\u00f3n para erradicar la mosca de la bichera","author":"La Hora del Campo","date":"20 septiembre, 2021","format":false,"excerpt":"Puntualmente sobre el tema de la mosca de la bichera, se indic\u00f3 que desde ARU se est\u00e1 convencido \"que tomando las medidas adecuadas sobre el control de todos los actores involucrados en estas campa\u00f1as, incluida la de la erradicaci\u00f3n de la mosca de la bichera, pueden ser financiadas por los\u2026","rel":"","context":"En \u00abActualidad\u00bb","block_context":{"text":"Actualidad","link":"https:\/\/lahoradelcampo.com.uy\/site\/category\/actualidad\/"},"img":{"alt_text":"","src":"https:\/\/i0.wp.com\/lahoradelcampo.com.uy\/site\/wp-content\/uploads\/2017\/09\/Ovinos.jpg?fit=880%2C440&ssl=1&resize=350%2C200","width":350,"height":200,"srcset":"https:\/\/i0.wp.com\/lahoradelcampo.com.uy\/site\/wp-content\/uploads\/2017\/09\/Ovinos.jpg?fit=880%2C440&ssl=1&resize=350%2C200 1x, https:\/\/i0.wp.com\/lahoradelcampo.com.uy\/site\/wp-content\/uploads\/2017\/09\/Ovinos.jpg?fit=880%2C440&ssl=1&resize=525%2C300 1.5x, https:\/\/i0.wp.com\/lahoradelcampo.com.uy\/site\/wp-content\/uploads\/2017\/09\/Ovinos.jpg?fit=880%2C440&ssl=1&resize=700%2C400 2x"},"classes":[]},{"id":7037,"url":"https:\/\/lahoradelcampo.com.uy\/site\/nunca-estuvimos-tan-cerca-de-un-plan-de-erradicacion-de-la-mosca-de-la-bichera\/","url_meta":{"origin":38695,"position":2},"title":"\u00abNunca estuvimos tan cerca de un plan de erradicaci\u00f3n de la mosca de la bichera\u00bb","author":"La Hora del Campo","date":"10 mayo, 2018","format":false,"excerpt":"Durante el mes de marzo se desarroll\u00f3 en el pa\u00eds, una reuni\u00f3n internacional sobre la Erradicaci\u00f3n de Gusano Barrenador del Ganado, m\u00e1s conocido como la Mosca de la Bichera, problem\u00e1tica que genera p\u00e9rdidas important\u00edsimas en la producci\u00f3n ovina nacional, adem\u00e1s de ser una zoonosis que afecta a la poblaci\u00f3n rural\u2026","rel":"","context":"En \u00abActualidad\u00bb","block_context":{"text":"Actualidad","link":"https:\/\/lahoradelcampo.com.uy\/site\/category\/actualidad\/"},"img":{"alt_text":"","src":"https:\/\/i0.wp.com\/lahoradelcampo.com.uy\/site\/wp-content\/uploads\/2018\/05\/Bozzo.jpg?fit=880%2C440&ssl=1&resize=350%2C200","width":350,"height":200,"srcset":"https:\/\/i0.wp.com\/lahoradelcampo.com.uy\/site\/wp-content\/uploads\/2018\/05\/Bozzo.jpg?fit=880%2C440&ssl=1&resize=350%2C200 1x, https:\/\/i0.wp.com\/lahoradelcampo.com.uy\/site\/wp-content\/uploads\/2018\/05\/Bozzo.jpg?fit=880%2C440&ssl=1&resize=525%2C300 1.5x, https:\/\/i0.wp.com\/lahoradelcampo.com.uy\/site\/wp-content\/uploads\/2018\/05\/Bozzo.jpg?fit=880%2C440&ssl=1&resize=700%2C400 2x"},"classes":[]},{"id":6101,"url":"https:\/\/lahoradelcampo.com.uy\/site\/a-fin-de-2018-estara-pronto-un-estudio-de-pre-factibilidad-de-la-erradicacion-de-la-bichera\/","url_meta":{"origin":38695,"position":3},"title":"A fin de 2018 estar\u00e1 pronto un estudio de pre-factibilidad de la erradicaci\u00f3n de la bichera","author":"La Hora del Campo","date":"26 marzo, 2018","format":false,"excerpt":"Se desarroll\u00f3 en el Centro de Investigaci\u00f3n y Experimentaci\u00f3n Dr. Alejandro Gallinal (Ciedag) del Secretariado Uruguayo de la Lana en Cerro Colorado Florida, una reuni\u00f3n con t\u00e9cnicos internacionales y locales, sobre la erradicaci\u00f3n del gusano barrenador del ganado (Mosca de la Bichera) donde se trazaron varias l\u00edneas de trabajo hacia\u2026","rel":"","context":"En \u00abActualidad\u00bb","block_context":{"text":"Actualidad","link":"https:\/\/lahoradelcampo.com.uy\/site\/category\/actualidad\/"},"img":{"alt_text":"","src":"https:\/\/i0.wp.com\/lahoradelcampo.com.uy\/site\/wp-content\/uploads\/2018\/03\/Uriarte.jpg?fit=880%2C440&ssl=1&resize=350%2C200","width":350,"height":200,"srcset":"https:\/\/i0.wp.com\/lahoradelcampo.com.uy\/site\/wp-content\/uploads\/2018\/03\/Uriarte.jpg?fit=880%2C440&ssl=1&resize=350%2C200 1x, https:\/\/i0.wp.com\/lahoradelcampo.com.uy\/site\/wp-content\/uploads\/2018\/03\/Uriarte.jpg?fit=880%2C440&ssl=1&resize=525%2C300 1.5x, https:\/\/i0.wp.com\/lahoradelcampo.com.uy\/site\/wp-content\/uploads\/2018\/03\/Uriarte.jpg?fit=880%2C440&ssl=1&resize=700%2C400 2x"},"classes":[]},{"id":57042,"url":"https:\/\/lahoradelcampo.com.uy\/site\/federacion-rural-reclama-mantener-la-erradicacion-de-labichera-como-politica-de-estado\/","url_meta":{"origin":38695,"position":4},"title":"Federaci\u00f3n Rural reclama mantener la erradicaci\u00f3n de labichera como pol\u00edtica de Estado","author":"La Hora del Campo","date":"11 octubre, 2025","format":false,"excerpt":"La Federaci\u00f3n Rural del Uruguay emiti\u00f3 un comunicado en el que rechaza las interpretaciones que plantean una supuesta contradicci\u00f3n entre la campa\u00f1a contra la garrapata y la pol\u00edtica de erradicaci\u00f3n de la mosca de la bichera, asegurando que ambas iniciativas \"no son excluyentes y se est\u00e1n implementando de forma paralela,\u2026","rel":"","context":"En \u00abActualidad\u00bb","block_context":{"text":"Actualidad","link":"https:\/\/lahoradelcampo.com.uy\/site\/category\/actualidad\/"},"img":{"alt_text":"","src":"https:\/\/i0.wp.com\/lahoradelcampo.com.uy\/site\/wp-content\/uploads\/2018\/03\/web-federacion.jpg?fit=880%2C440&ssl=1&resize=350%2C200","width":350,"height":200,"srcset":"https:\/\/i0.wp.com\/lahoradelcampo.com.uy\/site\/wp-content\/uploads\/2018\/03\/web-federacion.jpg?fit=880%2C440&ssl=1&resize=350%2C200 1x, https:\/\/i0.wp.com\/lahoradelcampo.com.uy\/site\/wp-content\/uploads\/2018\/03\/web-federacion.jpg?fit=880%2C440&ssl=1&resize=525%2C300 1.5x, https:\/\/i0.wp.com\/lahoradelcampo.com.uy\/site\/wp-content\/uploads\/2018\/03\/web-federacion.jpg?fit=880%2C440&ssl=1&resize=700%2C400 2x"},"classes":[]},{"id":43491,"url":"https:\/\/lahoradelcampo.com.uy\/site\/en-2023-iniciara-la-dispersion-de-moscas-esteriles-de-la-bichera\/","url_meta":{"origin":38695,"position":5},"title":"En 2023 iniciar\u00e1 la dispersi\u00f3n de moscas est\u00e9riles de la bichera","author":"La Hora del Campo","date":"5 julio, 2022","format":false,"excerpt":"Este lunes 4, el ministro del MGAP, Fernando Mattos, acompa\u00f1ado por los representantes de los institutos agropecuarios y de las gremiales de productores que formaron parte de la misi\u00f3n oficial a Panam\u00e1, inform\u00f3 los resultados y dio detalles sobre la aplicaci\u00f3n del Programa de Erradicaci\u00f3n de la Mosca de la\u2026","rel":"","context":"En \u00abActualidad\u00bb","block_context":{"text":"Actualidad","link":"https:\/\/lahoradelcampo.com.uy\/site\/category\/actualidad\/"},"img":{"alt_text":"","src":"https:\/\/i0.wp.com\/lahoradelcampo.com.uy\/site\/wp-content\/uploads\/2022\/07\/MGAP-Bichera-1.jpg?fit=880%2C440&ssl=1&resize=350%2C200","width":350,"height":200,"srcset":"https:\/\/i0.wp.com\/lahoradelcampo.com.uy\/site\/wp-content\/uploads\/2022\/07\/MGAP-Bichera-1.jpg?fit=880%2C440&ssl=1&resize=350%2C200 1x, https:\/\/i0.wp.com\/lahoradelcampo.com.uy\/site\/wp-content\/uploads\/2022\/07\/MGAP-Bichera-1.jpg?fit=880%2C440&ssl=1&resize=525%2C300 1.5x, https:\/\/i0.wp.com\/lahoradelcampo.com.uy\/site\/wp-content\/uploads\/2022\/07\/MGAP-Bichera-1.jpg?fit=880%2C440&ssl=1&resize=700%2C400 2x"},"classes":[]}],"jetpack_likes_enabled":true,"_links":{"self":[{"href":"https:\/\/lahoradelcampo.com.uy\/site\/wp-json\/wp\/v2\/posts\/38695","targetHints":{"allow":["GET"]}}],"collection":[{"href":"https:\/\/lahoradelcampo.com.uy\/site\/wp-json\/wp\/v2\/posts"}],"about":[{"href":"https:\/\/lahoradelcampo.com.uy\/site\/wp-json\/wp\/v2\/types\/post"}],"author":[{"embeddable":true,"href":"https:\/\/lahoradelcampo.com.uy\/site\/wp-json\/wp\/v2\/users\/5"}],"replies":[{"embeddable":true,"href":"https:\/\/lahoradelcampo.com.uy\/site\/wp-json\/wp\/v2\/comments?post=38695"}],"version-history":[{"count":1,"href":"https:\/\/lahoradelcampo.com.uy\/site\/wp-json\/wp\/v2\/posts\/38695\/revisions"}],"predecessor-version":[{"id":38697,"href":"https:\/\/lahoradelcampo.com.uy\/site\/wp-json\/wp\/v2\/posts\/38695\/revisions\/38697"}],"wp:featuredmedia":[{"embeddable":true,"href":"https:\/\/lahoradelcampo.com.uy\/site\/wp-json\/wp\/v2\/media\/10979"}],"wp:attachment":[{"href":"https:\/\/lahoradelcampo.com.uy\/site\/wp-json\/wp\/v2\/media?parent=38695"}],"wp:term":[{"taxonomy":"category","embeddable":true,"href":"https:\/\/lahoradelcampo.com.uy\/site\/wp-json\/wp\/v2\/categories?post=38695"},{"taxonomy":"post_tag","embeddable":true,"href":"https:\/\/lahoradelcampo.com.uy\/site\/wp-json\/wp\/v2\/tags?post=38695"}],"curies":[{"name":"wp","href":"https:\/\/api.w.org\/{rel}","templated":true}]}}