{"id":38683,"date":"2022-01-31T09:08:12","date_gmt":"2022-01-31T12:08:12","guid":{"rendered":"http:\/\/lahoradelcampo.com.uy\/site\/?p=38683"},"modified":"2022-01-31T09:08:17","modified_gmt":"2022-01-31T12:08:17","slug":"pantalla-uruguay-coloco-100-en-su-primer-remate-de-2022","status":"publish","type":"post","link":"https:\/\/lahoradelcampo.com.uy\/site\/pantalla-uruguay-coloco-100-en-su-primer-remate-de-2022\/","title":{"rendered":"Pantalla Uruguay coloc\u00f3 100% en su primer remate de 2022"},"content":{"rendered":"\n<figure class=\"wp-block-image\"><img data-recalc-dims=\"1\" loading=\"lazy\" decoding=\"async\" width=\"810\" height=\"405\" data-attachment-id=\"38687\" data-permalink=\"https:\/\/lahoradelcampo.com.uy\/site\/pantalla-uruguay-coloco-100-en-su-primer-remate-de-2022\/pu-san-roman\/\" data-orig-file=\"https:\/\/i0.wp.com\/lahoradelcampo.com.uy\/site\/wp-content\/uploads\/2022\/01\/PU-San-Roman.jpg?fit=880%2C440&amp;ssl=1\" data-orig-size=\"880,440\" data-comments-opened=\"1\" data-image-meta=\"{&quot;aperture&quot;:&quot;0&quot;,&quot;credit&quot;:&quot;&quot;,&quot;camera&quot;:&quot;&quot;,&quot;caption&quot;:&quot;&quot;,&quot;created_timestamp&quot;:&quot;0&quot;,&quot;copyright&quot;:&quot;&quot;,&quot;focal_length&quot;:&quot;0&quot;,&quot;iso&quot;:&quot;0&quot;,&quot;shutter_speed&quot;:&quot;0&quot;,&quot;title&quot;:&quot;&quot;,&quot;orientation&quot;:&quot;1&quot;}\" data-image-title=\"PU-San Roman\" data-image-description=\"\" data-image-caption=\"\" data-large-file=\"https:\/\/i0.wp.com\/lahoradelcampo.com.uy\/site\/wp-content\/uploads\/2022\/01\/PU-San-Roman.jpg?fit=810%2C405&amp;ssl=1\" src=\"https:\/\/i0.wp.com\/lahoradelcampo.com.uy\/site\/wp-content\/uploads\/2022\/01\/PU-San-Roman.jpg?resize=810%2C405\" alt=\"\" class=\"wp-image-38687\" srcset=\"https:\/\/i0.wp.com\/lahoradelcampo.com.uy\/site\/wp-content\/uploads\/2022\/01\/PU-San-Roman.jpg?w=880&amp;ssl=1 880w, https:\/\/i0.wp.com\/lahoradelcampo.com.uy\/site\/wp-content\/uploads\/2022\/01\/PU-San-Roman.jpg?resize=300%2C150&amp;ssl=1 300w, https:\/\/i0.wp.com\/lahoradelcampo.com.uy\/site\/wp-content\/uploads\/2022\/01\/PU-San-Roman.jpg?resize=768%2C384&amp;ssl=1 768w, https:\/\/i0.wp.com\/lahoradelcampo.com.uy\/site\/wp-content\/uploads\/2022\/01\/PU-San-Roman.jpg?resize=820%2C410&amp;ssl=1 820w\" sizes=\"auto, (max-width: 810px) 100vw, 810px\" \/><\/figure>\n\n\n\n<p>Pantalla Uruguay comenz\u00f3 el 2022 con un remate que sorprendi\u00f3 por su din\u00e1mica y demanda en todas las categor\u00edas de la reposici\u00f3n, en gran parte resultado de las precipitaciones que se registraron en la segunda quincena de enero. El consorcio coloc\u00f3 el 100% de la oferta, con subas en todas las categor\u00edas respecto al remate anterior. <br><\/p>\n\n\n\n<p>El martillero Mart\u00edn San Rom\u00e1n, integrante de la firma Bertsch, Correa &amp; San Rom\u00e1n en Pantalla Uruguay, dijo a La Hora del Campo que \u00abfue un muy buen remate, impactante, todos los lotes ten\u00edan puja, hab\u00eda v\u00e9rtigo en la rapidez que se vend\u00eda\u00bb. El rematador dijo que aquella discusi\u00f3n de \u00abque categor\u00eda subi\u00f3 m\u00e1s que la otra respecto al remate anterior\u00bb, en esta oportunidad no tuvo gran relevancia porque \u00abno hubo, como ocurre siempre, alguna categor\u00eda que estuvo m\u00e1s parecida o razonable, todas tuvieron subas impresionantes y una din\u00e1mica en el remate que hacia mucho tiempo no ve\u00eda\u00bb. <br><\/p>\n\n\n\n<p>Para San Rom\u00e1n, la explicaci\u00f3n de este resultado est\u00e1 basado en el \u00abescenario de las lluvias, que tienen mucho que ver, y de la mano de que en los \u00faltimos tres meses con 50.000 cabezas faenadas por semana, son 200.000 cabezas que se suman a la exportaci\u00f3n en pie, as\u00ed que  en general la gente estaba con una necesidad importante de reponer, pero tomando precauciones respecto a las condicionantes del clima\u00bb. <br><\/p>\n\n\n\n<p>El martillero indic\u00f3 que la principal firmeza en las compras se di\u00f3 desde el \u00ablitoral oeste y centro del pa\u00eds, y tambi\u00e9n de algunos lugares donde se dieron las lluvias en Salto y permitieron una recuperaci\u00f3n en las comidas\u00bb. <br><\/p>\n\n\n\n<p>Consultado sobre si las lluvias ejercieron una presi\u00f3n inflacionaria en los valores de la reposici\u00f3n, el martillero dijo que estas categor\u00edas estaban \u00abmereciendo una suba que no se daba respecto a lo que val\u00eda el gordo, ahora se acerca m\u00e1s a los andaniveles que debe andar con lo que es el ganado gordo\u00bb.<br><\/p>\n\n\n\n<p>Respecto a la oferta del escritorio, San Rom\u00e1n destac\u00f3 que \u00ablas 1.344 piezas de cr\u00eda se colocaron en tres martillazos con referencias de US$ 440 a US$ 465 la pieza\u00bb. Al mismo tiempo indic\u00f3 que \u00ablas novilladas las vendimos realmente por encima de lo que pens\u00e1bamos, lo mismo para las vacas de invernada\u00bb.  <\/p>\n\n\n\n<div class=\"wp-block-image\"><figure class=\"aligncenter is-resized\"><img data-recalc-dims=\"1\" loading=\"lazy\" decoding=\"async\" data-attachment-id=\"38685\" data-permalink=\"https:\/\/lahoradelcampo.com.uy\/site\/pantalla-uruguay-coloco-100-en-su-primer-remate-de-2022\/pantalla-5\/\" data-orig-file=\"https:\/\/i0.wp.com\/lahoradelcampo.com.uy\/site\/wp-content\/uploads\/2022\/01\/Pantalla.jpg?fit=590%2C589&amp;ssl=1\" data-orig-size=\"590,589\" data-comments-opened=\"1\" data-image-meta=\"{&quot;aperture&quot;:&quot;0&quot;,&quot;credit&quot;:&quot;&quot;,&quot;camera&quot;:&quot;&quot;,&quot;caption&quot;:&quot;&quot;,&quot;created_timestamp&quot;:&quot;0&quot;,&quot;copyright&quot;:&quot;&quot;,&quot;focal_length&quot;:&quot;0&quot;,&quot;iso&quot;:&quot;0&quot;,&quot;shutter_speed&quot;:&quot;0&quot;,&quot;title&quot;:&quot;&quot;,&quot;orientation&quot;:&quot;1&quot;}\" data-image-title=\"Pantalla\" data-image-description=\"\" data-image-caption=\"\" data-large-file=\"https:\/\/i0.wp.com\/lahoradelcampo.com.uy\/site\/wp-content\/uploads\/2022\/01\/Pantalla.jpg?fit=590%2C589&amp;ssl=1\" src=\"https:\/\/i0.wp.com\/lahoradelcampo.com.uy\/site\/wp-content\/uploads\/2022\/01\/Pantalla.jpg?resize=372%2C371\" alt=\"\" class=\"wp-image-38685\" width=\"372\" height=\"371\" srcset=\"https:\/\/i0.wp.com\/lahoradelcampo.com.uy\/site\/wp-content\/uploads\/2022\/01\/Pantalla.jpg?w=590&amp;ssl=1 590w, https:\/\/i0.wp.com\/lahoradelcampo.com.uy\/site\/wp-content\/uploads\/2022\/01\/Pantalla.jpg?resize=150%2C150&amp;ssl=1 150w, https:\/\/i0.wp.com\/lahoradelcampo.com.uy\/site\/wp-content\/uploads\/2022\/01\/Pantalla.jpg?resize=300%2C300&amp;ssl=1 300w\" sizes=\"auto, (max-width: 372px) 100vw, 372px\" \/><\/figure><\/div>\n\n\n\n<p>Salto, 31 de enero de 2022<\/p>\n","protected":false},"excerpt":{"rendered":"<p>Pantalla Uruguay comenz\u00f3 el 2022 con un remate que sorprendi\u00f3 por su din\u00e1mica y demanda en todas las categor\u00edas de la reposici\u00f3n, en gran parte resultado de las precipitaciones que [&hellip;]<\/p>\n","protected":false},"author":5,"featured_media":38687,"comment_status":"open","ping_status":"open","sticky":false,"template":"","format":"standard","meta":{"_price":"","_stock":"","_tribe_ticket_header":"","_tribe_default_ticket_provider":"","_tribe_ticket_capacity":"0","_ticket_start_date":"","_ticket_end_date":"","_tribe_ticket_show_description":"","_tribe_ticket_show_not_going":false,"_tribe_ticket_use_global_stock":"","_tribe_ticket_global_stock_level":"","_global_stock_mode":"","_global_stock_cap":"","_tribe_rsvp_for_event":"","_tribe_ticket_going_count":"","_tribe_ticket_not_going_count":"","_tribe_tickets_list":"[]","_tribe_ticket_has_attendee_info_fields":false,"h5ap_radio_sources":[],"_jetpack_newsletter_access":"","_jetpack_dont_email_post_to_subs":false,"_jetpack_newsletter_tier_id":0,"_jetpack_memberships_contains_paywalled_content":false,"_jetpack_memberships_contains_paid_content":false,"footnotes":""},"categories":[21,5],"tags":[],"class_list":["post-38683","post","type-post","status-publish","format-standard","has-post-thumbnail","hentry","category-actualidad","category-ganaderia"],"jetpack_featured_media_url":"https:\/\/i0.wp.com\/lahoradelcampo.com.uy\/site\/wp-content\/uploads\/2022\/01\/PU-San-Roman.jpg?fit=880%2C440&ssl=1","jetpack_sharing_enabled":true,"jetpack_shortlink":"https:\/\/wp.me\/p99IaT-a3V","jetpack-related-posts":[{"id":1867,"url":"https:\/\/lahoradelcampo.com.uy\/site\/buen-nivel-de-colocacion-en-pantalla-uruguay\/","url_meta":{"origin":38683,"position":0},"title":"Buen nivel de colocaci\u00f3n  en Pantalla Uruguay","author":"La Hora del Campo","date":"28 septiembre, 2017","format":false,"excerpt":"En la jornada de ayer, el consorcio de rematadores de Pantalla Uruguay concret\u00f3 su 184 remate por pantalla, con un importante nivel de colocaci\u00f3n de la oferta propuesta para esta oportunidad. \"Un remate que arranc\u00f3 muy firme coloc\u00e1ndose todo en la escalera de machos, con los precios por encima de\u2026","rel":"","context":"En \u00abActualidad\u00bb","block_context":{"text":"Actualidad","link":"https:\/\/lahoradelcampo.com.uy\/site\/category\/actualidad\/"},"img":{"alt_text":"","src":"https:\/\/i0.wp.com\/lahoradelcampo.com.uy\/site\/wp-content\/uploads\/2017\/09\/Pantalla-Uruguay.jpg?fit=880%2C440&ssl=1&resize=350%2C200","width":350,"height":200,"srcset":"https:\/\/i0.wp.com\/lahoradelcampo.com.uy\/site\/wp-content\/uploads\/2017\/09\/Pantalla-Uruguay.jpg?fit=880%2C440&ssl=1&resize=350%2C200 1x, https:\/\/i0.wp.com\/lahoradelcampo.com.uy\/site\/wp-content\/uploads\/2017\/09\/Pantalla-Uruguay.jpg?fit=880%2C440&ssl=1&resize=525%2C300 1.5x, https:\/\/i0.wp.com\/lahoradelcampo.com.uy\/site\/wp-content\/uploads\/2017\/09\/Pantalla-Uruguay.jpg?fit=880%2C440&ssl=1&resize=700%2C400 2x"},"classes":[]},{"id":15544,"url":"https:\/\/lahoradelcampo.com.uy\/site\/pantalla-uruguay-coloco-el-98-de-la-oferta-con-valores-al-alza\/","url_meta":{"origin":38683,"position":1},"title":"Pantalla Uruguay coloc\u00f3 el 98%  de la oferta con valores al alza","author":"La Hora del Campo","date":"1 noviembre, 2019","format":false,"excerpt":"Pantalla uruguay contin\u00faa superando remate a remate sus propias expectativas ante un mercado firme y demandado en todas las categor\u00edas y con valores que ajustaron al alza. En la jornada de ayer, en las ventas 209 del consorcio, se coloc\u00f3 el 98% de la oferta, con agilidad y una demanda\u2026","rel":"","context":"En \u00abActualidad\u00bb","block_context":{"text":"Actualidad","link":"https:\/\/lahoradelcampo.com.uy\/site\/category\/actualidad\/"},"img":{"alt_text":"","src":"https:\/\/i0.wp.com\/lahoradelcampo.com.uy\/site\/wp-content\/uploads\/2017\/10\/Pantalla-Uruguay.jpg?fit=880%2C440&ssl=1&resize=350%2C200","width":350,"height":200,"srcset":"https:\/\/i0.wp.com\/lahoradelcampo.com.uy\/site\/wp-content\/uploads\/2017\/10\/Pantalla-Uruguay.jpg?fit=880%2C440&ssl=1&resize=350%2C200 1x, https:\/\/i0.wp.com\/lahoradelcampo.com.uy\/site\/wp-content\/uploads\/2017\/10\/Pantalla-Uruguay.jpg?fit=880%2C440&ssl=1&resize=525%2C300 1.5x, https:\/\/i0.wp.com\/lahoradelcampo.com.uy\/site\/wp-content\/uploads\/2017\/10\/Pantalla-Uruguay.jpg?fit=880%2C440&ssl=1&resize=700%2C400 2x"},"classes":[]},{"id":29672,"url":"https:\/\/lahoradelcampo.com.uy\/site\/bertsch-correa-san-roman-colocaron-el-100-de-la-oferta-en-pantalla-uruguay\/","url_meta":{"origin":38683,"position":2},"title":"Bertsch, Correa &#038; San Roman colocaron el 100% de la oferta en Pantalla Uruguay","author":"La Hora del Campo","date":"5 mayo, 2021","format":false,"excerpt":"Con un remate que comenz\u00f3 el pasado viernes 30 de abril, con 9.060 terneros pasando bajo martillo, el consorcio de rematadores integrantes de Pantalla Uruguay llegaron al cierre de su remate de abril, con una oferta de 23.000 vacunos. En total al cierre de la jornada de ayer se coloc\u00f3\u2026","rel":"","context":"En \u00abActualidad\u00bb","block_context":{"text":"Actualidad","link":"https:\/\/lahoradelcampo.com.uy\/site\/category\/actualidad\/"},"img":{"alt_text":"","src":"https:\/\/i0.wp.com\/lahoradelcampo.com.uy\/site\/wp-content\/uploads\/2020\/05\/Bertsch-correa-y-san-roman-foto.jpg?fit=880%2C440&ssl=1&resize=350%2C200","width":350,"height":200,"srcset":"https:\/\/i0.wp.com\/lahoradelcampo.com.uy\/site\/wp-content\/uploads\/2020\/05\/Bertsch-correa-y-san-roman-foto.jpg?fit=880%2C440&ssl=1&resize=350%2C200 1x, https:\/\/i0.wp.com\/lahoradelcampo.com.uy\/site\/wp-content\/uploads\/2020\/05\/Bertsch-correa-y-san-roman-foto.jpg?fit=880%2C440&ssl=1&resize=525%2C300 1.5x, https:\/\/i0.wp.com\/lahoradelcampo.com.uy\/site\/wp-content\/uploads\/2020\/05\/Bertsch-correa-y-san-roman-foto.jpg?fit=880%2C440&ssl=1&resize=700%2C400 2x"},"classes":[]},{"id":40435,"url":"https:\/\/lahoradelcampo.com.uy\/site\/100-de-colocacion-en-el-primer-dia-del-remate-239-de-pantalla-uruguay\/","url_meta":{"origin":38683,"position":3},"title":"100% de colocaci\u00f3n en el primer d\u00eda del remate 239  de Pantalla Uruguay","author":"La Hora del Campo","date":"31 marzo, 2022","format":false,"excerpt":"Pantalla Uruguay coloc\u00f3 el 100% de la oferta en su primer d\u00eda de ventas del remate 239, donde adem\u00e1s se incluye la primera Ganadera Brangus. Ayer se comercializ\u00f3 8.114 vacunos en todas las categor\u00edas de invernada, donde se presentaron muy buenos ganados Brangus, alcanz\u00e1ndose el m\u00e1ximo de US$ 3,45 por\u2026","rel":"","context":"En \u00abActualidad\u00bb","block_context":{"text":"Actualidad","link":"https:\/\/lahoradelcampo.com.uy\/site\/category\/actualidad\/"},"img":{"alt_text":"","src":"https:\/\/i0.wp.com\/lahoradelcampo.com.uy\/site\/wp-content\/uploads\/2021\/09\/Pantalla-otto.jpg?fit=880%2C440&ssl=1&resize=350%2C200","width":350,"height":200,"srcset":"https:\/\/i0.wp.com\/lahoradelcampo.com.uy\/site\/wp-content\/uploads\/2021\/09\/Pantalla-otto.jpg?fit=880%2C440&ssl=1&resize=350%2C200 1x, https:\/\/i0.wp.com\/lahoradelcampo.com.uy\/site\/wp-content\/uploads\/2021\/09\/Pantalla-otto.jpg?fit=880%2C440&ssl=1&resize=525%2C300 1.5x, https:\/\/i0.wp.com\/lahoradelcampo.com.uy\/site\/wp-content\/uploads\/2021\/09\/Pantalla-otto.jpg?fit=880%2C440&ssl=1&resize=700%2C400 2x"},"classes":[]},{"id":49690,"url":"https:\/\/lahoradelcampo.com.uy\/site\/pantalla-uruguay-cerro-con-subas-en-todas-las-categorias\/","url_meta":{"origin":38683,"position":4},"title":"Pantalla Uruguay cerr\u00f3 con subas en todas las categor\u00edas","author":"La Hora del Campo","date":"3 abril, 2023","format":false,"excerpt":"El remate de Pantalla Uruguay de este final de marzo se realiz\u00f3 en un contexto muy favorable para el sector agropecuario, luego de las abundantes lluvias que se registraron en todo el pa\u00eds. En dos jornadas de ventas, se vendieron 11.490 vacunos, lo que representa el 85,75% de la oferta,\u2026","rel":"","context":"En \u00abActualidad\u00bb","block_context":{"text":"Actualidad","link":"https:\/\/lahoradelcampo.com.uy\/site\/category\/actualidad\/"},"img":{"alt_text":"","src":"https:\/\/i0.wp.com\/lahoradelcampo.com.uy\/site\/wp-content\/uploads\/2017\/10\/Pantalla-Uruguay.jpg?fit=880%2C440&ssl=1&resize=350%2C200","width":350,"height":200,"srcset":"https:\/\/i0.wp.com\/lahoradelcampo.com.uy\/site\/wp-content\/uploads\/2017\/10\/Pantalla-Uruguay.jpg?fit=880%2C440&ssl=1&resize=350%2C200 1x, https:\/\/i0.wp.com\/lahoradelcampo.com.uy\/site\/wp-content\/uploads\/2017\/10\/Pantalla-Uruguay.jpg?fit=880%2C440&ssl=1&resize=525%2C300 1.5x, https:\/\/i0.wp.com\/lahoradelcampo.com.uy\/site\/wp-content\/uploads\/2017\/10\/Pantalla-Uruguay.jpg?fit=880%2C440&ssl=1&resize=700%2C400 2x"},"classes":[]},{"id":12267,"url":"https:\/\/lahoradelcampo.com.uy\/site\/pantalla-uruguay-coloco-el-98-de-la-oferta-en-su-remate-205\/","url_meta":{"origin":38683,"position":5},"title":"Pantalla Uruguay coloc\u00f3 el 98%  de la oferta en su remate 205","author":"La Hora del Campo","date":"28 junio, 2019","format":false,"excerpt":"El consorcio de rematadores de Pantalla Uruguay coloc\u00f3 el 98% de la oferta presentada en la pista virtual, con una importante demanda y agilidad en la mayor\u00eda de las categor\u00edas. Los integrantes del consorcio de rematadores destacaron al final de las ventas, los muy buenos valores alcanzados en la pista,\u2026","rel":"","context":"En \u00abActualidad\u00bb","block_context":{"text":"Actualidad","link":"https:\/\/lahoradelcampo.com.uy\/site\/category\/actualidad\/"},"img":{"alt_text":"","src":"https:\/\/i0.wp.com\/lahoradelcampo.com.uy\/site\/wp-content\/uploads\/2019\/06\/pantallauruguay.jpg?fit=880%2C440&ssl=1&resize=350%2C200","width":350,"height":200,"srcset":"https:\/\/i0.wp.com\/lahoradelcampo.com.uy\/site\/wp-content\/uploads\/2019\/06\/pantallauruguay.jpg?fit=880%2C440&ssl=1&resize=350%2C200 1x, https:\/\/i0.wp.com\/lahoradelcampo.com.uy\/site\/wp-content\/uploads\/2019\/06\/pantallauruguay.jpg?fit=880%2C440&ssl=1&resize=525%2C300 1.5x, https:\/\/i0.wp.com\/lahoradelcampo.com.uy\/site\/wp-content\/uploads\/2019\/06\/pantallauruguay.jpg?fit=880%2C440&ssl=1&resize=700%2C400 2x"},"classes":[]}],"jetpack_likes_enabled":true,"_links":{"self":[{"href":"https:\/\/lahoradelcampo.com.uy\/site\/wp-json\/wp\/v2\/posts\/38683","targetHints":{"allow":["GET"]}}],"collection":[{"href":"https:\/\/lahoradelcampo.com.uy\/site\/wp-json\/wp\/v2\/posts"}],"about":[{"href":"https:\/\/lahoradelcampo.com.uy\/site\/wp-json\/wp\/v2\/types\/post"}],"author":[{"embeddable":true,"href":"https:\/\/lahoradelcampo.com.uy\/site\/wp-json\/wp\/v2\/users\/5"}],"replies":[{"embeddable":true,"href":"https:\/\/lahoradelcampo.com.uy\/site\/wp-json\/wp\/v2\/comments?post=38683"}],"version-history":[{"count":1,"href":"https:\/\/lahoradelcampo.com.uy\/site\/wp-json\/wp\/v2\/posts\/38683\/revisions"}],"predecessor-version":[{"id":38689,"href":"https:\/\/lahoradelcampo.com.uy\/site\/wp-json\/wp\/v2\/posts\/38683\/revisions\/38689"}],"wp:featuredmedia":[{"embeddable":true,"href":"https:\/\/lahoradelcampo.com.uy\/site\/wp-json\/wp\/v2\/media\/38687"}],"wp:attachment":[{"href":"https:\/\/lahoradelcampo.com.uy\/site\/wp-json\/wp\/v2\/media?parent=38683"}],"wp:term":[{"taxonomy":"category","embeddable":true,"href":"https:\/\/lahoradelcampo.com.uy\/site\/wp-json\/wp\/v2\/categories?post=38683"},{"taxonomy":"post_tag","embeddable":true,"href":"https:\/\/lahoradelcampo.com.uy\/site\/wp-json\/wp\/v2\/tags?post=38683"}],"curies":[{"name":"wp","href":"https:\/\/api.w.org\/{rel}","templated":true}]}}