{"id":38675,"date":"2022-01-28T11:59:35","date_gmt":"2022-01-28T14:59:35","guid":{"rendered":"http:\/\/lahoradelcampo.com.uy\/site\/?p=38675"},"modified":"2022-01-28T11:59:40","modified_gmt":"2022-01-28T14:59:40","slug":"el-pietin-la-principal-afeccion-podal-en-ovinos","status":"publish","type":"post","link":"https:\/\/lahoradelcampo.com.uy\/site\/el-pietin-la-principal-afeccion-podal-en-ovinos\/","title":{"rendered":"El Piet\u00edn, la principal afecci\u00f3n podal en ovinos"},"content":{"rendered":"\n<figure class=\"wp-block-embed-youtube wp-block-embed is-type-video is-provider-youtube wp-embed-aspect-16-9 wp-has-aspect-ratio\"><div class=\"wp-block-embed__wrapper\">\n<span class=\"embed-youtube\" style=\"text-align:center; display: block;\"><iframe loading=\"lazy\" class=\"youtube-player\" width=\"810\" height=\"456\" src=\"https:\/\/www.youtube.com\/embed\/ZoK0ygPnHSI?version=3&#038;rel=1&#038;showsearch=0&#038;showinfo=1&#038;iv_load_policy=1&#038;fs=1&#038;hl=es-ES&#038;autohide=2&#038;wmode=transparent\" allowfullscreen=\"true\" style=\"border:0;\" sandbox=\"allow-scripts allow-same-origin allow-popups allow-presentation allow-popups-to-escape-sandbox\"><\/iframe><\/span>\n<\/div><\/figure>\n\n\n\n<p>El piet\u00edn es una de las principales afecciones podales en el ovino, ya que determina p\u00e9rdidas productivas, de animales, disminuci\u00f3n de porcentajes de pre\u00f1ez y se\u00f1alada, m\u00e1s las horas hombres que se pierden en atender los animales que com\u00fanmente tambi\u00e9n \u00b4presentan problemas de miasis o bichera. <\/p>\n\n\n\n<p>El Dr. Juan Andr\u00e9s Garc\u00eda Pintos, integrante del equipo de Biog\u00e9nesis Bag\u00f3 una empresa global al servicio del productor uruguayo, le brinda detalles del manejo y control de la enfermedad para lograr erradicar la problem\u00e1tica del predio. <\/p>\n\n\n\n<p>Salto, 28 de enero de 2022<\/p>\n","protected":false},"excerpt":{"rendered":"<p>El piet\u00edn es una de las principales afecciones podales en el ovino, ya que determina p\u00e9rdidas productivas, de animales, disminuci\u00f3n de porcentajes de pre\u00f1ez y se\u00f1alada, m\u00e1s las horas hombres [&hellip;]<\/p>\n","protected":false},"author":5,"featured_media":27660,"comment_status":"open","ping_status":"open","sticky":false,"template":"","format":"standard","meta":{"_price":"","_stock":"","_tribe_ticket_header":"","_tribe_default_ticket_provider":"","_tribe_ticket_capacity":"0","_ticket_start_date":"","_ticket_end_date":"","_tribe_ticket_show_description":"","_tribe_ticket_show_not_going":false,"_tribe_ticket_use_global_stock":"","_tribe_ticket_global_stock_level":"","_global_stock_mode":"","_global_stock_cap":"","_tribe_rsvp_for_event":"","_tribe_ticket_going_count":"","_tribe_ticket_not_going_count":"","_tribe_tickets_list":"[]","_tribe_ticket_has_attendee_info_fields":false,"h5ap_radio_sources":[],"_jetpack_newsletter_access":"","_jetpack_dont_email_post_to_subs":false,"_jetpack_newsletter_tier_id":0,"_jetpack_memberships_contains_paywalled_content":false,"_jetpack_memberships_contains_paid_content":false,"footnotes":""},"categories":[21,13],"tags":[],"class_list":["post-38675","post","type-post","status-publish","format-standard","has-post-thumbnail","hentry","category-actualidad","category-ovinos"],"jetpack_featured_media_url":"https:\/\/i0.wp.com\/lahoradelcampo.com.uy\/site\/wp-content\/uploads\/2021\/02\/biogenesis-1.jpg?fit=880%2C440&ssl=1","jetpack_sharing_enabled":true,"jetpack_shortlink":"https:\/\/wp.me\/p99IaT-a3N","jetpack-related-posts":[{"id":56270,"url":"https:\/\/lahoradelcampo.com.uy\/site\/control-del-pietin-en-ovinos-reduce-enfermedades-y-mejora-la-gestion\/","url_meta":{"origin":38675,"position":0},"title":"Control del Piet\u00edn en ovinos reduce enfermedades y mejora la gesti\u00f3n","author":"La Hora del Campo","date":"4 julio, 2025","format":false,"excerpt":"La sanidad podal sigue siendo uno de los principales desaf\u00edos para la producci\u00f3n ovina en Uruguay. Entre las enfermedades que afectan la eficiencia del rubro, el Piet\u00edn ocupa un lugar central por su impacto productivo, econ\u00f3mico y operativo. Un trabajo de investigaci\u00f3n reciente, llevado a cabo entre 2023 y 2025,\u2026","rel":"","context":"En \u00abActualidad\u00bb","block_context":{"text":"Actualidad","link":"https:\/\/lahoradelcampo.com.uy\/site\/category\/actualidad\/"},"img":{"alt_text":"","src":"https:\/\/i0.wp.com\/lahoradelcampo.com.uy\/site\/wp-content\/uploads\/2017\/11\/Ovinos.jpg?fit=880%2C440&ssl=1&resize=350%2C200","width":350,"height":200,"srcset":"https:\/\/i0.wp.com\/lahoradelcampo.com.uy\/site\/wp-content\/uploads\/2017\/11\/Ovinos.jpg?fit=880%2C440&ssl=1&resize=350%2C200 1x, https:\/\/i0.wp.com\/lahoradelcampo.com.uy\/site\/wp-content\/uploads\/2017\/11\/Ovinos.jpg?fit=880%2C440&ssl=1&resize=525%2C300 1.5x, https:\/\/i0.wp.com\/lahoradelcampo.com.uy\/site\/wp-content\/uploads\/2017\/11\/Ovinos.jpg?fit=880%2C440&ssl=1&resize=700%2C400 2x"},"classes":[]},{"id":5807,"url":"https:\/\/lahoradelcampo.com.uy\/site\/momento-de-realizar-saneamientos-para-la-proxima-encarnerada\/","url_meta":{"origin":38675,"position":1},"title":"Momento de realizar saneamientos para la pr\u00f3xima encarnerada","author":"La Hora del Campo","date":"13 febrero, 2018","format":false,"excerpt":"Con la zafra de remates de reproductores ovinos que ha comenzado aqu\u00ed en el norte del pa\u00eds, en la raza Corriedale, y que en el mes de marzo tiene su principal impacto en Salto con la ventas del Merino Australiano, los productores trabajan en acomodar las majadas para la pr\u00f3xima\u2026","rel":"","context":"En \u00abActualidad\u00bb","block_context":{"text":"Actualidad","link":"https:\/\/lahoradelcampo.com.uy\/site\/category\/actualidad\/"},"img":{"alt_text":"","src":"https:\/\/i0.wp.com\/lahoradelcampo.com.uy\/site\/wp-content\/uploads\/2018\/02\/web-carneros.jpg?fit=880%2C440&ssl=1&resize=350%2C200","width":350,"height":200,"srcset":"https:\/\/i0.wp.com\/lahoradelcampo.com.uy\/site\/wp-content\/uploads\/2018\/02\/web-carneros.jpg?fit=880%2C440&ssl=1&resize=350%2C200 1x, https:\/\/i0.wp.com\/lahoradelcampo.com.uy\/site\/wp-content\/uploads\/2018\/02\/web-carneros.jpg?fit=880%2C440&ssl=1&resize=525%2C300 1.5x, https:\/\/i0.wp.com\/lahoradelcampo.com.uy\/site\/wp-content\/uploads\/2018\/02\/web-carneros.jpg?fit=880%2C440&ssl=1&resize=700%2C400 2x"},"classes":[]},{"id":55014,"url":"https:\/\/lahoradelcampo.com.uy\/site\/recomendaciones-para-el-manejo-de-los-corderos-hasta-el-destete\/","url_meta":{"origin":38675,"position":2},"title":"Recomendaciones para el manejo de los corderos hasta el destete","author":"La Hora del Campo","date":"4 noviembre, 2024","format":false,"excerpt":"Con la llegada de los meses de verano, el Secretariado Uruguayo de la Lana (SUL) ha emitido una serie de recomendaciones t\u00e9cnicas clave para los productores ovinos, orientadas a mejorar la salud y productividad de sus animales. Durante noviembre, diciembre y enero, el SUL sugiere realizar un manejo espec\u00edfico en\u2026","rel":"","context":"En \u00abActualidad\u00bb","block_context":{"text":"Actualidad","link":"https:\/\/lahoradelcampo.com.uy\/site\/category\/actualidad\/"},"img":{"alt_text":"","src":"https:\/\/i0.wp.com\/lahoradelcampo.com.uy\/site\/wp-content\/uploads\/2024\/11\/Ovinos-corderos-ovejas.jpg?fit=880%2C440&ssl=1&resize=350%2C200","width":350,"height":200,"srcset":"https:\/\/i0.wp.com\/lahoradelcampo.com.uy\/site\/wp-content\/uploads\/2024\/11\/Ovinos-corderos-ovejas.jpg?fit=880%2C440&ssl=1&resize=350%2C200 1x, https:\/\/i0.wp.com\/lahoradelcampo.com.uy\/site\/wp-content\/uploads\/2024\/11\/Ovinos-corderos-ovejas.jpg?fit=880%2C440&ssl=1&resize=525%2C300 1.5x, https:\/\/i0.wp.com\/lahoradelcampo.com.uy\/site\/wp-content\/uploads\/2024\/11\/Ovinos-corderos-ovejas.jpg?fit=880%2C440&ssl=1&resize=700%2C400 2x"},"classes":[]},{"id":44049,"url":"https:\/\/lahoradelcampo.com.uy\/site\/sarna-ovina-se-recomienda-trabajar-en-conjunto-con-los-predios-vecinos\/","url_meta":{"origin":38675,"position":3},"title":"Sarna ovina: se recomienda trabajar en conjunto con los predios vecinos","author":"La Hora del Campo","date":"22 julio, 2022","format":false,"excerpt":"Se han registrado varios casos de sarna ovina en distintos puntos del pa\u00eds, pero principalmente en el norte donde existe una gran preocupaci\u00f3n por la afectaci\u00f3n de las lanas finas de alto valor. El Dr. Sergio Fierro, t\u00e9cnico del Secretariado Uruguayo de la Lana (SUL) dijo que \"lo importante para\u2026","rel":"","context":"En \u00abActualidad\u00bb","block_context":{"text":"Actualidad","link":"https:\/\/lahoradelcampo.com.uy\/site\/category\/actualidad\/"},"img":{"alt_text":"","src":"https:\/\/i0.wp.com\/lahoradelcampo.com.uy\/site\/wp-content\/uploads\/2022\/07\/Sarna-ovina.jpg?fit=880%2C440&ssl=1&resize=350%2C200","width":350,"height":200,"srcset":"https:\/\/i0.wp.com\/lahoradelcampo.com.uy\/site\/wp-content\/uploads\/2022\/07\/Sarna-ovina.jpg?fit=880%2C440&ssl=1&resize=350%2C200 1x, https:\/\/i0.wp.com\/lahoradelcampo.com.uy\/site\/wp-content\/uploads\/2022\/07\/Sarna-ovina.jpg?fit=880%2C440&ssl=1&resize=525%2C300 1.5x, https:\/\/i0.wp.com\/lahoradelcampo.com.uy\/site\/wp-content\/uploads\/2022\/07\/Sarna-ovina.jpg?fit=880%2C440&ssl=1&resize=700%2C400 2x"},"classes":[]},{"id":51570,"url":"https:\/\/lahoradelcampo.com.uy\/site\/el-proximo-3-de-agosto-se-realiza-el-8vo-taller-de-gestacion-en-ovinos\/","url_meta":{"origin":38675,"position":4},"title":"El pr\u00f3ximo 3 de agosto se realiza el 8vo. Taller de Gestaci\u00f3n en Ovinos","author":"La Hora del Campo","date":"2 julio, 2023","format":false,"excerpt":"El Instituto Nacional de Investigaci\u00f3n Agropecuaria (INIA) realizar\u00e1 el 8vo. Taller de Diagn\u00f3sticos de Gestaci\u00f3n en Ovinos, el pr\u00f3ximo 3 de agosto. Este a\u00f1o, el taller ofrecer\u00e1 una propuesta combinada, que incluir\u00e1 una visita a la Unidad de Ovinos de INIA La Estanzuela, as\u00ed como una presentaci\u00f3n en sala donde\u2026","rel":"","context":"En \u00abActualidad\u00bb","block_context":{"text":"Actualidad","link":"https:\/\/lahoradelcampo.com.uy\/site\/category\/actualidad\/"},"img":{"alt_text":"","src":"https:\/\/i0.wp.com\/lahoradelcampo.com.uy\/site\/wp-content\/uploads\/2023\/07\/Ovino-corderos.jpg?fit=880%2C440&ssl=1&resize=350%2C200","width":350,"height":200,"srcset":"https:\/\/i0.wp.com\/lahoradelcampo.com.uy\/site\/wp-content\/uploads\/2023\/07\/Ovino-corderos.jpg?fit=880%2C440&ssl=1&resize=350%2C200 1x, https:\/\/i0.wp.com\/lahoradelcampo.com.uy\/site\/wp-content\/uploads\/2023\/07\/Ovino-corderos.jpg?fit=880%2C440&ssl=1&resize=525%2C300 1.5x, https:\/\/i0.wp.com\/lahoradelcampo.com.uy\/site\/wp-content\/uploads\/2023\/07\/Ovino-corderos.jpg?fit=880%2C440&ssl=1&resize=700%2C400 2x"},"classes":[]},{"id":42237,"url":"https:\/\/lahoradelcampo.com.uy\/site\/se-debe-incluir-los-sistemas-en-los-diagnosticos-sanitarios\/","url_meta":{"origin":38675,"position":5},"title":"Se debe incluir los sistemas en los diagn\u00f3sticos sanitarios","author":"La Hora del Campo","date":"30 mayo, 2022","format":false,"excerpt":"En las Jornadas Uruguayas de Buatr\u00eda durante los d\u00edas 9 y 10 de junio en el Sal\u00f3n Egeo de Paysand\u00fa, se desarrollar\u00e1 el simposio de ovinos con la presencia del Dr. Sergio Fierro y la Dra. Sof\u00eda Salada, ambos t\u00e9cnicos del Secretariado Uruguayo de la Lana (SUL). Las tem\u00e1ticas que\u2026","rel":"","context":"En \u00abActualidad\u00bb","block_context":{"text":"Actualidad","link":"https:\/\/lahoradelcampo.com.uy\/site\/category\/actualidad\/"},"img":{"alt_text":"","src":"https:\/\/i0.wp.com\/lahoradelcampo.com.uy\/site\/wp-content\/uploads\/2021\/05\/SofiaSalada.jpg?fit=880%2C440&ssl=1&resize=350%2C200","width":350,"height":200,"srcset":"https:\/\/i0.wp.com\/lahoradelcampo.com.uy\/site\/wp-content\/uploads\/2021\/05\/SofiaSalada.jpg?fit=880%2C440&ssl=1&resize=350%2C200 1x, https:\/\/i0.wp.com\/lahoradelcampo.com.uy\/site\/wp-content\/uploads\/2021\/05\/SofiaSalada.jpg?fit=880%2C440&ssl=1&resize=525%2C300 1.5x, https:\/\/i0.wp.com\/lahoradelcampo.com.uy\/site\/wp-content\/uploads\/2021\/05\/SofiaSalada.jpg?fit=880%2C440&ssl=1&resize=700%2C400 2x"},"classes":[]}],"jetpack_likes_enabled":true,"_links":{"self":[{"href":"https:\/\/lahoradelcampo.com.uy\/site\/wp-json\/wp\/v2\/posts\/38675","targetHints":{"allow":["GET"]}}],"collection":[{"href":"https:\/\/lahoradelcampo.com.uy\/site\/wp-json\/wp\/v2\/posts"}],"about":[{"href":"https:\/\/lahoradelcampo.com.uy\/site\/wp-json\/wp\/v2\/types\/post"}],"author":[{"embeddable":true,"href":"https:\/\/lahoradelcampo.com.uy\/site\/wp-json\/wp\/v2\/users\/5"}],"replies":[{"embeddable":true,"href":"https:\/\/lahoradelcampo.com.uy\/site\/wp-json\/wp\/v2\/comments?post=38675"}],"version-history":[{"count":1,"href":"https:\/\/lahoradelcampo.com.uy\/site\/wp-json\/wp\/v2\/posts\/38675\/revisions"}],"predecessor-version":[{"id":38679,"href":"https:\/\/lahoradelcampo.com.uy\/site\/wp-json\/wp\/v2\/posts\/38675\/revisions\/38679"}],"wp:featuredmedia":[{"embeddable":true,"href":"https:\/\/lahoradelcampo.com.uy\/site\/wp-json\/wp\/v2\/media\/27660"}],"wp:attachment":[{"href":"https:\/\/lahoradelcampo.com.uy\/site\/wp-json\/wp\/v2\/media?parent=38675"}],"wp:term":[{"taxonomy":"category","embeddable":true,"href":"https:\/\/lahoradelcampo.com.uy\/site\/wp-json\/wp\/v2\/categories?post=38675"},{"taxonomy":"post_tag","embeddable":true,"href":"https:\/\/lahoradelcampo.com.uy\/site\/wp-json\/wp\/v2\/tags?post=38675"}],"curies":[{"name":"wp","href":"https:\/\/api.w.org\/{rel}","templated":true}]}}