{"id":38649,"date":"2022-01-28T07:27:39","date_gmt":"2022-01-28T10:27:39","guid":{"rendered":"http:\/\/lahoradelcampo.com.uy\/site\/?p=38649"},"modified":"2022-01-28T07:27:44","modified_gmt":"2022-01-28T10:27:44","slug":"lote-destacado-del-merino-cotizo-a-us-1433","status":"publish","type":"post","link":"https:\/\/lahoradelcampo.com.uy\/site\/lote-destacado-del-merino-cotizo-a-us-1433\/","title":{"rendered":"Lote destacado del Merino cotiz\u00f3 a US$ 14,33"},"content":{"rendered":"\n<figure class=\"wp-block-image\"><img data-recalc-dims=\"1\" loading=\"lazy\" decoding=\"async\" width=\"810\" height=\"405\" data-attachment-id=\"37791\" data-permalink=\"https:\/\/lahoradelcampo.com.uy\/site\/se-comercializo-lote-de-lana-merino-de-151-micras-a-us-15625\/lana-crilu\/\" data-orig-file=\"https:\/\/i0.wp.com\/lahoradelcampo.com.uy\/site\/wp-content\/uploads\/2021\/12\/Lana-Crilu.jpg?fit=880%2C440&amp;ssl=1\" data-orig-size=\"880,440\" data-comments-opened=\"1\" data-image-meta=\"{&quot;aperture&quot;:&quot;0&quot;,&quot;credit&quot;:&quot;&quot;,&quot;camera&quot;:&quot;&quot;,&quot;caption&quot;:&quot;&quot;,&quot;created_timestamp&quot;:&quot;0&quot;,&quot;copyright&quot;:&quot;&quot;,&quot;focal_length&quot;:&quot;0&quot;,&quot;iso&quot;:&quot;0&quot;,&quot;shutter_speed&quot;:&quot;0&quot;,&quot;title&quot;:&quot;&quot;,&quot;orientation&quot;:&quot;1&quot;}\" data-image-title=\"Lana-Crilu\" data-image-description=\"\" data-image-caption=\"\" data-large-file=\"https:\/\/i0.wp.com\/lahoradelcampo.com.uy\/site\/wp-content\/uploads\/2021\/12\/Lana-Crilu.jpg?fit=810%2C405&amp;ssl=1\" src=\"https:\/\/i0.wp.com\/lahoradelcampo.com.uy\/site\/wp-content\/uploads\/2021\/12\/Lana-Crilu.jpg?resize=810%2C405\" alt=\"\" class=\"wp-image-37791\" srcset=\"https:\/\/i0.wp.com\/lahoradelcampo.com.uy\/site\/wp-content\/uploads\/2021\/12\/Lana-Crilu.jpg?w=880&amp;ssl=1 880w, https:\/\/i0.wp.com\/lahoradelcampo.com.uy\/site\/wp-content\/uploads\/2021\/12\/Lana-Crilu.jpg?resize=300%2C150&amp;ssl=1 300w, https:\/\/i0.wp.com\/lahoradelcampo.com.uy\/site\/wp-content\/uploads\/2021\/12\/Lana-Crilu.jpg?resize=768%2C384&amp;ssl=1 768w, https:\/\/i0.wp.com\/lahoradelcampo.com.uy\/site\/wp-content\/uploads\/2021\/12\/Lana-Crilu.jpg?resize=820%2C410&amp;ssl=1 820w\" sizes=\"auto, (max-width: 810px) 100vw, 810px\" \/><\/figure>\n\n\n\n<p>La familia Zabala con campos en el departamento de Paysand\u00fa sobre la ruta 26, concret\u00f3 la venta esta semana de 27.000 kilos de lana Merino Australiano de 16,8 micras, considerado uno de los lotes m\u00e1s finos del pa\u00eds por volumen y finura homog\u00e9nea, en negocio realizado a U$S 14,33 m\u00e1s U$S 1 los subproductos.<\/p>\n\n\n\n<p>Pablo Zabala coment\u00f3 que \u201cse trata de lana con 79% de rendimiento al lavado, con grifa certificada RWS, ecol\u00f3gico y nativa\u201d, explicando que \u201cestamos en una muy buena finura, por lo que desde hace unos a\u00f1os nos enfocamos en mejorar los kilos de lana por animal\u201d.<\/p>\n\n\n\n<p>El trabajo de la familia viene del esfuerzo de varias generaciones de productores, empezando por Te\u00f3filo Mar\u00eda Zabala, y siguiendo por Elgari, \u201cya que gracias a ellos se logra \u00e9ste tipo de producci\u00f3n\u201d, subray\u00f3 Pablo. Y sostiene que adem\u00e1s, pasa \u201cpor no descuidar la posibilidad de seguir afinando, orientado a producir m\u00e1s lana por animal\u201d.<\/p>\n\n\n\n<p>Se\u00f1al\u00f3 que \u201cdebemos apostar a un aumento del peso de vell\u00f3n por animal, lo que venimos realizando a trav\u00e9s del Consorcio Regional de Innovaci\u00f3n de Lana Ultrafina (Crilu), accediendo a gen\u00e9tica de buenos animales, y despu\u00e9s a la selecci\u00f3n que venimos realizando en el establecimiento\u201d.<\/p>\n\n\n\n<p>Se mostr\u00f3 muy conforme con el desarrollo del Crilu, \u201cporque le ha aportado volumen a \u00e9ste tipo de lana que antes pr\u00e1cticamente no hab\u00eda en el mercado y se hac\u00eda m\u00e1s dif\u00edcil establecer una corriente comercial\u201d.<\/p>\n\n\n\n<p>El productor sanducero indic\u00f3 que el negocio se realiz\u00f3 con la industria Lanas Trinidad, a trav\u00e9s de Escritorio Andr\u00e9s Castro y Hermanos.<\/p>\n\n\n\n<p style=\"text-align:right\" class=\"has-small-font-size\"><strong>Fuente: El Tel\u00e9grafo (Paysand\u00fa)<\/strong><\/p>\n\n\n\n<p>Salto, 28 de enero de 2022<\/p>\n","protected":false},"excerpt":{"rendered":"<p>La familia Zabala con campos en el departamento de Paysand\u00fa sobre la ruta 26, concret\u00f3 la venta esta semana de 27.000 kilos de lana Merino Australiano de 16,8 micras, considerado [&hellip;]<\/p>\n","protected":false},"author":5,"featured_media":37791,"comment_status":"open","ping_status":"open","sticky":false,"template":"","format":"standard","meta":{"_price":"","_stock":"","_tribe_ticket_header":"","_tribe_default_ticket_provider":"","_tribe_ticket_capacity":"0","_ticket_start_date":"","_ticket_end_date":"","_tribe_ticket_show_description":"","_tribe_ticket_show_not_going":false,"_tribe_ticket_use_global_stock":"","_tribe_ticket_global_stock_level":"","_global_stock_mode":"","_global_stock_cap":"","_tribe_rsvp_for_event":"","_tribe_ticket_going_count":"","_tribe_ticket_not_going_count":"","_tribe_tickets_list":"[]","_tribe_ticket_has_attendee_info_fields":false,"h5ap_radio_sources":[],"_jetpack_newsletter_access":"","_jetpack_dont_email_post_to_subs":false,"_jetpack_newsletter_tier_id":0,"_jetpack_memberships_contains_paywalled_content":false,"_jetpack_memberships_contains_paid_content":false,"footnotes":""},"categories":[21,13],"tags":[],"class_list":["post-38649","post","type-post","status-publish","format-standard","has-post-thumbnail","hentry","category-actualidad","category-ovinos"],"jetpack_featured_media_url":"https:\/\/i0.wp.com\/lahoradelcampo.com.uy\/site\/wp-content\/uploads\/2021\/12\/Lana-Crilu.jpg?fit=880%2C440&ssl=1","jetpack_sharing_enabled":true,"jetpack_shortlink":"https:\/\/wp.me\/p99IaT-a3n","jetpack-related-posts":[{"id":36201,"url":"https:\/\/lahoradelcampo.com.uy\/site\/lote-de-lana-merino-cotizo-a-us-1415-en-paysandu\/","url_meta":{"origin":38649,"position":0},"title":"Lote de lana merino cotiz\u00f3 a US$ 14,15 en Paysand\u00fa","author":"La Hora del Campo","date":"3 noviembre, 2021","format":false,"excerpt":"De acuerdo a la informaci\u00f3n brindada por el colega Pablo Blanc de \"El Tel\u00e9grafo\" de Paysand\u00fa, se concret\u00f3 al comienzo de la semana un lote de 3.000 kilos de lana de 16,2 micras, a US$ 14,15 el kilogramo de vell\u00f3n y US$ 1,00 los subproductos. Se trata de un lote\u2026","rel":"","context":"En \u00abActualidad\u00bb","block_context":{"text":"Actualidad","link":"https:\/\/lahoradelcampo.com.uy\/site\/category\/actualidad\/"},"img":{"alt_text":"","src":"https:\/\/i0.wp.com\/lahoradelcampo.com.uy\/site\/wp-content\/uploads\/2018\/05\/lana-2.jpg?fit=880%2C440&ssl=1&resize=350%2C200","width":350,"height":200,"srcset":"https:\/\/i0.wp.com\/lahoradelcampo.com.uy\/site\/wp-content\/uploads\/2018\/05\/lana-2.jpg?fit=880%2C440&ssl=1&resize=350%2C200 1x, https:\/\/i0.wp.com\/lahoradelcampo.com.uy\/site\/wp-content\/uploads\/2018\/05\/lana-2.jpg?fit=880%2C440&ssl=1&resize=525%2C300 1.5x, https:\/\/i0.wp.com\/lahoradelcampo.com.uy\/site\/wp-content\/uploads\/2018\/05\/lana-2.jpg?fit=880%2C440&ssl=1&resize=700%2C400 2x"},"classes":[]},{"id":11235,"url":"https:\/\/lahoradelcampo.com.uy\/site\/tecnologias-de-bajo-costo-y-alto-impacto-productivo-para-mejorar-la-produccion-de-corderos\/","url_meta":{"origin":38649,"position":1},"title":"Tecnolog\u00edas de bajo costo y alto impacto productivo para mejorar la producci\u00f3n de corderos","author":"La Hora del Campo","date":"29 mayo, 2019","format":false,"excerpt":"El establecimiento \"Bonanza\" de la familia Benia-Zabala, ubicado sobre la ruta 26 en el departamento de Paysand\u00fa, cuenta con 1.448 hect\u00e1reas con un \u00cdndice Coneat 81. Cuenta con un 14% de \u00e1rea mejorada y una dotaci\u00f3n de 0,90 Unidades Ganaderas por hect\u00e1rea, de los cuales 0,54 son vacunos y 0,32\u2026","rel":"","context":"En \u00abActualidad\u00bb","block_context":{"text":"Actualidad","link":"https:\/\/lahoradelcampo.com.uy\/site\/category\/actualidad\/"},"img":{"alt_text":"","src":"https:\/\/i0.wp.com\/lahoradelcampo.com.uy\/site\/wp-content\/uploads\/2019\/05\/Gira-Benia.jpg?fit=880%2C440&ssl=1&resize=350%2C200","width":350,"height":200,"srcset":"https:\/\/i0.wp.com\/lahoradelcampo.com.uy\/site\/wp-content\/uploads\/2019\/05\/Gira-Benia.jpg?fit=880%2C440&ssl=1&resize=350%2C200 1x, https:\/\/i0.wp.com\/lahoradelcampo.com.uy\/site\/wp-content\/uploads\/2019\/05\/Gira-Benia.jpg?fit=880%2C440&ssl=1&resize=525%2C300 1.5x, https:\/\/i0.wp.com\/lahoradelcampo.com.uy\/site\/wp-content\/uploads\/2019\/05\/Gira-Benia.jpg?fit=880%2C440&ssl=1&resize=700%2C400 2x"},"classes":[]},{"id":56161,"url":"https:\/\/lahoradelcampo.com.uy\/site\/la-magdalena-fue-el-epicentro-de-la-gira-anual-del-merino-australiano\/","url_meta":{"origin":38649,"position":2},"title":"La Magdalena fue el epicentro de la gira anual del Merino Australiano","author":"La Hora del Campo","date":"6 junio, 2025","format":false,"excerpt":"Con una destacada participaci\u00f3n de productores y t\u00e9cnicos de todo el pa\u00eds, comenz\u00f3 en el departamento de Salto la tradicional gira anual de la raza Merino Australiano, organizada por la Sociedad de Criadores de Merino Australiano del Uruguay (Scmau) y el Secretariado Uruguayo de la Lana (SUL). El punto de\u2026","rel":"","context":"En \u00abActualidad\u00bb","block_context":{"text":"Actualidad","link":"https:\/\/lahoradelcampo.com.uy\/site\/category\/actualidad\/"},"img":{"alt_text":"","src":"https:\/\/i0.wp.com\/lahoradelcampo.com.uy\/site\/wp-content\/uploads\/2025\/06\/Merino-gira-lamagdalena.jpg?fit=880%2C440&ssl=1&resize=350%2C200","width":350,"height":200,"srcset":"https:\/\/i0.wp.com\/lahoradelcampo.com.uy\/site\/wp-content\/uploads\/2025\/06\/Merino-gira-lamagdalena.jpg?fit=880%2C440&ssl=1&resize=350%2C200 1x, https:\/\/i0.wp.com\/lahoradelcampo.com.uy\/site\/wp-content\/uploads\/2025\/06\/Merino-gira-lamagdalena.jpg?fit=880%2C440&ssl=1&resize=525%2C300 1.5x, https:\/\/i0.wp.com\/lahoradelcampo.com.uy\/site\/wp-content\/uploads\/2025\/06\/Merino-gira-lamagdalena.jpg?fit=880%2C440&ssl=1&resize=700%2C400 2x"},"classes":[]},{"id":5053,"url":"https:\/\/lahoradelcampo.com.uy\/site\/se-licito-lote-de-lana-del-crilu-en-us-1390\/","url_meta":{"origin":38649,"position":3},"title":"Se licit\u00f3 lote de lana  del Crilu en U$S 13,90","author":"La Hora del Campo","date":"21 diciembre, 2017","format":false,"excerpt":"En la jornada de ayer se concret\u00f3 la licitaci\u00f3n del lote de lana Merino Australiano ultrafina del Consorcio Regional de Lanas Ultrafinas del Uruguay (Crilu) con la participaci\u00f3n de las cuatro industrias topistas uruguayas que han venido participando del consorcio desde sus inicios. El Dr. Juan P\u00e9rez Jones, integrante del\u2026","rel":"","context":"En \u00abActualidad\u00bb","block_context":{"text":"Actualidad","link":"https:\/\/lahoradelcampo.com.uy\/site\/category\/actualidad\/"},"img":{"alt_text":"","src":"https:\/\/i0.wp.com\/lahoradelcampo.com.uy\/site\/wp-content\/uploads\/2017\/12\/Crilu-2.jpg?fit=880%2C440&ssl=1&resize=350%2C200","width":350,"height":200,"srcset":"https:\/\/i0.wp.com\/lahoradelcampo.com.uy\/site\/wp-content\/uploads\/2017\/12\/Crilu-2.jpg?fit=880%2C440&ssl=1&resize=350%2C200 1x, https:\/\/i0.wp.com\/lahoradelcampo.com.uy\/site\/wp-content\/uploads\/2017\/12\/Crilu-2.jpg?fit=880%2C440&ssl=1&resize=525%2C300 1.5x, https:\/\/i0.wp.com\/lahoradelcampo.com.uy\/site\/wp-content\/uploads\/2017\/12\/Crilu-2.jpg?fit=880%2C440&ssl=1&resize=700%2C400 2x"},"classes":[]},{"id":1663,"url":"https:\/\/lahoradelcampo.com.uy\/site\/el-100-de-los-datos-garantiza-el-100-del-precio-de-la-lana\/","url_meta":{"origin":38649,"position":4},"title":"El 100% de los datos, garantiza  el 100% del precio de la lana","author":"La Hora del Campo","date":"24 septiembre, 2017","format":false,"excerpt":"El mercado lanero a nivel del pa\u00eds se ha enlentecido en las \u00faltimas semanas a consecuencia de un mercado internacional que ha venido registrando bajas contin\u00faas, a pesar que las dos \u00faltimas semanas ha encontrado algo de estabilidad en los precios. G\u00fazman Silva, integrante de Top Fray Marcos, manifest\u00f3 que\u2026","rel":"","context":"En \u00abActualidad\u00bb","block_context":{"text":"Actualidad","link":"https:\/\/lahoradelcampo.com.uy\/site\/category\/actualidad\/"},"img":{"alt_text":"","src":"https:\/\/i0.wp.com\/lahoradelcampo.com.uy\/site\/wp-content\/uploads\/2017\/09\/Guzman-Silva-top-Fray-marcos.jpg?fit=880%2C440&ssl=1&resize=350%2C200","width":350,"height":200,"srcset":"https:\/\/i0.wp.com\/lahoradelcampo.com.uy\/site\/wp-content\/uploads\/2017\/09\/Guzman-Silva-top-Fray-marcos.jpg?fit=880%2C440&ssl=1&resize=350%2C200 1x, https:\/\/i0.wp.com\/lahoradelcampo.com.uy\/site\/wp-content\/uploads\/2017\/09\/Guzman-Silva-top-Fray-marcos.jpg?fit=880%2C440&ssl=1&resize=525%2C300 1.5x, https:\/\/i0.wp.com\/lahoradelcampo.com.uy\/site\/wp-content\/uploads\/2017\/09\/Guzman-Silva-top-Fray-marcos.jpg?fit=880%2C440&ssl=1&resize=700%2C400 2x"},"classes":[]},{"id":45613,"url":"https:\/\/lahoradelcampo.com.uy\/site\/tonna-y-la-magdalena-expusieron-el-supremo-merino-australiano\/","url_meta":{"origin":38649,"position":5},"title":"Tonna y La Magdalena expusieron el Supremo Merino Australiano","author":"La Hora del Campo","date":"19 septiembre, 2022","format":false,"excerpt":"La pista del Merino Australiano acot\u00f3 la jura prevista para todo el d\u00eda, solamente a la ma\u00f1ana del d\u00eda viernes debido a que en la tarde se realiz\u00f3 la presentaci\u00f3n de \u201cLana Celeste a Qatar\u201d, con la presencia del Presidente de la Rep\u00fablica, Dr. Luis Lacalle Pou. El jurado, Juan\u2026","rel":"","context":"En \u00abActualidad\u00bb","block_context":{"text":"Actualidad","link":"https:\/\/lahoradelcampo.com.uy\/site\/category\/actualidad\/"},"img":{"alt_text":"","src":"https:\/\/i0.wp.com\/lahoradelcampo.com.uy\/site\/wp-content\/uploads\/2022\/09\/Prado-supremomerino.jpg?fit=880%2C440&ssl=1&resize=350%2C200","width":350,"height":200,"srcset":"https:\/\/i0.wp.com\/lahoradelcampo.com.uy\/site\/wp-content\/uploads\/2022\/09\/Prado-supremomerino.jpg?fit=880%2C440&ssl=1&resize=350%2C200 1x, https:\/\/i0.wp.com\/lahoradelcampo.com.uy\/site\/wp-content\/uploads\/2022\/09\/Prado-supremomerino.jpg?fit=880%2C440&ssl=1&resize=525%2C300 1.5x, https:\/\/i0.wp.com\/lahoradelcampo.com.uy\/site\/wp-content\/uploads\/2022\/09\/Prado-supremomerino.jpg?fit=880%2C440&ssl=1&resize=700%2C400 2x"},"classes":[]}],"jetpack_likes_enabled":true,"_links":{"self":[{"href":"https:\/\/lahoradelcampo.com.uy\/site\/wp-json\/wp\/v2\/posts\/38649","targetHints":{"allow":["GET"]}}],"collection":[{"href":"https:\/\/lahoradelcampo.com.uy\/site\/wp-json\/wp\/v2\/posts"}],"about":[{"href":"https:\/\/lahoradelcampo.com.uy\/site\/wp-json\/wp\/v2\/types\/post"}],"author":[{"embeddable":true,"href":"https:\/\/lahoradelcampo.com.uy\/site\/wp-json\/wp\/v2\/users\/5"}],"replies":[{"embeddable":true,"href":"https:\/\/lahoradelcampo.com.uy\/site\/wp-json\/wp\/v2\/comments?post=38649"}],"version-history":[{"count":1,"href":"https:\/\/lahoradelcampo.com.uy\/site\/wp-json\/wp\/v2\/posts\/38649\/revisions"}],"predecessor-version":[{"id":38651,"href":"https:\/\/lahoradelcampo.com.uy\/site\/wp-json\/wp\/v2\/posts\/38649\/revisions\/38651"}],"wp:featuredmedia":[{"embeddable":true,"href":"https:\/\/lahoradelcampo.com.uy\/site\/wp-json\/wp\/v2\/media\/37791"}],"wp:attachment":[{"href":"https:\/\/lahoradelcampo.com.uy\/site\/wp-json\/wp\/v2\/media?parent=38649"}],"wp:term":[{"taxonomy":"category","embeddable":true,"href":"https:\/\/lahoradelcampo.com.uy\/site\/wp-json\/wp\/v2\/categories?post=38649"},{"taxonomy":"post_tag","embeddable":true,"href":"https:\/\/lahoradelcampo.com.uy\/site\/wp-json\/wp\/v2\/tags?post=38649"}],"curies":[{"name":"wp","href":"https:\/\/api.w.org\/{rel}","templated":true}]}}