{"id":38645,"date":"2022-01-28T07:24:30","date_gmt":"2022-01-28T10:24:30","guid":{"rendered":"http:\/\/lahoradelcampo.com.uy\/site\/?p=38645"},"modified":"2022-01-28T07:24:35","modified_gmt":"2022-01-28T10:24:35","slug":"semana-de-demanda-en-lanas-finas-y-bajas-en-el-ime","status":"publish","type":"post","link":"https:\/\/lahoradelcampo.com.uy\/site\/semana-de-demanda-en-lanas-finas-y-bajas-en-el-ime\/","title":{"rendered":"Semana de demanda en lanas finas y bajas en el IME"},"content":{"rendered":"\n<figure class=\"wp-block-image\"><img data-recalc-dims=\"1\" loading=\"lazy\" decoding=\"async\" width=\"810\" height=\"405\" data-attachment-id=\"31198\" data-permalink=\"https:\/\/lahoradelcampo.com.uy\/site\/el-ime-sigue-al-alza-tras-cerrar-la-semana-en-us-1078\/lanaaustralia1\/\" data-orig-file=\"https:\/\/i0.wp.com\/lahoradelcampo.com.uy\/site\/wp-content\/uploads\/2021\/06\/lanaaustralia1.jpg?fit=880%2C440&amp;ssl=1\" data-orig-size=\"880,440\" data-comments-opened=\"1\" data-image-meta=\"{&quot;aperture&quot;:&quot;0&quot;,&quot;credit&quot;:&quot;&quot;,&quot;camera&quot;:&quot;&quot;,&quot;caption&quot;:&quot;&quot;,&quot;created_timestamp&quot;:&quot;0&quot;,&quot;copyright&quot;:&quot;&quot;,&quot;focal_length&quot;:&quot;0&quot;,&quot;iso&quot;:&quot;0&quot;,&quot;shutter_speed&quot;:&quot;0&quot;,&quot;title&quot;:&quot;&quot;,&quot;orientation&quot;:&quot;1&quot;}\" data-image-title=\"lanaaustralia1\" data-image-description=\"\" data-image-caption=\"\" data-large-file=\"https:\/\/i0.wp.com\/lahoradelcampo.com.uy\/site\/wp-content\/uploads\/2021\/06\/lanaaustralia1.jpg?fit=810%2C405&amp;ssl=1\" src=\"https:\/\/i0.wp.com\/lahoradelcampo.com.uy\/site\/wp-content\/uploads\/2021\/06\/lanaaustralia1.jpg?resize=810%2C405\" alt=\"\" class=\"wp-image-31198\" srcset=\"https:\/\/i0.wp.com\/lahoradelcampo.com.uy\/site\/wp-content\/uploads\/2021\/06\/lanaaustralia1.jpg?w=880&amp;ssl=1 880w, https:\/\/i0.wp.com\/lahoradelcampo.com.uy\/site\/wp-content\/uploads\/2021\/06\/lanaaustralia1.jpg?resize=300%2C150&amp;ssl=1 300w, https:\/\/i0.wp.com\/lahoradelcampo.com.uy\/site\/wp-content\/uploads\/2021\/06\/lanaaustralia1.jpg?resize=768%2C384&amp;ssl=1 768w, https:\/\/i0.wp.com\/lahoradelcampo.com.uy\/site\/wp-content\/uploads\/2021\/06\/lanaaustralia1.jpg?resize=820%2C410&amp;ssl=1 820w\" sizes=\"auto, (max-width: 810px) 100vw, 810px\" \/><\/figure>\n\n\n\n<p>Una semana especial del mercado lanero australiano, con ventas el martes y jueves, debido a los festejos del \u00abAustralian Day\u00bb el pasado mi\u00e9rcoles. En la operativa se observ\u00f3 una firmeza muy importante en los dos d\u00edas de ventas para la oferta de lanas por debajo de las 18,5 micras, con fuerte inter\u00e9s de los operadores italianos, principalmente por lanas con certificaci\u00f3n \u00abNon Mulesed\u00bb o en proceso de cesaci\u00f3n de dicha pr\u00e1ctica. <br><\/p>\n\n\n\n<p>En la segunda jornada de ventas, dicho aumento de precios se traslad\u00f3 a todos los micronajes, en tanto que para las lanas medias y gruesas el mercado se present\u00f3 firme, sin grandes variaciones. <br><\/p>\n\n\n\n<p>Las bajas del Indicador de Mercados del Este (IME) llegaron de la mano del tipo de cambio, el pasado martes, lo que llev\u00f3 a que los valores cayeran por debajo de los US$ 10,00. En tanto que las ventas de ayer jueves, se recuperaron algunos centavos, pero que no alcanzaron para volver a superar dicha cotizaci\u00f3n.<br><\/p>\n\n\n\n<p>En este escenario, el Indicador de Mercados del Este (IME) cerr\u00f3 cotizando a US$ 9,95, con una baja de 11 centavos, en tanto que en la moneda australiana el indicador cerr\u00f3 en A$ 14,07, subiendo 15 centavos en la semana. <br><\/p>\n\n\n\n<p>En la suma de las dos jornadas de ventas de esta semana, se ofert\u00f3 44.098 fardos, de los que se coloc\u00f3 el 91,5%.  <br><\/p>\n\n\n\n<p>Las ventas retornan la pr\u00f3xima semana, que tendr\u00e1n como componente especial, los festejos del A\u00f1o Nuevo en China, que se realiza el pr\u00f3ximo martes. Si bien Australian Wool Exchange (AWEX) a\u00fan no inform\u00f3 el detalle de las jornadas de comercializaci\u00f3n. Est\u00e1n inscriptos para la semana 31,  40.617 fardos para los tres centros de ventas.<br><\/p>\n\n\n\n<p>Salto, 28 de enero de 2021.  <\/p>\n","protected":false},"excerpt":{"rendered":"<p>Una semana especial del mercado lanero australiano, con ventas el martes y jueves, debido a los festejos del \u00abAustralian Day\u00bb el pasado mi\u00e9rcoles. En la operativa se observ\u00f3 una firmeza [&hellip;]<\/p>\n","protected":false},"author":5,"featured_media":31198,"comment_status":"open","ping_status":"open","sticky":false,"template":"","format":"standard","meta":{"_price":"","_stock":"","_tribe_ticket_header":"","_tribe_default_ticket_provider":"","_tribe_ticket_capacity":"0","_ticket_start_date":"","_ticket_end_date":"","_tribe_ticket_show_description":"","_tribe_ticket_show_not_going":false,"_tribe_ticket_use_global_stock":"","_tribe_ticket_global_stock_level":"","_global_stock_mode":"","_global_stock_cap":"","_tribe_rsvp_for_event":"","_tribe_ticket_going_count":"","_tribe_ticket_not_going_count":"","_tribe_tickets_list":"[]","_tribe_ticket_has_attendee_info_fields":false,"h5ap_radio_sources":[],"_jetpack_newsletter_access":"","_jetpack_dont_email_post_to_subs":false,"_jetpack_newsletter_tier_id":0,"_jetpack_memberships_contains_paywalled_content":false,"_jetpack_memberships_contains_paid_content":false,"footnotes":""},"categories":[21,13],"tags":[],"class_list":["post-38645","post","type-post","status-publish","format-standard","has-post-thumbnail","hentry","category-actualidad","category-ovinos"],"jetpack_featured_media_url":"https:\/\/i0.wp.com\/lahoradelcampo.com.uy\/site\/wp-content\/uploads\/2021\/06\/lanaaustralia1.jpg?fit=880%2C440&ssl=1","jetpack_sharing_enabled":true,"jetpack_shortlink":"https:\/\/wp.me\/p99IaT-a3j","jetpack-related-posts":[{"id":29492,"url":"https:\/\/lahoradelcampo.com.uy\/site\/entre-subas-y-bajas-el-mercado-tuvo-una-semana-positiva-en-el-ime\/","url_meta":{"origin":38645,"position":0},"title":"Entre subas y bajas el mercado tuvo una semana positiva en el IME","author":"La Hora del Campo","date":"23 abril, 2021","format":false,"excerpt":"Luego de una jornada de subas y otra de bajas, el mercado lanero australiano finaliz\u00f3 la semana 43 de la presente zafra 2020\/2021, con un Indicador de Mercados del Este (IME) que contin\u00faa una senda alcista desde hace ya varios meses, a pesar de los altibajos normales que tiene todo\u2026","rel":"","context":"En \u00abActualidad\u00bb","block_context":{"text":"Actualidad","link":"https:\/\/lahoradelcampo.com.uy\/site\/category\/actualidad\/"},"img":{"alt_text":"","src":"https:\/\/i0.wp.com\/lahoradelcampo.com.uy\/site\/wp-content\/uploads\/2019\/05\/lanas-australia-a.jpg?fit=880%2C440&ssl=1&resize=350%2C200","width":350,"height":200,"srcset":"https:\/\/i0.wp.com\/lahoradelcampo.com.uy\/site\/wp-content\/uploads\/2019\/05\/lanas-australia-a.jpg?fit=880%2C440&ssl=1&resize=350%2C200 1x, https:\/\/i0.wp.com\/lahoradelcampo.com.uy\/site\/wp-content\/uploads\/2019\/05\/lanas-australia-a.jpg?fit=880%2C440&ssl=1&resize=525%2C300 1.5x, https:\/\/i0.wp.com\/lahoradelcampo.com.uy\/site\/wp-content\/uploads\/2019\/05\/lanas-australia-a.jpg?fit=880%2C440&ssl=1&resize=700%2C400 2x"},"classes":[]},{"id":36961,"url":"https:\/\/lahoradelcampo.com.uy\/site\/con-un-fuerte-interes-de-china-el-ime-cerro-la-semana-al-alza\/","url_meta":{"origin":38645,"position":1},"title":"Con un fuerte inter\u00e9s de China, el IME cerr\u00f3 la semana al alza","author":"La Hora del Campo","date":"26 noviembre, 2021","format":false,"excerpt":"El mercado lanero australiano comenz\u00f3 con bajas en las cotizaciones de los distintos micronajes por dos factores econ\u00f3micos. Por un lado el fortalecimiento que registr\u00f3 el d\u00f3lar norteamericano y por otro los datos de empleo en Australia que determinaron bajas en la moneda australiana. Este conjunto de noticias determin\u00f3 p\u00e9rdidas\u2026","rel":"","context":"En \u00abActualidad\u00bb","block_context":{"text":"Actualidad","link":"https:\/\/lahoradelcampo.com.uy\/site\/category\/actualidad\/"},"img":{"alt_text":"","src":"https:\/\/i0.wp.com\/lahoradelcampo.com.uy\/site\/wp-content\/uploads\/2021\/10\/lanasaustra.jpg?fit=880%2C440&ssl=1&resize=350%2C200","width":350,"height":200,"srcset":"https:\/\/i0.wp.com\/lahoradelcampo.com.uy\/site\/wp-content\/uploads\/2021\/10\/lanasaustra.jpg?fit=880%2C440&ssl=1&resize=350%2C200 1x, https:\/\/i0.wp.com\/lahoradelcampo.com.uy\/site\/wp-content\/uploads\/2021\/10\/lanasaustra.jpg?fit=880%2C440&ssl=1&resize=525%2C300 1.5x, https:\/\/i0.wp.com\/lahoradelcampo.com.uy\/site\/wp-content\/uploads\/2021\/10\/lanasaustra.jpg?fit=880%2C440&ssl=1&resize=700%2C400 2x"},"classes":[]},{"id":50248,"url":"https:\/\/lahoradelcampo.com.uy\/site\/con-subas-y-bajas-el-ime-cerro-la-semana-con-baja-de-4-centavos\/","url_meta":{"origin":38645,"position":2},"title":"Con subas y bajas, el IME cerr\u00f3 la semana con baja de 4 centavos","author":"La Hora del Campo","date":"28 abril, 2023","format":false,"excerpt":"El mercado lanero australiano comenz\u00f3 la semana experimentando una ca\u00edda en el Indicador de Mercados del Este (IME), pero luego se recuper\u00f3 en la segunda jornada debido a una menor oferta. Debido a que la suba fue menor al descenso semanal inicial, el indicador termina cerrando con bajas la semana.\u2026","rel":"","context":"En \u00abActualidad\u00bb","block_context":{"text":"Actualidad","link":"https:\/\/lahoradelcampo.com.uy\/site\/category\/actualidad\/"},"img":{"alt_text":"","src":"https:\/\/i0.wp.com\/lahoradelcampo.com.uy\/site\/wp-content\/uploads\/2023\/01\/Lana-Australia1.jpg?fit=880%2C440&ssl=1&resize=350%2C200","width":350,"height":200,"srcset":"https:\/\/i0.wp.com\/lahoradelcampo.com.uy\/site\/wp-content\/uploads\/2023\/01\/Lana-Australia1.jpg?fit=880%2C440&ssl=1&resize=350%2C200 1x, https:\/\/i0.wp.com\/lahoradelcampo.com.uy\/site\/wp-content\/uploads\/2023\/01\/Lana-Australia1.jpg?fit=880%2C440&ssl=1&resize=525%2C300 1.5x, https:\/\/i0.wp.com\/lahoradelcampo.com.uy\/site\/wp-content\/uploads\/2023\/01\/Lana-Australia1.jpg?fit=880%2C440&ssl=1&resize=700%2C400 2x"},"classes":[]},{"id":38901,"url":"https:\/\/lahoradelcampo.com.uy\/site\/fuerte-suba-en-el-ime-tras-los-festejos-del-ano-nuevo-en-china\/","url_meta":{"origin":38645,"position":3},"title":"Fuerte suba en el IME, tras los festejos del a\u00f1o nuevo en China","author":"La Hora del Campo","date":"4 febrero, 2022","format":false,"excerpt":"El martes China festej\u00f3 el A\u00f1o Nuevo Lunar, recordemos que el a\u00f1o 2022 para la cultura occidental, es el 4720 para el gigante asi\u00e1tico y este a\u00f1o corresponde al \"Tigre de Agua\". Tradicionalmente esta es una semana de asueto y mucha alegr\u00eda en el gigante asi\u00e1tico, por lo que los\u2026","rel":"","context":"En \u00abActualidad\u00bb","block_context":{"text":"Actualidad","link":"https:\/\/lahoradelcampo.com.uy\/site\/category\/actualidad\/"},"img":{"alt_text":"","src":"https:\/\/i0.wp.com\/lahoradelcampo.com.uy\/site\/wp-content\/uploads\/2019\/06\/Lana-australia-1.jpg?fit=880%2C440&ssl=1&resize=350%2C200","width":350,"height":200,"srcset":"https:\/\/i0.wp.com\/lahoradelcampo.com.uy\/site\/wp-content\/uploads\/2019\/06\/Lana-australia-1.jpg?fit=880%2C440&ssl=1&resize=350%2C200 1x, https:\/\/i0.wp.com\/lahoradelcampo.com.uy\/site\/wp-content\/uploads\/2019\/06\/Lana-australia-1.jpg?fit=880%2C440&ssl=1&resize=525%2C300 1.5x, https:\/\/i0.wp.com\/lahoradelcampo.com.uy\/site\/wp-content\/uploads\/2019\/06\/Lana-australia-1.jpg?fit=880%2C440&ssl=1&resize=700%2C400 2x"},"classes":[]},{"id":34613,"url":"https:\/\/lahoradelcampo.com.uy\/site\/el-ime-subio-un-centavo-en-una-semana-de-subas-y-bajas\/","url_meta":{"origin":38645,"position":4},"title":"El IME subi\u00f3 un centavo, en una semana de subas y bajas","author":"La Hora del Campo","date":"24 septiembre, 2021","format":false,"excerpt":"Casi todo lo que gan\u00f3 en un d\u00eda, lo perdi\u00f3 al siguiente. As\u00ed fue la semana del Indicador de Mercados del Este (IME) analizado en d\u00f3lares estadounidenses, mientras que se mostr\u00f3 firme y al alza en la moneda australiana. La demanda estuvo firme, a lo largo de la semana, en\u2026","rel":"","context":"En \u00abActualidad\u00bb","block_context":{"text":"Actualidad","link":"https:\/\/lahoradelcampo.com.uy\/site\/category\/actualidad\/"},"img":{"alt_text":"","src":"https:\/\/i0.wp.com\/lahoradelcampo.com.uy\/site\/wp-content\/uploads\/2021\/06\/lanaaustralia1.jpg?fit=880%2C440&ssl=1&resize=350%2C200","width":350,"height":200,"srcset":"https:\/\/i0.wp.com\/lahoradelcampo.com.uy\/site\/wp-content\/uploads\/2021\/06\/lanaaustralia1.jpg?fit=880%2C440&ssl=1&resize=350%2C200 1x, https:\/\/i0.wp.com\/lahoradelcampo.com.uy\/site\/wp-content\/uploads\/2021\/06\/lanaaustralia1.jpg?fit=880%2C440&ssl=1&resize=525%2C300 1.5x, https:\/\/i0.wp.com\/lahoradelcampo.com.uy\/site\/wp-content\/uploads\/2021\/06\/lanaaustralia1.jpg?fit=880%2C440&ssl=1&resize=700%2C400 2x"},"classes":[]},{"id":42925,"url":"https:\/\/lahoradelcampo.com.uy\/site\/el-tipo-de-cambio-presiono-fuerte-el-ime-esta-semana\/","url_meta":{"origin":38645,"position":5},"title":"El tipo de cambio presion\u00f3 fuerte el IME esta semana","author":"La Hora del Campo","date":"17 junio, 2022","format":false,"excerpt":"La semana del mercado lanero australiano se vio marcada por la fuerte variaci\u00f3n del tipo de cambio y su impacto en las cotizaciones de la fibra en los diferentes mercados. Tras las fuertes bajas del mi\u00e9rcoles en la moneda norteamericana, el mercado recuper\u00f3 terreno ayer jueves aunque en el balance\u2026","rel":"","context":"En \u00abActualidad\u00bb","block_context":{"text":"Actualidad","link":"https:\/\/lahoradelcampo.com.uy\/site\/category\/actualidad\/"},"img":{"alt_text":"","src":"https:\/\/i0.wp.com\/lahoradelcampo.com.uy\/site\/wp-content\/uploads\/2019\/06\/Lana-australia-1.jpg?fit=880%2C440&ssl=1&resize=350%2C200","width":350,"height":200,"srcset":"https:\/\/i0.wp.com\/lahoradelcampo.com.uy\/site\/wp-content\/uploads\/2019\/06\/Lana-australia-1.jpg?fit=880%2C440&ssl=1&resize=350%2C200 1x, https:\/\/i0.wp.com\/lahoradelcampo.com.uy\/site\/wp-content\/uploads\/2019\/06\/Lana-australia-1.jpg?fit=880%2C440&ssl=1&resize=525%2C300 1.5x, https:\/\/i0.wp.com\/lahoradelcampo.com.uy\/site\/wp-content\/uploads\/2019\/06\/Lana-australia-1.jpg?fit=880%2C440&ssl=1&resize=700%2C400 2x"},"classes":[]}],"jetpack_likes_enabled":true,"_links":{"self":[{"href":"https:\/\/lahoradelcampo.com.uy\/site\/wp-json\/wp\/v2\/posts\/38645","targetHints":{"allow":["GET"]}}],"collection":[{"href":"https:\/\/lahoradelcampo.com.uy\/site\/wp-json\/wp\/v2\/posts"}],"about":[{"href":"https:\/\/lahoradelcampo.com.uy\/site\/wp-json\/wp\/v2\/types\/post"}],"author":[{"embeddable":true,"href":"https:\/\/lahoradelcampo.com.uy\/site\/wp-json\/wp\/v2\/users\/5"}],"replies":[{"embeddable":true,"href":"https:\/\/lahoradelcampo.com.uy\/site\/wp-json\/wp\/v2\/comments?post=38645"}],"version-history":[{"count":1,"href":"https:\/\/lahoradelcampo.com.uy\/site\/wp-json\/wp\/v2\/posts\/38645\/revisions"}],"predecessor-version":[{"id":38647,"href":"https:\/\/lahoradelcampo.com.uy\/site\/wp-json\/wp\/v2\/posts\/38645\/revisions\/38647"}],"wp:featuredmedia":[{"embeddable":true,"href":"https:\/\/lahoradelcampo.com.uy\/site\/wp-json\/wp\/v2\/media\/31198"}],"wp:attachment":[{"href":"https:\/\/lahoradelcampo.com.uy\/site\/wp-json\/wp\/v2\/media?parent=38645"}],"wp:term":[{"taxonomy":"category","embeddable":true,"href":"https:\/\/lahoradelcampo.com.uy\/site\/wp-json\/wp\/v2\/categories?post=38645"},{"taxonomy":"post_tag","embeddable":true,"href":"https:\/\/lahoradelcampo.com.uy\/site\/wp-json\/wp\/v2\/tags?post=38645"}],"curies":[{"name":"wp","href":"https:\/\/api.w.org\/{rel}","templated":true}]}}