{"id":38637,"date":"2022-01-27T07:00:11","date_gmt":"2022-01-27T10:00:11","guid":{"rendered":"http:\/\/lahoradelcampo.com.uy\/site\/?p=38637"},"modified":"2022-01-26T22:14:57","modified_gmt":"2022-01-27T01:14:57","slug":"existen-3-500-hectareas-de-arroz-comprometidas-con-el-riego-en-el-norte-del-pais","status":"publish","type":"post","link":"https:\/\/lahoradelcampo.com.uy\/site\/existen-3-500-hectareas-de-arroz-comprometidas-con-el-riego-en-el-norte-del-pais\/","title":{"rendered":"Existen 3.500 hect\u00e1reas de arroz comprometidas con el riego en el norte del pa\u00eds"},"content":{"rendered":"\n<figure class=\"wp-block-image\"><img data-recalc-dims=\"1\" loading=\"lazy\" decoding=\"async\" width=\"810\" height=\"405\" data-attachment-id=\"29836\" data-permalink=\"https:\/\/lahoradelcampo.com.uy\/site\/valores-de-la-exportacion-de-arroz-subieron-un-28-en-el-mes-de-abril\/arroz1\/\" data-orig-file=\"https:\/\/i0.wp.com\/lahoradelcampo.com.uy\/site\/wp-content\/uploads\/2021\/05\/arroz1.jpg?fit=880%2C440&amp;ssl=1\" data-orig-size=\"880,440\" data-comments-opened=\"1\" data-image-meta=\"{&quot;aperture&quot;:&quot;0&quot;,&quot;credit&quot;:&quot;&quot;,&quot;camera&quot;:&quot;&quot;,&quot;caption&quot;:&quot;&quot;,&quot;created_timestamp&quot;:&quot;0&quot;,&quot;copyright&quot;:&quot;&quot;,&quot;focal_length&quot;:&quot;0&quot;,&quot;iso&quot;:&quot;0&quot;,&quot;shutter_speed&quot;:&quot;0&quot;,&quot;title&quot;:&quot;&quot;,&quot;orientation&quot;:&quot;1&quot;}\" data-image-title=\"arroz1\" data-image-description=\"\" data-image-caption=\"\" data-large-file=\"https:\/\/i0.wp.com\/lahoradelcampo.com.uy\/site\/wp-content\/uploads\/2021\/05\/arroz1.jpg?fit=810%2C405&amp;ssl=1\" src=\"https:\/\/i0.wp.com\/lahoradelcampo.com.uy\/site\/wp-content\/uploads\/2021\/05\/arroz1.jpg?resize=810%2C405\" alt=\"\" class=\"wp-image-29836\" srcset=\"https:\/\/i0.wp.com\/lahoradelcampo.com.uy\/site\/wp-content\/uploads\/2021\/05\/arroz1.jpg?w=880&amp;ssl=1 880w, https:\/\/i0.wp.com\/lahoradelcampo.com.uy\/site\/wp-content\/uploads\/2021\/05\/arroz1.jpg?resize=300%2C150&amp;ssl=1 300w, https:\/\/i0.wp.com\/lahoradelcampo.com.uy\/site\/wp-content\/uploads\/2021\/05\/arroz1.jpg?resize=768%2C384&amp;ssl=1 768w, https:\/\/i0.wp.com\/lahoradelcampo.com.uy\/site\/wp-content\/uploads\/2021\/05\/arroz1.jpg?resize=820%2C410&amp;ssl=1 820w\" sizes=\"auto, (max-width: 810px) 100vw, 810px\" \/><\/figure>\n\n\n\n<p>En los a\u00f1os de \u00abLa Ni\u00f1a\u00bb, el sector arrocero ha tenido rendimientos hist\u00f3ricamente altos, sin embargo esta zafra 2021-2022 est\u00e1 registrando un consumo de agua superior a a\u00f1os anteriores, donde tambi\u00e9n se dio este fen\u00f3meno clim\u00e1tico. Esta situaci\u00f3n y la falta de precipitaciones que permitan recomponer algunas represas, lleva a que los productores est\u00e9n evaluando las condicionantes de cada chacra y en algunos casos abandonar \u00e1rea para castigar el potencial de rendimiento del resto del cultivo.<br><\/p>\n\n\n\n<p>El productor arrocero, Guillermo O&#8217;Brien, dijo \u00abnos quedamos con sabor a poco\u00bb respecto a lo que han sido las precipitaciones, principalmente en el departamento de Artigas, ya que los pron\u00f3sticos anunciaron m\u00e1s agua de la que realmente se registr\u00f3, adem\u00e1s de haber sido muy dispar entre zonas. <br><\/p>\n\n\n\n<p>A nivel de las chacras, O&#8217;brien indic\u00f3 que los cultivos en el norte est\u00e1n \u00abde bueno a muy bueno\u00bb, al mismo tiempo indic\u00f3 que \u00aben el norte, m\u00e1s del 90% del agua es de represas\u00bb y record\u00f3 que \u00aben los \u00faltimos dos a\u00f1os, las dos \u00faltimas zafras, no lograron llenarse y eso hizo que baja el \u00e1rea en el norte, si bien en el pa\u00eds subieron 20.000 hect\u00e1reas\u00bb. <br><\/p>\n\n\n\n<p>Debido al alto consumo de agua en esta zafra, \u00abestamos parados en una situaci\u00f3n dif\u00edcil en el norte\u00bb, explic\u00f3 que a\u00fan restan 30 d\u00edas de cultivo en promedio, \u00abhay chacras que necesitan m\u00e1s de 30 d\u00edas y otras que a principios de febrero, en la zona de Colonia Palma, va a comenzar la cosecha y requieren menos d\u00edas\u00bb de riego. <br><\/p>\n\n\n\n<p>De acuerdo a los c\u00e1lculos de los productores, el cultivo necesitar\u00e1 en este per\u00edodo 150 mil\u00edmetros de agua por hect\u00e1rea, por d\u00eda, sin embargo las estimaciones de la Asociaci\u00f3n de Cultivadores de Arroz es que \u00abentorno a las 3.500 hect\u00e1reas en Artigas y Salto, est\u00e1n en condiciones donde esa cuenta no est\u00e1 en la represa\u00bb, por lo que estim\u00f3 que habr\u00e1n productores que terminaran abandonado \u00e1rea. <br><\/p>\n\n\n\n<p>O&#8217;brien fue claro y contundente en las opciones que existen para adelante en este momento, \u00abhay dos caminos. Se sigue con todo como est\u00e1 y como dice el refr\u00e1n muere en la orilla, a unos metros de la llegada con todo, o como est\u00e1 pasando estos d\u00edas, los productores est\u00e1n evaluando cuanto queda en la alcanc\u00eda y determinar\u00e1n si es necesario dejar alg\u00fan porcentaje de \u00e1rea  para poder llegar con el resto al final, para no morir con las botas puestas\u00bb. <br><\/p>\n\n\n\n<p>Alto consumo<br><\/p>\n\n\n\n<p>De acuerdo a lo dialogado d\u00edas atr\u00e1s con el Ing. Agr. \u00c1lvaro Roel de INIA; el consumo de agua en esta zona es un 13% superior a lo tradicional para un a\u00f1o \u00abLa Ni\u00f1a\u00bb, por lo que consultamos al productor si existe la posibilidad de perder ese porcentaje de \u00e1rea. Guillermo O&#8217;brien, dijo que \u00abnormalmente hay vol\u00famenes buffer en las represas o hay alternativas que no en todos los lados lo tienen, se arma un levante en un arroyo cerca u otra alternativa que logran achicar ese 13%\u00bb.  Sin embargo admiti\u00f3 que \u00abs\u00ed hablamos de 3.500 hect\u00e1reas comprometidas en Artigas\u00bb esa \u00e1rea es superior a dicho porcentaje ya que en esta zafra hay sembradas unas 27.000 hect\u00e1reas entre Salto y Artigas. <br><\/p>\n\n\n\n<p>El arrocero explic\u00f3 que se habla de \u00ab3.500 hect\u00e1reas comprometidas de llegar a fin de ciclo con agua\u00bb y aclar\u00f3 que \u00aben el resto hay muchas hect\u00e1reas que han sido, entre comillas \u00abno del todo bien regadas\u00bb, producto de esta situaci\u00f3n\u00bb por lo que tambi\u00e9n se podr\u00edan ver comprometidos los rendimientos en alguna chacra puntual. <br><\/p>\n\n\n\n<p>O&#8217;brien indic\u00f3 que \u00abhace a\u00f1os que no se ven\u00eda un verano tan intenso, en el norte conocemos est\u00e1 situaci\u00f3n pero quiz\u00e1s con rachas de d\u00edas m\u00e1s cortas, llevamos much\u00edsimos d\u00edas de una demanda extraordinaria\u00bb. A pesar de ello remarc\u00f3 que \u00aben lo que es la historia, si uno mira en las estad\u00edsticas, quien logra m\u00e1s o menos un riego medianamente prolijo, son los a\u00f1os de mayor producci\u00f3n, o sea la luminosidad, la temperatura, est\u00e1n para expresar muy buenos rindes, pero van de la mano del agua\u00bb. <br><\/p>\n\n\n\n<p>Agreg\u00f3 que \u00ablas cosechas m\u00e1s tempranas en el norte arrancar\u00edan sobre el 10 de febrero, y ah\u00ed veremos que acontece\u00bb. <\/p>\n\n\n\n<p>Salto, 27 de enero de 2022<\/p>\n","protected":false},"excerpt":{"rendered":"<p>En los a\u00f1os de \u00abLa Ni\u00f1a\u00bb, el sector arrocero ha tenido rendimientos hist\u00f3ricamente altos, sin embargo esta zafra 2021-2022 est\u00e1 registrando un consumo de agua superior a a\u00f1os anteriores, donde [&hellip;]<\/p>\n","protected":false},"author":5,"featured_media":29836,"comment_status":"open","ping_status":"open","sticky":false,"template":"","format":"standard","meta":{"_price":"","_stock":"","_tribe_ticket_header":"","_tribe_default_ticket_provider":"","_tribe_ticket_capacity":"0","_ticket_start_date":"","_ticket_end_date":"","_tribe_ticket_show_description":"","_tribe_ticket_show_not_going":false,"_tribe_ticket_use_global_stock":"","_tribe_ticket_global_stock_level":"","_global_stock_mode":"","_global_stock_cap":"","_tribe_rsvp_for_event":"","_tribe_ticket_going_count":"","_tribe_ticket_not_going_count":"","_tribe_tickets_list":"[]","_tribe_ticket_has_attendee_info_fields":false,"h5ap_radio_sources":[],"_jetpack_newsletter_access":"","_jetpack_dont_email_post_to_subs":false,"_jetpack_newsletter_tier_id":0,"_jetpack_memberships_contains_paywalled_content":false,"_jetpack_memberships_contains_paid_content":false,"footnotes":""},"categories":[21,7],"tags":[],"class_list":["post-38637","post","type-post","status-publish","format-standard","has-post-thumbnail","hentry","category-actualidad","category-agricultura"],"jetpack_featured_media_url":"https:\/\/i0.wp.com\/lahoradelcampo.com.uy\/site\/wp-content\/uploads\/2021\/05\/arroz1.jpg?fit=880%2C440&ssl=1","jetpack_sharing_enabled":true,"jetpack_shortlink":"https:\/\/wp.me\/p99IaT-a3b","jetpack-related-posts":[{"id":36233,"url":"https:\/\/lahoradelcampo.com.uy\/site\/sector-arrocero-en-el-ultimo-tramo-de-la-siembra-y-esperando-las-lluvias\/","url_meta":{"origin":38637,"position":0},"title":"Sector arrocero en el \u00faltimo tramo de la siembra y esperando las lluvias","author":"La Hora del Campo","date":"4 noviembre, 2021","format":false,"excerpt":"La constante para el sector arrocero ha sido suelos secos en superficie pero con humedad en el perfil, lo que ha permitido un r\u00e1pido avance de la siembra dentro de los plazos estipulados para obtener buenos resultados, pero adem\u00e1s se visualizan a los pocos d\u00edas de la siembra de los\u2026","rel":"","context":"En \u00abActualidad\u00bb","block_context":{"text":"Actualidad","link":"https:\/\/lahoradelcampo.com.uy\/site\/category\/actualidad\/"},"img":{"alt_text":"","src":"https:\/\/i0.wp.com\/lahoradelcampo.com.uy\/site\/wp-content\/uploads\/2019\/05\/arroz-3.jpg?fit=880%2C440&ssl=1&resize=350%2C200","width":350,"height":200,"srcset":"https:\/\/i0.wp.com\/lahoradelcampo.com.uy\/site\/wp-content\/uploads\/2019\/05\/arroz-3.jpg?fit=880%2C440&ssl=1&resize=350%2C200 1x, https:\/\/i0.wp.com\/lahoradelcampo.com.uy\/site\/wp-content\/uploads\/2019\/05\/arroz-3.jpg?fit=880%2C440&ssl=1&resize=525%2C300 1.5x, https:\/\/i0.wp.com\/lahoradelcampo.com.uy\/site\/wp-content\/uploads\/2019\/05\/arroz-3.jpg?fit=880%2C440&ssl=1&resize=700%2C400 2x"},"classes":[]},{"id":15882,"url":"https:\/\/lahoradelcampo.com.uy\/site\/aca-evalua-la-situacion-del-sector-arrocero-luego-de-las-intensas-lluvias\/","url_meta":{"origin":38637,"position":1},"title":"ACA eval\u00faa la situaci\u00f3n del sector arrocero luego de las intensas lluvias","author":"La Hora del Campo","date":"19 noviembre, 2019","format":false,"excerpt":"Las intensas lluvias registradas a lo largo y ancho del pa\u00eds en las \u00faltimas semanas han generado problemas en el sector agr\u00edcola y al arrocero en particular. En los trigos las preocupaciones se encuentran en la posible aparici\u00f3n de fusarium y las p\u00e9rdidas de calidad que ello conlleva, adem\u00e1s el\u2026","rel":"","context":"En \u00abActualidad\u00bb","block_context":{"text":"Actualidad","link":"https:\/\/lahoradelcampo.com.uy\/site\/category\/actualidad\/"},"img":{"alt_text":"","src":"https:\/\/i0.wp.com\/lahoradelcampo.com.uy\/site\/wp-content\/uploads\/2017\/12\/Arroceros.jpg?fit=880%2C440&ssl=1&resize=350%2C200","width":350,"height":200,"srcset":"https:\/\/i0.wp.com\/lahoradelcampo.com.uy\/site\/wp-content\/uploads\/2017\/12\/Arroceros.jpg?fit=880%2C440&ssl=1&resize=350%2C200 1x, https:\/\/i0.wp.com\/lahoradelcampo.com.uy\/site\/wp-content\/uploads\/2017\/12\/Arroceros.jpg?fit=880%2C440&ssl=1&resize=525%2C300 1.5x, https:\/\/i0.wp.com\/lahoradelcampo.com.uy\/site\/wp-content\/uploads\/2017\/12\/Arroceros.jpg?fit=880%2C440&ssl=1&resize=700%2C400 2x"},"classes":[]},{"id":25720,"url":"https:\/\/lahoradelcampo.com.uy\/site\/el-sector-arrocero-con-menor-area-de-la-prevista-en-el-norte\/","url_meta":{"origin":38637,"position":2},"title":"El sector arrocero con menor \u00e1rea de la prevista en el norte","author":"La Hora del Campo","date":"24 noviembre, 2020","format":false,"excerpt":"El sector arrocero culmin\u00f3 la siembra del cereal en el norte del pa\u00eds, dentro del periodo \u00f3ptimo, pero con un importante descenso respecto a lo previsto inicialmente. Los valores y las expectativas de un verano con buen nivel de luminosidad y temperaturas se contrapuso con la ausencia de precipitaciones en\u2026","rel":"","context":"En \u00abActualidad\u00bb","block_context":{"text":"Actualidad","link":"https:\/\/lahoradelcampo.com.uy\/site\/category\/actualidad\/"},"img":{"alt_text":"","src":"https:\/\/i0.wp.com\/lahoradelcampo.com.uy\/site\/wp-content\/uploads\/2017\/12\/Arroceros.jpg?fit=880%2C440&ssl=1&resize=350%2C200","width":350,"height":200,"srcset":"https:\/\/i0.wp.com\/lahoradelcampo.com.uy\/site\/wp-content\/uploads\/2017\/12\/Arroceros.jpg?fit=880%2C440&ssl=1&resize=350%2C200 1x, https:\/\/i0.wp.com\/lahoradelcampo.com.uy\/site\/wp-content\/uploads\/2017\/12\/Arroceros.jpg?fit=880%2C440&ssl=1&resize=525%2C300 1.5x, https:\/\/i0.wp.com\/lahoradelcampo.com.uy\/site\/wp-content\/uploads\/2017\/12\/Arroceros.jpg?fit=880%2C440&ssl=1&resize=700%2C400 2x"},"classes":[]},{"id":44381,"url":"https:\/\/lahoradelcampo.com.uy\/site\/arroceros-preocupados-con-los-altos-costos-para-la-proxima-zafra\/","url_meta":{"origin":38637,"position":3},"title":"Arroceros preocupados con los altos costos para la pr\u00f3xima zafra","author":"La Hora del Campo","date":"1 agosto, 2022","format":false,"excerpt":"Luego de una cosecha arrocera con una excelente producci\u00f3n a nivel nacional, m\u00e1s all\u00e1 de los casos puntuales donde los productores se vieron fuertemente afectados por la ausencia de precipitaciones, el sector arrocero analiza cuidadosamente el aumento de los costos y la baja del precio del cereal, lo que implicar\u00e1\u2026","rel":"","context":"En \u00abActualidad\u00bb","block_context":{"text":"Actualidad","link":"https:\/\/lahoradelcampo.com.uy\/site\/category\/actualidad\/"},"img":{"alt_text":"","src":"https:\/\/i0.wp.com\/lahoradelcampo.com.uy\/site\/wp-content\/uploads\/2022\/08\/Guillermo-Obrien.jpg?fit=880%2C440&ssl=1&resize=350%2C200","width":350,"height":200,"srcset":"https:\/\/i0.wp.com\/lahoradelcampo.com.uy\/site\/wp-content\/uploads\/2022\/08\/Guillermo-Obrien.jpg?fit=880%2C440&ssl=1&resize=350%2C200 1x, https:\/\/i0.wp.com\/lahoradelcampo.com.uy\/site\/wp-content\/uploads\/2022\/08\/Guillermo-Obrien.jpg?fit=880%2C440&ssl=1&resize=525%2C300 1.5x, https:\/\/i0.wp.com\/lahoradelcampo.com.uy\/site\/wp-content\/uploads\/2022\/08\/Guillermo-Obrien.jpg?fit=880%2C440&ssl=1&resize=700%2C400 2x"},"classes":[]},{"id":38855,"url":"https:\/\/lahoradelcampo.com.uy\/site\/se-han-perdido-1-500-hectareas-de-arroz-en-el-norte-del-pais\/","url_meta":{"origin":38637,"position":4},"title":"Se han perdido 1.500 hect\u00e1reas de arroz en el norte del pa\u00eds","author":"La Hora del Campo","date":"3 febrero, 2022","format":false,"excerpt":"La falta de precipitaciones y el alto nivel de evapotranspiraci\u00f3n en el norte del pa\u00eds ha determinado que el sector arrocero tambi\u00e9n sea afectado por menores rendimientos y muchas chacras y el abandono de algunas debido a la falta de agua en las represas. Entre los departamentos de Salto y\u2026","rel":"","context":"En \u00abActualidad\u00bb","block_context":{"text":"Actualidad","link":"https:\/\/lahoradelcampo.com.uy\/site\/category\/actualidad\/"},"img":{"alt_text":"","src":"https:\/\/i0.wp.com\/lahoradelcampo.com.uy\/site\/wp-content\/uploads\/2019\/05\/arroz-2.jpg?fit=880%2C440&ssl=1&resize=350%2C200","width":350,"height":200,"srcset":"https:\/\/i0.wp.com\/lahoradelcampo.com.uy\/site\/wp-content\/uploads\/2019\/05\/arroz-2.jpg?fit=880%2C440&ssl=1&resize=350%2C200 1x, https:\/\/i0.wp.com\/lahoradelcampo.com.uy\/site\/wp-content\/uploads\/2019\/05\/arroz-2.jpg?fit=880%2C440&ssl=1&resize=525%2C300 1.5x, https:\/\/i0.wp.com\/lahoradelcampo.com.uy\/site\/wp-content\/uploads\/2019\/05\/arroz-2.jpg?fit=880%2C440&ssl=1&resize=700%2C400 2x"},"classes":[]},{"id":45169,"url":"https:\/\/lahoradelcampo.com.uy\/site\/arroceros-prontos-para-iniciar-la-siembra-en-setiembre-en-el-norte\/","url_meta":{"origin":38637,"position":5},"title":"Arroceros prontos para iniciar la siembra en setiembre en el norte","author":"La Hora del Campo","date":"1 septiembre, 2022","format":false,"excerpt":"La situaci\u00f3n de los costos preocupa al sector arrocero de cara a lo que ser\u00e1 la siembra de primavera, que como es tradicional comienza primero en el norte del pa\u00eds y para la cual se espera una baja de \u00e1rea a nivel nacional. En este sentido la Asociaci\u00f3n de Cultivadores\u2026","rel":"","context":"En \u00abActualidad\u00bb","block_context":{"text":"Actualidad","link":"https:\/\/lahoradelcampo.com.uy\/site\/category\/actualidad\/"},"img":{"alt_text":"","src":"https:\/\/i0.wp.com\/lahoradelcampo.com.uy\/site\/wp-content\/uploads\/2017\/10\/Arroz-siembra-1.jpg?fit=880%2C440&ssl=1&resize=350%2C200","width":350,"height":200,"srcset":"https:\/\/i0.wp.com\/lahoradelcampo.com.uy\/site\/wp-content\/uploads\/2017\/10\/Arroz-siembra-1.jpg?fit=880%2C440&ssl=1&resize=350%2C200 1x, https:\/\/i0.wp.com\/lahoradelcampo.com.uy\/site\/wp-content\/uploads\/2017\/10\/Arroz-siembra-1.jpg?fit=880%2C440&ssl=1&resize=525%2C300 1.5x, https:\/\/i0.wp.com\/lahoradelcampo.com.uy\/site\/wp-content\/uploads\/2017\/10\/Arroz-siembra-1.jpg?fit=880%2C440&ssl=1&resize=700%2C400 2x"},"classes":[]}],"jetpack_likes_enabled":true,"_links":{"self":[{"href":"https:\/\/lahoradelcampo.com.uy\/site\/wp-json\/wp\/v2\/posts\/38637","targetHints":{"allow":["GET"]}}],"collection":[{"href":"https:\/\/lahoradelcampo.com.uy\/site\/wp-json\/wp\/v2\/posts"}],"about":[{"href":"https:\/\/lahoradelcampo.com.uy\/site\/wp-json\/wp\/v2\/types\/post"}],"author":[{"embeddable":true,"href":"https:\/\/lahoradelcampo.com.uy\/site\/wp-json\/wp\/v2\/users\/5"}],"replies":[{"embeddable":true,"href":"https:\/\/lahoradelcampo.com.uy\/site\/wp-json\/wp\/v2\/comments?post=38637"}],"version-history":[{"count":1,"href":"https:\/\/lahoradelcampo.com.uy\/site\/wp-json\/wp\/v2\/posts\/38637\/revisions"}],"predecessor-version":[{"id":38639,"href":"https:\/\/lahoradelcampo.com.uy\/site\/wp-json\/wp\/v2\/posts\/38637\/revisions\/38639"}],"wp:featuredmedia":[{"embeddable":true,"href":"https:\/\/lahoradelcampo.com.uy\/site\/wp-json\/wp\/v2\/media\/29836"}],"wp:attachment":[{"href":"https:\/\/lahoradelcampo.com.uy\/site\/wp-json\/wp\/v2\/media?parent=38637"}],"wp:term":[{"taxonomy":"category","embeddable":true,"href":"https:\/\/lahoradelcampo.com.uy\/site\/wp-json\/wp\/v2\/categories?post=38637"},{"taxonomy":"post_tag","embeddable":true,"href":"https:\/\/lahoradelcampo.com.uy\/site\/wp-json\/wp\/v2\/tags?post=38637"}],"curies":[{"name":"wp","href":"https:\/\/api.w.org\/{rel}","templated":true}]}}