{"id":38633,"date":"2022-01-27T05:50:12","date_gmt":"2022-01-27T08:50:12","guid":{"rendered":"http:\/\/lahoradelcampo.com.uy\/site\/?p=38633"},"modified":"2022-01-26T22:09:54","modified_gmt":"2022-01-27T01:09:54","slug":"exigen-respetar-el-bienestar-animal-en-el-transporte-de-ganado-vacuno","status":"publish","type":"post","link":"https:\/\/lahoradelcampo.com.uy\/site\/exigen-respetar-el-bienestar-animal-en-el-transporte-de-ganado-vacuno\/","title":{"rendered":"Exigen respetar el \u00abBienestar Animal\u00bb en el  transporte de ganado vacuno"},"content":{"rendered":"\n<figure class=\"wp-block-image\"><img data-recalc-dims=\"1\" loading=\"lazy\" decoding=\"async\" width=\"810\" height=\"405\" data-attachment-id=\"28246\" data-permalink=\"https:\/\/lahoradelcampo.com.uy\/site\/uruguay-le-abrio-el-mercado-de-bovinos-en-pie-a-argentina\/vacacamion\/\" data-orig-file=\"https:\/\/i0.wp.com\/lahoradelcampo.com.uy\/site\/wp-content\/uploads\/2021\/03\/vacacamion.jpg?fit=880%2C440&amp;ssl=1\" data-orig-size=\"880,440\" data-comments-opened=\"1\" data-image-meta=\"{&quot;aperture&quot;:&quot;0&quot;,&quot;credit&quot;:&quot;&quot;,&quot;camera&quot;:&quot;&quot;,&quot;caption&quot;:&quot;&quot;,&quot;created_timestamp&quot;:&quot;0&quot;,&quot;copyright&quot;:&quot;&quot;,&quot;focal_length&quot;:&quot;0&quot;,&quot;iso&quot;:&quot;0&quot;,&quot;shutter_speed&quot;:&quot;0&quot;,&quot;title&quot;:&quot;&quot;,&quot;orientation&quot;:&quot;1&quot;}\" data-image-title=\"vacacamion\" data-image-description=\"\" data-image-caption=\"\" data-large-file=\"https:\/\/i0.wp.com\/lahoradelcampo.com.uy\/site\/wp-content\/uploads\/2021\/03\/vacacamion.jpg?fit=810%2C405&amp;ssl=1\" src=\"https:\/\/i0.wp.com\/lahoradelcampo.com.uy\/site\/wp-content\/uploads\/2021\/03\/vacacamion.jpg?resize=810%2C405\" alt=\"\" class=\"wp-image-28246\" srcset=\"https:\/\/i0.wp.com\/lahoradelcampo.com.uy\/site\/wp-content\/uploads\/2021\/03\/vacacamion.jpg?w=880&amp;ssl=1 880w, https:\/\/i0.wp.com\/lahoradelcampo.com.uy\/site\/wp-content\/uploads\/2021\/03\/vacacamion.jpg?resize=300%2C150&amp;ssl=1 300w, https:\/\/i0.wp.com\/lahoradelcampo.com.uy\/site\/wp-content\/uploads\/2021\/03\/vacacamion.jpg?resize=768%2C384&amp;ssl=1 768w, https:\/\/i0.wp.com\/lahoradelcampo.com.uy\/site\/wp-content\/uploads\/2021\/03\/vacacamion.jpg?resize=820%2C410&amp;ssl=1 820w\" sizes=\"auto, (max-width: 810px) 100vw, 810px\" \/><\/figure>\n\n\n\n<p>Tras 18 meses de trabajo, los eurodiputados exigen a los pa\u00edses de la UE respetar y mejorar el bienestar animal durante el transporte y potenciar el transporte de la carne antes que el de los animales. <\/p>\n\n\n\n<p>La comisi\u00f3n de investigaci\u00f3n del PE, creada en junio de 2020 para examinar supuestas infracciones de la legislaci\u00f3n europea, concluy\u00f3 que las disposiciones de la UE en este \u00e1rea no siempre se cumplen en los Estados miembros y que las diferentes necesidades de los animales no se tienen plenamente en cuenta. <\/p>\n\n\n\n<p>El Parlamento pide que el tiempo de viaje de los animales hasta el matadero no supere las ocho horas; cuatro horas en el caso de las hembras en el \u00faltimo tercio de gestaci\u00f3n. Las cr\u00edas lactantes de menos de cuatro semanas tampoco deber\u00edan ser transportadas, excepto por los ganaderos y en una distancia inferior de 50 km.<\/p>\n\n\n\n<p>Salto, 27 de enero de 2022<\/p>\n","protected":false},"excerpt":{"rendered":"<p>Tras 18 meses de trabajo, los eurodiputados exigen a los pa\u00edses de la UE respetar y mejorar el bienestar animal durante el transporte y potenciar el transporte de la carne [&hellip;]<\/p>\n","protected":false},"author":5,"featured_media":28246,"comment_status":"open","ping_status":"open","sticky":false,"template":"","format":"standard","meta":{"_price":"","_stock":"","_tribe_ticket_header":"","_tribe_default_ticket_provider":"","_tribe_ticket_capacity":"0","_ticket_start_date":"","_ticket_end_date":"","_tribe_ticket_show_description":"","_tribe_ticket_show_not_going":false,"_tribe_ticket_use_global_stock":"","_tribe_ticket_global_stock_level":"","_global_stock_mode":"","_global_stock_cap":"","_tribe_rsvp_for_event":"","_tribe_ticket_going_count":"","_tribe_ticket_not_going_count":"","_tribe_tickets_list":"[]","_tribe_ticket_has_attendee_info_fields":false,"h5ap_radio_sources":[],"_jetpack_newsletter_access":"","_jetpack_dont_email_post_to_subs":false,"_jetpack_newsletter_tier_id":0,"_jetpack_memberships_contains_paywalled_content":false,"_jetpack_memberships_contains_paid_content":false,"footnotes":""},"categories":[21,15],"tags":[],"class_list":["post-38633","post","type-post","status-publish","format-standard","has-post-thumbnail","hentry","category-actualidad","category-columnistas"],"jetpack_featured_media_url":"https:\/\/i0.wp.com\/lahoradelcampo.com.uy\/site\/wp-content\/uploads\/2021\/03\/vacacamion.jpg?fit=880%2C440&ssl=1","jetpack_sharing_enabled":true,"jetpack_shortlink":"https:\/\/wp.me\/p99IaT-a37","jetpack-related-posts":[{"id":4091,"url":"https:\/\/lahoradelcampo.com.uy\/site\/el-bienestar-animal-hoy-es-parte-de-los-negocios\/","url_meta":{"origin":38633,"position":0},"title":"El bienestar animal \u00abhoy es parte de los negocios\u00bb","author":"La Hora del Campo","date":"19 noviembre, 2017","format":false,"excerpt":"En Salto se realiz\u00f3 una jornada por parte del Instituto Nacional de Investigaci\u00f3n Agropecuaria (INIA) con el auspicio del Grupo Marfrig, donde particip\u00f3 el Lic. Marcos Gim\u00e9nez Zappiola de Argentina, un especialista en el tema de buenas pr\u00e1cticas de manejo del ganado, en la cual se brind\u00f3 informaci\u00f3n sobre la\u2026","rel":"","context":"En \u00abActualidad\u00bb","block_context":{"text":"Actualidad","link":"https:\/\/lahoradelcampo.com.uy\/site\/category\/actualidad\/"},"img":{"alt_text":"","src":"https:\/\/i0.wp.com\/lahoradelcampo.com.uy\/site\/wp-content\/uploads\/2017\/11\/leites.jpg?fit=880%2C440&ssl=1&resize=350%2C200","width":350,"height":200,"srcset":"https:\/\/i0.wp.com\/lahoradelcampo.com.uy\/site\/wp-content\/uploads\/2017\/11\/leites.jpg?fit=880%2C440&ssl=1&resize=350%2C200 1x, https:\/\/i0.wp.com\/lahoradelcampo.com.uy\/site\/wp-content\/uploads\/2017\/11\/leites.jpg?fit=880%2C440&ssl=1&resize=525%2C300 1.5x, https:\/\/i0.wp.com\/lahoradelcampo.com.uy\/site\/wp-content\/uploads\/2017\/11\/leites.jpg?fit=880%2C440&ssl=1&resize=700%2C400 2x"},"classes":[]},{"id":19596,"url":"https:\/\/lahoradelcampo.com.uy\/site\/mgap-exhorta-a-mantener-los-vacunacion-para-la-influenza-viral-equina\/","url_meta":{"origin":38633,"position":1},"title":"MGAP exhorta a mantener los vacunaci\u00f3n para la Influenza Viral Equina","author":"La Hora del Campo","date":"11 mayo, 2020","format":false,"excerpt":"Actualmente se encuentran suspendidos todos los eventos deportivos y competencias ecuestres, seg\u00fan las recomendaciones del MSP frente a la pandemia de COVID -19, lo que ha generado que algunos sitios de concentraci\u00f3n y de cuidado de equinos se hayan dispersado. Cuando comience el retorno a las actividades deportivas, tenemos que\u2026","rel":"","context":"En \u00abActualidad\u00bb","block_context":{"text":"Actualidad","link":"https:\/\/lahoradelcampo.com.uy\/site\/category\/actualidad\/"},"img":{"alt_text":"","src":"https:\/\/i0.wp.com\/lahoradelcampo.com.uy\/site\/wp-content\/uploads\/2017\/09\/caballos-criollos-san-fermin-fermin-cautiva-en-crioulos-de-punta-2.jpg?fit=1024%2C681&ssl=1&resize=350%2C200","width":350,"height":200,"srcset":"https:\/\/i0.wp.com\/lahoradelcampo.com.uy\/site\/wp-content\/uploads\/2017\/09\/caballos-criollos-san-fermin-fermin-cautiva-en-crioulos-de-punta-2.jpg?fit=1024%2C681&ssl=1&resize=350%2C200 1x, https:\/\/i0.wp.com\/lahoradelcampo.com.uy\/site\/wp-content\/uploads\/2017\/09\/caballos-criollos-san-fermin-fermin-cautiva-en-crioulos-de-punta-2.jpg?fit=1024%2C681&ssl=1&resize=525%2C300 1.5x, https:\/\/i0.wp.com\/lahoradelcampo.com.uy\/site\/wp-content\/uploads\/2017\/09\/caballos-criollos-san-fermin-fermin-cautiva-en-crioulos-de-punta-2.jpg?fit=1024%2C681&ssl=1&resize=700%2C400 2x"},"classes":[]},{"id":6301,"url":"https:\/\/lahoradelcampo.com.uy\/site\/nuevo-golpe-a-la-exportacion-en-pie-en-brasil\/","url_meta":{"origin":38633,"position":2},"title":"Nuevo golpe a la exportaci\u00f3n en pie en Brasil","author":"La Hora del Campo","date":"29 marzo, 2018","format":false,"excerpt":"Luego de los insucesos que se registraron con una ONG en el puerto de Santos con el envi\u00f3 de ganado en pie a Turqu\u00eda por parte del grupo Minerva, la C\u00e1mara de Santos aprob\u00f3 esta semana un proyecto de ley que prohibe el transporte de carga viva en el \u00e1rea\u2026","rel":"","context":"En \u00abGanader\u00eda\u00bb","block_context":{"text":"Ganader\u00eda","link":"https:\/\/lahoradelcampo.com.uy\/site\/category\/ganaderia\/"},"img":{"alt_text":"","src":"https:\/\/i0.wp.com\/lahoradelcampo.com.uy\/site\/wp-content\/uploads\/2018\/02\/Exportacion-en-pie-Brasil.jpg?fit=880%2C440&ssl=1&resize=350%2C200","width":350,"height":200,"srcset":"https:\/\/i0.wp.com\/lahoradelcampo.com.uy\/site\/wp-content\/uploads\/2018\/02\/Exportacion-en-pie-Brasil.jpg?fit=880%2C440&ssl=1&resize=350%2C200 1x, https:\/\/i0.wp.com\/lahoradelcampo.com.uy\/site\/wp-content\/uploads\/2018\/02\/Exportacion-en-pie-Brasil.jpg?fit=880%2C440&ssl=1&resize=525%2C300 1.5x, https:\/\/i0.wp.com\/lahoradelcampo.com.uy\/site\/wp-content\/uploads\/2018\/02\/Exportacion-en-pie-Brasil.jpg?fit=880%2C440&ssl=1&resize=700%2C400 2x"},"classes":[]},{"id":55367,"url":"https:\/\/lahoradelcampo.com.uy\/site\/inba-constato-muerte-de-tres-animales-por-medidas-sindicales\/","url_meta":{"origin":38633,"position":3},"title":"INBA constat\u00f3 muerte de tres animales por medidas sindicales","author":"La Hora del Campo","date":"3 enero, 2025","format":false,"excerpt":"El Instituto Nacional de Bienestar Animal (INBA) realiz\u00f3 pocos d\u00edas atr\u00e1s, un comunicado advirtiendo la \"profunda preocupaci\u00f3n\" ante el efecto negativo de las medidas gremiales en la industria frigor\u00edfica, sobre el bienestar de los animales que quedan sin faenar en los corrales. En este sentido comenz\u00f3 a realizar un relevamiento\u2026","rel":"","context":"En \u00abActualidad\u00bb","block_context":{"text":"Actualidad","link":"https:\/\/lahoradelcampo.com.uy\/site\/category\/actualidad\/"},"img":{"alt_text":"","src":"https:\/\/i0.wp.com\/lahoradelcampo.com.uy\/site\/wp-content\/uploads\/2025\/01\/ganado-frigorificos.jpg?fit=880%2C440&ssl=1&resize=350%2C200","width":350,"height":200,"srcset":"https:\/\/i0.wp.com\/lahoradelcampo.com.uy\/site\/wp-content\/uploads\/2025\/01\/ganado-frigorificos.jpg?fit=880%2C440&ssl=1&resize=350%2C200 1x, https:\/\/i0.wp.com\/lahoradelcampo.com.uy\/site\/wp-content\/uploads\/2025\/01\/ganado-frigorificos.jpg?fit=880%2C440&ssl=1&resize=525%2C300 1.5x, https:\/\/i0.wp.com\/lahoradelcampo.com.uy\/site\/wp-content\/uploads\/2025\/01\/ganado-frigorificos.jpg?fit=880%2C440&ssl=1&resize=700%2C400 2x"},"classes":[]},{"id":38975,"url":"https:\/\/lahoradelcampo.com.uy\/site\/camiones-detenidos-fueron-retornados-al-predio-de-origen\/","url_meta":{"origin":38633,"position":4},"title":"Camiones detenidos, fueron retornados al predio de origen","author":"La Hora del Campo","date":"8 febrero, 2022","format":false,"excerpt":"El pasado viernes informamos en La Hora del Campo, el operativo realizado por la Direcci\u00f3n de Seguridad Rural del Ministerio del Interior en Salto, donde se detuvieron tres camiones con irregularidades en su documentaci\u00f3n y animales con garrapata. De acuerdo a la informaci\u00f3n brindada en aquel momento los ganados se\u2026","rel":"","context":"En \u00abActualidad\u00bb","block_context":{"text":"Actualidad","link":"https:\/\/lahoradelcampo.com.uy\/site\/category\/actualidad\/"},"img":{"alt_text":"","src":"https:\/\/i0.wp.com\/lahoradelcampo.com.uy\/site\/wp-content\/uploads\/2022\/02\/POLICIA-Camioneros.jpg?fit=880%2C440&ssl=1&resize=350%2C200","width":350,"height":200,"srcset":"https:\/\/i0.wp.com\/lahoradelcampo.com.uy\/site\/wp-content\/uploads\/2022\/02\/POLICIA-Camioneros.jpg?fit=880%2C440&ssl=1&resize=350%2C200 1x, https:\/\/i0.wp.com\/lahoradelcampo.com.uy\/site\/wp-content\/uploads\/2022\/02\/POLICIA-Camioneros.jpg?fit=880%2C440&ssl=1&resize=525%2C300 1.5x, https:\/\/i0.wp.com\/lahoradelcampo.com.uy\/site\/wp-content\/uploads\/2022\/02\/POLICIA-Camioneros.jpg?fit=880%2C440&ssl=1&resize=700%2C400 2x"},"classes":[]},{"id":31018,"url":"https:\/\/lahoradelcampo.com.uy\/site\/del-campo-el-bienestar-hay-que-garantizarlo-con-ciencia\/","url_meta":{"origin":38633,"position":5},"title":"Del Campo: \u00abEl bienestar hay que garantizarlo con ciencia\u00bb","author":"La Hora del Campo","date":"7 junio, 2021","format":false,"excerpt":"El bienestar animal es un tema de suma importancia para la producci\u00f3n, porque animales trabajados en buenas condiciones, son m\u00e1s productivos, pero tambi\u00e9n lo es a la hora de comercializar los productos del sector, ya sea carne o lana, en el caso del ovino. En este sentido se ha visto\u2026","rel":"","context":"En \u00abActualidad\u00bb","block_context":{"text":"Actualidad","link":"https:\/\/lahoradelcampo.com.uy\/site\/category\/actualidad\/"},"img":{"alt_text":"","src":"https:\/\/i0.wp.com\/lahoradelcampo.com.uy\/site\/wp-content\/uploads\/2021\/06\/marciadelcampo.jpg?fit=880%2C440&ssl=1&resize=350%2C200","width":350,"height":200,"srcset":"https:\/\/i0.wp.com\/lahoradelcampo.com.uy\/site\/wp-content\/uploads\/2021\/06\/marciadelcampo.jpg?fit=880%2C440&ssl=1&resize=350%2C200 1x, https:\/\/i0.wp.com\/lahoradelcampo.com.uy\/site\/wp-content\/uploads\/2021\/06\/marciadelcampo.jpg?fit=880%2C440&ssl=1&resize=525%2C300 1.5x, https:\/\/i0.wp.com\/lahoradelcampo.com.uy\/site\/wp-content\/uploads\/2021\/06\/marciadelcampo.jpg?fit=880%2C440&ssl=1&resize=700%2C400 2x"},"classes":[]}],"jetpack_likes_enabled":true,"_links":{"self":[{"href":"https:\/\/lahoradelcampo.com.uy\/site\/wp-json\/wp\/v2\/posts\/38633","targetHints":{"allow":["GET"]}}],"collection":[{"href":"https:\/\/lahoradelcampo.com.uy\/site\/wp-json\/wp\/v2\/posts"}],"about":[{"href":"https:\/\/lahoradelcampo.com.uy\/site\/wp-json\/wp\/v2\/types\/post"}],"author":[{"embeddable":true,"href":"https:\/\/lahoradelcampo.com.uy\/site\/wp-json\/wp\/v2\/users\/5"}],"replies":[{"embeddable":true,"href":"https:\/\/lahoradelcampo.com.uy\/site\/wp-json\/wp\/v2\/comments?post=38633"}],"version-history":[{"count":1,"href":"https:\/\/lahoradelcampo.com.uy\/site\/wp-json\/wp\/v2\/posts\/38633\/revisions"}],"predecessor-version":[{"id":38635,"href":"https:\/\/lahoradelcampo.com.uy\/site\/wp-json\/wp\/v2\/posts\/38633\/revisions\/38635"}],"wp:featuredmedia":[{"embeddable":true,"href":"https:\/\/lahoradelcampo.com.uy\/site\/wp-json\/wp\/v2\/media\/28246"}],"wp:attachment":[{"href":"https:\/\/lahoradelcampo.com.uy\/site\/wp-json\/wp\/v2\/media?parent=38633"}],"wp:term":[{"taxonomy":"category","embeddable":true,"href":"https:\/\/lahoradelcampo.com.uy\/site\/wp-json\/wp\/v2\/categories?post=38633"},{"taxonomy":"post_tag","embeddable":true,"href":"https:\/\/lahoradelcampo.com.uy\/site\/wp-json\/wp\/v2\/tags?post=38633"}],"curies":[{"name":"wp","href":"https:\/\/api.w.org\/{rel}","templated":true}]}}