{"id":38629,"date":"2022-01-27T06:30:59","date_gmt":"2022-01-27T09:30:59","guid":{"rendered":"http:\/\/lahoradelcampo.com.uy\/site\/?p=38629"},"modified":"2022-01-26T22:10:23","modified_gmt":"2022-01-27T01:10:23","slug":"en-la-ultima-semana-se-comercializaron-lanas-de-19-a-32-micras","status":"publish","type":"post","link":"https:\/\/lahoradelcampo.com.uy\/site\/en-la-ultima-semana-se-comercializaron-lanas-de-19-a-32-micras\/","title":{"rendered":"En la \u00faltima semana se comercializaron lanas de 19 a 32 micras"},"content":{"rendered":"\n<figure class=\"wp-block-image\"><img data-recalc-dims=\"1\" loading=\"lazy\" decoding=\"async\" width=\"810\" height=\"405\" data-attachment-id=\"10833\" data-permalink=\"https:\/\/lahoradelcampo.com.uy\/site\/australia-continuo-ajustando-fuertemente-a-la-baja\/lanas-interno\/\" data-orig-file=\"https:\/\/i0.wp.com\/lahoradelcampo.com.uy\/site\/wp-content\/uploads\/2019\/05\/lanas-interno.jpg?fit=880%2C440&amp;ssl=1\" data-orig-size=\"880,440\" data-comments-opened=\"1\" data-image-meta=\"{&quot;aperture&quot;:&quot;0&quot;,&quot;credit&quot;:&quot;&quot;,&quot;camera&quot;:&quot;&quot;,&quot;caption&quot;:&quot;&quot;,&quot;created_timestamp&quot;:&quot;0&quot;,&quot;copyright&quot;:&quot;&quot;,&quot;focal_length&quot;:&quot;0&quot;,&quot;iso&quot;:&quot;0&quot;,&quot;shutter_speed&quot;:&quot;0&quot;,&quot;title&quot;:&quot;&quot;,&quot;orientation&quot;:&quot;1&quot;}\" data-image-title=\"lanas interno\" data-image-description=\"\" data-image-caption=\"\" data-large-file=\"https:\/\/i0.wp.com\/lahoradelcampo.com.uy\/site\/wp-content\/uploads\/2019\/05\/lanas-interno.jpg?fit=810%2C405&amp;ssl=1\" src=\"https:\/\/i0.wp.com\/lahoradelcampo.com.uy\/site\/wp-content\/uploads\/2019\/05\/lanas-interno.jpg?resize=810%2C405\" alt=\"\" class=\"wp-image-10833\" srcset=\"https:\/\/i0.wp.com\/lahoradelcampo.com.uy\/site\/wp-content\/uploads\/2019\/05\/lanas-interno.jpg?w=880&amp;ssl=1 880w, https:\/\/i0.wp.com\/lahoradelcampo.com.uy\/site\/wp-content\/uploads\/2019\/05\/lanas-interno.jpg?resize=300%2C150&amp;ssl=1 300w, https:\/\/i0.wp.com\/lahoradelcampo.com.uy\/site\/wp-content\/uploads\/2019\/05\/lanas-interno.jpg?resize=768%2C384&amp;ssl=1 768w, https:\/\/i0.wp.com\/lahoradelcampo.com.uy\/site\/wp-content\/uploads\/2019\/05\/lanas-interno.jpg?resize=820%2C410&amp;ssl=1 820w\" sizes=\"auto, (max-width: 810px) 100vw, 810px\" \/><\/figure>\n\n\n\n<p>El escritorio Correa &amp; San Rom\u00e1n, comercializ\u00f3 varios lotes de lana en la pasada y presente semana en un arranque de 2022 con mejores valores que sobre el cierre del a\u00f1o pasado, seg\u00fan explic\u00f3 Carlos Mart\u00edn Correa, integrante de la firma. <br><\/p>\n\n\n\n<p>En principio se colocaron \u00ablanas muy fuertes, entre 30 y 32 micras que no lograban venderse\u00bb dijo el consignatario, que si bien reconoci\u00f3 que \u00abel precio no es tentador\u00bb remarc\u00f3 que \u00abUS$ 1,20 por lo menos es un precio a poner encima de esas lanas que antes no lo ten\u00edan\u00bb. En el caso de \u00ablas lanas cruza corriedale, son lanas que tienen un cruzamiento con merino claro, hablamos de 24,5 micras a US$ 4,50\u00bb y luego en las lanas merino, un lote de \u00ab19,9 micras, con certificaci\u00f3n RWS, se coloc\u00f3 a US$ 7,50\u00bb. <br><\/p>\n\n\n\n<p>El consignatario dijo que \u00abson precios que no se lograban desde octubre o noviembre, adem\u00e1s hay una din\u00e1mica y una fluidez que no hubo al finalizar el a\u00f1o\u00bb. Para Correa \u00abahora tenemos las posibilidades, algunos la quieren tomar y otros no. Los que no la quieren tomar hacen subir el mercado y los dem\u00e1s aprovechan esta opci\u00f3n, que me imagino es un 10% por encima de lo que termino el a\u00f1o pasado\u00bb. <br><\/p>\n\n\n\n<p>El consignatario lanero dijo que \u00abcada vez es m\u00e1s v\u00e1lido acondicionar y certificar. Son especificaciones claras y diferentes, pero sin duda la certificaci\u00f3n tambi\u00e9n pesa sobre las lanas prolijamente cosechadas, es una ponderaci\u00f3n en el valor que se da al comercializar\u00bb, en el caso de no encontrarse esa ponderaci\u00f3n en el precio, Correa explic\u00f3 que con la certificaci\u00f3n se logra una \u00abm\u00e1s r\u00e1pida comercializaci\u00f3n\u00bb del lote. <br><\/p>\n\n\n\n<p>En este sentido indic\u00f3 que \u00ablas lanas Corriedale con cierta finura y las cruzas merino\u00bb son lotes que \u00absin duda amerita la certificaci\u00f3n porque ponderan el valor\u00bb.  <\/p>\n\n\n\n<p>Salto, 27 de enero de 2022<\/p>\n","protected":false},"excerpt":{"rendered":"<p>El escritorio Correa &amp; San Rom\u00e1n, comercializ\u00f3 varios lotes de lana en la pasada y presente semana en un arranque de 2022 con mejores valores que sobre el cierre del [&hellip;]<\/p>\n","protected":false},"author":5,"featured_media":10833,"comment_status":"open","ping_status":"open","sticky":false,"template":"","format":"standard","meta":{"_price":"","_stock":"","_tribe_ticket_header":"","_tribe_default_ticket_provider":"","_tribe_ticket_capacity":"0","_ticket_start_date":"","_ticket_end_date":"","_tribe_ticket_show_description":"","_tribe_ticket_show_not_going":false,"_tribe_ticket_use_global_stock":"","_tribe_ticket_global_stock_level":"","_global_stock_mode":"","_global_stock_cap":"","_tribe_rsvp_for_event":"","_tribe_ticket_going_count":"","_tribe_ticket_not_going_count":"","_tribe_tickets_list":"[]","_tribe_ticket_has_attendee_info_fields":false,"h5ap_radio_sources":[],"_jetpack_newsletter_access":"","_jetpack_dont_email_post_to_subs":false,"_jetpack_newsletter_tier_id":0,"_jetpack_memberships_contains_paywalled_content":false,"_jetpack_memberships_contains_paid_content":false,"footnotes":""},"categories":[21,13],"tags":[],"class_list":["post-38629","post","type-post","status-publish","format-standard","has-post-thumbnail","hentry","category-actualidad","category-ovinos"],"jetpack_featured_media_url":"https:\/\/i0.wp.com\/lahoradelcampo.com.uy\/site\/wp-content\/uploads\/2019\/05\/lanas-interno.jpg?fit=880%2C440&ssl=1","jetpack_sharing_enabled":true,"jetpack_shortlink":"https:\/\/wp.me\/p99IaT-a33","jetpack-related-posts":[{"id":15534,"url":"https:\/\/lahoradelcampo.com.uy\/site\/se-concreto-negocio-de-merino-a-us-9-00-el-fin-de-semana\/","url_meta":{"origin":38629,"position":0},"title":"Se concret\u00f3 negocio de merino  a US$ 9.00 el fin de semana","author":"La Hora del Campo","date":"1 noviembre, 2019","format":false,"excerpt":"Sobre el fin de semana pasado, el mercado de lanas se movi\u00f3 concretando una serie de negocios en el norte del pa\u00eds. Los negocios se concretaron tanto en merino como en corriedale, donde la demanda del merino se ubic\u00f3 en el eje de las 18,5 micras, mientras que en el\u2026","rel":"","context":"En \u00abActualidad\u00bb","block_context":{"text":"Actualidad","link":"https:\/\/lahoradelcampo.com.uy\/site\/category\/actualidad\/"},"img":{"alt_text":"","src":"https:\/\/i0.wp.com\/lahoradelcampo.com.uy\/site\/wp-content\/uploads\/2017\/12\/lana2.jpg?fit=880%2C440&ssl=1&resize=350%2C200","width":350,"height":200,"srcset":"https:\/\/i0.wp.com\/lahoradelcampo.com.uy\/site\/wp-content\/uploads\/2017\/12\/lana2.jpg?fit=880%2C440&ssl=1&resize=350%2C200 1x, https:\/\/i0.wp.com\/lahoradelcampo.com.uy\/site\/wp-content\/uploads\/2017\/12\/lana2.jpg?fit=880%2C440&ssl=1&resize=525%2C300 1.5x, https:\/\/i0.wp.com\/lahoradelcampo.com.uy\/site\/wp-content\/uploads\/2017\/12\/lana2.jpg?fit=880%2C440&ssl=1&resize=700%2C400 2x"},"classes":[]},{"id":56990,"url":"https:\/\/lahoradelcampo.com.uy\/site\/mas-negocios-de-lanas-esta-semana-con-lotes-muy-finos-cerca-de-us-10\/","url_meta":{"origin":38629,"position":1},"title":"M\u00e1s negocios de lanas esta semana, con lotes muy finos cerca de US$ 10","author":"La Hora del Campo","date":"3 octubre, 2025","format":false,"excerpt":"El mercado lanero interno tuvo una semana de menos a m\u00e1s, en una semana muy activa, con negocios que arrancaron el lunes por esta zona norte del pa\u00eds, donde el posicionamiento de la oferta es diferente. Por un lado, quienes esperan los resultados de los coreos para vender, quienes a\u00fan\u2026","rel":"","context":"En \u00abActualidad\u00bb","block_context":{"text":"Actualidad","link":"https:\/\/lahoradelcampo.com.uy\/site\/category\/actualidad\/"},"img":{"alt_text":"","src":"https:\/\/i0.wp.com\/lahoradelcampo.com.uy\/site\/wp-content\/uploads\/2023\/02\/Lana-uruguaya.jpg?fit=880%2C440&ssl=1&resize=350%2C200","width":350,"height":200,"srcset":"https:\/\/i0.wp.com\/lahoradelcampo.com.uy\/site\/wp-content\/uploads\/2023\/02\/Lana-uruguaya.jpg?fit=880%2C440&ssl=1&resize=350%2C200 1x, https:\/\/i0.wp.com\/lahoradelcampo.com.uy\/site\/wp-content\/uploads\/2023\/02\/Lana-uruguaya.jpg?fit=880%2C440&ssl=1&resize=525%2C300 1.5x, https:\/\/i0.wp.com\/lahoradelcampo.com.uy\/site\/wp-content\/uploads\/2023\/02\/Lana-uruguaya.jpg?fit=880%2C440&ssl=1&resize=700%2C400 2x"},"classes":[]},{"id":47415,"url":"https:\/\/lahoradelcampo.com.uy\/site\/pocas-operaciones-a-nivel-interno-tras-la-baja-en-el-exterior\/","url_meta":{"origin":38629,"position":2},"title":"Pocas operaciones  a nivel interno tras la baja en el exterior","author":"La Hora del Campo","date":"2 diciembre, 2022","format":false,"excerpt":"El mercado lanero uruguayo ha tenido un enlentecimiento en las operaciones en la \u00faltima semana. Seg\u00fan representantes de la industria la demanda desde el exterior se ha retra\u00eddo y en consecuencia se han distanciado las puntas, entre lo que se propone y lo que se aspira por parte del productor.\u2026","rel":"","context":"En \u00abActualidad\u00bb","block_context":{"text":"Actualidad","link":"https:\/\/lahoradelcampo.com.uy\/site\/category\/actualidad\/"},"img":{"alt_text":"","src":"https:\/\/i0.wp.com\/lahoradelcampo.com.uy\/site\/wp-content\/uploads\/2021\/06\/lanavellones.jpg?fit=880%2C440&ssl=1&resize=350%2C200","width":350,"height":200,"srcset":"https:\/\/i0.wp.com\/lahoradelcampo.com.uy\/site\/wp-content\/uploads\/2021\/06\/lanavellones.jpg?fit=880%2C440&ssl=1&resize=350%2C200 1x, https:\/\/i0.wp.com\/lahoradelcampo.com.uy\/site\/wp-content\/uploads\/2021\/06\/lanavellones.jpg?fit=880%2C440&ssl=1&resize=525%2C300 1.5x, https:\/\/i0.wp.com\/lahoradelcampo.com.uy\/site\/wp-content\/uploads\/2021\/06\/lanavellones.jpg?fit=880%2C440&ssl=1&resize=700%2C400 2x"},"classes":[]},{"id":35749,"url":"https:\/\/lahoradelcampo.com.uy\/site\/se-cerro-negocio-a-us-12-por-lanas-de-171-micras\/","url_meta":{"origin":38629,"position":3},"title":"Se cerr\u00f3 negocio a US$ 12  por lanas de 17,1 micras","author":"La Hora del Campo","date":"21 octubre, 2021","format":false,"excerpt":"El mercado lanero uruguayo volvi\u00f3 a concretar varios negocios en los \u00faltimos d\u00edas, con una gran dispersi\u00f3n de valores, entre las 21 y las 17 micras, que es donde el mercado encuentra mayor fluidez y demanda. En el caso de las lanas medias, no existe mucho inter\u00e9s desde las industrias\u2026","rel":"","context":"En \u00abActualidad\u00bb","block_context":{"text":"Actualidad","link":"https:\/\/lahoradelcampo.com.uy\/site\/category\/actualidad\/"},"img":{"alt_text":"","src":"https:\/\/i0.wp.com\/lahoradelcampo.com.uy\/site\/wp-content\/uploads\/2021\/06\/LanasItalianStyle.jpg?fit=880%2C440&ssl=1&resize=350%2C200","width":350,"height":200,"srcset":"https:\/\/i0.wp.com\/lahoradelcampo.com.uy\/site\/wp-content\/uploads\/2021\/06\/LanasItalianStyle.jpg?fit=880%2C440&ssl=1&resize=350%2C200 1x, https:\/\/i0.wp.com\/lahoradelcampo.com.uy\/site\/wp-content\/uploads\/2021\/06\/LanasItalianStyle.jpg?fit=880%2C440&ssl=1&resize=525%2C300 1.5x, https:\/\/i0.wp.com\/lahoradelcampo.com.uy\/site\/wp-content\/uploads\/2021\/06\/LanasItalianStyle.jpg?fit=880%2C440&ssl=1&resize=700%2C400 2x"},"classes":[]},{"id":113,"url":"https:\/\/lahoradelcampo.com.uy\/site\/se-freno-la-corrida-de-negocios-en-el-pais\/","url_meta":{"origin":38629,"position":4},"title":"Se fren\u00f3 la corrida de negocios en el pa\u00eds","author":"La Hora del Campo ADMIN","date":"30 agosto, 2017","format":false,"excerpt":"El mercado internacional, a nivel local, la suba posterior al receso en Australia, gener\u00f3 que el mercado se tonificar\u00e1 y hasta el fin de semana anterior se concretaran negocios que llegaron a U$S 11,60 en el caso de un lote merino de 17,6 micras. Por lo que a igual reacci\u00f3n\u2026","rel":"","context":"En \u00abGanader\u00eda\u00bb","block_context":{"text":"Ganader\u00eda","link":"https:\/\/lahoradelcampo.com.uy\/site\/category\/ganaderia\/"},"img":{"alt_text":"","src":"https:\/\/i0.wp.com\/lahoradelcampo.com.uy\/site\/wp-content\/uploads\/2017\/08\/lanas.jpg?fit=784%2C450&ssl=1&resize=350%2C200","width":350,"height":200,"srcset":"https:\/\/i0.wp.com\/lahoradelcampo.com.uy\/site\/wp-content\/uploads\/2017\/08\/lanas.jpg?fit=784%2C450&ssl=1&resize=350%2C200 1x, https:\/\/i0.wp.com\/lahoradelcampo.com.uy\/site\/wp-content\/uploads\/2017\/08\/lanas.jpg?fit=784%2C450&ssl=1&resize=525%2C300 1.5x, https:\/\/i0.wp.com\/lahoradelcampo.com.uy\/site\/wp-content\/uploads\/2017\/08\/lanas.jpg?fit=784%2C450&ssl=1&resize=700%2C400 2x"},"classes":[]},{"id":54360,"url":"https:\/\/lahoradelcampo.com.uy\/site\/correa-san-roman-coloco-mas-de-25-000-kilos-de-lana-en-la-semana\/","url_meta":{"origin":38629,"position":5},"title":"Correa &amp; San Rom\u00e1n coloc\u00f3 m\u00e1s de 25.000 kilos de lana en la semana","author":"La Hora del Campo","date":"31 agosto, 2024","format":false,"excerpt":"En la \u00faltima semana, la firma Correa & San Rom\u00e1n, coloc\u00f3 varios lotes de lana, que superan los 25.000 kilos, en varios casos lanas de m\u00e1s de una zafra. Volumen que incluye una oferta entre las 27,1 y 18,9 micras, con sus valores respectivos. De acuerdo a la informaci\u00f3n brindada\u2026","rel":"","context":"En \u00abActualidad\u00bb","block_context":{"text":"Actualidad","link":"https:\/\/lahoradelcampo.com.uy\/site\/category\/actualidad\/"},"img":{"alt_text":"","src":"https:\/\/i0.wp.com\/lahoradelcampo.com.uy\/site\/wp-content\/uploads\/2024\/08\/Carlos-Martin-Correa.jpg?fit=880%2C440&ssl=1&resize=350%2C200","width":350,"height":200,"srcset":"https:\/\/i0.wp.com\/lahoradelcampo.com.uy\/site\/wp-content\/uploads\/2024\/08\/Carlos-Martin-Correa.jpg?fit=880%2C440&ssl=1&resize=350%2C200 1x, https:\/\/i0.wp.com\/lahoradelcampo.com.uy\/site\/wp-content\/uploads\/2024\/08\/Carlos-Martin-Correa.jpg?fit=880%2C440&ssl=1&resize=525%2C300 1.5x, https:\/\/i0.wp.com\/lahoradelcampo.com.uy\/site\/wp-content\/uploads\/2024\/08\/Carlos-Martin-Correa.jpg?fit=880%2C440&ssl=1&resize=700%2C400 2x"},"classes":[]}],"jetpack_likes_enabled":true,"_links":{"self":[{"href":"https:\/\/lahoradelcampo.com.uy\/site\/wp-json\/wp\/v2\/posts\/38629","targetHints":{"allow":["GET"]}}],"collection":[{"href":"https:\/\/lahoradelcampo.com.uy\/site\/wp-json\/wp\/v2\/posts"}],"about":[{"href":"https:\/\/lahoradelcampo.com.uy\/site\/wp-json\/wp\/v2\/types\/post"}],"author":[{"embeddable":true,"href":"https:\/\/lahoradelcampo.com.uy\/site\/wp-json\/wp\/v2\/users\/5"}],"replies":[{"embeddable":true,"href":"https:\/\/lahoradelcampo.com.uy\/site\/wp-json\/wp\/v2\/comments?post=38629"}],"version-history":[{"count":1,"href":"https:\/\/lahoradelcampo.com.uy\/site\/wp-json\/wp\/v2\/posts\/38629\/revisions"}],"predecessor-version":[{"id":38631,"href":"https:\/\/lahoradelcampo.com.uy\/site\/wp-json\/wp\/v2\/posts\/38629\/revisions\/38631"}],"wp:featuredmedia":[{"embeddable":true,"href":"https:\/\/lahoradelcampo.com.uy\/site\/wp-json\/wp\/v2\/media\/10833"}],"wp:attachment":[{"href":"https:\/\/lahoradelcampo.com.uy\/site\/wp-json\/wp\/v2\/media?parent=38629"}],"wp:term":[{"taxonomy":"category","embeddable":true,"href":"https:\/\/lahoradelcampo.com.uy\/site\/wp-json\/wp\/v2\/categories?post=38629"},{"taxonomy":"post_tag","embeddable":true,"href":"https:\/\/lahoradelcampo.com.uy\/site\/wp-json\/wp\/v2\/tags?post=38629"}],"curies":[{"name":"wp","href":"https:\/\/api.w.org\/{rel}","templated":true}]}}