{"id":38625,"date":"2022-01-27T06:20:44","date_gmt":"2022-01-27T09:20:44","guid":{"rendered":"http:\/\/lahoradelcampo.com.uy\/site\/?p=38625"},"modified":"2022-01-26T22:06:06","modified_gmt":"2022-01-27T01:06:06","slug":"el-novillo-gordo-en-la-industria-esta-us-114-sobre-el-comienzo-de-2021","status":"publish","type":"post","link":"https:\/\/lahoradelcampo.com.uy\/site\/el-novillo-gordo-en-la-industria-esta-us-114-sobre-el-comienzo-de-2021\/","title":{"rendered":"El novillo gordo en la industria est\u00e1  US$ 1,14 sobre el comienzo de 2021"},"content":{"rendered":"\n<figure class=\"wp-block-image\"><img data-recalc-dims=\"1\" loading=\"lazy\" decoding=\"async\" width=\"810\" height=\"405\" data-attachment-id=\"35067\" data-permalink=\"https:\/\/lahoradelcampo.com.uy\/site\/el-novillo-gordo-especial-supera-los-us-460-en-cuarta-balanza\/novillo-gordo\/\" data-orig-file=\"https:\/\/i0.wp.com\/lahoradelcampo.com.uy\/site\/wp-content\/uploads\/2021\/10\/novillo-gordo.jpg?fit=880%2C440&amp;ssl=1\" data-orig-size=\"880,440\" data-comments-opened=\"1\" data-image-meta=\"{&quot;aperture&quot;:&quot;0&quot;,&quot;credit&quot;:&quot;&quot;,&quot;camera&quot;:&quot;&quot;,&quot;caption&quot;:&quot;&quot;,&quot;created_timestamp&quot;:&quot;0&quot;,&quot;copyright&quot;:&quot;&quot;,&quot;focal_length&quot;:&quot;0&quot;,&quot;iso&quot;:&quot;0&quot;,&quot;shutter_speed&quot;:&quot;0&quot;,&quot;title&quot;:&quot;&quot;,&quot;orientation&quot;:&quot;1&quot;}\" data-image-title=\"novillo-gordo\" data-image-description=\"\" data-image-caption=\"\" data-large-file=\"https:\/\/i0.wp.com\/lahoradelcampo.com.uy\/site\/wp-content\/uploads\/2021\/10\/novillo-gordo.jpg?fit=810%2C405&amp;ssl=1\" src=\"https:\/\/i0.wp.com\/lahoradelcampo.com.uy\/site\/wp-content\/uploads\/2021\/10\/novillo-gordo.jpg?resize=810%2C405\" alt=\"\" class=\"wp-image-35067\" srcset=\"https:\/\/i0.wp.com\/lahoradelcampo.com.uy\/site\/wp-content\/uploads\/2021\/10\/novillo-gordo.jpg?w=880&amp;ssl=1 880w, https:\/\/i0.wp.com\/lahoradelcampo.com.uy\/site\/wp-content\/uploads\/2021\/10\/novillo-gordo.jpg?resize=300%2C150&amp;ssl=1 300w, https:\/\/i0.wp.com\/lahoradelcampo.com.uy\/site\/wp-content\/uploads\/2021\/10\/novillo-gordo.jpg?resize=768%2C384&amp;ssl=1 768w, https:\/\/i0.wp.com\/lahoradelcampo.com.uy\/site\/wp-content\/uploads\/2021\/10\/novillo-gordo.jpg?resize=820%2C410&amp;ssl=1 820w\" sizes=\"auto, (max-width: 810px) 100vw, 810px\" \/><\/figure>\n\n\n\n<p>En el inicio de 2021 durante la tercera semana de enero, los precios del novillo gordo, en cuarta balanza, que marcaba la Asociaci\u00f3n de Consignatarios de Ganados del Uruguay (ACG) en su planilla semanal, se ubicaban en US$ 3,26, en tanto que esta semana est\u00e1n ubicados en US$ 4,40 el kilogramo, \u00abpor lo que en un a\u00f1o los novillos valen U$S 1,14 m\u00e1s a la carne, y muchos se olvidaron, y no hay que olvidarse, hay que recordarlo\u00bb, manifest\u00f3 el Ing. Agr. Fernando Indarte, de la firma Indarte &amp; C\u00eda. a El Tel\u00e9grafo. <br><\/p>\n\n\n\n<p>El consignatario sostuvo que si el productor realiza las cuentas del ganado gordo a \u00abU$S 4,30 de promedio, por m\u00e1s que el d\u00f3lar qued\u00f3 fijo y por m\u00e1s que los insumos subieron mucho, te sigue cerrando la ecuaci\u00f3n sin ning\u00fan problema\u00bb. En este sentido explic\u00f3 que en el caso de la soja \u00ablos insumos subieron mucho m\u00e1s que la ganader\u00eda\u00bb, un aumento que consider\u00f3 \u00abimpresionante, pero valiendo alrededor de U$S 500 te compensa mucho una baja en los rendimientos\u00bb. <br><\/p>\n\n\n\n<p>Para Indarte, los mercados de exportaci\u00f3n \u00absiguen muy firmes y las se\u00f1ales de la industria son de tres meses para adelante, cuando te pon\u00e9s a hablar de corrales, porque hay mucha demanda\u00bb. Consider\u00f3 que la Cuota 481 \u00abviene decreciendo fuertemente, porque la cuota se achica, se complejiza para llegar en tiempo y forma, y hoy lo est\u00e1n sustituyendo otros negocios. Y no vale la pena complicar tanto al productor y la industria, en un negocio que antes ten\u00eda un diferencial importante\u00bb.<br><\/p>\n\n\n\n<p>Sostuvo que \u00abhoy aparece como un negocio interesante China, que te pide animales con 200 d\u00edas en el corral, y Jap\u00f3n tambi\u00e9n que pide algo similar\u00bb. Agreg\u00f3 que los japoneses \u00abcomen esa carne con mucha grasa como fiambres, la comen cruda\u00bb. No entiende como todav\u00eda \u00abno se ha abierto la puerta\u00bb de los que considera \u00abtigres asi\u00e1ticos\u00bb, gente \u00abcon mucho poder adquisitivo en pa\u00edses como Singapur, Vietnam, etc\u00e9tera\u00bb.<br><\/p>\n\n\n\n<p>Seg\u00fan la \u00faltima reuni\u00f3n de precios de la Asociaci\u00f3n de Consignatarios de Ganado (ACG) realizada este lunes, las distintas referencias del novillo gordo con destino a faena siguieron subiendo. En promedio, el novillo gordo cotiza a U$S 4,40, la vaca gorda cotiza a U$S 4,10 y la vaquillona se mantuvo en U$S 4,19. En ovinos, el mercado est\u00e1 con menor oferta y entradas m\u00e1s \u00e1giles, con el cordero pesado que promedia U$S 4,03, borregos U$S 3,95, el cap\u00f3n U$S 3,80 y la oveja U$S 3,57.<\/p>\n\n\n\n<p>Salto, 27 de enero de 2022<\/p>\n","protected":false},"excerpt":{"rendered":"<p>En el inicio de 2021 durante la tercera semana de enero, los precios del novillo gordo, en cuarta balanza, que marcaba la Asociaci\u00f3n de Consignatarios de Ganados del Uruguay (ACG) [&hellip;]<\/p>\n","protected":false},"author":5,"featured_media":35067,"comment_status":"open","ping_status":"open","sticky":false,"template":"","format":"standard","meta":{"_price":"","_stock":"","_tribe_ticket_header":"","_tribe_default_ticket_provider":"","_tribe_ticket_capacity":"0","_ticket_start_date":"","_ticket_end_date":"","_tribe_ticket_show_description":"","_tribe_ticket_show_not_going":false,"_tribe_ticket_use_global_stock":"","_tribe_ticket_global_stock_level":"","_global_stock_mode":"","_global_stock_cap":"","_tribe_rsvp_for_event":"","_tribe_ticket_going_count":"","_tribe_ticket_not_going_count":"","_tribe_tickets_list":"[]","_tribe_ticket_has_attendee_info_fields":false,"h5ap_radio_sources":[],"_jetpack_newsletter_access":"","_jetpack_dont_email_post_to_subs":false,"_jetpack_newsletter_tier_id":0,"_jetpack_memberships_contains_paywalled_content":false,"_jetpack_memberships_contains_paid_content":false,"footnotes":""},"categories":[21,5],"tags":[],"class_list":["post-38625","post","type-post","status-publish","format-standard","has-post-thumbnail","hentry","category-actualidad","category-ganaderia"],"jetpack_featured_media_url":"https:\/\/i0.wp.com\/lahoradelcampo.com.uy\/site\/wp-content\/uploads\/2021\/10\/novillo-gordo.jpg?fit=880%2C440&ssl=1","jetpack_sharing_enabled":true,"jetpack_shortlink":"https:\/\/wp.me\/p99IaT-a2Z","jetpack-related-posts":[{"id":7163,"url":"https:\/\/lahoradelcampo.com.uy\/site\/volumen-y-flete-hacen-la-diferencia-en-los-valores-del-novillo-gordo\/","url_meta":{"origin":38625,"position":0},"title":"Volumen y flete hacen la diferencia en los valores del novillo gordo","author":"La Hora del Campo","date":"15 mayo, 2018","format":false,"excerpt":"En la pasada semana la faena vacuna volvi\u00f3 a recuperarse y se posicion\u00f3 nuevamente por encima de las 42.000 reses seg\u00fan los datos del Instituto Nacional de Carnes. En la semana del 6 al 12 de mayo se procesaron en la industria 42.901 vacunos, correspondiendo el 49% a novillos, el\u2026","rel":"","context":"En \u00abActualidad\u00bb","block_context":{"text":"Actualidad","link":"https:\/\/lahoradelcampo.com.uy\/site\/category\/actualidad\/"},"img":{"alt_text":"","src":"https:\/\/i0.wp.com\/lahoradelcampo.com.uy\/site\/wp-content\/uploads\/2018\/05\/Indarte.jpg?fit=880%2C440&ssl=1&resize=350%2C200","width":350,"height":200,"srcset":"https:\/\/i0.wp.com\/lahoradelcampo.com.uy\/site\/wp-content\/uploads\/2018\/05\/Indarte.jpg?fit=880%2C440&ssl=1&resize=350%2C200 1x, https:\/\/i0.wp.com\/lahoradelcampo.com.uy\/site\/wp-content\/uploads\/2018\/05\/Indarte.jpg?fit=880%2C440&ssl=1&resize=525%2C300 1.5x, https:\/\/i0.wp.com\/lahoradelcampo.com.uy\/site\/wp-content\/uploads\/2018\/05\/Indarte.jpg?fit=880%2C440&ssl=1&resize=700%2C400 2x"},"classes":[]},{"id":45269,"url":"https:\/\/lahoradelcampo.com.uy\/site\/plaza-rural-remata-11-436-vacunos-miercoles-7-y-jueves-8-de-setiembre\/","url_meta":{"origin":38625,"position":1},"title":"Plaza Rural remata 11.436 vacunos mi\u00e9rcoles 7 y jueves 8 de setiembre","author":"La Hora del Campo","date":"5 septiembre, 2022","format":false,"excerpt":"El consorcio de rematadores de Plaza Rural comenz\u00f3 en el mes de agosto a realizar dos remates por mes y as\u00ed tendr\u00e1 una agenda cargada hasta fin de a\u00f1o. En esta oportunidad, el mi\u00e9rcoles 7 y jueves 8 de setiembre se realizara la venta 253 del consorcio, con una oferta\u2026","rel":"","context":"En \u00abActualidad\u00bb","block_context":{"text":"Actualidad","link":"https:\/\/lahoradelcampo.com.uy\/site\/category\/actualidad\/"},"img":{"alt_text":"","src":"https:\/\/i0.wp.com\/lahoradelcampo.com.uy\/site\/wp-content\/uploads\/2022\/05\/PLazaRural-general.jpg?fit=880%2C440&ssl=1&resize=350%2C200","width":350,"height":200,"srcset":"https:\/\/i0.wp.com\/lahoradelcampo.com.uy\/site\/wp-content\/uploads\/2022\/05\/PLazaRural-general.jpg?fit=880%2C440&ssl=1&resize=350%2C200 1x, https:\/\/i0.wp.com\/lahoradelcampo.com.uy\/site\/wp-content\/uploads\/2022\/05\/PLazaRural-general.jpg?fit=880%2C440&ssl=1&resize=525%2C300 1.5x, https:\/\/i0.wp.com\/lahoradelcampo.com.uy\/site\/wp-content\/uploads\/2022\/05\/PLazaRural-general.jpg?fit=880%2C440&ssl=1&resize=700%2C400 2x"},"classes":[]},{"id":32766,"url":"https:\/\/lahoradelcampo.com.uy\/site\/precios-firmes-y-alza-para-el-novillo-gordo-en-la-region\/","url_meta":{"origin":38625,"position":2},"title":"Precios firmes y alza para el novillo gordo  en la regi\u00f3n","author":"La Hora del Campo","date":"5 agosto, 2021","format":false,"excerpt":"El valor del \u00edndice Faxcarne del Novillo Mercosur volvi\u00f3 a subir por cuarta semana consecutiva debido a la firmeza de los valores y el alza generalizada en los distintos pa\u00edses del bloque. Seg\u00fan la consultora Tard\u00e1guila Agromercados, elaboradora del indicador, el precio promedio del novillo gordo en la regi\u00f3n est\u00e1\u2026","rel":"","context":"En \u00abActualidad\u00bb","block_context":{"text":"Actualidad","link":"https:\/\/lahoradelcampo.com.uy\/site\/category\/actualidad\/"},"img":{"alt_text":"","src":"https:\/\/i0.wp.com\/lahoradelcampo.com.uy\/site\/wp-content\/uploads\/2020\/06\/ganado-gordo-1.jpg?fit=880%2C440&ssl=1&resize=350%2C200","width":350,"height":200,"srcset":"https:\/\/i0.wp.com\/lahoradelcampo.com.uy\/site\/wp-content\/uploads\/2020\/06\/ganado-gordo-1.jpg?fit=880%2C440&ssl=1&resize=350%2C200 1x, https:\/\/i0.wp.com\/lahoradelcampo.com.uy\/site\/wp-content\/uploads\/2020\/06\/ganado-gordo-1.jpg?fit=880%2C440&ssl=1&resize=525%2C300 1.5x, https:\/\/i0.wp.com\/lahoradelcampo.com.uy\/site\/wp-content\/uploads\/2020\/06\/ganado-gordo-1.jpg?fit=880%2C440&ssl=1&resize=700%2C400 2x"},"classes":[]},{"id":39189,"url":"https:\/\/lahoradelcampo.com.uy\/site\/el-novillo-gordo-subio-us-139-y-el-de-mas-de-360-kilos-us-071\/","url_meta":{"origin":38625,"position":3},"title":"El novillo gordo subi\u00f3 US$ 1,39 y el de m\u00e1s de 360 kilos US$ 0,71","author":"La Hora del Campo","date":"16 febrero, 2022","format":false,"excerpt":"El mercado de haciendas se encuentra con valores destacados en los \u00faltimos d\u00edas, con un novillo que se maneja en los US$ 5,00 para los especiales, bien terminados y para qui\u00e9n tiene volumen de ese producto. Por lo tanto hoy el novillo subi\u00f3 US$ 0,35 centavos en el \u00faltimo mes\u2026","rel":"","context":"En \u00abActualidad\u00bb","block_context":{"text":"Actualidad","link":"https:\/\/lahoradelcampo.com.uy\/site\/category\/actualidad\/"},"img":{"alt_text":"","src":"https:\/\/i0.wp.com\/lahoradelcampo.com.uy\/site\/wp-content\/uploads\/2019\/07\/Novillos.jpg?fit=880%2C440&ssl=1&resize=350%2C200","width":350,"height":200,"srcset":"https:\/\/i0.wp.com\/lahoradelcampo.com.uy\/site\/wp-content\/uploads\/2019\/07\/Novillos.jpg?fit=880%2C440&ssl=1&resize=350%2C200 1x, https:\/\/i0.wp.com\/lahoradelcampo.com.uy\/site\/wp-content\/uploads\/2019\/07\/Novillos.jpg?fit=880%2C440&ssl=1&resize=525%2C300 1.5x, https:\/\/i0.wp.com\/lahoradelcampo.com.uy\/site\/wp-content\/uploads\/2019\/07\/Novillos.jpg?fit=880%2C440&ssl=1&resize=700%2C400 2x"},"classes":[]},{"id":56593,"url":"https:\/\/lahoradelcampo.com.uy\/site\/el-ganado-gordo-firme-y-senales-claras-para-el-criador\/","url_meta":{"origin":38625,"position":4},"title":"El ganado gordo firme y se\u00f1ales claras para el criador","author":"La Hora del Campo","date":"16 agosto, 2025","format":false,"excerpt":"El director de Indarte & C\u00eda., Ing. Agr. Fernando Indarte, afirm\u00f3 que en la actualidad \"estamos viviendo un momento \u00fanico, con precios del ganado gordo incre\u00edbles y con un ternero macho que promedia 520 d\u00f3lares en la pantalla\". Al mismo tiempo, remarc\u00f3 que se trata de un escenario que ofrece\u2026","rel":"","context":"En \u00abActualidad\u00bb","block_context":{"text":"Actualidad","link":"https:\/\/lahoradelcampo.com.uy\/site\/category\/actualidad\/"},"img":{"alt_text":"","src":"https:\/\/i0.wp.com\/lahoradelcampo.com.uy\/site\/wp-content\/uploads\/2023\/07\/Indarte-Fernandop.jpg?fit=880%2C440&ssl=1&resize=350%2C200","width":350,"height":200,"srcset":"https:\/\/i0.wp.com\/lahoradelcampo.com.uy\/site\/wp-content\/uploads\/2023\/07\/Indarte-Fernandop.jpg?fit=880%2C440&ssl=1&resize=350%2C200 1x, https:\/\/i0.wp.com\/lahoradelcampo.com.uy\/site\/wp-content\/uploads\/2023\/07\/Indarte-Fernandop.jpg?fit=880%2C440&ssl=1&resize=525%2C300 1.5x, https:\/\/i0.wp.com\/lahoradelcampo.com.uy\/site\/wp-content\/uploads\/2023\/07\/Indarte-Fernandop.jpg?fit=880%2C440&ssl=1&resize=700%2C400 2x"},"classes":[]},{"id":1253,"url":"https:\/\/lahoradelcampo.com.uy\/site\/mercado-del-gordo-mas-animado-con-novillos-a-us-300\/","url_meta":{"origin":38625,"position":5},"title":"Mercado del gordo m\u00e1s animado con novillos a U$S 3,00","author":"La Hora del Campo","date":"15 septiembre, 2017","format":false,"excerpt":"En una semana donde la atenci\u00f3n est\u00e1 centrada en la capital del pa\u00eds, por el desarrollo de la Expo Prado 2017, a nivel del mercado de haciendas se contin\u00faan concretando los negocios, con valores que alcanzan los U$S 3,00 para el novillo y con disparidad en las cargas. Carlos Mart\u00edn\u2026","rel":"","context":"En \u00abGanader\u00eda\u00bb","block_context":{"text":"Ganader\u00eda","link":"https:\/\/lahoradelcampo.com.uy\/site\/category\/ganaderia\/"},"img":{"alt_text":"","src":"https:\/\/i0.wp.com\/lahoradelcampo.com.uy\/site\/wp-content\/uploads\/2017\/09\/Carlos-martin-Correa.jpg?fit=880%2C440&ssl=1&resize=350%2C200","width":350,"height":200,"srcset":"https:\/\/i0.wp.com\/lahoradelcampo.com.uy\/site\/wp-content\/uploads\/2017\/09\/Carlos-martin-Correa.jpg?fit=880%2C440&ssl=1&resize=350%2C200 1x, https:\/\/i0.wp.com\/lahoradelcampo.com.uy\/site\/wp-content\/uploads\/2017\/09\/Carlos-martin-Correa.jpg?fit=880%2C440&ssl=1&resize=525%2C300 1.5x, https:\/\/i0.wp.com\/lahoradelcampo.com.uy\/site\/wp-content\/uploads\/2017\/09\/Carlos-martin-Correa.jpg?fit=880%2C440&ssl=1&resize=700%2C400 2x"},"classes":[]}],"jetpack_likes_enabled":true,"_links":{"self":[{"href":"https:\/\/lahoradelcampo.com.uy\/site\/wp-json\/wp\/v2\/posts\/38625","targetHints":{"allow":["GET"]}}],"collection":[{"href":"https:\/\/lahoradelcampo.com.uy\/site\/wp-json\/wp\/v2\/posts"}],"about":[{"href":"https:\/\/lahoradelcampo.com.uy\/site\/wp-json\/wp\/v2\/types\/post"}],"author":[{"embeddable":true,"href":"https:\/\/lahoradelcampo.com.uy\/site\/wp-json\/wp\/v2\/users\/5"}],"replies":[{"embeddable":true,"href":"https:\/\/lahoradelcampo.com.uy\/site\/wp-json\/wp\/v2\/comments?post=38625"}],"version-history":[{"count":1,"href":"https:\/\/lahoradelcampo.com.uy\/site\/wp-json\/wp\/v2\/posts\/38625\/revisions"}],"predecessor-version":[{"id":38627,"href":"https:\/\/lahoradelcampo.com.uy\/site\/wp-json\/wp\/v2\/posts\/38625\/revisions\/38627"}],"wp:featuredmedia":[{"embeddable":true,"href":"https:\/\/lahoradelcampo.com.uy\/site\/wp-json\/wp\/v2\/media\/35067"}],"wp:attachment":[{"href":"https:\/\/lahoradelcampo.com.uy\/site\/wp-json\/wp\/v2\/media?parent=38625"}],"wp:term":[{"taxonomy":"category","embeddable":true,"href":"https:\/\/lahoradelcampo.com.uy\/site\/wp-json\/wp\/v2\/categories?post=38625"},{"taxonomy":"post_tag","embeddable":true,"href":"https:\/\/lahoradelcampo.com.uy\/site\/wp-json\/wp\/v2\/tags?post=38625"}],"curies":[{"name":"wp","href":"https:\/\/api.w.org\/{rel}","templated":true}]}}