{"id":38617,"date":"2022-01-27T06:00:52","date_gmt":"2022-01-27T09:00:52","guid":{"rendered":"http:\/\/lahoradelcampo.com.uy\/site\/?p=38617"},"modified":"2022-01-26T22:01:31","modified_gmt":"2022-01-27T01:01:31","slug":"segunda-cata-nacional-de-tomates-en-paysandu","status":"publish","type":"post","link":"https:\/\/lahoradelcampo.com.uy\/site\/segunda-cata-nacional-de-tomates-en-paysandu\/","title":{"rendered":"Segunda Cata Nacional de Tomates en Paysand\u00fa"},"content":{"rendered":"\n<figure class=\"wp-block-image\"><img data-recalc-dims=\"1\" loading=\"lazy\" decoding=\"async\" width=\"810\" height=\"405\" data-attachment-id=\"31126\" data-permalink=\"https:\/\/lahoradelcampo.com.uy\/site\/el-tomate-perita-cayo-un-472-en-el-ultimo-mes\/tomate-perita\/\" data-orig-file=\"https:\/\/i0.wp.com\/lahoradelcampo.com.uy\/site\/wp-content\/uploads\/2021\/06\/tomate-perita.jpg?fit=880%2C440&amp;ssl=1\" data-orig-size=\"880,440\" data-comments-opened=\"1\" data-image-meta=\"{&quot;aperture&quot;:&quot;0&quot;,&quot;credit&quot;:&quot;&quot;,&quot;camera&quot;:&quot;&quot;,&quot;caption&quot;:&quot;&quot;,&quot;created_timestamp&quot;:&quot;0&quot;,&quot;copyright&quot;:&quot;&quot;,&quot;focal_length&quot;:&quot;0&quot;,&quot;iso&quot;:&quot;0&quot;,&quot;shutter_speed&quot;:&quot;0&quot;,&quot;title&quot;:&quot;&quot;,&quot;orientation&quot;:&quot;1&quot;}\" data-image-title=\"tomate perita\" data-image-description=\"\" data-image-caption=\"\" data-large-file=\"https:\/\/i0.wp.com\/lahoradelcampo.com.uy\/site\/wp-content\/uploads\/2021\/06\/tomate-perita.jpg?fit=810%2C405&amp;ssl=1\" src=\"https:\/\/i0.wp.com\/lahoradelcampo.com.uy\/site\/wp-content\/uploads\/2021\/06\/tomate-perita.jpg?resize=810%2C405\" alt=\"\" class=\"wp-image-31126\" srcset=\"https:\/\/i0.wp.com\/lahoradelcampo.com.uy\/site\/wp-content\/uploads\/2021\/06\/tomate-perita.jpg?w=880&amp;ssl=1 880w, https:\/\/i0.wp.com\/lahoradelcampo.com.uy\/site\/wp-content\/uploads\/2021\/06\/tomate-perita.jpg?resize=300%2C150&amp;ssl=1 300w, https:\/\/i0.wp.com\/lahoradelcampo.com.uy\/site\/wp-content\/uploads\/2021\/06\/tomate-perita.jpg?resize=768%2C384&amp;ssl=1 768w, https:\/\/i0.wp.com\/lahoradelcampo.com.uy\/site\/wp-content\/uploads\/2021\/06\/tomate-perita.jpg?resize=820%2C410&amp;ssl=1 820w\" sizes=\"auto, (max-width: 810px) 100vw, 810px\" \/><\/figure>\n\n\n\n<p>Durante el fin de semana, Paysand\u00fa se convertir\u00e1 en la \u00abCapital Nacional del Tomate\u00bb por segundo a\u00f1o consecutivo. Debido a que los d\u00edas viernes 28 y s\u00e1bado 29 de enero se desarrollar\u00e1 la 2\u00aa edici\u00f3n de la Cata Nacional del Tomates, evento organizado por la Intendencia y el Bureau Paysand\u00fa. <br><\/p>\n\n\n\n<p>Las actividades previstas en esta edici\u00f3n incluir\u00e1n la conformaci\u00f3n de un circuito de comercios del rubro gastron\u00f3mico que incorporar\u00e1n tomates en sus elaboraciones.<br><\/p>\n\n\n\n<p>Este circuito, denominado \u201cTomate a la Mesa\u201d, funcionar\u00e1 el viernes 28 y estar\u00e1 conformado por Confiter\u00eda Las Familias, El Bar, Caf\u00e9 del Teatro, Rodel\u00fa, Jack Beer, Bimba Bruder, Barriga Club y Par\u00eds Londres.<br><\/p>\n\n\n\n<p>En la Exposici\u00f3n Rural Feria, el s\u00e1bado (desde las 18) y con entrada gratuita, se realizar\u00e1 una Muestra Agroecol\u00f3gica, una Mesa de Cata, el torneo de ajedrez \u00a1Jaque Tomate!, la Eco Feria Autosustentable, Cocina en Vivo, charlas con referentes del Instituto Nacional de Investigaci\u00f3n Agropecuaria (INIA) y M\u00fasica en Vivo.<br><\/p>\n\n\n\n<p>\u201c\u00a1Jaque al Tomate!\u201d se desarrollar\u00e1 en un tablero gigante proporcionado por la Intendencia y est\u00e1 pensado para p\u00fablico de todas las edades. Asimismo, en el evento participar\u00e1 en una \u201csimult\u00e1nea\u201d el maestro nacional de ajedrez Mat\u00edas Michailov, que defiende al Club de Ajedrez Paysand\u00fa.<\/p>\n\n\n\n<p>Salto, 27 de enero de 2021<\/p>\n","protected":false},"excerpt":{"rendered":"<p>Durante el fin de semana, Paysand\u00fa se convertir\u00e1 en la \u00abCapital Nacional del Tomate\u00bb por segundo a\u00f1o consecutivo. Debido a que los d\u00edas viernes 28 y s\u00e1bado 29 de enero [&hellip;]<\/p>\n","protected":false},"author":5,"featured_media":31126,"comment_status":"open","ping_status":"open","sticky":false,"template":"","format":"standard","meta":{"_price":"","_stock":"","_tribe_ticket_header":"","_tribe_default_ticket_provider":"","_tribe_ticket_capacity":"0","_ticket_start_date":"","_ticket_end_date":"","_tribe_ticket_show_description":"","_tribe_ticket_show_not_going":false,"_tribe_ticket_use_global_stock":"","_tribe_ticket_global_stock_level":"","_global_stock_mode":"","_global_stock_cap":"","_tribe_rsvp_for_event":"","_tribe_ticket_going_count":"","_tribe_ticket_not_going_count":"","_tribe_tickets_list":"[]","_tribe_ticket_has_attendee_info_fields":false,"h5ap_radio_sources":[],"_jetpack_newsletter_access":"","_jetpack_dont_email_post_to_subs":false,"_jetpack_newsletter_tier_id":0,"_jetpack_memberships_contains_paywalled_content":false,"_jetpack_memberships_contains_paid_content":false,"footnotes":""},"categories":[21,9],"tags":[],"class_list":["post-38617","post","type-post","status-publish","format-standard","has-post-thumbnail","hentry","category-actualidad","category-granja"],"jetpack_featured_media_url":"https:\/\/i0.wp.com\/lahoradelcampo.com.uy\/site\/wp-content\/uploads\/2021\/06\/tomate-perita.jpg?fit=880%2C440&ssl=1","jetpack_sharing_enabled":true,"jetpack_shortlink":"https:\/\/wp.me\/p99IaT-a2R","jetpack-related-posts":[{"id":48113,"url":"https:\/\/lahoradelcampo.com.uy\/site\/paysandu-organiza-la-tercera-cata-nacional-de-tomates\/","url_meta":{"origin":38617,"position":0},"title":"Paysand\u00fa organiza la tercera Cata Nacional de Tomates","author":"La Hora del Campo","date":"17 enero, 2023","format":false,"excerpt":"La Tercera Cata Nacional de Tomates se realizar\u00e1 entre el 3 y 4 de febrero en el predio de la Asociaci\u00f3n Rural Exposici\u00f3n Feria de Paysand\u00fa, organizada por la Intendencia Departamental y el Bureau Paysand\u00fa, seg\u00fan inform\u00f3 El Tel\u00e9grafo. En la v\u00edspera se realiz\u00f3 su lanzamiento en Punta del Este,\u2026","rel":"","context":"En \u00abActualidad\u00bb","block_context":{"text":"Actualidad","link":"https:\/\/lahoradelcampo.com.uy\/site\/category\/actualidad\/"},"img":{"alt_text":"","src":"https:\/\/i0.wp.com\/lahoradelcampo.com.uy\/site\/wp-content\/uploads\/2019\/11\/Tomate-cherry.jpg?fit=880%2C440&ssl=1&resize=350%2C200","width":350,"height":200,"srcset":"https:\/\/i0.wp.com\/lahoradelcampo.com.uy\/site\/wp-content\/uploads\/2019\/11\/Tomate-cherry.jpg?fit=880%2C440&ssl=1&resize=350%2C200 1x, https:\/\/i0.wp.com\/lahoradelcampo.com.uy\/site\/wp-content\/uploads\/2019\/11\/Tomate-cherry.jpg?fit=880%2C440&ssl=1&resize=525%2C300 1.5x, https:\/\/i0.wp.com\/lahoradelcampo.com.uy\/site\/wp-content\/uploads\/2019\/11\/Tomate-cherry.jpg?fit=880%2C440&ssl=1&resize=700%2C400 2x"},"classes":[]},{"id":3263,"url":"https:\/\/lahoradelcampo.com.uy\/site\/inia-presentara-tecnologias-para-la-produccion-de-tomates\/","url_meta":{"origin":38617,"position":1},"title":"INIA presentar\u00e1 tecnolog\u00edas para la producci\u00f3n de tomates","author":"La Hora del Campo","date":"28 octubre, 2017","format":false,"excerpt":"El jueves 9 de noviembre, a partir de las 8:00 horas, se realizar\u00e1 en la estaci\u00f3n experimental Salto Grande del Instituto Nacional de Investigaci\u00f3n Agropecuaria, la jornada de divulgaci\u00f3n \"Avances en tecnolog\u00edas para la producci\u00f3n de tomate en invernadero\", donde se presentar\u00e1n nuevas variedades y alternativas para el control qu\u00edmico\u2026","rel":"","context":"En \u00abActualidad\u00bb","block_context":{"text":"Actualidad","link":"https:\/\/lahoradelcampo.com.uy\/site\/category\/actualidad\/"},"img":{"alt_text":"","src":"https:\/\/i0.wp.com\/lahoradelcampo.com.uy\/site\/wp-content\/uploads\/2017\/10\/INIA-tomate.jpg?fit=880%2C440&ssl=1&resize=350%2C200","width":350,"height":200,"srcset":"https:\/\/i0.wp.com\/lahoradelcampo.com.uy\/site\/wp-content\/uploads\/2017\/10\/INIA-tomate.jpg?fit=880%2C440&ssl=1&resize=350%2C200 1x, https:\/\/i0.wp.com\/lahoradelcampo.com.uy\/site\/wp-content\/uploads\/2017\/10\/INIA-tomate.jpg?fit=880%2C440&ssl=1&resize=525%2C300 1.5x, https:\/\/i0.wp.com\/lahoradelcampo.com.uy\/site\/wp-content\/uploads\/2017\/10\/INIA-tomate.jpg?fit=880%2C440&ssl=1&resize=700%2C400 2x"},"classes":[]},{"id":56131,"url":"https:\/\/lahoradelcampo.com.uy\/site\/precios-de-tomate-y-morron-caen-a-la-mitad-por-sobreoferta-en-la-uam\/","url_meta":{"origin":38617,"position":2},"title":"Precios de tomate y morr\u00f3n caen a la mitad por sobreoferta en la UAM","author":"La Hora del Campo","date":"25 mayo, 2025","format":false,"excerpt":"Una combinaci\u00f3n de altas temperaturas y la reciente luna llena desencaden\u00f3 una maduraci\u00f3n acelerada en los cultivos de tomate y morr\u00f3n, provocando una sobreoferta en el mercado mayorista que hizo desplomar los precios hasta un 50% en comparaci\u00f3n con la semana anterior, seg\u00fan el \u00faltimo informe de la Unidad Agroalimentaria\u2026","rel":"","context":"En \u00abActualidad\u00bb","block_context":{"text":"Actualidad","link":"https:\/\/lahoradelcampo.com.uy\/site\/category\/actualidad\/"},"img":{"alt_text":"","src":"https:\/\/i0.wp.com\/lahoradelcampo.com.uy\/site\/wp-content\/uploads\/2019\/11\/Tomate.jpg?fit=880%2C440&ssl=1&resize=350%2C200","width":350,"height":200,"srcset":"https:\/\/i0.wp.com\/lahoradelcampo.com.uy\/site\/wp-content\/uploads\/2019\/11\/Tomate.jpg?fit=880%2C440&ssl=1&resize=350%2C200 1x, https:\/\/i0.wp.com\/lahoradelcampo.com.uy\/site\/wp-content\/uploads\/2019\/11\/Tomate.jpg?fit=880%2C440&ssl=1&resize=525%2C300 1.5x, https:\/\/i0.wp.com\/lahoradelcampo.com.uy\/site\/wp-content\/uploads\/2019\/11\/Tomate.jpg?fit=880%2C440&ssl=1&resize=700%2C400 2x"},"classes":[]},{"id":52974,"url":"https:\/\/lahoradelcampo.com.uy\/site\/aumento-de-la-temperatura-hace-crecer-la-demanda-por-tomates\/","url_meta":{"origin":38617,"position":3},"title":"Aumento de la temperatura hace crecer la demanda por tomates","author":"La Hora del Campo","date":"31 octubre, 2023","format":false,"excerpt":"El Observatorio Granjero (UAM-DIGEGRA) present\u00f3 su informe mensual sobre el mercado mayorista hortifrut\u00edcola, basado en el seguimiento y la evaluaci\u00f3n de los precios, las calidades y las cantidades ofertadas de los principales productos, as\u00ed como en la consulta a referentes del sector. En este informe se analiza la situaci\u00f3n de\u2026","rel":"","context":"En \u00abActualidad\u00bb","block_context":{"text":"Actualidad","link":"https:\/\/lahoradelcampo.com.uy\/site\/category\/actualidad\/"},"img":{"alt_text":"","src":"https:\/\/i0.wp.com\/lahoradelcampo.com.uy\/site\/wp-content\/uploads\/2023\/10\/tomates-uam.jpg?fit=880%2C440&ssl=1&resize=350%2C200","width":350,"height":200,"srcset":"https:\/\/i0.wp.com\/lahoradelcampo.com.uy\/site\/wp-content\/uploads\/2023\/10\/tomates-uam.jpg?fit=880%2C440&ssl=1&resize=350%2C200 1x, https:\/\/i0.wp.com\/lahoradelcampo.com.uy\/site\/wp-content\/uploads\/2023\/10\/tomates-uam.jpg?fit=880%2C440&ssl=1&resize=525%2C300 1.5x, https:\/\/i0.wp.com\/lahoradelcampo.com.uy\/site\/wp-content\/uploads\/2023\/10\/tomates-uam.jpg?fit=880%2C440&ssl=1&resize=700%2C400 2x"},"classes":[]},{"id":45221,"url":"https:\/\/lahoradelcampo.com.uy\/site\/cayo-la-oferta-de-tomate-y-genera-incertidumbre-en-el-mercado\/","url_meta":{"origin":38617,"position":4},"title":"Cay\u00f3 la oferta de tomate y genera incertidumbre en el mercado","author":"La Hora del Campo","date":"5 septiembre, 2022","format":false,"excerpt":"De acuerdo al informe semanal de la Unidad Agroalimentaria Metropolitana (UAM) la oferta de tomate redondo de mesa ha ca\u00eddo en las \u00faltimas semanas y frente a una demanda muy fluctuante, se visualiza cierta incertidumbre en las cotizaciones, las cuales muestran un comportamiento err\u00e1tico. Las remisiones de tomate Redondo a\u2026","rel":"","context":"En \u00abActualidad\u00bb","block_context":{"text":"Actualidad","link":"https:\/\/lahoradelcampo.com.uy\/site\/category\/actualidad\/"},"img":{"alt_text":"","src":"https:\/\/i0.wp.com\/lahoradelcampo.com.uy\/site\/wp-content\/uploads\/2022\/07\/UAM-Tomate.jpg?fit=880%2C440&ssl=1&resize=350%2C200","width":350,"height":200,"srcset":"https:\/\/i0.wp.com\/lahoradelcampo.com.uy\/site\/wp-content\/uploads\/2022\/07\/UAM-Tomate.jpg?fit=880%2C440&ssl=1&resize=350%2C200 1x, https:\/\/i0.wp.com\/lahoradelcampo.com.uy\/site\/wp-content\/uploads\/2022\/07\/UAM-Tomate.jpg?fit=880%2C440&ssl=1&resize=525%2C300 1.5x, https:\/\/i0.wp.com\/lahoradelcampo.com.uy\/site\/wp-content\/uploads\/2022\/07\/UAM-Tomate.jpg?fit=880%2C440&ssl=1&resize=700%2C400 2x"},"classes":[]},{"id":55236,"url":"https:\/\/lahoradelcampo.com.uy\/site\/amplia-oferta-de-tomates-con-precios-a-la-baja\/","url_meta":{"origin":38617,"position":5},"title":"Amplia oferta de tomates con precios a la baja","author":"La Hora del Campo","date":"9 diciembre, 2024","format":false,"excerpt":"De acuerdo con el informe semanal de la Unidad Agroalimentaria Metropolitana (UAM), en esta semana se destac\u00f3 el ingreso en la oferta mayorista de tomates. A pesar de la \u00e9poca en la que nos encontramos, la zona norte presenta un volumen considerable de ingreso, que se solapa con la producci\u00f3n\u2026","rel":"","context":"En \u00abActualidad\u00bb","block_context":{"text":"Actualidad","link":"https:\/\/lahoradelcampo.com.uy\/site\/category\/actualidad\/"},"img":{"alt_text":"","src":"https:\/\/i0.wp.com\/lahoradelcampo.com.uy\/site\/wp-content\/uploads\/2024\/12\/UAM-tomates.jpg?fit=880%2C440&ssl=1&resize=350%2C200","width":350,"height":200,"srcset":"https:\/\/i0.wp.com\/lahoradelcampo.com.uy\/site\/wp-content\/uploads\/2024\/12\/UAM-tomates.jpg?fit=880%2C440&ssl=1&resize=350%2C200 1x, https:\/\/i0.wp.com\/lahoradelcampo.com.uy\/site\/wp-content\/uploads\/2024\/12\/UAM-tomates.jpg?fit=880%2C440&ssl=1&resize=525%2C300 1.5x, https:\/\/i0.wp.com\/lahoradelcampo.com.uy\/site\/wp-content\/uploads\/2024\/12\/UAM-tomates.jpg?fit=880%2C440&ssl=1&resize=700%2C400 2x"},"classes":[]}],"jetpack_likes_enabled":true,"_links":{"self":[{"href":"https:\/\/lahoradelcampo.com.uy\/site\/wp-json\/wp\/v2\/posts\/38617","targetHints":{"allow":["GET"]}}],"collection":[{"href":"https:\/\/lahoradelcampo.com.uy\/site\/wp-json\/wp\/v2\/posts"}],"about":[{"href":"https:\/\/lahoradelcampo.com.uy\/site\/wp-json\/wp\/v2\/types\/post"}],"author":[{"embeddable":true,"href":"https:\/\/lahoradelcampo.com.uy\/site\/wp-json\/wp\/v2\/users\/5"}],"replies":[{"embeddable":true,"href":"https:\/\/lahoradelcampo.com.uy\/site\/wp-json\/wp\/v2\/comments?post=38617"}],"version-history":[{"count":1,"href":"https:\/\/lahoradelcampo.com.uy\/site\/wp-json\/wp\/v2\/posts\/38617\/revisions"}],"predecessor-version":[{"id":38619,"href":"https:\/\/lahoradelcampo.com.uy\/site\/wp-json\/wp\/v2\/posts\/38617\/revisions\/38619"}],"wp:featuredmedia":[{"embeddable":true,"href":"https:\/\/lahoradelcampo.com.uy\/site\/wp-json\/wp\/v2\/media\/31126"}],"wp:attachment":[{"href":"https:\/\/lahoradelcampo.com.uy\/site\/wp-json\/wp\/v2\/media?parent=38617"}],"wp:term":[{"taxonomy":"category","embeddable":true,"href":"https:\/\/lahoradelcampo.com.uy\/site\/wp-json\/wp\/v2\/categories?post=38617"},{"taxonomy":"post_tag","embeddable":true,"href":"https:\/\/lahoradelcampo.com.uy\/site\/wp-json\/wp\/v2\/tags?post=38617"}],"curies":[{"name":"wp","href":"https:\/\/api.w.org\/{rel}","templated":true}]}}