{"id":38609,"date":"2022-01-26T16:27:45","date_gmt":"2022-01-26T19:27:45","guid":{"rendered":"http:\/\/lahoradelcampo.com.uy\/site\/?p=38609"},"modified":"2022-01-26T16:27:53","modified_gmt":"2022-01-26T19:27:53","slug":"duarte-biogenesis-bago-tiene-un-muy-buen-equipo","status":"publish","type":"post","link":"https:\/\/lahoradelcampo.com.uy\/site\/duarte-biogenesis-bago-tiene-un-muy-buen-equipo\/","title":{"rendered":"Duarte: \u00abBiog\u00e9nesis Bag\u00f3, tiene un muy buen equipo\u00bb"},"content":{"rendered":"\n<figure class=\"wp-block-embed-youtube wp-block-embed is-type-video is-provider-youtube wp-embed-aspect-16-9 wp-has-aspect-ratio\"><div class=\"wp-block-embed__wrapper\">\n<span class=\"embed-youtube\" style=\"text-align:center; display: block;\"><iframe loading=\"lazy\" class=\"youtube-player\" width=\"810\" height=\"456\" src=\"https:\/\/www.youtube.com\/embed\/lVHGMlDguzU?version=3&#038;rel=1&#038;showsearch=0&#038;showinfo=1&#038;iv_load_policy=1&#038;fs=1&#038;hl=es-ES&#038;autohide=2&#038;wmode=transparent\" allowfullscreen=\"true\" style=\"border:0;\" sandbox=\"allow-scripts allow-same-origin allow-popups allow-presentation allow-popups-to-escape-sandbox\"><\/iframe><\/span>\n<\/div><figcaption><br><\/figcaption><\/figure>\n\n\n\n<p>Adri\u00e1n Duarte, productor y caba\u00f1ero del departamento de Tacuaremb\u00f3, recorri\u00f3 sus establecimientos en el norte del pa\u00eds, en conjunto con los t\u00e9cnicos de Biog\u00e9nesis Bag\u00f3, una empresa global con m\u00e1s de 30 a\u00f1os junto al productor uruguayo. <\/p>\n\n\n\n<p>El principal de la caba\u00f1a Rinc\u00f3n de los Negros resalt\u00f3 el resultado alcanzado en las inseminaciones, tanto por los productos como por el muy buen equipo t\u00e9cnico de Biog\u00e9nesis Bag\u00f3. <\/p>\n\n\n\n<p>Salto, 26 de enero de 2022<\/p>\n","protected":false},"excerpt":{"rendered":"<p>Adri\u00e1n Duarte, productor y caba\u00f1ero del departamento de Tacuaremb\u00f3, recorri\u00f3 sus establecimientos en el norte del pa\u00eds, en conjunto con los t\u00e9cnicos de Biog\u00e9nesis Bag\u00f3, una empresa global con m\u00e1s [&hellip;]<\/p>\n","protected":false},"author":5,"featured_media":38613,"comment_status":"open","ping_status":"open","sticky":false,"template":"","format":"standard","meta":{"_price":"","_stock":"","_tribe_ticket_header":"","_tribe_default_ticket_provider":"","_tribe_ticket_capacity":"0","_ticket_start_date":"","_ticket_end_date":"","_tribe_ticket_show_description":"","_tribe_ticket_show_not_going":false,"_tribe_ticket_use_global_stock":"","_tribe_ticket_global_stock_level":"","_global_stock_mode":"","_global_stock_cap":"","_tribe_rsvp_for_event":"","_tribe_ticket_going_count":"","_tribe_ticket_not_going_count":"","_tribe_tickets_list":"[]","_tribe_ticket_has_attendee_info_fields":false,"h5ap_radio_sources":[],"_jetpack_newsletter_access":"","_jetpack_dont_email_post_to_subs":false,"_jetpack_newsletter_tier_id":0,"_jetpack_memberships_contains_paywalled_content":false,"_jetpack_memberships_contains_paid_content":false,"footnotes":""},"categories":[21,5],"tags":[],"class_list":["post-38609","post","type-post","status-publish","format-standard","has-post-thumbnail","hentry","category-actualidad","category-ganaderia"],"jetpack_featured_media_url":"https:\/\/i0.wp.com\/lahoradelcampo.com.uy\/site\/wp-content\/uploads\/2022\/01\/Biogenesis-duarte.jpg?fit=880%2C440&ssl=1","jetpack_sharing_enabled":true,"jetpack_shortlink":"https:\/\/wp.me\/p99IaT-a2J","jetpack-related-posts":[{"id":46555,"url":"https:\/\/lahoradelcampo.com.uy\/site\/chiruchi-soluciones-rapidas-a-los-problemas-del-productor\/","url_meta":{"origin":38609,"position":0},"title":"Chiruch\u00ed: Soluciones r\u00e1pidas a los problemas del productor","author":"La Hora del Campo","date":"24 octubre, 2022","format":false,"excerpt":"Biog\u00e9nesis Bag\u00f3 acompa\u00f1a a sus clientes en los distintos puntos del pa\u00eds, con un atendimiento t\u00e9cnico especializado y personalizado, para solucionar las dificultades por la que atraviesa la producci\u00f3n nacional en el d\u00eda a d\u00eda. Francisco Chiruchi, director de Veterinaria El Rumbo en San Jos\u00e9, destac\u00f3 el acompa\u00f1amiento del equipo\u2026","rel":"","context":"En \u00abActualidad\u00bb","block_context":{"text":"Actualidad","link":"https:\/\/lahoradelcampo.com.uy\/site\/category\/actualidad\/"},"img":{"alt_text":"","src":"https:\/\/i0.wp.com\/lahoradelcampo.com.uy\/site\/wp-content\/uploads\/2022\/10\/Biogenesis-FranciscoChiruchi.jpg?fit=880%2C440&ssl=1&resize=350%2C200","width":350,"height":200,"srcset":"https:\/\/i0.wp.com\/lahoradelcampo.com.uy\/site\/wp-content\/uploads\/2022\/10\/Biogenesis-FranciscoChiruchi.jpg?fit=880%2C440&ssl=1&resize=350%2C200 1x, https:\/\/i0.wp.com\/lahoradelcampo.com.uy\/site\/wp-content\/uploads\/2022\/10\/Biogenesis-FranciscoChiruchi.jpg?fit=880%2C440&ssl=1&resize=525%2C300 1.5x, https:\/\/i0.wp.com\/lahoradelcampo.com.uy\/site\/wp-content\/uploads\/2022\/10\/Biogenesis-FranciscoChiruchi.jpg?fit=880%2C440&ssl=1&resize=700%2C400 2x"},"classes":[]},{"id":38999,"url":"https:\/\/lahoradelcampo.com.uy\/site\/diagramar-un-buen-calendario-sanitario-garantiza-una-mejor-produccion\/","url_meta":{"origin":38609,"position":1},"title":"Diagramar un buen calendario sanitario garantiza una mejor producci\u00f3n","author":"La Hora del Campo","date":"8 febrero, 2022","format":false,"excerpt":"El Dr. Horacio Mederos, integrante del equipo t\u00e9cnico de Biog\u00e9nesis Bag\u00f3, record\u00f3 que la sanidad animal es uno de los cuatro pilares fundamentales para la producci\u00f3n, conjuntamente con la nutrici\u00f3n, manejo y gen\u00e9tica. Un buen calendario sanitario permite \"controlar, prevenir y eventualmente erradicar enfermedades que afectan a los sistemas productivos\".\u2026","rel":"","context":"En \u00abActualidad\u00bb","block_context":{"text":"Actualidad","link":"https:\/\/lahoradelcampo.com.uy\/site\/category\/actualidad\/"},"img":{"alt_text":"","src":"https:\/\/i0.wp.com\/lahoradelcampo.com.uy\/site\/wp-content\/uploads\/2021\/02\/biogenesis-2.jpg?fit=880%2C440&ssl=1&resize=350%2C200","width":350,"height":200,"srcset":"https:\/\/i0.wp.com\/lahoradelcampo.com.uy\/site\/wp-content\/uploads\/2021\/02\/biogenesis-2.jpg?fit=880%2C440&ssl=1&resize=350%2C200 1x, https:\/\/i0.wp.com\/lahoradelcampo.com.uy\/site\/wp-content\/uploads\/2021\/02\/biogenesis-2.jpg?fit=880%2C440&ssl=1&resize=525%2C300 1.5x, https:\/\/i0.wp.com\/lahoradelcampo.com.uy\/site\/wp-content\/uploads\/2021\/02\/biogenesis-2.jpg?fit=880%2C440&ssl=1&resize=700%2C400 2x"},"classes":[]},{"id":49436,"url":"https:\/\/lahoradelcampo.com.uy\/site\/el-dr-arrospide-asume-como-gerente-comercial-de-biogenesis-bago\/","url_meta":{"origin":38609,"position":2},"title":"El Dr. Arrospide asume como gerente comercial de Biog\u00e9nesis Bag\u00f3","author":"La Hora del Campo","date":"24 marzo, 2023","format":false,"excerpt":"https:\/\/youtu.be\/_1P8e7Lqew4 Biog\u00e9nesis Bag\u00f3 Uruguay ha designado al Dr. Ignacio Arrospide como su nuevo gerente comercial. El profesional obtuvo su t\u00edtulo hace m\u00e1s de 15 a\u00f1os y ya era parte del equipo de la compa\u00f1\u00eda y ahora asume este nuevo desaf\u00edo para fortalecer la operaci\u00f3n y contribuir al objetivo de posicionarse\u2026","rel":"","context":"En \u00abActualidad\u00bb","block_context":{"text":"Actualidad","link":"https:\/\/lahoradelcampo.com.uy\/site\/category\/actualidad\/"},"img":{"alt_text":"","src":"https:\/\/i0.wp.com\/lahoradelcampo.com.uy\/site\/wp-content\/uploads\/2022\/09\/BIOGENESIS-t%C3%A9cnicos.jpg?fit=880%2C440&ssl=1&resize=350%2C200","width":350,"height":200,"srcset":"https:\/\/i0.wp.com\/lahoradelcampo.com.uy\/site\/wp-content\/uploads\/2022\/09\/BIOGENESIS-t%C3%A9cnicos.jpg?fit=880%2C440&ssl=1&resize=350%2C200 1x, https:\/\/i0.wp.com\/lahoradelcampo.com.uy\/site\/wp-content\/uploads\/2022\/09\/BIOGENESIS-t%C3%A9cnicos.jpg?fit=880%2C440&ssl=1&resize=525%2C300 1.5x, https:\/\/i0.wp.com\/lahoradelcampo.com.uy\/site\/wp-content\/uploads\/2022\/09\/BIOGENESIS-t%C3%A9cnicos.jpg?fit=880%2C440&ssl=1&resize=700%2C400 2x"},"classes":[]},{"id":38777,"url":"https:\/\/lahoradelcampo.com.uy\/site\/biogenesis-bago-genera-oportunidades-para-el-comercio-y-el-cliente\/","url_meta":{"origin":38609,"position":3},"title":"Biog\u00e9nesis Bag\u00f3 genera oportunidades para el comercio y el cliente","author":"La Hora del Campo","date":"1 febrero, 2022","format":false,"excerpt":"https:\/\/www.youtube.com\/watch?v=rQtcH3fNuLE El Dr. Adolfo Bortagaray, responsable t\u00e9cnico de Veterinaria Bortagaray en Salto, destac\u00f3 la importancia la sinergia que se logra con el equipo t\u00e9cnico de Biog\u00e9nesis Bag\u00f3. \"Si bien es global, es muy cercana, se mueve como una empresa local y eso genera siempre oportunidades y genera cercan\u00eda con el\u2026","rel":"","context":"En \u00abActualidad\u00bb","block_context":{"text":"Actualidad","link":"https:\/\/lahoradelcampo.com.uy\/site\/category\/actualidad\/"},"img":{"alt_text":"","src":"https:\/\/i0.wp.com\/lahoradelcampo.com.uy\/site\/wp-content\/uploads\/2022\/02\/Biogenesis-bortagaray.jpg?fit=880%2C440&ssl=1&resize=350%2C200","width":350,"height":200,"srcset":"https:\/\/i0.wp.com\/lahoradelcampo.com.uy\/site\/wp-content\/uploads\/2022\/02\/Biogenesis-bortagaray.jpg?fit=880%2C440&ssl=1&resize=350%2C200 1x, https:\/\/i0.wp.com\/lahoradelcampo.com.uy\/site\/wp-content\/uploads\/2022\/02\/Biogenesis-bortagaray.jpg?fit=880%2C440&ssl=1&resize=525%2C300 1.5x, https:\/\/i0.wp.com\/lahoradelcampo.com.uy\/site\/wp-content\/uploads\/2022\/02\/Biogenesis-bortagaray.jpg?fit=880%2C440&ssl=1&resize=700%2C400 2x"},"classes":[]},{"id":57207,"url":"https:\/\/lahoradelcampo.com.uy\/site\/biogenesis-bago-uruguay-reafirma-su-compromiso-con-la-eficiencia-y-sostenibilidad-del-sistema-ganadero-nacional\/","url_meta":{"origin":38609,"position":4},"title":"Biog\u00e9nesis Bag\u00f3 Uruguay reafirma su compromiso con la eficiencia y sostenibilidad del sistema ganadero nacional","author":"La Hora del Campo","date":"25 febrero, 2026","format":false,"excerpt":"Durazno, febrero de 2026 \u2014 Biog\u00e9nesis Bag\u00f3 Uruguay participar\u00e1 en la 112\u00aa edici\u00f3n de Expo Durazno, que se desarrollar\u00e1 del 26 de febrero al 1.\u00ba de marzo en el predio de la Sociedad Rural de Durazno, consolidando su presencia en uno de los principales encuentros del calendario agropecuario nacional. La\u2026","rel":"","context":"En \u00abActualidad\u00bb","block_context":{"text":"Actualidad","link":"https:\/\/lahoradelcampo.com.uy\/site\/category\/actualidad\/"},"img":{"alt_text":"","src":"https:\/\/i0.wp.com\/lahoradelcampo.com.uy\/site\/wp-content\/uploads\/2026\/02\/nacho-durazno.png?fit=1022%2C709&ssl=1&resize=350%2C200","width":350,"height":200,"srcset":"https:\/\/i0.wp.com\/lahoradelcampo.com.uy\/site\/wp-content\/uploads\/2026\/02\/nacho-durazno.png?fit=1022%2C709&ssl=1&resize=350%2C200 1x, https:\/\/i0.wp.com\/lahoradelcampo.com.uy\/site\/wp-content\/uploads\/2026\/02\/nacho-durazno.png?fit=1022%2C709&ssl=1&resize=525%2C300 1.5x, https:\/\/i0.wp.com\/lahoradelcampo.com.uy\/site\/wp-content\/uploads\/2026\/02\/nacho-durazno.png?fit=1022%2C709&ssl=1&resize=700%2C400 2x"},"classes":[]},{"id":56715,"url":"https:\/\/lahoradelcampo.com.uy\/site\/compromiso-y-cercania-biogenesis-bago-celebra-mas-de-35-anos-en-uruguay\/","url_meta":{"origin":38609,"position":5},"title":"Compromiso y cercan\u00eda: Biog\u00e9nesis Bag\u00f3 celebra m\u00e1s de 35 a\u00f1os en Uruguay","author":"La Hora del Campo","date":"4 septiembre, 2025","format":false,"excerpt":"Biog\u00e9nesis Bag\u00f3, compa\u00f1\u00eda global de biotecnolog\u00eda aplicada a la sanidad animal, destaca su participaci\u00f3n en la Expo Prado 2025 en el marco de la celebraci\u00f3n de los m\u00e1s de 35 a\u00f1os de presencia en Uruguay, reafirmando su compromiso y cercan\u00eda con los productores del pa\u00eds. Desde su llegada, la empresa\u2026","rel":"","context":"En \u00abActualidad\u00bb","block_context":{"text":"Actualidad","link":"https:\/\/lahoradelcampo.com.uy\/site\/category\/actualidad\/"},"img":{"alt_text":"","src":"https:\/\/i0.wp.com\/lahoradelcampo.com.uy\/site\/wp-content\/uploads\/2025\/09\/Ignacioarrospide-1.jpg?fit=880%2C440&ssl=1&resize=350%2C200","width":350,"height":200,"srcset":"https:\/\/i0.wp.com\/lahoradelcampo.com.uy\/site\/wp-content\/uploads\/2025\/09\/Ignacioarrospide-1.jpg?fit=880%2C440&ssl=1&resize=350%2C200 1x, https:\/\/i0.wp.com\/lahoradelcampo.com.uy\/site\/wp-content\/uploads\/2025\/09\/Ignacioarrospide-1.jpg?fit=880%2C440&ssl=1&resize=525%2C300 1.5x, https:\/\/i0.wp.com\/lahoradelcampo.com.uy\/site\/wp-content\/uploads\/2025\/09\/Ignacioarrospide-1.jpg?fit=880%2C440&ssl=1&resize=700%2C400 2x"},"classes":[]}],"jetpack_likes_enabled":true,"_links":{"self":[{"href":"https:\/\/lahoradelcampo.com.uy\/site\/wp-json\/wp\/v2\/posts\/38609","targetHints":{"allow":["GET"]}}],"collection":[{"href":"https:\/\/lahoradelcampo.com.uy\/site\/wp-json\/wp\/v2\/posts"}],"about":[{"href":"https:\/\/lahoradelcampo.com.uy\/site\/wp-json\/wp\/v2\/types\/post"}],"author":[{"embeddable":true,"href":"https:\/\/lahoradelcampo.com.uy\/site\/wp-json\/wp\/v2\/users\/5"}],"replies":[{"embeddable":true,"href":"https:\/\/lahoradelcampo.com.uy\/site\/wp-json\/wp\/v2\/comments?post=38609"}],"version-history":[{"count":1,"href":"https:\/\/lahoradelcampo.com.uy\/site\/wp-json\/wp\/v2\/posts\/38609\/revisions"}],"predecessor-version":[{"id":38615,"href":"https:\/\/lahoradelcampo.com.uy\/site\/wp-json\/wp\/v2\/posts\/38609\/revisions\/38615"}],"wp:featuredmedia":[{"embeddable":true,"href":"https:\/\/lahoradelcampo.com.uy\/site\/wp-json\/wp\/v2\/media\/38613"}],"wp:attachment":[{"href":"https:\/\/lahoradelcampo.com.uy\/site\/wp-json\/wp\/v2\/media?parent=38609"}],"wp:term":[{"taxonomy":"category","embeddable":true,"href":"https:\/\/lahoradelcampo.com.uy\/site\/wp-json\/wp\/v2\/categories?post=38609"},{"taxonomy":"post_tag","embeddable":true,"href":"https:\/\/lahoradelcampo.com.uy\/site\/wp-json\/wp\/v2\/tags?post=38609"}],"curies":[{"name":"wp","href":"https:\/\/api.w.org\/{rel}","templated":true}]}}